{"id":9874,"date":"2021-07-23T21:32:39","date_gmt":"2021-07-23T21:32:39","guid":{"rendered":"https:\/\/site.bancariosdepiracicaba.com.br\/2021\/07\/23\/bancarios-entram-em-greve-a-partir-desta-terca-feira\/"},"modified":"2021-07-23T21:32:39","modified_gmt":"2021-07-23T21:32:39","slug":"bancarios-entram-em-greve-a-partir-desta-terca-feira","status":"publish","type":"post","link":"https:\/\/bancariosdepiracicaba.com.br\/?p=9874","title":{"rendered":"Banc\u00e1rios entram em greve a partir desta ter\u00e7a-feira"},"content":{"rendered":"<p>Banc\u00e1rios de todo o pa \u00eds iniciam paralisa\u00e7\u00e3o a partir desta ter\u00e7a-feira (6) por tempo indeterminado, ap\u00f3s rejeitarem a proposta apresentada pela Federa\u00e7\u00e3o Nacional dos Bancos (Fenaban) de reajuste salarial de 6,5%, que sequer cobre a infla\u00e7\u00e3o de 9,57% e geraria perda de 2,8% nos sal\u00e1rios. Em Assembleia Geral Extraordin\u00e1ria, na quinta-feira (1\u00ba), na sede do Sindicato dos Banc\u00e1rios de Piracicaba e Regi\u00e3o (SindBan), a categoria decidiu pela greve.<\/p>\n<p>Segundo a presidenta em exerc \u00edcio do SindBan, Angela Ulices Savian, est\u00e1 prevista a ades\u00e3o imediata das ag\u00eancias de Piracicaba e Santa B\u00e1rbara D`Oeste.  \u201c;Faremos forte paralisa\u00e7\u00e3o nos dois munic \u00edpios com maior n\u00famero de ag\u00eancias. Piracicaba possui 58 ag\u00eancias e 1202 banc\u00e1rios. J\u00e1 Santa B\u00e1rbara, 14 ag\u00eancias e 230 banc\u00e1rios. Podemos estender para outras cidades de nossa base \u201c;, informa.<\/p>\n<p>Negocia\u00e7\u00f5es -; Os banc\u00e1rios est\u00e3o em negocia\u00e7\u00e3o com a Fenaban desde o dia 18 de agosto.  \u201c;Entregamos a nossa pauta no dia 9 de agosto e tivemos cinco negocia\u00e7\u00f5es com os representantes dos bancos, que apresentaram apenas algumas cl\u00e1usulas econ\u00f4micas, que prejudicam a categoria, e nenhuma cl\u00e1usula social, como melhores condi\u00e7\u00f5es de trabalho, seguran\u00e7a e prote\u00e7\u00e3o ao emprego \u201c;, critica Angela.  <\/p>\n<p>As principais reivindica\u00e7\u00f5es da categoria s\u00e3o o reajuste salarial de 14,78%, os vales alimenta\u00e7\u00e3o e refei\u00e7\u00e3o no valor do sal\u00e1rio m \u00ednimo (R$880), a defesa do emprego, o combate \u00e0s metas abusivas e ao ass\u00e9dio moral, o fim da terceiriza\u00e7\u00e3o, a defesa das empresas p\u00fablicas e a manuten\u00e7\u00e3o de direitos.<\/p>\n<p>Atendimento \u00e0 popula\u00e7\u00e3o -; A presidenta explica que n\u00e3o haver\u00e1 preju \u00edzos \u00e0 popula\u00e7\u00e3o.  \u201c;N\u00f3s n\u00e3o paralisamos para prejudicar clientes e usu\u00e1rios. Muito pelo contr\u00e1rio. A categoria luta pela contrata\u00e7\u00e3o de mais banc\u00e1rios como solu\u00e7\u00e3o para reduzir as filas nos caixas, redu\u00e7\u00e3o de juros, menos tarifas. \u201c;<\/p>\n<p>Angela ressalta ainda, que a popula\u00e7\u00e3o pode utilizar outros meios para a realiza\u00e7\u00e3o dos servi\u00e7os banc\u00e1rios durante a paralisa\u00e7\u00e3o.  \u201c;Temos 72h para avisar sobre a greve. Quem tem conta para pagar e n\u00e3o consegue antecip\u00e1-la, pode recorrer \u00e0s ag\u00eancias lot\u00e9ricas e at\u00e9 lojas de departamentos que aceitam a quita\u00e7\u00e3o de diversas contas. Al\u00e9m disso, h\u00e1 a internet e os caixas eletr\u00f4nicos estar\u00e3o funcionando normalmente, \u201c; instrui.<\/p>\n","protected":false},"excerpt":{"rendered":"<p>Banc\u00e1rios de todo o pa \u00eds iniciam paralisa\u00e7\u00e3o a partir desta ter\u00e7a-feira (6) por tempo indeterminado, ap\u00f3s rejeitarem a proposta apresentada pela Federa\u00e7\u00e3o Nacional dos Bancos (Fenaban) de reajuste salarial de 6,5%, que sequer cobre a infla\u00e7\u00e3o de 9,57% e geraria perda de 2,8% nos sal\u00e1rios. Em Assembleia Geral Extraordin\u00e1ria, na quinta-feira (1\u00ba), na sede &hellip;<\/p>\n<p class=\"read-more\"> <a class=\"\" href=\"https:\/\/bancariosdepiracicaba.com.br\/?p=9874\"> <span class=\"screen-reader-text\">Banc\u00e1rios entram em greve a partir desta ter\u00e7a-feira<\/span> Leia mais &raquo;<\/a><\/p>\n","protected":false},"author":1,"featured_media":0,"comment_status":"open","ping_status":"open","sticky":false,"template":"","format":"standard","meta":{"site-sidebar-layout":"default","site-content-layout":"default","ast-main-header-display":"","ast-hfb-above-header-display":"","ast-hfb-below-header-display":"","ast-hfb-mobile-header-display":"","site-post-title":"","ast-breadcrumbs-content":"","ast-featured-img":"","footer-sml-layout":"","theme-transparent-header-meta":"","adv-header-id-meta":"","stick-header-meta":"","header-above-stick-meta":"","header-main-stick-meta":"","header-below-stick-meta":"","footnotes":""},"categories":[1],"tags":[],"class_list":["post-9874","post","type-post","status-publish","format-standard","hentry","category-uncategorized"],"yoast_head":"<!-- This site is optimized with the Yoast SEO Premium plugin v16.1 (Yoast SEO v18.0) - https:\/\/yoast.com\/wordpress\/plugins\/seo\/ -->\n<title>Banc\u00e1rios entram em greve a partir desta ter\u00e7a-feira - Sindban<\/title>\n<meta name=\"robots\" content=\"index, follow, max-snippet:-1, max-image-preview:large, max-video-preview:-1\" \/>\n<link rel=\"canonical\" href=\"https:\/\/bancariosdepiracicaba.com.br\/?p=9874\" \/>\n<meta property=\"og:locale\" content=\"pt_BR\" \/>\n<meta property=\"og:type\" content=\"article\" \/>\n<meta property=\"og:title\" content=\"Banc\u00e1rios entram em greve a partir desta ter\u00e7a-feira - Sindban\" \/>\n<meta property=\"og:description\" content=\"Banc\u00e1rios de todo o pa \u00eds iniciam paralisa\u00e7\u00e3o a partir desta ter\u00e7a-feira (6) por tempo indeterminado, ap\u00f3s rejeitarem a proposta apresentada pela Federa\u00e7\u00e3o Nacional dos Bancos (Fenaban) de reajuste salarial de 6,5%, que sequer cobre a infla\u00e7\u00e3o de 9,57% e geraria perda de 2,8% nos sal\u00e1rios. Em Assembleia Geral Extraordin\u00e1ria, na quinta-feira (1\u00ba), na sede &hellip; Banc\u00e1rios entram em greve a partir desta ter\u00e7a-feira Leia mais &raquo;\" \/>\n<meta property=\"og:url\" content=\"https:\/\/bancariosdepiracicaba.com.br\/?p=9874\" \/>\n<meta property=\"og:site_name\" content=\"Sindban\" \/>\n<meta property=\"article:published_time\" content=\"2021-07-23T21:32:39+00:00\" \/>\n<meta name=\"twitter:card\" content=\"summary_large_image\" \/>\n<meta name=\"twitter:label1\" content=\"Escrito por\" \/>\n\t<meta name=\"twitter:data1\" content=\"admin\" \/>\n\t<meta name=\"twitter:label2\" content=\"Est. tempo de leitura\" \/>\n\t<meta name=\"twitter:data2\" content=\"2 minutos\" \/>\n<script type=\"application\/ld+json\" class=\"yoast-schema-graph\">{\"@context\":\"https:\/\/schema.org\",\"@graph\":[{\"@type\":\"Organization\",\"@id\":\"https:\/\/bancariosdepiracicaba.com.br\/#organization\",\"name\":\"Sindban\",\"url\":\"https:\/\/bancariosdepiracicaba.com.br\/\",\"sameAs\":[],\"logo\":{\"@type\":\"ImageObject\",\"@id\":\"https:\/\/bancariosdepiracicaba.com.br\/#logo\",\"inLanguage\":\"pt-BR\",\"url\":\"https:\/\/site.bancariosdepiracicaba.com.br\/wp-content\/uploads\/2021\/04\/cropped-Asset-2.png\",\"contentUrl\":\"https:\/\/site.bancariosdepiracicaba.com.br\/wp-content\/uploads\/2021\/04\/cropped-Asset-2.png\",\"width\":512,\"height\":512,\"caption\":\"Sindban\"},\"image\":{\"@id\":\"https:\/\/bancariosdepiracicaba.com.br\/#logo\"}},{\"@type\":\"WebSite\",\"@id\":\"https:\/\/bancariosdepiracicaba.com.br\/#website\",\"url\":\"https:\/\/bancariosdepiracicaba.com.br\/\",\"name\":\"Sindban\",\"description\":\"Desenvolvimento\",\"publisher\":{\"@id\":\"https:\/\/bancariosdepiracicaba.com.br\/#organization\"},\"potentialAction\":[{\"@type\":\"SearchAction\",\"target\":{\"@type\":\"EntryPoint\",\"urlTemplate\":\"https:\/\/bancariosdepiracicaba.com.br\/?s={search_term_string}\"},\"query-input\":\"required name=search_term_string\"}],\"inLanguage\":\"pt-BR\"},{\"@type\":\"WebPage\",\"@id\":\"https:\/\/bancariosdepiracicaba.com.br\/?p=9874#webpage\",\"url\":\"https:\/\/bancariosdepiracicaba.com.br\/?p=9874\",\"name\":\"Banc\u00e1rios entram em greve a partir desta ter\u00e7a-feira - Sindban\",\"isPartOf\":{\"@id\":\"https:\/\/bancariosdepiracicaba.com.br\/#website\"},\"datePublished\":\"2021-07-23T21:32:39+00:00\",\"dateModified\":\"2021-07-23T21:32:39+00:00\",\"breadcrumb\":{\"@id\":\"https:\/\/bancariosdepiracicaba.com.br\/?p=9874#breadcrumb\"},\"inLanguage\":\"pt-BR\",\"potentialAction\":[{\"@type\":\"ReadAction\",\"target\":[\"https:\/\/bancariosdepiracicaba.com.br\/?p=9874\"]}]},{\"@type\":\"BreadcrumbList\",\"@id\":\"https:\/\/bancariosdepiracicaba.com.br\/?p=9874#breadcrumb\",\"itemListElement\":[{\"@type\":\"ListItem\",\"position\":1,\"name\":\"Home\",\"item\":\"https:\/\/bancariosdepiracicaba.com.br\/\"},{\"@type\":\"ListItem\",\"position\":2,\"name\":\"Banc\u00e1rios entram em greve a partir desta ter\u00e7a-feira\"}]},{\"@type\":\"Article\",\"@id\":\"https:\/\/bancariosdepiracicaba.com.br\/?p=9874#article\",\"isPartOf\":{\"@id\":\"https:\/\/bancariosdepiracicaba.com.br\/?p=9874#webpage\"},\"author\":{\"@id\":\"https:\/\/bancariosdepiracicaba.com.br\/#\/schema\/person\/6a12c780fc145ea2c9af09989ee600b0\"},\"headline\":\"Banc\u00e1rios entram em greve a partir desta ter\u00e7a-feira\",\"datePublished\":\"2021-07-23T21:32:39+00:00\",\"dateModified\":\"2021-07-23T21:32:39+00:00\",\"mainEntityOfPage\":{\"@id\":\"https:\/\/bancariosdepiracicaba.com.br\/?p=9874#webpage\"},\"wordCount\":412,\"commentCount\":0,\"publisher\":{\"@id\":\"https:\/\/bancariosdepiracicaba.com.br\/#organization\"},\"articleSection\":[\"Uncategorized\"],\"inLanguage\":\"pt-BR\",\"potentialAction\":[{\"@type\":\"CommentAction\",\"name\":\"Comment\",\"target\":[\"https:\/\/bancariosdepiracicaba.com.br\/?p=9874#respond\"]}]},{\"@type\":\"Person\",\"@id\":\"https:\/\/bancariosdepiracicaba.com.br\/#\/schema\/person\/6a12c780fc145ea2c9af09989ee600b0\",\"name\":\"admin\",\"image\":{\"@type\":\"ImageObject\",\"@id\":\"https:\/\/bancariosdepiracicaba.com.br\/#personlogo\",\"inLanguage\":\"pt-BR\",\"url\":\"https:\/\/secure.gravatar.com\/avatar\/3a05e74c6579e68209676cb5cb64e0918f288da7a49210fa18d6e9cac1189840?s=96&d=mm&r=g\",\"contentUrl\":\"https:\/\/secure.gravatar.com\/avatar\/3a05e74c6579e68209676cb5cb64e0918f288da7a49210fa18d6e9cac1189840?s=96&d=mm&r=g\",\"caption\":\"admin\"},\"sameAs\":[\"https:\/\/site.bancariosdepiracicaba.com.br\"],\"url\":\"https:\/\/bancariosdepiracicaba.com.br\/?author=1\"}]}<\/script>\n<!-- \/ Yoast SEO Premium plugin. -->","yoast_head_json":{"title":"Banc\u00e1rios entram em greve a partir desta ter\u00e7a-feira - Sindban","robots":{"index":"index","follow":"follow","max-snippet":"max-snippet:-1","max-image-preview":"max-image-preview:large","max-video-preview":"max-video-preview:-1"},"canonical":"https:\/\/bancariosdepiracicaba.com.br\/?p=9874","og_locale":"pt_BR","og_type":"article","og_title":"Banc\u00e1rios entram em greve a partir desta ter\u00e7a-feira - Sindban","og_description":"Banc\u00e1rios de todo o pa \u00eds iniciam paralisa\u00e7\u00e3o a partir desta ter\u00e7a-feira (6) por tempo indeterminado, ap\u00f3s rejeitarem a proposta apresentada pela Federa\u00e7\u00e3o Nacional dos Bancos (Fenaban) de reajuste salarial de 6,5%, que sequer cobre a infla\u00e7\u00e3o de 9,57% e geraria perda de 2,8% nos sal\u00e1rios. Em Assembleia Geral Extraordin\u00e1ria, na quinta-feira (1\u00ba), na sede &hellip; Banc\u00e1rios entram em greve a partir desta ter\u00e7a-feira Leia mais &raquo;","og_url":"https:\/\/bancariosdepiracicaba.com.br\/?p=9874","og_site_name":"Sindban","article_published_time":"2021-07-23T21:32:39+00:00","twitter_card":"summary_large_image","twitter_misc":{"Escrito por":"admin","Est. tempo de leitura":"2 minutos"},"schema":{"@context":"https:\/\/schema.org","@graph":[{"@type":"Organization","@id":"https:\/\/bancariosdepiracicaba.com.br\/#organization","name":"Sindban","url":"https:\/\/bancariosdepiracicaba.com.br\/","sameAs":[],"logo":{"@type":"ImageObject","@id":"https:\/\/bancariosdepiracicaba.com.br\/#logo","inLanguage":"pt-BR","url":"https:\/\/site.bancariosdepiracicaba.com.br\/wp-content\/uploads\/2021\/04\/cropped-Asset-2.png","contentUrl":"https:\/\/site.bancariosdepiracicaba.com.br\/wp-content\/uploads\/2021\/04\/cropped-Asset-2.png","width":512,"height":512,"caption":"Sindban"},"image":{"@id":"https:\/\/bancariosdepiracicaba.com.br\/#logo"}},{"@type":"WebSite","@id":"https:\/\/bancariosdepiracicaba.com.br\/#website","url":"https:\/\/bancariosdepiracicaba.com.br\/","name":"Sindban","description":"Desenvolvimento","publisher":{"@id":"https:\/\/bancariosdepiracicaba.com.br\/#organization"},"potentialAction":[{"@type":"SearchAction","target":{"@type":"EntryPoint","urlTemplate":"https:\/\/bancariosdepiracicaba.com.br\/?s={search_term_string}"},"query-input":"required name=search_term_string"}],"inLanguage":"pt-BR"},{"@type":"WebPage","@id":"https:\/\/bancariosdepiracicaba.com.br\/?p=9874#webpage","url":"https:\/\/bancariosdepiracicaba.com.br\/?p=9874","name":"Banc\u00e1rios entram em greve a partir desta ter\u00e7a-feira - Sindban","isPartOf":{"@id":"https:\/\/bancariosdepiracicaba.com.br\/#website"},"datePublished":"2021-07-23T21:32:39+00:00","dateModified":"2021-07-23T21:32:39+00:00","breadcrumb":{"@id":"https:\/\/bancariosdepiracicaba.com.br\/?p=9874#breadcrumb"},"inLanguage":"pt-BR","potentialAction":[{"@type":"ReadAction","target":["https:\/\/bancariosdepiracicaba.com.br\/?p=9874"]}]},{"@type":"BreadcrumbList","@id":"https:\/\/bancariosdepiracicaba.com.br\/?p=9874#breadcrumb","itemListElement":[{"@type":"ListItem","position":1,"name":"Home","item":"https:\/\/bancariosdepiracicaba.com.br\/"},{"@type":"ListItem","position":2,"name":"Banc\u00e1rios entram em greve a partir desta ter\u00e7a-feira"}]},{"@type":"Article","@id":"https:\/\/bancariosdepiracicaba.com.br\/?p=9874#article","isPartOf":{"@id":"https:\/\/bancariosdepiracicaba.com.br\/?p=9874#webpage"},"author":{"@id":"https:\/\/bancariosdepiracicaba.com.br\/#\/schema\/person\/6a12c780fc145ea2c9af09989ee600b0"},"headline":"Banc\u00e1rios entram em greve a partir desta ter\u00e7a-feira","datePublished":"2021-07-23T21:32:39+00:00","dateModified":"2021-07-23T21:32:39+00:00","mainEntityOfPage":{"@id":"https:\/\/bancariosdepiracicaba.com.br\/?p=9874#webpage"},"wordCount":412,"commentCount":0,"publisher":{"@id":"https:\/\/bancariosdepiracicaba.com.br\/#organization"},"articleSection":["Uncategorized"],"inLanguage":"pt-BR","potentialAction":[{"@type":"CommentAction","name":"Comment","target":["https:\/\/bancariosdepiracicaba.com.br\/?p=9874#respond"]}]},{"@type":"Person","@id":"https:\/\/bancariosdepiracicaba.com.br\/#\/schema\/person\/6a12c780fc145ea2c9af09989ee600b0","name":"admin","image":{"@type":"ImageObject","@id":"https:\/\/bancariosdepiracicaba.com.br\/#personlogo","inLanguage":"pt-BR","url":"https:\/\/secure.gravatar.com\/avatar\/3a05e74c6579e68209676cb5cb64e0918f288da7a49210fa18d6e9cac1189840?s=96&d=mm&r=g","contentUrl":"https:\/\/secure.gravatar.com\/avatar\/3a05e74c6579e68209676cb5cb64e0918f288da7a49210fa18d6e9cac1189840?s=96&d=mm&r=g","caption":"admin"},"sameAs":["https:\/\/site.bancariosdepiracicaba.com.br"],"url":"https:\/\/bancariosdepiracicaba.com.br\/?author=1"}]}},"_links":{"self":[{"href":"https:\/\/bancariosdepiracicaba.com.br\/index.php?rest_route=\/wp\/v2\/posts\/9874","targetHints":{"allow":["GET"]}}],"collection":[{"href":"https:\/\/bancariosdepiracicaba.com.br\/index.php?rest_route=\/wp\/v2\/posts"}],"about":[{"href":"https:\/\/bancariosdepiracicaba.com.br\/index.php?rest_route=\/wp\/v2\/types\/post"}],"author":[{"embeddable":true,"href":"https:\/\/bancariosdepiracicaba.com.br\/index.php?rest_route=\/wp\/v2\/users\/1"}],"replies":[{"embeddable":true,"href":"https:\/\/bancariosdepiracicaba.com.br\/index.php?rest_route=%2Fwp%2Fv2%2Fcomments&post=9874"}],"version-history":[{"count":0,"href":"https:\/\/bancariosdepiracicaba.com.br\/index.php?rest_route=\/wp\/v2\/posts\/9874\/revisions"}],"wp:attachment":[{"href":"https:\/\/bancariosdepiracicaba.com.br\/index.php?rest_route=%2Fwp%2Fv2%2Fmedia&parent=9874"}],"wp:term":[{"taxonomy":"category","embeddable":true,"href":"https:\/\/bancariosdepiracicaba.com.br\/index.php?rest_route=%2Fwp%2Fv2%2Fcategories&post=9874"},{"taxonomy":"post_tag","embeddable":true,"href":"https:\/\/bancariosdepiracicaba.com.br\/index.php?rest_route=%2Fwp%2Fv2%2Ftags&post=9874"}],"curies":[{"name":"wp","href":"https:\/\/api.w.org\/{rel}","templated":true}]}}