{"id":9864,"date":"2021-07-23T21:32:27","date_gmt":"2021-07-23T21:32:27","guid":{"rendered":"https:\/\/site.bancariosdepiracicaba.com.br\/2021\/07\/23\/negociacao-dos-financiarios-nao-avanca-e-comando-orienta-greve\/"},"modified":"2021-07-26T18:43:01","modified_gmt":"2021-07-26T18:43:01","slug":"negociacao-dos-financiarios-nao-avanca-e-comando-orienta-greve","status":"publish","type":"post","link":"https:\/\/bancariosdepiracicaba.com.br\/?p=9864","title":{"rendered":"Negocia\u00e7\u00e3o dos financi\u00e1rios n\u00e3o avan\u00e7a e comando orienta greve"},"content":{"rendered":"<p>Nesta ter\u00e7a-feira (30), na quarta rodada de negocia\u00e7\u00e3o dos financi\u00e1rios, em S\u00e3o Paulo, a Fenacrefi continuou com o tom de respostas negativas \u00e0s reivindica\u00e7\u00f5es da categoria. Diante de mais uma rodada sem avan\u00e7os, comando orientar\u00e1 greve em assembleias que devem ocorrer at\u00e9 o pr\u00f3ximo dia 5 de setembro.<\/p>\n<p>Na ocasi\u00e3o, foram debatidas quatro cl\u00e1usulas, entre elas, contrata\u00e7\u00e3o dos trabalhadores do ramo financeiro, cumprimento da licen\u00e7a-paternidade, Participa\u00e7\u00e3o dos Lucros e Resultados e parcelamento do adiantamento de f\u00e9rias. <\/p>\n<p> \u201c;A categoria precisa ser respeitada. Al\u00e9m das cl\u00e1usulas sociais negadas, o\u00edndice proposto pela Fenacrefi foi muito abaixo das reivindica\u00e7\u00f5es dos trabalhadores. Sabemos que os bancos lucram e as financeiras lucram o dobro, sem falar na terceiriza\u00e7\u00e3o que est\u00e1 dentro de todas as institui\u00e7\u00f5es financeiras, ressaltou Katlin Salles, diretora do Ramo Financeiro da Fetec\/PR.<\/p>\n<p>Cl\u00e1usulas negadas<\/p>\n<p>Diante da falta de funcion\u00e1rios contratados pelas financeiras e com o grande n\u00famero de prestadores de servi\u00e7os no ramo, os dirigentes sindicais destacaram a necessidade de mais contrata\u00e7\u00f5es de trabalhadores no ramo financeiro. A Fenacrefi se negou a fazer o debate neste momento.<\/p>\n<p>Segundo Jair Alves dos Santos, diretor da Contraf-CUT e coordenador da Comiss\u00e3o de Organiza\u00e7\u00e3o dos Financi\u00e1rios, este debate deve ser feito de imediato e os representantes dos trabalhadores ir\u00e3o faz\u00ea-lo por empresa.  \u201c;N\u00e3o podemos admitir que as financeiras continuem terceirizando um servi\u00e7o que \u00e9 de reponsabilidade delas \u201c;, explicou. <\/p>\n<p>Outros pontos negados pela Fenacrefi foram sobre a discuss\u00e3o de um novo modelo de Participa\u00e7\u00e3o de Lucros e Resultados, adiantamento de sal\u00e1rio e aumento da parcela adicional da PLR.<\/p>\n<p>Entre as quest\u00f5es sociais debatidas, os financi\u00e1rios n\u00e3o obtiveram avan\u00e7o na licen\u00e7a-paternidade, visto que muitas institui\u00e7\u00f5es financeiras ainda n\u00e3o s\u00e3o cadastradas no Programa Empresa Cidad\u00e3. Os representantes dos trabalhadores cobraram o cumprimento da lei.<\/p>\n<p>Segundo a dirigente Katlin Salles, diante da intransig\u00eancia da Fenacrefi, a categoria ainda convive ass\u00e9dio moral existente dentro dos locais de trabalho.  \u201c;\u00e9 um absurdo. Chegam ao disparato de colocar trabalhadores dentro das salas de reuni\u00f5es e dizer &lsquo;fiquem calados&rsquo;. Em que mundo estamos, onde as pessoas n\u00e3o podem se manifestar? Nossa categoria vai lutar e vai conquistar \u201c;, afirmou.<\/p>\n<p>Proposta salarial baixa<\/p>\n<p>A proposta de reajuste salarial \u00e9 baixa (correspondente a 80% do INPC de 9,83%, referente a junho\/2016, mais R$ 1.000 de abono). O\u00edndice est\u00e1 muito aqu\u00e9m da reivindica\u00e7\u00e3o dos financi\u00e1rios, de reposi\u00e7\u00e3o da infla\u00e7\u00e3o, mais 5% de aumento real.<\/p>\n<p> \u201c;Desde a entrega da minuta at\u00e9 esta \u00faltima rodada de negocia\u00e7\u00e3o, os financi\u00e1rios n\u00e3o obtiveram avan\u00e7os nas cl\u00e1usulas sociais e econ\u00f4micas. \u00e9 inadmiss \u00edvel um\u00edndice t\u00e3o baixo, uma vez que o lucro das financeiras se encontra nas alturas. A categoria vai intensificar as mobiliza\u00e7\u00f5es e dizer aos financi\u00e1rios de todo o pa \u00eds: S\u00f3 a luta te garante! \u201c;, destacou o presidente da Contraf-CUT, Roberto von der Osten.<\/p>\n<p>Rumo \u00e0 greve<\/p>\n<p>Depois de quatro rodadas de negocia\u00e7\u00e3o sem avan\u00e7os e sem proposta de reajuste salarial decente, o Comando Nacional dos Banc\u00e1rios orienta que os Sindicatos convoquem assembleias em suas bases at\u00e9 o dia 5 de setembro, com orienta\u00e7\u00e3o rumo \u00e0 greve.<\/p>\n","protected":false},"excerpt":{"rendered":"<p>Nesta ter\u00e7a-feira (30), na quarta rodada de negocia\u00e7\u00e3o dos financi\u00e1rios, em S\u00e3o Paulo, a Fenacrefi continuou com o tom de respostas negativas \u00e0s reivindica\u00e7\u00f5es da categoria. Diante de mais uma rodada sem avan\u00e7os, comando orientar\u00e1 greve em assembleias que devem ocorrer at\u00e9 o pr\u00f3ximo dia 5 de setembro. Na ocasi\u00e3o, foram debatidas quatro cl\u00e1usulas, entre &hellip;<\/p>\n<p class=\"read-more\"> <a class=\"\" href=\"https:\/\/bancariosdepiracicaba.com.br\/?p=9864\"> <span class=\"screen-reader-text\">Negocia\u00e7\u00e3o dos financi\u00e1rios n\u00e3o avan\u00e7a e comando orienta greve<\/span> Leia mais &raquo;<\/a><\/p>\n","protected":false},"author":1,"featured_media":0,"comment_status":"open","ping_status":"open","sticky":false,"template":"","format":"standard","meta":{"site-sidebar-layout":"default","site-content-layout":"default","ast-main-header-display":"","ast-hfb-above-header-display":"","ast-hfb-below-header-display":"","ast-hfb-mobile-header-display":"","site-post-title":"","ast-breadcrumbs-content":"","ast-featured-img":"","footer-sml-layout":"","theme-transparent-header-meta":"","adv-header-id-meta":"","stick-header-meta":"","header-above-stick-meta":"","header-main-stick-meta":"","header-below-stick-meta":"","footnotes":""},"categories":[17,1],"tags":[],"class_list":["post-9864","post","type-post","status-publish","format-standard","hentry","category-financeiras","category-uncategorized"],"yoast_head":"<!-- This site is optimized with the Yoast SEO Premium plugin v16.1 (Yoast SEO v18.0) - https:\/\/yoast.com\/wordpress\/plugins\/seo\/ -->\n<title>Negocia\u00e7\u00e3o dos financi\u00e1rios n\u00e3o avan\u00e7a e comando orienta greve - Sindban<\/title>\n<meta name=\"robots\" content=\"index, follow, max-snippet:-1, max-image-preview:large, max-video-preview:-1\" \/>\n<link rel=\"canonical\" href=\"https:\/\/bancariosdepiracicaba.com.br\/?p=9864\" \/>\n<meta property=\"og:locale\" content=\"pt_BR\" \/>\n<meta property=\"og:type\" content=\"article\" \/>\n<meta property=\"og:title\" content=\"Negocia\u00e7\u00e3o dos financi\u00e1rios n\u00e3o avan\u00e7a e comando orienta greve - Sindban\" \/>\n<meta property=\"og:description\" content=\"Nesta ter\u00e7a-feira (30), na quarta rodada de negocia\u00e7\u00e3o dos financi\u00e1rios, em S\u00e3o Paulo, a Fenacrefi continuou com o tom de respostas negativas \u00e0s reivindica\u00e7\u00f5es da categoria. Diante de mais uma rodada sem avan\u00e7os, comando orientar\u00e1 greve em assembleias que devem ocorrer at\u00e9 o pr\u00f3ximo dia 5 de setembro. Na ocasi\u00e3o, foram debatidas quatro cl\u00e1usulas, entre &hellip; Negocia\u00e7\u00e3o dos financi\u00e1rios n\u00e3o avan\u00e7a e comando orienta greve Leia mais &raquo;\" \/>\n<meta property=\"og:url\" content=\"https:\/\/bancariosdepiracicaba.com.br\/?p=9864\" \/>\n<meta property=\"og:site_name\" content=\"Sindban\" \/>\n<meta property=\"article:published_time\" content=\"2021-07-23T21:32:27+00:00\" \/>\n<meta property=\"article:modified_time\" content=\"2021-07-26T18:43:01+00:00\" \/>\n<meta name=\"twitter:card\" content=\"summary_large_image\" \/>\n<meta name=\"twitter:label1\" content=\"Escrito por\" \/>\n\t<meta name=\"twitter:data1\" content=\"admin\" \/>\n\t<meta name=\"twitter:label2\" content=\"Est. tempo de leitura\" \/>\n\t<meta name=\"twitter:data2\" content=\"3 minutos\" \/>\n<script type=\"application\/ld+json\" class=\"yoast-schema-graph\">{\"@context\":\"https:\/\/schema.org\",\"@graph\":[{\"@type\":\"Organization\",\"@id\":\"https:\/\/bancariosdepiracicaba.com.br\/#organization\",\"name\":\"Sindban\",\"url\":\"https:\/\/bancariosdepiracicaba.com.br\/\",\"sameAs\":[],\"logo\":{\"@type\":\"ImageObject\",\"@id\":\"https:\/\/bancariosdepiracicaba.com.br\/#logo\",\"inLanguage\":\"pt-BR\",\"url\":\"https:\/\/site.bancariosdepiracicaba.com.br\/wp-content\/uploads\/2021\/04\/cropped-Asset-2.png\",\"contentUrl\":\"https:\/\/site.bancariosdepiracicaba.com.br\/wp-content\/uploads\/2021\/04\/cropped-Asset-2.png\",\"width\":512,\"height\":512,\"caption\":\"Sindban\"},\"image\":{\"@id\":\"https:\/\/bancariosdepiracicaba.com.br\/#logo\"}},{\"@type\":\"WebSite\",\"@id\":\"https:\/\/bancariosdepiracicaba.com.br\/#website\",\"url\":\"https:\/\/bancariosdepiracicaba.com.br\/\",\"name\":\"Sindban\",\"description\":\"Desenvolvimento\",\"publisher\":{\"@id\":\"https:\/\/bancariosdepiracicaba.com.br\/#organization\"},\"potentialAction\":[{\"@type\":\"SearchAction\",\"target\":{\"@type\":\"EntryPoint\",\"urlTemplate\":\"https:\/\/bancariosdepiracicaba.com.br\/?s={search_term_string}\"},\"query-input\":\"required name=search_term_string\"}],\"inLanguage\":\"pt-BR\"},{\"@type\":\"WebPage\",\"@id\":\"https:\/\/bancariosdepiracicaba.com.br\/?p=9864#webpage\",\"url\":\"https:\/\/bancariosdepiracicaba.com.br\/?p=9864\",\"name\":\"Negocia\u00e7\u00e3o dos financi\u00e1rios n\u00e3o avan\u00e7a e comando orienta greve - Sindban\",\"isPartOf\":{\"@id\":\"https:\/\/bancariosdepiracicaba.com.br\/#website\"},\"datePublished\":\"2021-07-23T21:32:27+00:00\",\"dateModified\":\"2021-07-26T18:43:01+00:00\",\"breadcrumb\":{\"@id\":\"https:\/\/bancariosdepiracicaba.com.br\/?p=9864#breadcrumb\"},\"inLanguage\":\"pt-BR\",\"potentialAction\":[{\"@type\":\"ReadAction\",\"target\":[\"https:\/\/bancariosdepiracicaba.com.br\/?p=9864\"]}]},{\"@type\":\"BreadcrumbList\",\"@id\":\"https:\/\/bancariosdepiracicaba.com.br\/?p=9864#breadcrumb\",\"itemListElement\":[{\"@type\":\"ListItem\",\"position\":1,\"name\":\"Home\",\"item\":\"https:\/\/bancariosdepiracicaba.com.br\/\"},{\"@type\":\"ListItem\",\"position\":2,\"name\":\"Negocia\u00e7\u00e3o dos financi\u00e1rios n\u00e3o avan\u00e7a e comando orienta greve\"}]},{\"@type\":\"Article\",\"@id\":\"https:\/\/bancariosdepiracicaba.com.br\/?p=9864#article\",\"isPartOf\":{\"@id\":\"https:\/\/bancariosdepiracicaba.com.br\/?p=9864#webpage\"},\"author\":{\"@id\":\"https:\/\/bancariosdepiracicaba.com.br\/#\/schema\/person\/6a12c780fc145ea2c9af09989ee600b0\"},\"headline\":\"Negocia\u00e7\u00e3o dos financi\u00e1rios n\u00e3o avan\u00e7a e comando orienta greve\",\"datePublished\":\"2021-07-23T21:32:27+00:00\",\"dateModified\":\"2021-07-26T18:43:01+00:00\",\"mainEntityOfPage\":{\"@id\":\"https:\/\/bancariosdepiracicaba.com.br\/?p=9864#webpage\"},\"wordCount\":565,\"commentCount\":0,\"publisher\":{\"@id\":\"https:\/\/bancariosdepiracicaba.com.br\/#organization\"},\"articleSection\":[\"Financeiras\",\"Uncategorized\"],\"inLanguage\":\"pt-BR\",\"potentialAction\":[{\"@type\":\"CommentAction\",\"name\":\"Comment\",\"target\":[\"https:\/\/bancariosdepiracicaba.com.br\/?p=9864#respond\"]}]},{\"@type\":\"Person\",\"@id\":\"https:\/\/bancariosdepiracicaba.com.br\/#\/schema\/person\/6a12c780fc145ea2c9af09989ee600b0\",\"name\":\"admin\",\"image\":{\"@type\":\"ImageObject\",\"@id\":\"https:\/\/bancariosdepiracicaba.com.br\/#personlogo\",\"inLanguage\":\"pt-BR\",\"url\":\"https:\/\/secure.gravatar.com\/avatar\/3a05e74c6579e68209676cb5cb64e0918f288da7a49210fa18d6e9cac1189840?s=96&d=mm&r=g\",\"contentUrl\":\"https:\/\/secure.gravatar.com\/avatar\/3a05e74c6579e68209676cb5cb64e0918f288da7a49210fa18d6e9cac1189840?s=96&d=mm&r=g\",\"caption\":\"admin\"},\"sameAs\":[\"https:\/\/site.bancariosdepiracicaba.com.br\"],\"url\":\"https:\/\/bancariosdepiracicaba.com.br\/?author=1\"}]}<\/script>\n<!-- \/ Yoast SEO Premium plugin. -->","yoast_head_json":{"title":"Negocia\u00e7\u00e3o dos financi\u00e1rios n\u00e3o avan\u00e7a e comando orienta greve - Sindban","robots":{"index":"index","follow":"follow","max-snippet":"max-snippet:-1","max-image-preview":"max-image-preview:large","max-video-preview":"max-video-preview:-1"},"canonical":"https:\/\/bancariosdepiracicaba.com.br\/?p=9864","og_locale":"pt_BR","og_type":"article","og_title":"Negocia\u00e7\u00e3o dos financi\u00e1rios n\u00e3o avan\u00e7a e comando orienta greve - Sindban","og_description":"Nesta ter\u00e7a-feira (30), na quarta rodada de negocia\u00e7\u00e3o dos financi\u00e1rios, em S\u00e3o Paulo, a Fenacrefi continuou com o tom de respostas negativas \u00e0s reivindica\u00e7\u00f5es da categoria. Diante de mais uma rodada sem avan\u00e7os, comando orientar\u00e1 greve em assembleias que devem ocorrer at\u00e9 o pr\u00f3ximo dia 5 de setembro. Na ocasi\u00e3o, foram debatidas quatro cl\u00e1usulas, entre &hellip; Negocia\u00e7\u00e3o dos financi\u00e1rios n\u00e3o avan\u00e7a e comando orienta greve Leia mais &raquo;","og_url":"https:\/\/bancariosdepiracicaba.com.br\/?p=9864","og_site_name":"Sindban","article_published_time":"2021-07-23T21:32:27+00:00","article_modified_time":"2021-07-26T18:43:01+00:00","twitter_card":"summary_large_image","twitter_misc":{"Escrito por":"admin","Est. tempo de leitura":"3 minutos"},"schema":{"@context":"https:\/\/schema.org","@graph":[{"@type":"Organization","@id":"https:\/\/bancariosdepiracicaba.com.br\/#organization","name":"Sindban","url":"https:\/\/bancariosdepiracicaba.com.br\/","sameAs":[],"logo":{"@type":"ImageObject","@id":"https:\/\/bancariosdepiracicaba.com.br\/#logo","inLanguage":"pt-BR","url":"https:\/\/site.bancariosdepiracicaba.com.br\/wp-content\/uploads\/2021\/04\/cropped-Asset-2.png","contentUrl":"https:\/\/site.bancariosdepiracicaba.com.br\/wp-content\/uploads\/2021\/04\/cropped-Asset-2.png","width":512,"height":512,"caption":"Sindban"},"image":{"@id":"https:\/\/bancariosdepiracicaba.com.br\/#logo"}},{"@type":"WebSite","@id":"https:\/\/bancariosdepiracicaba.com.br\/#website","url":"https:\/\/bancariosdepiracicaba.com.br\/","name":"Sindban","description":"Desenvolvimento","publisher":{"@id":"https:\/\/bancariosdepiracicaba.com.br\/#organization"},"potentialAction":[{"@type":"SearchAction","target":{"@type":"EntryPoint","urlTemplate":"https:\/\/bancariosdepiracicaba.com.br\/?s={search_term_string}"},"query-input":"required name=search_term_string"}],"inLanguage":"pt-BR"},{"@type":"WebPage","@id":"https:\/\/bancariosdepiracicaba.com.br\/?p=9864#webpage","url":"https:\/\/bancariosdepiracicaba.com.br\/?p=9864","name":"Negocia\u00e7\u00e3o dos financi\u00e1rios n\u00e3o avan\u00e7a e comando orienta greve - Sindban","isPartOf":{"@id":"https:\/\/bancariosdepiracicaba.com.br\/#website"},"datePublished":"2021-07-23T21:32:27+00:00","dateModified":"2021-07-26T18:43:01+00:00","breadcrumb":{"@id":"https:\/\/bancariosdepiracicaba.com.br\/?p=9864#breadcrumb"},"inLanguage":"pt-BR","potentialAction":[{"@type":"ReadAction","target":["https:\/\/bancariosdepiracicaba.com.br\/?p=9864"]}]},{"@type":"BreadcrumbList","@id":"https:\/\/bancariosdepiracicaba.com.br\/?p=9864#breadcrumb","itemListElement":[{"@type":"ListItem","position":1,"name":"Home","item":"https:\/\/bancariosdepiracicaba.com.br\/"},{"@type":"ListItem","position":2,"name":"Negocia\u00e7\u00e3o dos financi\u00e1rios n\u00e3o avan\u00e7a e comando orienta greve"}]},{"@type":"Article","@id":"https:\/\/bancariosdepiracicaba.com.br\/?p=9864#article","isPartOf":{"@id":"https:\/\/bancariosdepiracicaba.com.br\/?p=9864#webpage"},"author":{"@id":"https:\/\/bancariosdepiracicaba.com.br\/#\/schema\/person\/6a12c780fc145ea2c9af09989ee600b0"},"headline":"Negocia\u00e7\u00e3o dos financi\u00e1rios n\u00e3o avan\u00e7a e comando orienta greve","datePublished":"2021-07-23T21:32:27+00:00","dateModified":"2021-07-26T18:43:01+00:00","mainEntityOfPage":{"@id":"https:\/\/bancariosdepiracicaba.com.br\/?p=9864#webpage"},"wordCount":565,"commentCount":0,"publisher":{"@id":"https:\/\/bancariosdepiracicaba.com.br\/#organization"},"articleSection":["Financeiras","Uncategorized"],"inLanguage":"pt-BR","potentialAction":[{"@type":"CommentAction","name":"Comment","target":["https:\/\/bancariosdepiracicaba.com.br\/?p=9864#respond"]}]},{"@type":"Person","@id":"https:\/\/bancariosdepiracicaba.com.br\/#\/schema\/person\/6a12c780fc145ea2c9af09989ee600b0","name":"admin","image":{"@type":"ImageObject","@id":"https:\/\/bancariosdepiracicaba.com.br\/#personlogo","inLanguage":"pt-BR","url":"https:\/\/secure.gravatar.com\/avatar\/3a05e74c6579e68209676cb5cb64e0918f288da7a49210fa18d6e9cac1189840?s=96&d=mm&r=g","contentUrl":"https:\/\/secure.gravatar.com\/avatar\/3a05e74c6579e68209676cb5cb64e0918f288da7a49210fa18d6e9cac1189840?s=96&d=mm&r=g","caption":"admin"},"sameAs":["https:\/\/site.bancariosdepiracicaba.com.br"],"url":"https:\/\/bancariosdepiracicaba.com.br\/?author=1"}]}},"_links":{"self":[{"href":"https:\/\/bancariosdepiracicaba.com.br\/index.php?rest_route=\/wp\/v2\/posts\/9864","targetHints":{"allow":["GET"]}}],"collection":[{"href":"https:\/\/bancariosdepiracicaba.com.br\/index.php?rest_route=\/wp\/v2\/posts"}],"about":[{"href":"https:\/\/bancariosdepiracicaba.com.br\/index.php?rest_route=\/wp\/v2\/types\/post"}],"author":[{"embeddable":true,"href":"https:\/\/bancariosdepiracicaba.com.br\/index.php?rest_route=\/wp\/v2\/users\/1"}],"replies":[{"embeddable":true,"href":"https:\/\/bancariosdepiracicaba.com.br\/index.php?rest_route=%2Fwp%2Fv2%2Fcomments&post=9864"}],"version-history":[{"count":1,"href":"https:\/\/bancariosdepiracicaba.com.br\/index.php?rest_route=\/wp\/v2\/posts\/9864\/revisions"}],"predecessor-version":[{"id":12492,"href":"https:\/\/bancariosdepiracicaba.com.br\/index.php?rest_route=\/wp\/v2\/posts\/9864\/revisions\/12492"}],"wp:attachment":[{"href":"https:\/\/bancariosdepiracicaba.com.br\/index.php?rest_route=%2Fwp%2Fv2%2Fmedia&parent=9864"}],"wp:term":[{"taxonomy":"category","embeddable":true,"href":"https:\/\/bancariosdepiracicaba.com.br\/index.php?rest_route=%2Fwp%2Fv2%2Fcategories&post=9864"},{"taxonomy":"post_tag","embeddable":true,"href":"https:\/\/bancariosdepiracicaba.com.br\/index.php?rest_route=%2Fwp%2Fv2%2Ftags&post=9864"}],"curies":[{"name":"wp","href":"https:\/\/api.w.org\/{rel}","templated":true}]}}