{"id":9862,"date":"2021-07-23T21:32:26","date_gmt":"2021-07-23T21:32:26","guid":{"rendered":"https:\/\/site.bancariosdepiracicaba.com.br\/2021\/07\/23\/fenaban-leva-bancarios-a-greve-a-partir-do-dia-6-de-setembro\/"},"modified":"2021-08-11T21:56:14","modified_gmt":"2021-08-12T00:56:14","slug":"fenaban-leva-bancarios-a-greve-a-partir-do-dia-6-de-setembro","status":"publish","type":"post","link":"https:\/\/bancariosdepiracicaba.com.br\/?p=9862","title":{"rendered":"Fenaban leva banc\u00e1rios \u00e0 greve a partir do dia 6 de setembro"},"content":{"rendered":"<p>Pressionada pelo Comando Nacional dos Banc\u00e1rios, a Federa\u00e7\u00e3o Nacional dos Bancos (Fenaban) apresentou nesta ter\u00e7a-feira (30), em S\u00e3o Paulo, algumas respostas \u00e0s reivindica\u00e7\u00f5es da categoria, depois da oferta de reajuste de 6,5% nos sal\u00e1rios, que n\u00e3o cobre nem a infla\u00e7\u00e3o, e abono de R$ 3 mil, propostos na segunda-feira (29). N\u00e3o houve avan\u00e7os e a Fenaban debateu poucos pontos da minuta. Diante do posicionamento dos banqueiros, o Comando Nacional orienta a rejei\u00e7\u00e3o da proposta e greve a partir do dia 6 de setembro.<\/p>\n<p>Os representantes dos trabalhadores aprovaram um calend\u00e1rio de lutas, orientam as Federa\u00e7\u00f5es e Sindicatos a convocar assembleias de avalia\u00e7\u00e3o da proposta nos dias 1 e 2 de setembro e, caso seja rejeitada, indicativo de greve a partir do dia 6 de setembro, com assembleia organizativa no dia 5.<\/p>\n<p>Al\u00e9m de n\u00e3o garantir aumento real, a proposta da Fenaban reduz os sal\u00e1rios em 2,80%, n\u00e3o garante empregos, n\u00e3o avan\u00e7a na sa\u00fade, nem das demandas de seguran\u00e7a e de igualdade de oportunidades. <\/p>\n<p> \u201c;A Fenaban quer impor o retrocesso com perdas nos sal\u00e1rios. O reajuste proposto \u00e9 muito ruim, n\u00e3o cobre nem a infla\u00e7\u00e3o. Em doze anos, conquistamos muitos avan\u00e7os para categoria, com aumento real e n\u00e3o vamos retroceder. Os bancos est\u00e3o jogando os banc\u00e1rios para a greve. Mais do que nunca, s\u00f3 a nossa luta ir\u00e1 garantir nossas conquistas. Estamos em um momento complicado, com ataque aos direitos dos trabalhadores, mas mobiliza\u00e7\u00e3o e unidade n\u00e3o faltar\u00e3o \u00e0 nossa categoria \u201c;, afirmou Roberto von der Osten, presidente da Contraf-CUT e um dos coordenadores do Comando Nacional dos Banc\u00e1rios.<\/p>\n<p>&#8220;Enquanto oferecem um reajuste abaixo da infla\u00e7\u00e3o para os trabalhadores, elevam mais de 70 pontos percentuais as taxas de juros dos clientes, com cheque especial a 318,4% ao ano, com alta de 71,5 pontos percentuais em 12 meses. Lucram R$ 30 bilh\u00f5es no semestre e fecham 7.897 postos de trabalho somente de janeiro a julho deste ano. Haver\u00e1 assembleia no dia 1\u00ba de setembro em todo o pa \u00eds e vamos indicar a rejei\u00e7\u00e3o da proposta&#8221;, disse Juvandia Moreira, vice-presidenta da Contraf-CUT e uma das coordenadoras do Comando Nacional dos Banc\u00e1rios.<\/p>\n<p>PLR<\/p>\n<p>A Fenaban n\u00e3o aceitou fazer mudan\u00e7as na formula\u00e7\u00e3o da Participa\u00e7\u00e3o nos Lucros e Resultados, conforme reivindica\u00e7\u00e3o dos banc\u00e1rios, apenas concordou com a instala\u00e7\u00e3o de um Grupo de Trabalho bipartite para discutir o tema. Os bancos obtiveram grande crescimento nos \u00faltimos anos, mas a f\u00f3rmula da distribui\u00e7\u00e3o dos lucros n\u00e3o acompanhou a mesma propor\u00e7\u00e3o.<\/p>\n<p>O Bradesco, por exemplo, j\u00e1 chegou a distribuir 14% do lucro, em 1995, quando os banc\u00e1rios come\u00e7aram a negociar a PLR na CCT. Hoje, em dia, distribui menos de 7%. No Ita\u00fa, o percentual de distribui\u00e7\u00e3o do lucro tamb\u00e9m j\u00e1 foi de 14%, e hoje est\u00e1 em menos de 6%. Isso ocorre, porque o lucro cresceu imensamente.<\/p>\n<p>No primeiro semestre de 2016, o lucro dos cinco maiores bancos (Ita\u00fa, Bradesco, Banco do Brasil, Santander e Caixa) chegou a R$ 29,7 bilh\u00f5es. <\/p>\n<p> \u201c;Queremos uma regra mais simples, que os banc\u00e1rios possam acompanhar com maior entendimento, al\u00e9m de mais justa e transparente. Afinal, s\u00e3o os banc\u00e1rios que produzem o lucro dos bancos \u201c;, explicou Roberto von der Osten.<\/p>\n<p>Ag\u00eancia Digital<\/p>\n<p>A Fenaban n\u00e3o concordou em debater o tema na mesa de negocia\u00e7\u00e3o e ainda afirmou que a discuss\u00e3o sobre jornada e condi\u00e7\u00f5es de trabalho, nas ag\u00eancias digitais, deve ser feita por cada banco.<\/p>\n<p>Licen\u00e7a-paternidade<\/p>\n<p>A licen\u00e7a-paternidade de 20 dias foi sancionada pela presidenta Dilma Rousseff no in \u00edcio do ano, mas os bancos n\u00e3o aceitam antecipar a sua aplica\u00e7\u00e3o. Querem coloc\u00e1-la em pr\u00e1tica, s\u00f3 a partir de janeiro de 2017, conforme legisla\u00e7\u00e3o.<\/p>\n<p>Sa\u00fade<\/p>\n<p>Houve entendimento dos bancos em mudar o nome da cl\u00e1usula 44&ordf; de  \u201c;Programa de Reabilita\u00e7\u00e3o Profissional \u201c; para  \u201c;Programa de Retorno ao Trabalho \u201c;, conforme reivindica\u00e7\u00e3o dos banc\u00e1rios. Os representantes dos trabalhadores argumentam que o processo de reabilita\u00e7\u00e3o s\u00f3 cabe ao estado e n\u00e3o \u00e0s empresas. Por outro lado, os bancos n\u00e3o concordaram em extinguir a junta m\u00e9dica, composta por um m\u00e9dico do banco e outro do sindicato, que avalia os funcion\u00e1rios no retorno ao trabalho, ap\u00f3s a licen\u00e7a-sa\u00fade e tem gerado diverg\u00eancias de laudos.<\/p>\n<p>Vale- Cultura<\/p>\n<p>Mais uma vez, a Fenaban afirmou que n\u00e3o estender\u00e1 o prazo do vale-cultura e que cumprir\u00e1 apenas o que estipula a lei.  O prazo do benef \u00edcio expira em dezembro deste ano.<\/p>\n<p>Aux \u00edlio-creche<\/p>\n<p>O Comando Nacional voltou a argumentar que o valor atual do aux \u00edlio-creche, em poucos mais de trezentos reais, n\u00e3o cobre as despesas dos banc\u00e1rios no cuidado com os filhos. Mas, a Fenaban n\u00e3o se mostrou disposta em corrigir o valor para R$880, um sal\u00e1rio m \u00ednimo, conforme reivindica\u00e7\u00e3o.<\/p>\n<p>Seguran\u00e7a<\/p>\n<p>Mais um n\u00e3o categ\u00f3rico dos bancos tamb\u00e9m foi a resposta para a extens\u00e3o do atendimento m\u00e9dico e psicol\u00f3gico aos familiares dos banc\u00e1rios v \u00edtimas de sequestros e outros delitos, assim como o pagamento dos custos de rem\u00e9dios e das despesas de todos os tratamentos.<\/p>\n<p>Mulheres<\/p>\n<p>A igualdade de oportunidades \u00e9 outro destaque na pauta de reivindica\u00e7\u00f5es. O Comando Nacional exige o fim das discrimina\u00e7\u00f5es nos sal\u00e1rios e na ascens\u00e3o profissional de mulheres. S\u00f3 que mais uma vez os bancos colocaram nas costas das mulheres o peso da falta de ascens\u00e3o profissional e n\u00e3o concordaram em ampliar a discuss\u00e3o, jogando o tema para a mesa tem\u00e1tica, que se re\u00fane no decorrer do ano.<\/p>\n<p>Festival de n\u00e3os<\/p>\n<p>N\u00e3o houve avan\u00e7os, ainda, nas reivindica\u00e7\u00f5es sobre parcelamento do pagamento de f\u00e9rias, aux \u00edlio-educa\u00e7\u00e3o e extens\u00e3o do vale-refei\u00e7\u00e3o no per \u00edodo de licen\u00e7a-maternidade.<\/p>\n","protected":false},"excerpt":{"rendered":"<p>Pressionada pelo Comando Nacional dos Banc\u00e1rios, a Federa\u00e7\u00e3o Nacional dos Bancos (Fenaban) apresentou nesta ter\u00e7a-feira (30), em S\u00e3o Paulo, algumas respostas \u00e0s reivindica\u00e7\u00f5es da categoria, depois da oferta de reajuste de 6,5% nos sal\u00e1rios, que n\u00e3o cobre nem a infla\u00e7\u00e3o, e abono de R$ 3 mil, propostos na segunda-feira (29). N\u00e3o houve avan\u00e7os e a &hellip;<\/p>\n<p class=\"read-more\"> <a class=\"\" href=\"https:\/\/bancariosdepiracicaba.com.br\/?p=9862\"> <span class=\"screen-reader-text\">Fenaban leva banc\u00e1rios \u00e0 greve a partir do dia 6 de setembro<\/span> Leia mais &raquo;<\/a><\/p>\n","protected":false},"author":1,"featured_media":0,"comment_status":"open","ping_status":"open","sticky":false,"template":"","format":"standard","meta":{"site-sidebar-layout":"default","site-content-layout":"default","ast-main-header-display":"","ast-hfb-above-header-display":"","ast-hfb-below-header-display":"","ast-hfb-mobile-header-display":"","site-post-title":"","ast-breadcrumbs-content":"","ast-featured-img":"","footer-sml-layout":"","theme-transparent-header-meta":"","adv-header-id-meta":"","stick-header-meta":"","header-above-stick-meta":"","header-main-stick-meta":"","header-below-stick-meta":"","footnotes":""},"categories":[44,1],"tags":[],"class_list":["post-9862","post","type-post","status-publish","format-standard","hentry","category-mulher","category-uncategorized"],"yoast_head":"<!-- This site is optimized with the Yoast SEO Premium plugin v16.1 (Yoast SEO v18.0) - https:\/\/yoast.com\/wordpress\/plugins\/seo\/ -->\n<title>Fenaban leva banc\u00e1rios \u00e0 greve a partir do dia 6 de setembro - Sindban<\/title>\n<meta name=\"robots\" content=\"index, follow, max-snippet:-1, max-image-preview:large, max-video-preview:-1\" \/>\n<link rel=\"canonical\" href=\"https:\/\/bancariosdepiracicaba.com.br\/?p=9862\" \/>\n<meta property=\"og:locale\" content=\"pt_BR\" \/>\n<meta property=\"og:type\" content=\"article\" \/>\n<meta property=\"og:title\" content=\"Fenaban leva banc\u00e1rios \u00e0 greve a partir do dia 6 de setembro - Sindban\" \/>\n<meta property=\"og:description\" content=\"Pressionada pelo Comando Nacional dos Banc\u00e1rios, a Federa\u00e7\u00e3o Nacional dos Bancos (Fenaban) apresentou nesta ter\u00e7a-feira (30), em S\u00e3o Paulo, algumas respostas \u00e0s reivindica\u00e7\u00f5es da categoria, depois da oferta de reajuste de 6,5% nos sal\u00e1rios, que n\u00e3o cobre nem a infla\u00e7\u00e3o, e abono de R$ 3 mil, propostos na segunda-feira (29). N\u00e3o houve avan\u00e7os e a &hellip; Fenaban leva banc\u00e1rios \u00e0 greve a partir do dia 6 de setembro Leia mais &raquo;\" \/>\n<meta property=\"og:url\" content=\"https:\/\/bancariosdepiracicaba.com.br\/?p=9862\" \/>\n<meta property=\"og:site_name\" content=\"Sindban\" \/>\n<meta property=\"article:published_time\" content=\"2021-07-23T21:32:26+00:00\" \/>\n<meta property=\"article:modified_time\" content=\"2021-08-12T00:56:14+00:00\" \/>\n<meta name=\"twitter:card\" content=\"summary_large_image\" \/>\n<meta name=\"twitter:label1\" content=\"Escrito por\" \/>\n\t<meta name=\"twitter:data1\" content=\"admin\" \/>\n\t<meta name=\"twitter:label2\" content=\"Est. tempo de leitura\" \/>\n\t<meta name=\"twitter:data2\" content=\"5 minutos\" \/>\n<script type=\"application\/ld+json\" class=\"yoast-schema-graph\">{\"@context\":\"https:\/\/schema.org\",\"@graph\":[{\"@type\":\"Organization\",\"@id\":\"https:\/\/bancariosdepiracicaba.com.br\/#organization\",\"name\":\"Sindban\",\"url\":\"https:\/\/bancariosdepiracicaba.com.br\/\",\"sameAs\":[],\"logo\":{\"@type\":\"ImageObject\",\"@id\":\"https:\/\/bancariosdepiracicaba.com.br\/#logo\",\"inLanguage\":\"pt-BR\",\"url\":\"https:\/\/site.bancariosdepiracicaba.com.br\/wp-content\/uploads\/2021\/04\/cropped-Asset-2.png\",\"contentUrl\":\"https:\/\/site.bancariosdepiracicaba.com.br\/wp-content\/uploads\/2021\/04\/cropped-Asset-2.png\",\"width\":512,\"height\":512,\"caption\":\"Sindban\"},\"image\":{\"@id\":\"https:\/\/bancariosdepiracicaba.com.br\/#logo\"}},{\"@type\":\"WebSite\",\"@id\":\"https:\/\/bancariosdepiracicaba.com.br\/#website\",\"url\":\"https:\/\/bancariosdepiracicaba.com.br\/\",\"name\":\"Sindban\",\"description\":\"Desenvolvimento\",\"publisher\":{\"@id\":\"https:\/\/bancariosdepiracicaba.com.br\/#organization\"},\"potentialAction\":[{\"@type\":\"SearchAction\",\"target\":{\"@type\":\"EntryPoint\",\"urlTemplate\":\"https:\/\/bancariosdepiracicaba.com.br\/?s={search_term_string}\"},\"query-input\":\"required name=search_term_string\"}],\"inLanguage\":\"pt-BR\"},{\"@type\":\"WebPage\",\"@id\":\"https:\/\/bancariosdepiracicaba.com.br\/?p=9862#webpage\",\"url\":\"https:\/\/bancariosdepiracicaba.com.br\/?p=9862\",\"name\":\"Fenaban leva banc\u00e1rios \u00e0 greve a partir do dia 6 de setembro - Sindban\",\"isPartOf\":{\"@id\":\"https:\/\/bancariosdepiracicaba.com.br\/#website\"},\"datePublished\":\"2021-07-23T21:32:26+00:00\",\"dateModified\":\"2021-08-12T00:56:14+00:00\",\"breadcrumb\":{\"@id\":\"https:\/\/bancariosdepiracicaba.com.br\/?p=9862#breadcrumb\"},\"inLanguage\":\"pt-BR\",\"potentialAction\":[{\"@type\":\"ReadAction\",\"target\":[\"https:\/\/bancariosdepiracicaba.com.br\/?p=9862\"]}]},{\"@type\":\"BreadcrumbList\",\"@id\":\"https:\/\/bancariosdepiracicaba.com.br\/?p=9862#breadcrumb\",\"itemListElement\":[{\"@type\":\"ListItem\",\"position\":1,\"name\":\"Home\",\"item\":\"https:\/\/bancariosdepiracicaba.com.br\/\"},{\"@type\":\"ListItem\",\"position\":2,\"name\":\"Fenaban leva banc\u00e1rios \u00e0 greve a partir do dia 6 de setembro\"}]},{\"@type\":\"Article\",\"@id\":\"https:\/\/bancariosdepiracicaba.com.br\/?p=9862#article\",\"isPartOf\":{\"@id\":\"https:\/\/bancariosdepiracicaba.com.br\/?p=9862#webpage\"},\"author\":{\"@id\":\"https:\/\/bancariosdepiracicaba.com.br\/#\/schema\/person\/6a12c780fc145ea2c9af09989ee600b0\"},\"headline\":\"Fenaban leva banc\u00e1rios \u00e0 greve a partir do dia 6 de setembro\",\"datePublished\":\"2021-07-23T21:32:26+00:00\",\"dateModified\":\"2021-08-12T00:56:14+00:00\",\"mainEntityOfPage\":{\"@id\":\"https:\/\/bancariosdepiracicaba.com.br\/?p=9862#webpage\"},\"wordCount\":999,\"commentCount\":0,\"publisher\":{\"@id\":\"https:\/\/bancariosdepiracicaba.com.br\/#organization\"},\"articleSection\":[\"Mulher\",\"Uncategorized\"],\"inLanguage\":\"pt-BR\",\"potentialAction\":[{\"@type\":\"CommentAction\",\"name\":\"Comment\",\"target\":[\"https:\/\/bancariosdepiracicaba.com.br\/?p=9862#respond\"]}]},{\"@type\":\"Person\",\"@id\":\"https:\/\/bancariosdepiracicaba.com.br\/#\/schema\/person\/6a12c780fc145ea2c9af09989ee600b0\",\"name\":\"admin\",\"image\":{\"@type\":\"ImageObject\",\"@id\":\"https:\/\/bancariosdepiracicaba.com.br\/#personlogo\",\"inLanguage\":\"pt-BR\",\"url\":\"https:\/\/secure.gravatar.com\/avatar\/3a05e74c6579e68209676cb5cb64e0918f288da7a49210fa18d6e9cac1189840?s=96&d=mm&r=g\",\"contentUrl\":\"https:\/\/secure.gravatar.com\/avatar\/3a05e74c6579e68209676cb5cb64e0918f288da7a49210fa18d6e9cac1189840?s=96&d=mm&r=g\",\"caption\":\"admin\"},\"sameAs\":[\"https:\/\/site.bancariosdepiracicaba.com.br\"],\"url\":\"https:\/\/bancariosdepiracicaba.com.br\/?author=1\"}]}<\/script>\n<!-- \/ Yoast SEO Premium plugin. -->","yoast_head_json":{"title":"Fenaban leva banc\u00e1rios \u00e0 greve a partir do dia 6 de setembro - Sindban","robots":{"index":"index","follow":"follow","max-snippet":"max-snippet:-1","max-image-preview":"max-image-preview:large","max-video-preview":"max-video-preview:-1"},"canonical":"https:\/\/bancariosdepiracicaba.com.br\/?p=9862","og_locale":"pt_BR","og_type":"article","og_title":"Fenaban leva banc\u00e1rios \u00e0 greve a partir do dia 6 de setembro - Sindban","og_description":"Pressionada pelo Comando Nacional dos Banc\u00e1rios, a Federa\u00e7\u00e3o Nacional dos Bancos (Fenaban) apresentou nesta ter\u00e7a-feira (30), em S\u00e3o Paulo, algumas respostas \u00e0s reivindica\u00e7\u00f5es da categoria, depois da oferta de reajuste de 6,5% nos sal\u00e1rios, que n\u00e3o cobre nem a infla\u00e7\u00e3o, e abono de R$ 3 mil, propostos na segunda-feira (29). N\u00e3o houve avan\u00e7os e a &hellip; Fenaban leva banc\u00e1rios \u00e0 greve a partir do dia 6 de setembro Leia mais &raquo;","og_url":"https:\/\/bancariosdepiracicaba.com.br\/?p=9862","og_site_name":"Sindban","article_published_time":"2021-07-23T21:32:26+00:00","article_modified_time":"2021-08-12T00:56:14+00:00","twitter_card":"summary_large_image","twitter_misc":{"Escrito por":"admin","Est. tempo de leitura":"5 minutos"},"schema":{"@context":"https:\/\/schema.org","@graph":[{"@type":"Organization","@id":"https:\/\/bancariosdepiracicaba.com.br\/#organization","name":"Sindban","url":"https:\/\/bancariosdepiracicaba.com.br\/","sameAs":[],"logo":{"@type":"ImageObject","@id":"https:\/\/bancariosdepiracicaba.com.br\/#logo","inLanguage":"pt-BR","url":"https:\/\/site.bancariosdepiracicaba.com.br\/wp-content\/uploads\/2021\/04\/cropped-Asset-2.png","contentUrl":"https:\/\/site.bancariosdepiracicaba.com.br\/wp-content\/uploads\/2021\/04\/cropped-Asset-2.png","width":512,"height":512,"caption":"Sindban"},"image":{"@id":"https:\/\/bancariosdepiracicaba.com.br\/#logo"}},{"@type":"WebSite","@id":"https:\/\/bancariosdepiracicaba.com.br\/#website","url":"https:\/\/bancariosdepiracicaba.com.br\/","name":"Sindban","description":"Desenvolvimento","publisher":{"@id":"https:\/\/bancariosdepiracicaba.com.br\/#organization"},"potentialAction":[{"@type":"SearchAction","target":{"@type":"EntryPoint","urlTemplate":"https:\/\/bancariosdepiracicaba.com.br\/?s={search_term_string}"},"query-input":"required name=search_term_string"}],"inLanguage":"pt-BR"},{"@type":"WebPage","@id":"https:\/\/bancariosdepiracicaba.com.br\/?p=9862#webpage","url":"https:\/\/bancariosdepiracicaba.com.br\/?p=9862","name":"Fenaban leva banc\u00e1rios \u00e0 greve a partir do dia 6 de setembro - Sindban","isPartOf":{"@id":"https:\/\/bancariosdepiracicaba.com.br\/#website"},"datePublished":"2021-07-23T21:32:26+00:00","dateModified":"2021-08-12T00:56:14+00:00","breadcrumb":{"@id":"https:\/\/bancariosdepiracicaba.com.br\/?p=9862#breadcrumb"},"inLanguage":"pt-BR","potentialAction":[{"@type":"ReadAction","target":["https:\/\/bancariosdepiracicaba.com.br\/?p=9862"]}]},{"@type":"BreadcrumbList","@id":"https:\/\/bancariosdepiracicaba.com.br\/?p=9862#breadcrumb","itemListElement":[{"@type":"ListItem","position":1,"name":"Home","item":"https:\/\/bancariosdepiracicaba.com.br\/"},{"@type":"ListItem","position":2,"name":"Fenaban leva banc\u00e1rios \u00e0 greve a partir do dia 6 de setembro"}]},{"@type":"Article","@id":"https:\/\/bancariosdepiracicaba.com.br\/?p=9862#article","isPartOf":{"@id":"https:\/\/bancariosdepiracicaba.com.br\/?p=9862#webpage"},"author":{"@id":"https:\/\/bancariosdepiracicaba.com.br\/#\/schema\/person\/6a12c780fc145ea2c9af09989ee600b0"},"headline":"Fenaban leva banc\u00e1rios \u00e0 greve a partir do dia 6 de setembro","datePublished":"2021-07-23T21:32:26+00:00","dateModified":"2021-08-12T00:56:14+00:00","mainEntityOfPage":{"@id":"https:\/\/bancariosdepiracicaba.com.br\/?p=9862#webpage"},"wordCount":999,"commentCount":0,"publisher":{"@id":"https:\/\/bancariosdepiracicaba.com.br\/#organization"},"articleSection":["Mulher","Uncategorized"],"inLanguage":"pt-BR","potentialAction":[{"@type":"CommentAction","name":"Comment","target":["https:\/\/bancariosdepiracicaba.com.br\/?p=9862#respond"]}]},{"@type":"Person","@id":"https:\/\/bancariosdepiracicaba.com.br\/#\/schema\/person\/6a12c780fc145ea2c9af09989ee600b0","name":"admin","image":{"@type":"ImageObject","@id":"https:\/\/bancariosdepiracicaba.com.br\/#personlogo","inLanguage":"pt-BR","url":"https:\/\/secure.gravatar.com\/avatar\/3a05e74c6579e68209676cb5cb64e0918f288da7a49210fa18d6e9cac1189840?s=96&d=mm&r=g","contentUrl":"https:\/\/secure.gravatar.com\/avatar\/3a05e74c6579e68209676cb5cb64e0918f288da7a49210fa18d6e9cac1189840?s=96&d=mm&r=g","caption":"admin"},"sameAs":["https:\/\/site.bancariosdepiracicaba.com.br"],"url":"https:\/\/bancariosdepiracicaba.com.br\/?author=1"}]}},"_links":{"self":[{"href":"https:\/\/bancariosdepiracicaba.com.br\/index.php?rest_route=\/wp\/v2\/posts\/9862","targetHints":{"allow":["GET"]}}],"collection":[{"href":"https:\/\/bancariosdepiracicaba.com.br\/index.php?rest_route=\/wp\/v2\/posts"}],"about":[{"href":"https:\/\/bancariosdepiracicaba.com.br\/index.php?rest_route=\/wp\/v2\/types\/post"}],"author":[{"embeddable":true,"href":"https:\/\/bancariosdepiracicaba.com.br\/index.php?rest_route=\/wp\/v2\/users\/1"}],"replies":[{"embeddable":true,"href":"https:\/\/bancariosdepiracicaba.com.br\/index.php?rest_route=%2Fwp%2Fv2%2Fcomments&post=9862"}],"version-history":[{"count":1,"href":"https:\/\/bancariosdepiracicaba.com.br\/index.php?rest_route=\/wp\/v2\/posts\/9862\/revisions"}],"predecessor-version":[{"id":14162,"href":"https:\/\/bancariosdepiracicaba.com.br\/index.php?rest_route=\/wp\/v2\/posts\/9862\/revisions\/14162"}],"wp:attachment":[{"href":"https:\/\/bancariosdepiracicaba.com.br\/index.php?rest_route=%2Fwp%2Fv2%2Fmedia&parent=9862"}],"wp:term":[{"taxonomy":"category","embeddable":true,"href":"https:\/\/bancariosdepiracicaba.com.br\/index.php?rest_route=%2Fwp%2Fv2%2Fcategories&post=9862"},{"taxonomy":"post_tag","embeddable":true,"href":"https:\/\/bancariosdepiracicaba.com.br\/index.php?rest_route=%2Fwp%2Fv2%2Ftags&post=9862"}],"curies":[{"name":"wp","href":"https:\/\/api.w.org\/{rel}","templated":true}]}}