{"id":9225,"date":"2021-07-23T21:19:02","date_gmt":"2021-07-23T21:19:02","guid":{"rendered":"https:\/\/site.bancariosdepiracicaba.com.br\/2021\/07\/23\/bancos-admitem-aumento-de-doencas-entre-os-trabalhadores\/"},"modified":"2021-07-23T21:19:02","modified_gmt":"2021-07-23T21:19:02","slug":"bancos-admitem-aumento-de-doencas-entre-os-trabalhadores","status":"publish","type":"post","link":"https:\/\/bancariosdepiracicaba.com.br\/?p=9225","title":{"rendered":"Bancos admitem aumento de doen\u00e7as entre os trabalhadores"},"content":{"rendered":"<p>O adoecimento da categoria foi o destaque da rodada extra de negocia\u00e7\u00e3o da Campanha Nacional 2015, realizada na tarde desta ter\u00e7a-feira (15), em S\u00e3o Paulo, entre o Comando Nacional dos Banc\u00e1rios, coordenado pela Contraf-CUT, e a Fenaban. A reuni\u00e3o foi marcada, por reivindica\u00e7\u00e3o dos representantes dos trabalhadores, para continuar o debater sobre causas dos adoecimentos dos banc\u00e1rios, ass\u00e9dio moral, fim das metas abusivas e programa de retorno ao trabalho.<\/p>\n<p>Os bancos admitiram o aumento de doen\u00e7as entre os trabalhadores, baseados nos n\u00fameros fornecidos por eles no Grupo de Trabalho (GT) bipartite de causas do adoecimento. Nunca antes na hist\u00f3ria deste Comando ouvimos todos os bancos admitirem que existem estes problemas nos locais de trabalho e que precisamos resolver juntos&#8221;, destacou Roberto von der Osten, presidente da Contraf-CUT e um dos coordenadores do Comando Nacional.<\/p>\n<p>O Comando Nacional reivindica a defini\u00e7\u00e3o de uma pol \u00edtica de preven\u00e7\u00e3o de adoecimentos conjunta, com diretrizes e princ \u00edpios que ser\u00e3o especificadas banco a banco posteriormente. Al\u00e9m do acompanhamento das comiss\u00f5es de trabalhadores em todos os bancos.<\/p>\n<p>Juvandia Moreira, vice-presidenta da Contraf-CUT e uma das coordenadoras do Comando Nacional, lembrou que essa \u00e9 uma conquista dos GT. &#8220;H\u00e1 anos usamos esses espa\u00e7os para mostrar a gravidade do assunto. Esperamos, at\u00e9 o final da campanha, sair com uma clausula que proporcione a solu\u00e7\u00e3o&#8221;, disse.<\/p>\n<p>Walcir Previtale, secret\u00e1rio de Sa\u00fade da Contraf-CUT, tamb\u00e9m analisou positivamente a negocia\u00e7\u00e3o. &#8220;Acho que abre uma grande oportunidade para o Comando Nacional dos Banc\u00e1rios poderem atuar contra o ass\u00e9dio moral&#8221;, completou.<\/p>\n<p>Nesta quarta-feira (16), as partes voltam a se reunir para debater remunera\u00e7\u00e3o.<\/p>\n","protected":false},"excerpt":{"rendered":"<p>O adoecimento da categoria foi o destaque da rodada extra de negocia\u00e7\u00e3o da Campanha Nacional 2015, realizada na tarde desta ter\u00e7a-feira (15), em S\u00e3o Paulo, entre o Comando Nacional dos Banc\u00e1rios, coordenado pela Contraf-CUT, e a Fenaban. A reuni\u00e3o foi marcada, por reivindica\u00e7\u00e3o dos representantes dos trabalhadores, para continuar o debater sobre causas dos adoecimentos &hellip;<\/p>\n<p class=\"read-more\"> <a class=\"\" href=\"https:\/\/bancariosdepiracicaba.com.br\/?p=9225\"> <span class=\"screen-reader-text\">Bancos admitem aumento de doen\u00e7as entre os trabalhadores<\/span> Leia mais &raquo;<\/a><\/p>\n","protected":false},"author":1,"featured_media":0,"comment_status":"open","ping_status":"open","sticky":false,"template":"","format":"standard","meta":{"site-sidebar-layout":"default","site-content-layout":"default","ast-main-header-display":"","ast-hfb-above-header-display":"","ast-hfb-below-header-display":"","ast-hfb-mobile-header-display":"","site-post-title":"","ast-breadcrumbs-content":"","ast-featured-img":"","footer-sml-layout":"","theme-transparent-header-meta":"","adv-header-id-meta":"","stick-header-meta":"","header-above-stick-meta":"","header-main-stick-meta":"","header-below-stick-meta":"","footnotes":""},"categories":[1],"tags":[],"class_list":["post-9225","post","type-post","status-publish","format-standard","hentry","category-uncategorized"],"yoast_head":"<!-- This site is optimized with the Yoast SEO Premium plugin v16.1 (Yoast SEO v18.0) - https:\/\/yoast.com\/wordpress\/plugins\/seo\/ -->\n<title>Bancos admitem aumento de doen\u00e7as entre os trabalhadores - Sindban<\/title>\n<meta name=\"robots\" content=\"index, follow, max-snippet:-1, max-image-preview:large, max-video-preview:-1\" \/>\n<link rel=\"canonical\" href=\"https:\/\/bancariosdepiracicaba.com.br\/?p=9225\" \/>\n<meta property=\"og:locale\" content=\"pt_BR\" \/>\n<meta property=\"og:type\" content=\"article\" \/>\n<meta property=\"og:title\" content=\"Bancos admitem aumento de doen\u00e7as entre os trabalhadores - Sindban\" \/>\n<meta property=\"og:description\" content=\"O adoecimento da categoria foi o destaque da rodada extra de negocia\u00e7\u00e3o da Campanha Nacional 2015, realizada na tarde desta ter\u00e7a-feira (15), em S\u00e3o Paulo, entre o Comando Nacional dos Banc\u00e1rios, coordenado pela Contraf-CUT, e a Fenaban. A reuni\u00e3o foi marcada, por reivindica\u00e7\u00e3o dos representantes dos trabalhadores, para continuar o debater sobre causas dos adoecimentos &hellip; Bancos admitem aumento de doen\u00e7as entre os trabalhadores Leia mais &raquo;\" \/>\n<meta property=\"og:url\" content=\"https:\/\/bancariosdepiracicaba.com.br\/?p=9225\" \/>\n<meta property=\"og:site_name\" content=\"Sindban\" \/>\n<meta property=\"article:published_time\" content=\"2021-07-23T21:19:02+00:00\" \/>\n<meta name=\"twitter:card\" content=\"summary_large_image\" \/>\n<meta name=\"twitter:label1\" content=\"Escrito por\" \/>\n\t<meta name=\"twitter:data1\" content=\"admin\" \/>\n\t<meta name=\"twitter:label2\" content=\"Est. tempo de leitura\" \/>\n\t<meta name=\"twitter:data2\" content=\"1 minuto\" \/>\n<script type=\"application\/ld+json\" class=\"yoast-schema-graph\">{\"@context\":\"https:\/\/schema.org\",\"@graph\":[{\"@type\":\"Organization\",\"@id\":\"https:\/\/bancariosdepiracicaba.com.br\/#organization\",\"name\":\"Sindban\",\"url\":\"https:\/\/bancariosdepiracicaba.com.br\/\",\"sameAs\":[],\"logo\":{\"@type\":\"ImageObject\",\"@id\":\"https:\/\/bancariosdepiracicaba.com.br\/#logo\",\"inLanguage\":\"pt-BR\",\"url\":\"https:\/\/site.bancariosdepiracicaba.com.br\/wp-content\/uploads\/2021\/04\/cropped-Asset-2.png\",\"contentUrl\":\"https:\/\/site.bancariosdepiracicaba.com.br\/wp-content\/uploads\/2021\/04\/cropped-Asset-2.png\",\"width\":512,\"height\":512,\"caption\":\"Sindban\"},\"image\":{\"@id\":\"https:\/\/bancariosdepiracicaba.com.br\/#logo\"}},{\"@type\":\"WebSite\",\"@id\":\"https:\/\/bancariosdepiracicaba.com.br\/#website\",\"url\":\"https:\/\/bancariosdepiracicaba.com.br\/\",\"name\":\"Sindban\",\"description\":\"Desenvolvimento\",\"publisher\":{\"@id\":\"https:\/\/bancariosdepiracicaba.com.br\/#organization\"},\"potentialAction\":[{\"@type\":\"SearchAction\",\"target\":{\"@type\":\"EntryPoint\",\"urlTemplate\":\"https:\/\/bancariosdepiracicaba.com.br\/?s={search_term_string}\"},\"query-input\":\"required name=search_term_string\"}],\"inLanguage\":\"pt-BR\"},{\"@type\":\"WebPage\",\"@id\":\"https:\/\/bancariosdepiracicaba.com.br\/?p=9225#webpage\",\"url\":\"https:\/\/bancariosdepiracicaba.com.br\/?p=9225\",\"name\":\"Bancos admitem aumento de doen\u00e7as entre os trabalhadores - Sindban\",\"isPartOf\":{\"@id\":\"https:\/\/bancariosdepiracicaba.com.br\/#website\"},\"datePublished\":\"2021-07-23T21:19:02+00:00\",\"dateModified\":\"2021-07-23T21:19:02+00:00\",\"breadcrumb\":{\"@id\":\"https:\/\/bancariosdepiracicaba.com.br\/?p=9225#breadcrumb\"},\"inLanguage\":\"pt-BR\",\"potentialAction\":[{\"@type\":\"ReadAction\",\"target\":[\"https:\/\/bancariosdepiracicaba.com.br\/?p=9225\"]}]},{\"@type\":\"BreadcrumbList\",\"@id\":\"https:\/\/bancariosdepiracicaba.com.br\/?p=9225#breadcrumb\",\"itemListElement\":[{\"@type\":\"ListItem\",\"position\":1,\"name\":\"Home\",\"item\":\"https:\/\/bancariosdepiracicaba.com.br\/\"},{\"@type\":\"ListItem\",\"position\":2,\"name\":\"Bancos admitem aumento de doen\u00e7as entre os trabalhadores\"}]},{\"@type\":\"Article\",\"@id\":\"https:\/\/bancariosdepiracicaba.com.br\/?p=9225#article\",\"isPartOf\":{\"@id\":\"https:\/\/bancariosdepiracicaba.com.br\/?p=9225#webpage\"},\"author\":{\"@id\":\"https:\/\/bancariosdepiracicaba.com.br\/#\/schema\/person\/6a12c780fc145ea2c9af09989ee600b0\"},\"headline\":\"Bancos admitem aumento de doen\u00e7as entre os trabalhadores\",\"datePublished\":\"2021-07-23T21:19:02+00:00\",\"dateModified\":\"2021-07-23T21:19:02+00:00\",\"mainEntityOfPage\":{\"@id\":\"https:\/\/bancariosdepiracicaba.com.br\/?p=9225#webpage\"},\"wordCount\":291,\"commentCount\":0,\"publisher\":{\"@id\":\"https:\/\/bancariosdepiracicaba.com.br\/#organization\"},\"articleSection\":[\"Uncategorized\"],\"inLanguage\":\"pt-BR\",\"potentialAction\":[{\"@type\":\"CommentAction\",\"name\":\"Comment\",\"target\":[\"https:\/\/bancariosdepiracicaba.com.br\/?p=9225#respond\"]}]},{\"@type\":\"Person\",\"@id\":\"https:\/\/bancariosdepiracicaba.com.br\/#\/schema\/person\/6a12c780fc145ea2c9af09989ee600b0\",\"name\":\"admin\",\"image\":{\"@type\":\"ImageObject\",\"@id\":\"https:\/\/bancariosdepiracicaba.com.br\/#personlogo\",\"inLanguage\":\"pt-BR\",\"url\":\"https:\/\/secure.gravatar.com\/avatar\/3a05e74c6579e68209676cb5cb64e0918f288da7a49210fa18d6e9cac1189840?s=96&d=mm&r=g\",\"contentUrl\":\"https:\/\/secure.gravatar.com\/avatar\/3a05e74c6579e68209676cb5cb64e0918f288da7a49210fa18d6e9cac1189840?s=96&d=mm&r=g\",\"caption\":\"admin\"},\"sameAs\":[\"https:\/\/site.bancariosdepiracicaba.com.br\"],\"url\":\"https:\/\/bancariosdepiracicaba.com.br\/?author=1\"}]}<\/script>\n<!-- \/ Yoast SEO Premium plugin. -->","yoast_head_json":{"title":"Bancos admitem aumento de doen\u00e7as entre os trabalhadores - Sindban","robots":{"index":"index","follow":"follow","max-snippet":"max-snippet:-1","max-image-preview":"max-image-preview:large","max-video-preview":"max-video-preview:-1"},"canonical":"https:\/\/bancariosdepiracicaba.com.br\/?p=9225","og_locale":"pt_BR","og_type":"article","og_title":"Bancos admitem aumento de doen\u00e7as entre os trabalhadores - Sindban","og_description":"O adoecimento da categoria foi o destaque da rodada extra de negocia\u00e7\u00e3o da Campanha Nacional 2015, realizada na tarde desta ter\u00e7a-feira (15), em S\u00e3o Paulo, entre o Comando Nacional dos Banc\u00e1rios, coordenado pela Contraf-CUT, e a Fenaban. A reuni\u00e3o foi marcada, por reivindica\u00e7\u00e3o dos representantes dos trabalhadores, para continuar o debater sobre causas dos adoecimentos &hellip; Bancos admitem aumento de doen\u00e7as entre os trabalhadores Leia mais &raquo;","og_url":"https:\/\/bancariosdepiracicaba.com.br\/?p=9225","og_site_name":"Sindban","article_published_time":"2021-07-23T21:19:02+00:00","twitter_card":"summary_large_image","twitter_misc":{"Escrito por":"admin","Est. tempo de leitura":"1 minuto"},"schema":{"@context":"https:\/\/schema.org","@graph":[{"@type":"Organization","@id":"https:\/\/bancariosdepiracicaba.com.br\/#organization","name":"Sindban","url":"https:\/\/bancariosdepiracicaba.com.br\/","sameAs":[],"logo":{"@type":"ImageObject","@id":"https:\/\/bancariosdepiracicaba.com.br\/#logo","inLanguage":"pt-BR","url":"https:\/\/site.bancariosdepiracicaba.com.br\/wp-content\/uploads\/2021\/04\/cropped-Asset-2.png","contentUrl":"https:\/\/site.bancariosdepiracicaba.com.br\/wp-content\/uploads\/2021\/04\/cropped-Asset-2.png","width":512,"height":512,"caption":"Sindban"},"image":{"@id":"https:\/\/bancariosdepiracicaba.com.br\/#logo"}},{"@type":"WebSite","@id":"https:\/\/bancariosdepiracicaba.com.br\/#website","url":"https:\/\/bancariosdepiracicaba.com.br\/","name":"Sindban","description":"Desenvolvimento","publisher":{"@id":"https:\/\/bancariosdepiracicaba.com.br\/#organization"},"potentialAction":[{"@type":"SearchAction","target":{"@type":"EntryPoint","urlTemplate":"https:\/\/bancariosdepiracicaba.com.br\/?s={search_term_string}"},"query-input":"required name=search_term_string"}],"inLanguage":"pt-BR"},{"@type":"WebPage","@id":"https:\/\/bancariosdepiracicaba.com.br\/?p=9225#webpage","url":"https:\/\/bancariosdepiracicaba.com.br\/?p=9225","name":"Bancos admitem aumento de doen\u00e7as entre os trabalhadores - Sindban","isPartOf":{"@id":"https:\/\/bancariosdepiracicaba.com.br\/#website"},"datePublished":"2021-07-23T21:19:02+00:00","dateModified":"2021-07-23T21:19:02+00:00","breadcrumb":{"@id":"https:\/\/bancariosdepiracicaba.com.br\/?p=9225#breadcrumb"},"inLanguage":"pt-BR","potentialAction":[{"@type":"ReadAction","target":["https:\/\/bancariosdepiracicaba.com.br\/?p=9225"]}]},{"@type":"BreadcrumbList","@id":"https:\/\/bancariosdepiracicaba.com.br\/?p=9225#breadcrumb","itemListElement":[{"@type":"ListItem","position":1,"name":"Home","item":"https:\/\/bancariosdepiracicaba.com.br\/"},{"@type":"ListItem","position":2,"name":"Bancos admitem aumento de doen\u00e7as entre os trabalhadores"}]},{"@type":"Article","@id":"https:\/\/bancariosdepiracicaba.com.br\/?p=9225#article","isPartOf":{"@id":"https:\/\/bancariosdepiracicaba.com.br\/?p=9225#webpage"},"author":{"@id":"https:\/\/bancariosdepiracicaba.com.br\/#\/schema\/person\/6a12c780fc145ea2c9af09989ee600b0"},"headline":"Bancos admitem aumento de doen\u00e7as entre os trabalhadores","datePublished":"2021-07-23T21:19:02+00:00","dateModified":"2021-07-23T21:19:02+00:00","mainEntityOfPage":{"@id":"https:\/\/bancariosdepiracicaba.com.br\/?p=9225#webpage"},"wordCount":291,"commentCount":0,"publisher":{"@id":"https:\/\/bancariosdepiracicaba.com.br\/#organization"},"articleSection":["Uncategorized"],"inLanguage":"pt-BR","potentialAction":[{"@type":"CommentAction","name":"Comment","target":["https:\/\/bancariosdepiracicaba.com.br\/?p=9225#respond"]}]},{"@type":"Person","@id":"https:\/\/bancariosdepiracicaba.com.br\/#\/schema\/person\/6a12c780fc145ea2c9af09989ee600b0","name":"admin","image":{"@type":"ImageObject","@id":"https:\/\/bancariosdepiracicaba.com.br\/#personlogo","inLanguage":"pt-BR","url":"https:\/\/secure.gravatar.com\/avatar\/3a05e74c6579e68209676cb5cb64e0918f288da7a49210fa18d6e9cac1189840?s=96&d=mm&r=g","contentUrl":"https:\/\/secure.gravatar.com\/avatar\/3a05e74c6579e68209676cb5cb64e0918f288da7a49210fa18d6e9cac1189840?s=96&d=mm&r=g","caption":"admin"},"sameAs":["https:\/\/site.bancariosdepiracicaba.com.br"],"url":"https:\/\/bancariosdepiracicaba.com.br\/?author=1"}]}},"_links":{"self":[{"href":"https:\/\/bancariosdepiracicaba.com.br\/index.php?rest_route=\/wp\/v2\/posts\/9225","targetHints":{"allow":["GET"]}}],"collection":[{"href":"https:\/\/bancariosdepiracicaba.com.br\/index.php?rest_route=\/wp\/v2\/posts"}],"about":[{"href":"https:\/\/bancariosdepiracicaba.com.br\/index.php?rest_route=\/wp\/v2\/types\/post"}],"author":[{"embeddable":true,"href":"https:\/\/bancariosdepiracicaba.com.br\/index.php?rest_route=\/wp\/v2\/users\/1"}],"replies":[{"embeddable":true,"href":"https:\/\/bancariosdepiracicaba.com.br\/index.php?rest_route=%2Fwp%2Fv2%2Fcomments&post=9225"}],"version-history":[{"count":0,"href":"https:\/\/bancariosdepiracicaba.com.br\/index.php?rest_route=\/wp\/v2\/posts\/9225\/revisions"}],"wp:attachment":[{"href":"https:\/\/bancariosdepiracicaba.com.br\/index.php?rest_route=%2Fwp%2Fv2%2Fmedia&parent=9225"}],"wp:term":[{"taxonomy":"category","embeddable":true,"href":"https:\/\/bancariosdepiracicaba.com.br\/index.php?rest_route=%2Fwp%2Fv2%2Fcategories&post=9225"},{"taxonomy":"post_tag","embeddable":true,"href":"https:\/\/bancariosdepiracicaba.com.br\/index.php?rest_route=%2Fwp%2Fv2%2Ftags&post=9225"}],"curies":[{"name":"wp","href":"https:\/\/api.w.org\/{rel}","templated":true}]}}