{"id":9216,"date":"2021-07-23T21:18:52","date_gmt":"2021-07-23T21:18:52","guid":{"rendered":"https:\/\/site.bancariosdepiracicaba.com.br\/2021\/07\/23\/sindban-fala-sobre-a-campanha-salarial-na-camara-de-piracicaba\/"},"modified":"2021-08-11T21:42:23","modified_gmt":"2021-08-12T00:42:23","slug":"sindban-fala-sobre-a-campanha-salarial-na-camara-de-piracicaba","status":"publish","type":"post","link":"https:\/\/bancariosdepiracicaba.com.br\/?p=9216","title":{"rendered":"SindBan fala sobre a Campanha Salarial na C\u00e2mara de Piracicaba"},"content":{"rendered":"<p>Na quinta-feira, 10, o vice-presidente do SindBan, Marcelo Abrah\u00e3o, utilizou a tribuna popular, durante Sess\u00e3o da C\u00e2mara de Vereadores de Piracicaba, para representar a categoria banc\u00e1ria, que sofre press\u00e3o diariamente para cumprir metas excessivas, e que est\u00e1 em Campanha Nacional desde o dia 19 de agosto, por melhores condi\u00e7\u00f5es de trabalho, sa\u00fade, seguran\u00e7a, garantia de emprego, igualdade de oportunidades e contra as terceiriza\u00e7\u00f5es. <\/p>\n<p>Os bancos brasileiros continuam com resultados financeiros positivos mesmo em meio a desacelera\u00e7\u00e3o econ\u00f4mica, a queda e retra\u00e7\u00e3o do cr\u00e9dito. Por\u00e9m mesmo com lucros s\u00f3 no per \u00edodo de janeiro a julho de 2015, 5.864 postos de trabalho foram fechados em institui\u00e7\u00f5es banc\u00e1rias nacionais. O PAI de Piracicaba registrou 22 homologa\u00e7\u00f5es entre 16 de julho a 20 de agosto.  <\/p>\n<p>Como banc\u00e1rio do Ita\u00fa, Marcelo divulgou n\u00fameros que mostram claramente a explora\u00e7\u00e3o do sistema financeiro e seu \u00fanico objetivo: O LUCRO. <\/p>\n<p>Um exemplo foi a queda da inadimpl\u00eancia, acima de 90 dias, que de junho de 2012 a mar\u00e7o de 2015, a inadimpl\u00eancia de pessoas f \u00edsicas diminuiu 2,8%. J\u00e1 de pessoas jur \u00eddicas, 1,7%. No caso de funcion\u00e1rios o Ita\u00fa\/Unibanco diminuiu o n\u00famero de empregados, nesse mesmo per \u00edodo foram 10521 demiss\u00f5es, enquanto aumentou o n\u00famero de suas ag\u00eancias.<\/p>\n<p>Marcelo refor\u00e7ou import\u00e2ncia da n\u00e3oa prova\u00e7\u00e3o da  \u201c;PL da Terceiriza\u00e7\u00e3o \u201c;, projeto de lei da c\u00e2mara que prev\u00ea a regulamenta\u00e7\u00e3o da terceiriza\u00e7\u00e3o no pa \u00eds, e permite que as empresas terceirizem at\u00e9 mesmo sua atividade-fim, aquela que caracteriza o objetivo principal da empresa, o que originaria precariza\u00e7\u00e3o do emprego. O diretor tratou ainda da pauta que tramita no Congresso e pro \u00edbe a demiss\u00e3o involunt\u00e1ria um benef \u00edcio ao trabalhador.<\/p>\n<p>A categoria dos banc\u00e1rios vive o momento da Campanha Salarial que se iniciou em Agosto.  \u201c;Nossas greves podem ser vistas de forma negativa, mas elas s\u00e3o fundamentais para realizar mudan\u00e7as nas rela\u00e7\u00f5es de trabalho e na sociedade. Precisamos do apoio de todos para que a gan\u00e2ncia, o ass\u00e9dio, a discrimina\u00e7\u00e3o, a ostenta\u00e7\u00e3o, a mentira, a irresponsabilidade e a terceiriza\u00e7\u00e3o, os sete pecados capitais do sistema financeiro, pontuados em nossa campanha desse ano, sejam vencidos.  \u201c; explicou Marcelo.<\/p>\n","protected":false},"excerpt":{"rendered":"<p>Na quinta-feira, 10, o vice-presidente do SindBan, Marcelo Abrah\u00e3o, utilizou a tribuna popular, durante Sess\u00e3o da C\u00e2mara de Vereadores de Piracicaba, para representar a categoria banc\u00e1ria, que sofre press\u00e3o diariamente para cumprir metas excessivas, e que est\u00e1 em Campanha Nacional desde o dia 19 de agosto, por melhores condi\u00e7\u00f5es de trabalho, sa\u00fade, seguran\u00e7a, garantia de &hellip;<\/p>\n<p class=\"read-more\"> <a class=\"\" href=\"https:\/\/bancariosdepiracicaba.com.br\/?p=9216\"> <span class=\"screen-reader-text\">SindBan fala sobre a Campanha Salarial na C\u00e2mara de Piracicaba<\/span> Leia mais &raquo;<\/a><\/p>\n","protected":false},"author":1,"featured_media":0,"comment_status":"open","ping_status":"open","sticky":false,"template":"","format":"standard","meta":{"site-sidebar-layout":"default","site-content-layout":"default","ast-main-header-display":"","ast-hfb-above-header-display":"","ast-hfb-below-header-display":"","ast-hfb-mobile-header-display":"","site-post-title":"","ast-breadcrumbs-content":"","ast-featured-img":"","footer-sml-layout":"","theme-transparent-header-meta":"","adv-header-id-meta":"","stick-header-meta":"","header-above-stick-meta":"","header-main-stick-meta":"","header-below-stick-meta":"","footnotes":""},"categories":[52,1],"tags":[],"class_list":["post-9216","post","type-post","status-publish","format-standard","hentry","category-campanha-salarial","category-uncategorized"],"yoast_head":"<!-- This site is optimized with the Yoast SEO Premium plugin v16.1 (Yoast SEO v18.0) - https:\/\/yoast.com\/wordpress\/plugins\/seo\/ -->\n<title>SindBan fala sobre a Campanha Salarial na C\u00e2mara de Piracicaba - Sindban<\/title>\n<meta name=\"robots\" content=\"index, follow, max-snippet:-1, max-image-preview:large, max-video-preview:-1\" \/>\n<link rel=\"canonical\" href=\"https:\/\/bancariosdepiracicaba.com.br\/?p=9216\" \/>\n<meta property=\"og:locale\" content=\"pt_BR\" \/>\n<meta property=\"og:type\" content=\"article\" \/>\n<meta property=\"og:title\" content=\"SindBan fala sobre a Campanha Salarial na C\u00e2mara de Piracicaba - Sindban\" \/>\n<meta property=\"og:description\" content=\"Na quinta-feira, 10, o vice-presidente do SindBan, Marcelo Abrah\u00e3o, utilizou a tribuna popular, durante Sess\u00e3o da C\u00e2mara de Vereadores de Piracicaba, para representar a categoria banc\u00e1ria, que sofre press\u00e3o diariamente para cumprir metas excessivas, e que est\u00e1 em Campanha Nacional desde o dia 19 de agosto, por melhores condi\u00e7\u00f5es de trabalho, sa\u00fade, seguran\u00e7a, garantia de &hellip; SindBan fala sobre a Campanha Salarial na C\u00e2mara de Piracicaba Leia mais &raquo;\" \/>\n<meta property=\"og:url\" content=\"https:\/\/bancariosdepiracicaba.com.br\/?p=9216\" \/>\n<meta property=\"og:site_name\" content=\"Sindban\" \/>\n<meta property=\"article:published_time\" content=\"2021-07-23T21:18:52+00:00\" \/>\n<meta property=\"article:modified_time\" content=\"2021-08-12T00:42:23+00:00\" \/>\n<meta name=\"twitter:card\" content=\"summary_large_image\" \/>\n<meta name=\"twitter:label1\" content=\"Escrito por\" \/>\n\t<meta name=\"twitter:data1\" content=\"admin\" \/>\n\t<meta name=\"twitter:label2\" content=\"Est. tempo de leitura\" \/>\n\t<meta name=\"twitter:data2\" content=\"2 minutos\" \/>\n<script type=\"application\/ld+json\" class=\"yoast-schema-graph\">{\"@context\":\"https:\/\/schema.org\",\"@graph\":[{\"@type\":\"Organization\",\"@id\":\"https:\/\/bancariosdepiracicaba.com.br\/#organization\",\"name\":\"Sindban\",\"url\":\"https:\/\/bancariosdepiracicaba.com.br\/\",\"sameAs\":[],\"logo\":{\"@type\":\"ImageObject\",\"@id\":\"https:\/\/bancariosdepiracicaba.com.br\/#logo\",\"inLanguage\":\"pt-BR\",\"url\":\"https:\/\/site.bancariosdepiracicaba.com.br\/wp-content\/uploads\/2021\/04\/cropped-Asset-2.png\",\"contentUrl\":\"https:\/\/site.bancariosdepiracicaba.com.br\/wp-content\/uploads\/2021\/04\/cropped-Asset-2.png\",\"width\":512,\"height\":512,\"caption\":\"Sindban\"},\"image\":{\"@id\":\"https:\/\/bancariosdepiracicaba.com.br\/#logo\"}},{\"@type\":\"WebSite\",\"@id\":\"https:\/\/bancariosdepiracicaba.com.br\/#website\",\"url\":\"https:\/\/bancariosdepiracicaba.com.br\/\",\"name\":\"Sindban\",\"description\":\"Desenvolvimento\",\"publisher\":{\"@id\":\"https:\/\/bancariosdepiracicaba.com.br\/#organization\"},\"potentialAction\":[{\"@type\":\"SearchAction\",\"target\":{\"@type\":\"EntryPoint\",\"urlTemplate\":\"https:\/\/bancariosdepiracicaba.com.br\/?s={search_term_string}\"},\"query-input\":\"required name=search_term_string\"}],\"inLanguage\":\"pt-BR\"},{\"@type\":\"WebPage\",\"@id\":\"https:\/\/bancariosdepiracicaba.com.br\/?p=9216#webpage\",\"url\":\"https:\/\/bancariosdepiracicaba.com.br\/?p=9216\",\"name\":\"SindBan fala sobre a Campanha Salarial na C\u00e2mara de Piracicaba - Sindban\",\"isPartOf\":{\"@id\":\"https:\/\/bancariosdepiracicaba.com.br\/#website\"},\"datePublished\":\"2021-07-23T21:18:52+00:00\",\"dateModified\":\"2021-08-12T00:42:23+00:00\",\"breadcrumb\":{\"@id\":\"https:\/\/bancariosdepiracicaba.com.br\/?p=9216#breadcrumb\"},\"inLanguage\":\"pt-BR\",\"potentialAction\":[{\"@type\":\"ReadAction\",\"target\":[\"https:\/\/bancariosdepiracicaba.com.br\/?p=9216\"]}]},{\"@type\":\"BreadcrumbList\",\"@id\":\"https:\/\/bancariosdepiracicaba.com.br\/?p=9216#breadcrumb\",\"itemListElement\":[{\"@type\":\"ListItem\",\"position\":1,\"name\":\"Home\",\"item\":\"https:\/\/bancariosdepiracicaba.com.br\/\"},{\"@type\":\"ListItem\",\"position\":2,\"name\":\"SindBan fala sobre a Campanha Salarial na C\u00e2mara de Piracicaba\"}]},{\"@type\":\"Article\",\"@id\":\"https:\/\/bancariosdepiracicaba.com.br\/?p=9216#article\",\"isPartOf\":{\"@id\":\"https:\/\/bancariosdepiracicaba.com.br\/?p=9216#webpage\"},\"author\":{\"@id\":\"https:\/\/bancariosdepiracicaba.com.br\/#\/schema\/person\/6a12c780fc145ea2c9af09989ee600b0\"},\"headline\":\"SindBan fala sobre a Campanha Salarial na C\u00e2mara de Piracicaba\",\"datePublished\":\"2021-07-23T21:18:52+00:00\",\"dateModified\":\"2021-08-12T00:42:23+00:00\",\"mainEntityOfPage\":{\"@id\":\"https:\/\/bancariosdepiracicaba.com.br\/?p=9216#webpage\"},\"wordCount\":394,\"commentCount\":0,\"publisher\":{\"@id\":\"https:\/\/bancariosdepiracicaba.com.br\/#organization\"},\"articleSection\":[\"Campanha Salarial\",\"Uncategorized\"],\"inLanguage\":\"pt-BR\",\"potentialAction\":[{\"@type\":\"CommentAction\",\"name\":\"Comment\",\"target\":[\"https:\/\/bancariosdepiracicaba.com.br\/?p=9216#respond\"]}]},{\"@type\":\"Person\",\"@id\":\"https:\/\/bancariosdepiracicaba.com.br\/#\/schema\/person\/6a12c780fc145ea2c9af09989ee600b0\",\"name\":\"admin\",\"image\":{\"@type\":\"ImageObject\",\"@id\":\"https:\/\/bancariosdepiracicaba.com.br\/#personlogo\",\"inLanguage\":\"pt-BR\",\"url\":\"https:\/\/secure.gravatar.com\/avatar\/3a05e74c6579e68209676cb5cb64e0918f288da7a49210fa18d6e9cac1189840?s=96&d=mm&r=g\",\"contentUrl\":\"https:\/\/secure.gravatar.com\/avatar\/3a05e74c6579e68209676cb5cb64e0918f288da7a49210fa18d6e9cac1189840?s=96&d=mm&r=g\",\"caption\":\"admin\"},\"sameAs\":[\"https:\/\/site.bancariosdepiracicaba.com.br\"],\"url\":\"https:\/\/bancariosdepiracicaba.com.br\/?author=1\"}]}<\/script>\n<!-- \/ Yoast SEO Premium plugin. -->","yoast_head_json":{"title":"SindBan fala sobre a Campanha Salarial na C\u00e2mara de Piracicaba - Sindban","robots":{"index":"index","follow":"follow","max-snippet":"max-snippet:-1","max-image-preview":"max-image-preview:large","max-video-preview":"max-video-preview:-1"},"canonical":"https:\/\/bancariosdepiracicaba.com.br\/?p=9216","og_locale":"pt_BR","og_type":"article","og_title":"SindBan fala sobre a Campanha Salarial na C\u00e2mara de Piracicaba - Sindban","og_description":"Na quinta-feira, 10, o vice-presidente do SindBan, Marcelo Abrah\u00e3o, utilizou a tribuna popular, durante Sess\u00e3o da C\u00e2mara de Vereadores de Piracicaba, para representar a categoria banc\u00e1ria, que sofre press\u00e3o diariamente para cumprir metas excessivas, e que est\u00e1 em Campanha Nacional desde o dia 19 de agosto, por melhores condi\u00e7\u00f5es de trabalho, sa\u00fade, seguran\u00e7a, garantia de &hellip; SindBan fala sobre a Campanha Salarial na C\u00e2mara de Piracicaba Leia mais &raquo;","og_url":"https:\/\/bancariosdepiracicaba.com.br\/?p=9216","og_site_name":"Sindban","article_published_time":"2021-07-23T21:18:52+00:00","article_modified_time":"2021-08-12T00:42:23+00:00","twitter_card":"summary_large_image","twitter_misc":{"Escrito por":"admin","Est. tempo de leitura":"2 minutos"},"schema":{"@context":"https:\/\/schema.org","@graph":[{"@type":"Organization","@id":"https:\/\/bancariosdepiracicaba.com.br\/#organization","name":"Sindban","url":"https:\/\/bancariosdepiracicaba.com.br\/","sameAs":[],"logo":{"@type":"ImageObject","@id":"https:\/\/bancariosdepiracicaba.com.br\/#logo","inLanguage":"pt-BR","url":"https:\/\/site.bancariosdepiracicaba.com.br\/wp-content\/uploads\/2021\/04\/cropped-Asset-2.png","contentUrl":"https:\/\/site.bancariosdepiracicaba.com.br\/wp-content\/uploads\/2021\/04\/cropped-Asset-2.png","width":512,"height":512,"caption":"Sindban"},"image":{"@id":"https:\/\/bancariosdepiracicaba.com.br\/#logo"}},{"@type":"WebSite","@id":"https:\/\/bancariosdepiracicaba.com.br\/#website","url":"https:\/\/bancariosdepiracicaba.com.br\/","name":"Sindban","description":"Desenvolvimento","publisher":{"@id":"https:\/\/bancariosdepiracicaba.com.br\/#organization"},"potentialAction":[{"@type":"SearchAction","target":{"@type":"EntryPoint","urlTemplate":"https:\/\/bancariosdepiracicaba.com.br\/?s={search_term_string}"},"query-input":"required name=search_term_string"}],"inLanguage":"pt-BR"},{"@type":"WebPage","@id":"https:\/\/bancariosdepiracicaba.com.br\/?p=9216#webpage","url":"https:\/\/bancariosdepiracicaba.com.br\/?p=9216","name":"SindBan fala sobre a Campanha Salarial na C\u00e2mara de Piracicaba - Sindban","isPartOf":{"@id":"https:\/\/bancariosdepiracicaba.com.br\/#website"},"datePublished":"2021-07-23T21:18:52+00:00","dateModified":"2021-08-12T00:42:23+00:00","breadcrumb":{"@id":"https:\/\/bancariosdepiracicaba.com.br\/?p=9216#breadcrumb"},"inLanguage":"pt-BR","potentialAction":[{"@type":"ReadAction","target":["https:\/\/bancariosdepiracicaba.com.br\/?p=9216"]}]},{"@type":"BreadcrumbList","@id":"https:\/\/bancariosdepiracicaba.com.br\/?p=9216#breadcrumb","itemListElement":[{"@type":"ListItem","position":1,"name":"Home","item":"https:\/\/bancariosdepiracicaba.com.br\/"},{"@type":"ListItem","position":2,"name":"SindBan fala sobre a Campanha Salarial na C\u00e2mara de Piracicaba"}]},{"@type":"Article","@id":"https:\/\/bancariosdepiracicaba.com.br\/?p=9216#article","isPartOf":{"@id":"https:\/\/bancariosdepiracicaba.com.br\/?p=9216#webpage"},"author":{"@id":"https:\/\/bancariosdepiracicaba.com.br\/#\/schema\/person\/6a12c780fc145ea2c9af09989ee600b0"},"headline":"SindBan fala sobre a Campanha Salarial na C\u00e2mara de Piracicaba","datePublished":"2021-07-23T21:18:52+00:00","dateModified":"2021-08-12T00:42:23+00:00","mainEntityOfPage":{"@id":"https:\/\/bancariosdepiracicaba.com.br\/?p=9216#webpage"},"wordCount":394,"commentCount":0,"publisher":{"@id":"https:\/\/bancariosdepiracicaba.com.br\/#organization"},"articleSection":["Campanha Salarial","Uncategorized"],"inLanguage":"pt-BR","potentialAction":[{"@type":"CommentAction","name":"Comment","target":["https:\/\/bancariosdepiracicaba.com.br\/?p=9216#respond"]}]},{"@type":"Person","@id":"https:\/\/bancariosdepiracicaba.com.br\/#\/schema\/person\/6a12c780fc145ea2c9af09989ee600b0","name":"admin","image":{"@type":"ImageObject","@id":"https:\/\/bancariosdepiracicaba.com.br\/#personlogo","inLanguage":"pt-BR","url":"https:\/\/secure.gravatar.com\/avatar\/3a05e74c6579e68209676cb5cb64e0918f288da7a49210fa18d6e9cac1189840?s=96&d=mm&r=g","contentUrl":"https:\/\/secure.gravatar.com\/avatar\/3a05e74c6579e68209676cb5cb64e0918f288da7a49210fa18d6e9cac1189840?s=96&d=mm&r=g","caption":"admin"},"sameAs":["https:\/\/site.bancariosdepiracicaba.com.br"],"url":"https:\/\/bancariosdepiracicaba.com.br\/?author=1"}]}},"_links":{"self":[{"href":"https:\/\/bancariosdepiracicaba.com.br\/index.php?rest_route=\/wp\/v2\/posts\/9216","targetHints":{"allow":["GET"]}}],"collection":[{"href":"https:\/\/bancariosdepiracicaba.com.br\/index.php?rest_route=\/wp\/v2\/posts"}],"about":[{"href":"https:\/\/bancariosdepiracicaba.com.br\/index.php?rest_route=\/wp\/v2\/types\/post"}],"author":[{"embeddable":true,"href":"https:\/\/bancariosdepiracicaba.com.br\/index.php?rest_route=\/wp\/v2\/users\/1"}],"replies":[{"embeddable":true,"href":"https:\/\/bancariosdepiracicaba.com.br\/index.php?rest_route=%2Fwp%2Fv2%2Fcomments&post=9216"}],"version-history":[{"count":1,"href":"https:\/\/bancariosdepiracicaba.com.br\/index.php?rest_route=\/wp\/v2\/posts\/9216\/revisions"}],"predecessor-version":[{"id":13637,"href":"https:\/\/bancariosdepiracicaba.com.br\/index.php?rest_route=\/wp\/v2\/posts\/9216\/revisions\/13637"}],"wp:attachment":[{"href":"https:\/\/bancariosdepiracicaba.com.br\/index.php?rest_route=%2Fwp%2Fv2%2Fmedia&parent=9216"}],"wp:term":[{"taxonomy":"category","embeddable":true,"href":"https:\/\/bancariosdepiracicaba.com.br\/index.php?rest_route=%2Fwp%2Fv2%2Fcategories&post=9216"},{"taxonomy":"post_tag","embeddable":true,"href":"https:\/\/bancariosdepiracicaba.com.br\/index.php?rest_route=%2Fwp%2Fv2%2Ftags&post=9216"}],"curies":[{"name":"wp","href":"https:\/\/api.w.org\/{rel}","templated":true}]}}