{"id":9210,"date":"2021-07-23T21:18:45","date_gmt":"2021-07-23T21:18:45","guid":{"rendered":"https:\/\/site.bancariosdepiracicaba.com.br\/2021\/07\/23\/relacoes-de-trabalho-e-tema-de-palestra-promovida-pelo-sindban-na-camara\/"},"modified":"2021-07-23T21:18:45","modified_gmt":"2021-07-23T21:18:45","slug":"relacoes-de-trabalho-e-tema-de-palestra-promovida-pelo-sindban-na-camara","status":"publish","type":"post","link":"https:\/\/bancariosdepiracicaba.com.br\/?p=9210","title":{"rendered":"Rela\u00e7\u00f5es de trabalho \u00e9 tema de palestra promovida pelo SindBan na C\u00e2mara"},"content":{"rendered":"<p>Para evidenciar o momento pol \u00edtico e econ\u00f4mico para os trabalhadores, o Sindicato dos Banc\u00e1rios (SindBan), em parceria com a Comiss\u00e3o Municipal de Emprego de Piracicaba (ComEmprego) e o Mandato do vereador Jos\u00e9 Antonio Fernandes Paiva (PT), promove no pr\u00f3ximo dia 16, quarta-feira, \u00e0s 9h, a palestra Acordo Marco Global -; Conjuntura e Impactos nas Rela\u00e7\u00f5es de Trabalho, ministrada por Marina Silva, assessora da Secretaria de Forma\u00e7\u00e3o e Rela\u00e7\u00f5es Internacionais para as Am\u00e9ricas, da Uni\u00e3o Geral dos Trabalhadores (UGT), no Sal\u00e3o Nobre  \u201c;Helly de Campos Melges \u201c;, na C\u00e2mara de Vereadores de Piracicaba.<\/p>\n<p>Alternativa para os trabalhadores, o Acordo Marco Global, criado nos anos 2000, tem como fun\u00e7\u00e3o estabelecer relacionamento cont \u00ednuo entre uma multinacional e uma federa\u00e7\u00e3o internacional e garantir que a empresa respeite as mesmas normas em todos os pa \u00edses em que opera, melhorando as rela\u00e7\u00f5es trabalhistas. Hoje, h\u00e1 cerca de 85 acordos ativos.<\/p>\n<p>Segundo o presidente do SindBan, o vereador Jos\u00e9 Antonio Fernandes Paiva, \u00e9 necess\u00e1rio contextualizar a crise do ponto de vista internacional e o abalo causado nas rela\u00e7\u00f5es trabalhistas, como o desemprego e a perda de direitos.<\/p>\n<p> \u201c;H\u00e1 ind \u00edcios que as conjunturas pol \u00edtica e econ\u00f4mica sejam planejadas e utilizadas para explorar o trabalhador. \u00e9 importante trazer os agentes do movimento sindical, poder p\u00fablico e os empres\u00e1rios para o centro desse debate e mostrar de que maneira podemos enfrentar algo arquitetado, e n\u00e3o circunstancial, como \u00e9 a crise que passa o Brasil, os Estados Unidos e a Europa. Nossa luta \u00e9 fazer com que os direitos sejam respeitados em qualquer parte do planeta \u201c;, ressalta Paiva.<\/p>\n<p>O presidente da ComEmprego, Jo\u00e3o Carlos Goya, explica que a decis\u00e3o da comiss\u00e3o foi un\u00e2nime em apoiar o evento e est\u00e1 ciente da import\u00e2ncia de trazer conscientiza\u00e7\u00e3o ao trabalhador sobre seus direitos em meio da crise.  \u201c;A palestrante tem muito a contribuir e trazer reflex\u00f5es sobre um ponto pol \u00edtico mais amplo. \u201c;<\/p>\n<p>Para o diretor da entidade banc\u00e1ria, Marcelo Abrah\u00e3o, a realiza\u00e7\u00e3o da palestra \u00e9 de grande valia para informar e envolver o movimento sindical no que acontece no mundo do trabalho.  \u201c;O Acordo Marco vem como importante ferramenta para o futuro dos trabalhadores. O movimento sindical n\u00e3o pode se abster e precisa conhecer para que possa construir algo melhor tanto para o trabalhador, sempre o mais penalizado, como tamb\u00e9m para o empres\u00e1rio,  \u201c; completa Marcelo, tamb\u00e9m membro da ComEmprego.<\/p>\n<p>Servi\u00e7o -; Palestra Acordo Marco Global -; Conjuntura e Impactos nas Rela\u00e7\u00f5es de Trabalho. Dia 16 de setembro, quarta-feira, \u00e0s 9h. Local: Sal\u00e3o Nobre  \u201c;Helly de Campos Melges \u201c;, na C\u00e2mara de Vereadores de Piracicaba (Rua Alferes Jos\u00e9 Caetano, 834, Centro).<\/p>\n","protected":false},"excerpt":{"rendered":"<p>Para evidenciar o momento pol \u00edtico e econ\u00f4mico para os trabalhadores, o Sindicato dos Banc\u00e1rios (SindBan), em parceria com a Comiss\u00e3o Municipal de Emprego de Piracicaba (ComEmprego) e o Mandato do vereador Jos\u00e9 Antonio Fernandes Paiva (PT), promove no pr\u00f3ximo dia 16, quarta-feira, \u00e0s 9h, a palestra Acordo Marco Global -; Conjuntura e Impactos nas &hellip;<\/p>\n<p class=\"read-more\"> <a class=\"\" href=\"https:\/\/bancariosdepiracicaba.com.br\/?p=9210\"> <span class=\"screen-reader-text\">Rela\u00e7\u00f5es de trabalho \u00e9 tema de palestra promovida pelo SindBan na C\u00e2mara<\/span> Leia mais &raquo;<\/a><\/p>\n","protected":false},"author":1,"featured_media":0,"comment_status":"open","ping_status":"open","sticky":false,"template":"","format":"standard","meta":{"site-sidebar-layout":"default","site-content-layout":"default","ast-main-header-display":"","ast-hfb-above-header-display":"","ast-hfb-below-header-display":"","ast-hfb-mobile-header-display":"","site-post-title":"","ast-breadcrumbs-content":"","ast-featured-img":"","footer-sml-layout":"","theme-transparent-header-meta":"","adv-header-id-meta":"","stick-header-meta":"","header-above-stick-meta":"","header-main-stick-meta":"","header-below-stick-meta":"","footnotes":""},"categories":[1],"tags":[],"class_list":["post-9210","post","type-post","status-publish","format-standard","hentry","category-uncategorized"],"yoast_head":"<!-- This site is optimized with the Yoast SEO Premium plugin v16.1 (Yoast SEO v18.0) - https:\/\/yoast.com\/wordpress\/plugins\/seo\/ -->\n<title>Rela\u00e7\u00f5es de trabalho \u00e9 tema de palestra promovida pelo SindBan na C\u00e2mara - Sindban<\/title>\n<meta name=\"robots\" content=\"index, follow, max-snippet:-1, max-image-preview:large, max-video-preview:-1\" \/>\n<link rel=\"canonical\" href=\"https:\/\/bancariosdepiracicaba.com.br\/?p=9210\" \/>\n<meta property=\"og:locale\" content=\"pt_BR\" \/>\n<meta property=\"og:type\" content=\"article\" \/>\n<meta property=\"og:title\" content=\"Rela\u00e7\u00f5es de trabalho \u00e9 tema de palestra promovida pelo SindBan na C\u00e2mara - Sindban\" \/>\n<meta property=\"og:description\" content=\"Para evidenciar o momento pol \u00edtico e econ\u00f4mico para os trabalhadores, o Sindicato dos Banc\u00e1rios (SindBan), em parceria com a Comiss\u00e3o Municipal de Emprego de Piracicaba (ComEmprego) e o Mandato do vereador Jos\u00e9 Antonio Fernandes Paiva (PT), promove no pr\u00f3ximo dia 16, quarta-feira, \u00e0s 9h, a palestra Acordo Marco Global -; Conjuntura e Impactos nas &hellip; Rela\u00e7\u00f5es de trabalho \u00e9 tema de palestra promovida pelo SindBan na C\u00e2mara Leia mais &raquo;\" \/>\n<meta property=\"og:url\" content=\"https:\/\/bancariosdepiracicaba.com.br\/?p=9210\" \/>\n<meta property=\"og:site_name\" content=\"Sindban\" \/>\n<meta property=\"article:published_time\" content=\"2021-07-23T21:18:45+00:00\" \/>\n<meta name=\"twitter:card\" content=\"summary_large_image\" \/>\n<meta name=\"twitter:label1\" content=\"Escrito por\" \/>\n\t<meta name=\"twitter:data1\" content=\"admin\" \/>\n\t<meta name=\"twitter:label2\" content=\"Est. tempo de leitura\" \/>\n\t<meta name=\"twitter:data2\" content=\"2 minutos\" \/>\n<script type=\"application\/ld+json\" class=\"yoast-schema-graph\">{\"@context\":\"https:\/\/schema.org\",\"@graph\":[{\"@type\":\"Organization\",\"@id\":\"https:\/\/bancariosdepiracicaba.com.br\/#organization\",\"name\":\"Sindban\",\"url\":\"https:\/\/bancariosdepiracicaba.com.br\/\",\"sameAs\":[],\"logo\":{\"@type\":\"ImageObject\",\"@id\":\"https:\/\/bancariosdepiracicaba.com.br\/#logo\",\"inLanguage\":\"pt-BR\",\"url\":\"https:\/\/site.bancariosdepiracicaba.com.br\/wp-content\/uploads\/2021\/04\/cropped-Asset-2.png\",\"contentUrl\":\"https:\/\/site.bancariosdepiracicaba.com.br\/wp-content\/uploads\/2021\/04\/cropped-Asset-2.png\",\"width\":512,\"height\":512,\"caption\":\"Sindban\"},\"image\":{\"@id\":\"https:\/\/bancariosdepiracicaba.com.br\/#logo\"}},{\"@type\":\"WebSite\",\"@id\":\"https:\/\/bancariosdepiracicaba.com.br\/#website\",\"url\":\"https:\/\/bancariosdepiracicaba.com.br\/\",\"name\":\"Sindban\",\"description\":\"Desenvolvimento\",\"publisher\":{\"@id\":\"https:\/\/bancariosdepiracicaba.com.br\/#organization\"},\"potentialAction\":[{\"@type\":\"SearchAction\",\"target\":{\"@type\":\"EntryPoint\",\"urlTemplate\":\"https:\/\/bancariosdepiracicaba.com.br\/?s={search_term_string}\"},\"query-input\":\"required name=search_term_string\"}],\"inLanguage\":\"pt-BR\"},{\"@type\":\"WebPage\",\"@id\":\"https:\/\/bancariosdepiracicaba.com.br\/?p=9210#webpage\",\"url\":\"https:\/\/bancariosdepiracicaba.com.br\/?p=9210\",\"name\":\"Rela\u00e7\u00f5es de trabalho \u00e9 tema de palestra promovida pelo SindBan na C\u00e2mara - Sindban\",\"isPartOf\":{\"@id\":\"https:\/\/bancariosdepiracicaba.com.br\/#website\"},\"datePublished\":\"2021-07-23T21:18:45+00:00\",\"dateModified\":\"2021-07-23T21:18:45+00:00\",\"breadcrumb\":{\"@id\":\"https:\/\/bancariosdepiracicaba.com.br\/?p=9210#breadcrumb\"},\"inLanguage\":\"pt-BR\",\"potentialAction\":[{\"@type\":\"ReadAction\",\"target\":[\"https:\/\/bancariosdepiracicaba.com.br\/?p=9210\"]}]},{\"@type\":\"BreadcrumbList\",\"@id\":\"https:\/\/bancariosdepiracicaba.com.br\/?p=9210#breadcrumb\",\"itemListElement\":[{\"@type\":\"ListItem\",\"position\":1,\"name\":\"Home\",\"item\":\"https:\/\/bancariosdepiracicaba.com.br\/\"},{\"@type\":\"ListItem\",\"position\":2,\"name\":\"Rela\u00e7\u00f5es de trabalho \u00e9 tema de palestra promovida pelo SindBan na C\u00e2mara\"}]},{\"@type\":\"Article\",\"@id\":\"https:\/\/bancariosdepiracicaba.com.br\/?p=9210#article\",\"isPartOf\":{\"@id\":\"https:\/\/bancariosdepiracicaba.com.br\/?p=9210#webpage\"},\"author\":{\"@id\":\"https:\/\/bancariosdepiracicaba.com.br\/#\/schema\/person\/6a12c780fc145ea2c9af09989ee600b0\"},\"headline\":\"Rela\u00e7\u00f5es de trabalho \u00e9 tema de palestra promovida pelo SindBan na C\u00e2mara\",\"datePublished\":\"2021-07-23T21:18:45+00:00\",\"dateModified\":\"2021-07-23T21:18:45+00:00\",\"mainEntityOfPage\":{\"@id\":\"https:\/\/bancariosdepiracicaba.com.br\/?p=9210#webpage\"},\"wordCount\":471,\"commentCount\":0,\"publisher\":{\"@id\":\"https:\/\/bancariosdepiracicaba.com.br\/#organization\"},\"articleSection\":[\"Uncategorized\"],\"inLanguage\":\"pt-BR\",\"potentialAction\":[{\"@type\":\"CommentAction\",\"name\":\"Comment\",\"target\":[\"https:\/\/bancariosdepiracicaba.com.br\/?p=9210#respond\"]}]},{\"@type\":\"Person\",\"@id\":\"https:\/\/bancariosdepiracicaba.com.br\/#\/schema\/person\/6a12c780fc145ea2c9af09989ee600b0\",\"name\":\"admin\",\"image\":{\"@type\":\"ImageObject\",\"@id\":\"https:\/\/bancariosdepiracicaba.com.br\/#personlogo\",\"inLanguage\":\"pt-BR\",\"url\":\"https:\/\/secure.gravatar.com\/avatar\/3a05e74c6579e68209676cb5cb64e0918f288da7a49210fa18d6e9cac1189840?s=96&d=mm&r=g\",\"contentUrl\":\"https:\/\/secure.gravatar.com\/avatar\/3a05e74c6579e68209676cb5cb64e0918f288da7a49210fa18d6e9cac1189840?s=96&d=mm&r=g\",\"caption\":\"admin\"},\"sameAs\":[\"https:\/\/site.bancariosdepiracicaba.com.br\"],\"url\":\"https:\/\/bancariosdepiracicaba.com.br\/?author=1\"}]}<\/script>\n<!-- \/ Yoast SEO Premium plugin. -->","yoast_head_json":{"title":"Rela\u00e7\u00f5es de trabalho \u00e9 tema de palestra promovida pelo SindBan na C\u00e2mara - Sindban","robots":{"index":"index","follow":"follow","max-snippet":"max-snippet:-1","max-image-preview":"max-image-preview:large","max-video-preview":"max-video-preview:-1"},"canonical":"https:\/\/bancariosdepiracicaba.com.br\/?p=9210","og_locale":"pt_BR","og_type":"article","og_title":"Rela\u00e7\u00f5es de trabalho \u00e9 tema de palestra promovida pelo SindBan na C\u00e2mara - Sindban","og_description":"Para evidenciar o momento pol \u00edtico e econ\u00f4mico para os trabalhadores, o Sindicato dos Banc\u00e1rios (SindBan), em parceria com a Comiss\u00e3o Municipal de Emprego de Piracicaba (ComEmprego) e o Mandato do vereador Jos\u00e9 Antonio Fernandes Paiva (PT), promove no pr\u00f3ximo dia 16, quarta-feira, \u00e0s 9h, a palestra Acordo Marco Global -; Conjuntura e Impactos nas &hellip; Rela\u00e7\u00f5es de trabalho \u00e9 tema de palestra promovida pelo SindBan na C\u00e2mara Leia mais &raquo;","og_url":"https:\/\/bancariosdepiracicaba.com.br\/?p=9210","og_site_name":"Sindban","article_published_time":"2021-07-23T21:18:45+00:00","twitter_card":"summary_large_image","twitter_misc":{"Escrito por":"admin","Est. tempo de leitura":"2 minutos"},"schema":{"@context":"https:\/\/schema.org","@graph":[{"@type":"Organization","@id":"https:\/\/bancariosdepiracicaba.com.br\/#organization","name":"Sindban","url":"https:\/\/bancariosdepiracicaba.com.br\/","sameAs":[],"logo":{"@type":"ImageObject","@id":"https:\/\/bancariosdepiracicaba.com.br\/#logo","inLanguage":"pt-BR","url":"https:\/\/site.bancariosdepiracicaba.com.br\/wp-content\/uploads\/2021\/04\/cropped-Asset-2.png","contentUrl":"https:\/\/site.bancariosdepiracicaba.com.br\/wp-content\/uploads\/2021\/04\/cropped-Asset-2.png","width":512,"height":512,"caption":"Sindban"},"image":{"@id":"https:\/\/bancariosdepiracicaba.com.br\/#logo"}},{"@type":"WebSite","@id":"https:\/\/bancariosdepiracicaba.com.br\/#website","url":"https:\/\/bancariosdepiracicaba.com.br\/","name":"Sindban","description":"Desenvolvimento","publisher":{"@id":"https:\/\/bancariosdepiracicaba.com.br\/#organization"},"potentialAction":[{"@type":"SearchAction","target":{"@type":"EntryPoint","urlTemplate":"https:\/\/bancariosdepiracicaba.com.br\/?s={search_term_string}"},"query-input":"required name=search_term_string"}],"inLanguage":"pt-BR"},{"@type":"WebPage","@id":"https:\/\/bancariosdepiracicaba.com.br\/?p=9210#webpage","url":"https:\/\/bancariosdepiracicaba.com.br\/?p=9210","name":"Rela\u00e7\u00f5es de trabalho \u00e9 tema de palestra promovida pelo SindBan na C\u00e2mara - Sindban","isPartOf":{"@id":"https:\/\/bancariosdepiracicaba.com.br\/#website"},"datePublished":"2021-07-23T21:18:45+00:00","dateModified":"2021-07-23T21:18:45+00:00","breadcrumb":{"@id":"https:\/\/bancariosdepiracicaba.com.br\/?p=9210#breadcrumb"},"inLanguage":"pt-BR","potentialAction":[{"@type":"ReadAction","target":["https:\/\/bancariosdepiracicaba.com.br\/?p=9210"]}]},{"@type":"BreadcrumbList","@id":"https:\/\/bancariosdepiracicaba.com.br\/?p=9210#breadcrumb","itemListElement":[{"@type":"ListItem","position":1,"name":"Home","item":"https:\/\/bancariosdepiracicaba.com.br\/"},{"@type":"ListItem","position":2,"name":"Rela\u00e7\u00f5es de trabalho \u00e9 tema de palestra promovida pelo SindBan na C\u00e2mara"}]},{"@type":"Article","@id":"https:\/\/bancariosdepiracicaba.com.br\/?p=9210#article","isPartOf":{"@id":"https:\/\/bancariosdepiracicaba.com.br\/?p=9210#webpage"},"author":{"@id":"https:\/\/bancariosdepiracicaba.com.br\/#\/schema\/person\/6a12c780fc145ea2c9af09989ee600b0"},"headline":"Rela\u00e7\u00f5es de trabalho \u00e9 tema de palestra promovida pelo SindBan na C\u00e2mara","datePublished":"2021-07-23T21:18:45+00:00","dateModified":"2021-07-23T21:18:45+00:00","mainEntityOfPage":{"@id":"https:\/\/bancariosdepiracicaba.com.br\/?p=9210#webpage"},"wordCount":471,"commentCount":0,"publisher":{"@id":"https:\/\/bancariosdepiracicaba.com.br\/#organization"},"articleSection":["Uncategorized"],"inLanguage":"pt-BR","potentialAction":[{"@type":"CommentAction","name":"Comment","target":["https:\/\/bancariosdepiracicaba.com.br\/?p=9210#respond"]}]},{"@type":"Person","@id":"https:\/\/bancariosdepiracicaba.com.br\/#\/schema\/person\/6a12c780fc145ea2c9af09989ee600b0","name":"admin","image":{"@type":"ImageObject","@id":"https:\/\/bancariosdepiracicaba.com.br\/#personlogo","inLanguage":"pt-BR","url":"https:\/\/secure.gravatar.com\/avatar\/3a05e74c6579e68209676cb5cb64e0918f288da7a49210fa18d6e9cac1189840?s=96&d=mm&r=g","contentUrl":"https:\/\/secure.gravatar.com\/avatar\/3a05e74c6579e68209676cb5cb64e0918f288da7a49210fa18d6e9cac1189840?s=96&d=mm&r=g","caption":"admin"},"sameAs":["https:\/\/site.bancariosdepiracicaba.com.br"],"url":"https:\/\/bancariosdepiracicaba.com.br\/?author=1"}]}},"_links":{"self":[{"href":"https:\/\/bancariosdepiracicaba.com.br\/index.php?rest_route=\/wp\/v2\/posts\/9210","targetHints":{"allow":["GET"]}}],"collection":[{"href":"https:\/\/bancariosdepiracicaba.com.br\/index.php?rest_route=\/wp\/v2\/posts"}],"about":[{"href":"https:\/\/bancariosdepiracicaba.com.br\/index.php?rest_route=\/wp\/v2\/types\/post"}],"author":[{"embeddable":true,"href":"https:\/\/bancariosdepiracicaba.com.br\/index.php?rest_route=\/wp\/v2\/users\/1"}],"replies":[{"embeddable":true,"href":"https:\/\/bancariosdepiracicaba.com.br\/index.php?rest_route=%2Fwp%2Fv2%2Fcomments&post=9210"}],"version-history":[{"count":0,"href":"https:\/\/bancariosdepiracicaba.com.br\/index.php?rest_route=\/wp\/v2\/posts\/9210\/revisions"}],"wp:attachment":[{"href":"https:\/\/bancariosdepiracicaba.com.br\/index.php?rest_route=%2Fwp%2Fv2%2Fmedia&parent=9210"}],"wp:term":[{"taxonomy":"category","embeddable":true,"href":"https:\/\/bancariosdepiracicaba.com.br\/index.php?rest_route=%2Fwp%2Fv2%2Fcategories&post=9210"},{"taxonomy":"post_tag","embeddable":true,"href":"https:\/\/bancariosdepiracicaba.com.br\/index.php?rest_route=%2Fwp%2Fv2%2Ftags&post=9210"}],"curies":[{"name":"wp","href":"https:\/\/api.w.org\/{rel}","templated":true}]}}