{"id":9204,"date":"2021-07-23T21:18:37","date_gmt":"2021-07-23T21:18:37","guid":{"rendered":"https:\/\/site.bancariosdepiracicaba.com.br\/2021\/07\/23\/negativas-da-caixa-reforcam-importancia-da-mobilizacao-dos-trabalhadores\/"},"modified":"2021-08-11T21:43:26","modified_gmt":"2021-08-12T00:43:26","slug":"negativas-da-caixa-reforcam-importancia-da-mobilizacao-dos-trabalhadores","status":"publish","type":"post","link":"https:\/\/bancariosdepiracicaba.com.br\/?p=9204","title":{"rendered":"Negativas da Caixa refor\u00e7am import\u00e2ncia da mobiliza\u00e7\u00e3o dos trabalhadores"},"content":{"rendered":"<p>Nenhuma proposta \u00e0s reivindica\u00e7\u00f5es dos empregados foi apresentada pela Caixa Econ\u00f4mica Federal, durante a segunda rodada de negocia\u00e7\u00e3o da Campanha Salarial 2015. Na reuni\u00e3o, nesta sexta-feira (4), em Bras \u00edlia (DF), foram debatidos os pleitos relacionados \u00e0 sa\u00fade do trabalhador, aposentados e Funcef. Na oportunidade, os representantes dos trabalhadores reivindicaram a cria\u00e7\u00e3o de um Grupo de Trabalho parit\u00e1rio para debater e buscar solu\u00e7\u00f5es para resolver os problemas enfrentados pelo fundo de pens\u00e3o, como o plano de equacionamento do REG\/Replan saldado e n\u00e3o-saldado, contencioso judicial, governan\u00e7a, entre outros. O banco ficou de analisar a solicita\u00e7\u00e3o.<\/p>\n<p>Membros da Comiss\u00e3o Executiva dos Empregados (CEE\/Caixa), que assessora a Confedera\u00e7\u00e3o Nacional dos Trabalhadores do Ramo Financeiro (Contraf-CUT), ressaltaram que as a\u00e7\u00f5es judiciais \u00e9 um dos fatores que impactam nos resultados da Funcef. Conforme dados divulgados pela Funda\u00e7\u00e3o, em 2015 j\u00e1 est\u00e3o provisionados cerca de R$ 181 mil para risco de condena\u00e7\u00e3o remoto, quase R$ 7,1 bilh\u00f5es para risco poss \u00edvel e mais de R$ 1,8 bilh\u00e3o para risco prov\u00e1vel, totalizando mais de R$ 8,9 bilh\u00f5es.<\/p>\n<p>A Caixa alegou que est\u00e1 cumprindo com o Acordo Operacional, que prev\u00ea a responsabilidade da empresa apenas nas a\u00e7\u00f5es relacionadas a aux \u00edlio-alimenta\u00e7\u00e3o, cesta-alimenta\u00e7\u00e3o, abono na complementa\u00e7\u00e3o da aposentadoria e Plano de Assist\u00eancia M\u00e9dica Supletiva (Pams), e que tem feito o repasse de recursos para a Funcef. No entanto, segundo os trabalhadores, esses itens representam a parcela menor do contencioso judicial. A maioria das a\u00e7\u00f5es \u00e9 relativa ao Complemento Tempor\u00e1rio Vari\u00e1vel de Ajuste de Mercado (CTVA). &#8220;Esse passivo \u00e9 de total responsabilidade da patrocinadora&#8221;, destacou Gen\u00e9sio Cardoso, membro da CEE\/Caixa e diretor do Sindicato dos Banc\u00e1rios de Curitiba.<\/p>\n<p>Outros pontos abordados, na negocia\u00e7\u00e3o, foram o fim do voto de Minerva, o reconhecimento, por parte da Caixa do CTVA como verba salarial para fins de aporte ao fundo de pens\u00e3o aos que permaneceram no REG\/Replan n\u00e3o-saldado e aos que o saldaram, e o fim da discrimina\u00e7\u00e3o aos trabalhadores que n\u00e3o saldaram o REG\/Replan e, em fun\u00e7\u00e3o disso, s\u00e3o impedidos de migrar para Plano de Cargos e Sal\u00e1rios (PCS) de 2008 e para o Plano de Fun\u00e7\u00f5es Gratificadas (PFG) de 2010. A Caixa disse n\u00e3o a todas essas reivindica\u00e7\u00f5es.<\/p>\n<p>Ainda sobre Funcef, outra reivindica\u00e7\u00e3o dos trabalhadores \u00e9 a incorpora\u00e7\u00e3o urgente do REB ao Novo Plano. Segundo os interlocutores da empresa, o processo est\u00e1 desde junho no Minist\u00e9rio da Fazenda, e a demora na implanta\u00e7\u00e3o desta medida se deve a dificuldades impostas pelos \u00f3rg\u00e3os controladores. N\u00e3o h\u00e1 previs\u00e3o de quando a metodologia formulada conjuntamente pela Funda\u00e7\u00e3o e a patrocinadora ser\u00e1 encaminhada \u00e0 Previc, \u00faltima inst\u00e2ncia de delibera\u00e7\u00e3o.<\/p>\n<p>De acordo com a coordenadora da CEE\/Caixa, Fabiana Matheus, outra quest\u00e3o que precisa ser resolvida de uma vez por todas \u00e9 a do Plano de Melhoria de Proventos e Pens\u00f5es (PMPP), que se arrasta desde 2006. &#8220;Na \u00e9poca, quando Caixa e Funcef fecharam o acordo, eram 1.150 assistidos. Hoje, s\u00e3o pouco mais de 700. A m\u00e9dia de idade dos participantes nessa situa\u00e7\u00e3o \u00e9 de 80 anos. A patrocinadora est\u00e1 esperando resolver isso com a morte de todos. N\u00e3o aceitaremos&#8221;, destaca.<\/p>\n<p>A empresa tamb\u00e9m recusou duas das tr\u00eas propostas relativas aos aposentados: extens\u00e3o do Sa\u00fade Caixa aos desligados em Plano de Ades\u00e3o ao Desligamento Volunt\u00e1rio (PADV) e programa de refinanciamento de d \u00edvidas do segmento. Outro item, que consta na minuta espec \u00edfica, \u00e9 a cria\u00e7\u00e3o de programa que assegure atendimento digno aos aposentados e pensionistas nas unidades. O banco alegou que j\u00e1 adota esta pr\u00e1tica e que situa\u00e7\u00f5es isoladas podem ser denunciadas para serem apuradas.<\/p>\n<p>Sa\u00fade do Trabalhador &#8211; Um dos argumentos mais utilizados pela Caixa, na negocia\u00e7\u00e3o desta sexta-feira, para justificar a falta de propostas \u00e0s reivindica\u00e7\u00f5es dos trabalhadores foi de que j\u00e1 cumpre o que est\u00e1 previsto na legisla\u00e7\u00e3o. Foi assim, por exemplo, com o pedido de ado\u00e7\u00e3o da remunera\u00e7\u00e3o-base para fins de c\u00e1lculo dos adicionais de insalubridade e periculosidade. Hoje, ela corresponde ao sal\u00e1rio m \u00ednimo, conforme est\u00e1 previsto no artigo 192 da CLT. Segundo o banco, existem questionamentos para mudar o valor no Superior Tribunal Federal, mas enquanto o STF n\u00e3o se posicionar, ficar\u00e1 mantida vincula\u00e7\u00e3o ao m \u00ednimo.<\/p>\n<p>O mesmo posicionamento manteve em rela\u00e7\u00e3o a outros itens como a incorpora\u00e7\u00e3o da gratifica\u00e7\u00e3o de fun\u00e7\u00e3o e CTVA aos sal\u00e1rios para empregados que forem obrigados a abandonar a fun\u00e7\u00e3o em raz\u00e3o de problemas de sa\u00fade, cria\u00e7\u00e3o de protocolo de combate ao ass\u00e9dio sexual e abertura de CAT (Comunica\u00e7\u00e3o de Acidente de Trabalho), no prazo de 24 horas, para todos os trabalhadores lotados nas unidades que sofrerem ocorr\u00eancia de assaltos.<\/p>\n<p>A pauta espec \u00edfica da campanha salarial deste ano ser\u00e1 negociada com a Caixa concomitantemente com as negocia\u00e7\u00f5es realizadas no \u00e2mbito da mesa unificada com a Federa\u00e7\u00e3o Nacional dos Bancos (Fenaban). O calend\u00e1rio de debates espec \u00edficos come\u00e7ou no dia 27 de agosto, quando a Caixa se manteve intransigente e rejeitou a suspens\u00e3o do programa Gest\u00e3o de Desempenho de Pessoas (GDP).<\/p>\n<p>Na reuni\u00e3o desta sexta-feira, tamb\u00e9m estava previsto o debate sobre Sa\u00fade Caixa, mas o tema ficou para a pr\u00f3xima negocia\u00e7\u00e3o, agendada para o dia 11 de setembro, quando estar\u00e3o em pauta, ainda, carreira, isonomia e organiza\u00e7\u00e3o do movimento. No dia 18 de setembro, ocorrer\u00e1 a quarta reuni\u00e3o sobre os pontos da minuta relativos a contrata\u00e7\u00e3o, condi\u00e7\u00e3o de funcionamento das ag\u00eancias e jornada\/Sipon.<\/p>\n","protected":false},"excerpt":{"rendered":"<p>Nenhuma proposta \u00e0s reivindica\u00e7\u00f5es dos empregados foi apresentada pela Caixa Econ\u00f4mica Federal, durante a segunda rodada de negocia\u00e7\u00e3o da Campanha Salarial 2015. Na reuni\u00e3o, nesta sexta-feira (4), em Bras \u00edlia (DF), foram debatidos os pleitos relacionados \u00e0 sa\u00fade do trabalhador, aposentados e Funcef. Na oportunidade, os representantes dos trabalhadores reivindicaram a cria\u00e7\u00e3o de um Grupo &hellip;<\/p>\n<p class=\"read-more\"> <a class=\"\" href=\"https:\/\/bancariosdepiracicaba.com.br\/?p=9204\"> <span class=\"screen-reader-text\">Negativas da Caixa refor\u00e7am import\u00e2ncia da mobiliza\u00e7\u00e3o dos trabalhadores<\/span> Leia mais &raquo;<\/a><\/p>\n","protected":false},"author":1,"featured_media":0,"comment_status":"open","ping_status":"open","sticky":false,"template":"","format":"standard","meta":{"site-sidebar-layout":"default","site-content-layout":"default","ast-main-header-display":"","ast-hfb-above-header-display":"","ast-hfb-below-header-display":"","ast-hfb-mobile-header-display":"","site-post-title":"","ast-breadcrumbs-content":"","ast-featured-img":"","footer-sml-layout":"","theme-transparent-header-meta":"","adv-header-id-meta":"","stick-header-meta":"","header-above-stick-meta":"","header-main-stick-meta":"","header-below-stick-meta":"","footnotes":""},"categories":[11,52,1],"tags":[],"class_list":["post-9204","post","type-post","status-publish","format-standard","hentry","category-caixa-federal","category-campanha-salarial","category-uncategorized"],"yoast_head":"<!-- This site is optimized with the Yoast SEO Premium plugin v16.1 (Yoast SEO v18.0) - https:\/\/yoast.com\/wordpress\/plugins\/seo\/ -->\n<title>Negativas da Caixa refor\u00e7am import\u00e2ncia da mobiliza\u00e7\u00e3o dos trabalhadores - Sindban<\/title>\n<meta name=\"robots\" content=\"index, follow, max-snippet:-1, max-image-preview:large, max-video-preview:-1\" \/>\n<link rel=\"canonical\" href=\"https:\/\/bancariosdepiracicaba.com.br\/?p=9204\" \/>\n<meta property=\"og:locale\" content=\"pt_BR\" \/>\n<meta property=\"og:type\" content=\"article\" \/>\n<meta property=\"og:title\" content=\"Negativas da Caixa refor\u00e7am import\u00e2ncia da mobiliza\u00e7\u00e3o dos trabalhadores - Sindban\" \/>\n<meta property=\"og:description\" content=\"Nenhuma proposta \u00e0s reivindica\u00e7\u00f5es dos empregados foi apresentada pela Caixa Econ\u00f4mica Federal, durante a segunda rodada de negocia\u00e7\u00e3o da Campanha Salarial 2015. Na reuni\u00e3o, nesta sexta-feira (4), em Bras \u00edlia (DF), foram debatidos os pleitos relacionados \u00e0 sa\u00fade do trabalhador, aposentados e Funcef. Na oportunidade, os representantes dos trabalhadores reivindicaram a cria\u00e7\u00e3o de um Grupo &hellip; Negativas da Caixa refor\u00e7am import\u00e2ncia da mobiliza\u00e7\u00e3o dos trabalhadores Leia mais &raquo;\" \/>\n<meta property=\"og:url\" content=\"https:\/\/bancariosdepiracicaba.com.br\/?p=9204\" \/>\n<meta property=\"og:site_name\" content=\"Sindban\" \/>\n<meta property=\"article:published_time\" content=\"2021-07-23T21:18:37+00:00\" \/>\n<meta property=\"article:modified_time\" content=\"2021-08-12T00:43:26+00:00\" \/>\n<meta name=\"twitter:card\" content=\"summary_large_image\" \/>\n<meta name=\"twitter:label1\" content=\"Escrito por\" \/>\n\t<meta name=\"twitter:data1\" content=\"admin\" \/>\n\t<meta name=\"twitter:label2\" content=\"Est. tempo de leitura\" \/>\n\t<meta name=\"twitter:data2\" content=\"5 minutos\" \/>\n<script type=\"application\/ld+json\" class=\"yoast-schema-graph\">{\"@context\":\"https:\/\/schema.org\",\"@graph\":[{\"@type\":\"Organization\",\"@id\":\"https:\/\/bancariosdepiracicaba.com.br\/#organization\",\"name\":\"Sindban\",\"url\":\"https:\/\/bancariosdepiracicaba.com.br\/\",\"sameAs\":[],\"logo\":{\"@type\":\"ImageObject\",\"@id\":\"https:\/\/bancariosdepiracicaba.com.br\/#logo\",\"inLanguage\":\"pt-BR\",\"url\":\"https:\/\/site.bancariosdepiracicaba.com.br\/wp-content\/uploads\/2021\/04\/cropped-Asset-2.png\",\"contentUrl\":\"https:\/\/site.bancariosdepiracicaba.com.br\/wp-content\/uploads\/2021\/04\/cropped-Asset-2.png\",\"width\":512,\"height\":512,\"caption\":\"Sindban\"},\"image\":{\"@id\":\"https:\/\/bancariosdepiracicaba.com.br\/#logo\"}},{\"@type\":\"WebSite\",\"@id\":\"https:\/\/bancariosdepiracicaba.com.br\/#website\",\"url\":\"https:\/\/bancariosdepiracicaba.com.br\/\",\"name\":\"Sindban\",\"description\":\"Desenvolvimento\",\"publisher\":{\"@id\":\"https:\/\/bancariosdepiracicaba.com.br\/#organization\"},\"potentialAction\":[{\"@type\":\"SearchAction\",\"target\":{\"@type\":\"EntryPoint\",\"urlTemplate\":\"https:\/\/bancariosdepiracicaba.com.br\/?s={search_term_string}\"},\"query-input\":\"required name=search_term_string\"}],\"inLanguage\":\"pt-BR\"},{\"@type\":\"WebPage\",\"@id\":\"https:\/\/bancariosdepiracicaba.com.br\/?p=9204#webpage\",\"url\":\"https:\/\/bancariosdepiracicaba.com.br\/?p=9204\",\"name\":\"Negativas da Caixa refor\u00e7am import\u00e2ncia da mobiliza\u00e7\u00e3o dos trabalhadores - Sindban\",\"isPartOf\":{\"@id\":\"https:\/\/bancariosdepiracicaba.com.br\/#website\"},\"datePublished\":\"2021-07-23T21:18:37+00:00\",\"dateModified\":\"2021-08-12T00:43:26+00:00\",\"breadcrumb\":{\"@id\":\"https:\/\/bancariosdepiracicaba.com.br\/?p=9204#breadcrumb\"},\"inLanguage\":\"pt-BR\",\"potentialAction\":[{\"@type\":\"ReadAction\",\"target\":[\"https:\/\/bancariosdepiracicaba.com.br\/?p=9204\"]}]},{\"@type\":\"BreadcrumbList\",\"@id\":\"https:\/\/bancariosdepiracicaba.com.br\/?p=9204#breadcrumb\",\"itemListElement\":[{\"@type\":\"ListItem\",\"position\":1,\"name\":\"Home\",\"item\":\"https:\/\/bancariosdepiracicaba.com.br\/\"},{\"@type\":\"ListItem\",\"position\":2,\"name\":\"Negativas da Caixa refor\u00e7am import\u00e2ncia da mobiliza\u00e7\u00e3o dos trabalhadores\"}]},{\"@type\":\"Article\",\"@id\":\"https:\/\/bancariosdepiracicaba.com.br\/?p=9204#article\",\"isPartOf\":{\"@id\":\"https:\/\/bancariosdepiracicaba.com.br\/?p=9204#webpage\"},\"author\":{\"@id\":\"https:\/\/bancariosdepiracicaba.com.br\/#\/schema\/person\/6a12c780fc145ea2c9af09989ee600b0\"},\"headline\":\"Negativas da Caixa refor\u00e7am import\u00e2ncia da mobiliza\u00e7\u00e3o dos trabalhadores\",\"datePublished\":\"2021-07-23T21:18:37+00:00\",\"dateModified\":\"2021-08-12T00:43:26+00:00\",\"mainEntityOfPage\":{\"@id\":\"https:\/\/bancariosdepiracicaba.com.br\/?p=9204#webpage\"},\"wordCount\":969,\"commentCount\":0,\"publisher\":{\"@id\":\"https:\/\/bancariosdepiracicaba.com.br\/#organization\"},\"articleSection\":[\"Caixa Federal\",\"Campanha Salarial\",\"Uncategorized\"],\"inLanguage\":\"pt-BR\",\"potentialAction\":[{\"@type\":\"CommentAction\",\"name\":\"Comment\",\"target\":[\"https:\/\/bancariosdepiracicaba.com.br\/?p=9204#respond\"]}]},{\"@type\":\"Person\",\"@id\":\"https:\/\/bancariosdepiracicaba.com.br\/#\/schema\/person\/6a12c780fc145ea2c9af09989ee600b0\",\"name\":\"admin\",\"image\":{\"@type\":\"ImageObject\",\"@id\":\"https:\/\/bancariosdepiracicaba.com.br\/#personlogo\",\"inLanguage\":\"pt-BR\",\"url\":\"https:\/\/secure.gravatar.com\/avatar\/3a05e74c6579e68209676cb5cb64e0918f288da7a49210fa18d6e9cac1189840?s=96&d=mm&r=g\",\"contentUrl\":\"https:\/\/secure.gravatar.com\/avatar\/3a05e74c6579e68209676cb5cb64e0918f288da7a49210fa18d6e9cac1189840?s=96&d=mm&r=g\",\"caption\":\"admin\"},\"sameAs\":[\"https:\/\/site.bancariosdepiracicaba.com.br\"],\"url\":\"https:\/\/bancariosdepiracicaba.com.br\/?author=1\"}]}<\/script>\n<!-- \/ Yoast SEO Premium plugin. -->","yoast_head_json":{"title":"Negativas da Caixa refor\u00e7am import\u00e2ncia da mobiliza\u00e7\u00e3o dos trabalhadores - Sindban","robots":{"index":"index","follow":"follow","max-snippet":"max-snippet:-1","max-image-preview":"max-image-preview:large","max-video-preview":"max-video-preview:-1"},"canonical":"https:\/\/bancariosdepiracicaba.com.br\/?p=9204","og_locale":"pt_BR","og_type":"article","og_title":"Negativas da Caixa refor\u00e7am import\u00e2ncia da mobiliza\u00e7\u00e3o dos trabalhadores - Sindban","og_description":"Nenhuma proposta \u00e0s reivindica\u00e7\u00f5es dos empregados foi apresentada pela Caixa Econ\u00f4mica Federal, durante a segunda rodada de negocia\u00e7\u00e3o da Campanha Salarial 2015. Na reuni\u00e3o, nesta sexta-feira (4), em Bras \u00edlia (DF), foram debatidos os pleitos relacionados \u00e0 sa\u00fade do trabalhador, aposentados e Funcef. Na oportunidade, os representantes dos trabalhadores reivindicaram a cria\u00e7\u00e3o de um Grupo &hellip; Negativas da Caixa refor\u00e7am import\u00e2ncia da mobiliza\u00e7\u00e3o dos trabalhadores Leia mais &raquo;","og_url":"https:\/\/bancariosdepiracicaba.com.br\/?p=9204","og_site_name":"Sindban","article_published_time":"2021-07-23T21:18:37+00:00","article_modified_time":"2021-08-12T00:43:26+00:00","twitter_card":"summary_large_image","twitter_misc":{"Escrito por":"admin","Est. tempo de leitura":"5 minutos"},"schema":{"@context":"https:\/\/schema.org","@graph":[{"@type":"Organization","@id":"https:\/\/bancariosdepiracicaba.com.br\/#organization","name":"Sindban","url":"https:\/\/bancariosdepiracicaba.com.br\/","sameAs":[],"logo":{"@type":"ImageObject","@id":"https:\/\/bancariosdepiracicaba.com.br\/#logo","inLanguage":"pt-BR","url":"https:\/\/site.bancariosdepiracicaba.com.br\/wp-content\/uploads\/2021\/04\/cropped-Asset-2.png","contentUrl":"https:\/\/site.bancariosdepiracicaba.com.br\/wp-content\/uploads\/2021\/04\/cropped-Asset-2.png","width":512,"height":512,"caption":"Sindban"},"image":{"@id":"https:\/\/bancariosdepiracicaba.com.br\/#logo"}},{"@type":"WebSite","@id":"https:\/\/bancariosdepiracicaba.com.br\/#website","url":"https:\/\/bancariosdepiracicaba.com.br\/","name":"Sindban","description":"Desenvolvimento","publisher":{"@id":"https:\/\/bancariosdepiracicaba.com.br\/#organization"},"potentialAction":[{"@type":"SearchAction","target":{"@type":"EntryPoint","urlTemplate":"https:\/\/bancariosdepiracicaba.com.br\/?s={search_term_string}"},"query-input":"required name=search_term_string"}],"inLanguage":"pt-BR"},{"@type":"WebPage","@id":"https:\/\/bancariosdepiracicaba.com.br\/?p=9204#webpage","url":"https:\/\/bancariosdepiracicaba.com.br\/?p=9204","name":"Negativas da Caixa refor\u00e7am import\u00e2ncia da mobiliza\u00e7\u00e3o dos trabalhadores - Sindban","isPartOf":{"@id":"https:\/\/bancariosdepiracicaba.com.br\/#website"},"datePublished":"2021-07-23T21:18:37+00:00","dateModified":"2021-08-12T00:43:26+00:00","breadcrumb":{"@id":"https:\/\/bancariosdepiracicaba.com.br\/?p=9204#breadcrumb"},"inLanguage":"pt-BR","potentialAction":[{"@type":"ReadAction","target":["https:\/\/bancariosdepiracicaba.com.br\/?p=9204"]}]},{"@type":"BreadcrumbList","@id":"https:\/\/bancariosdepiracicaba.com.br\/?p=9204#breadcrumb","itemListElement":[{"@type":"ListItem","position":1,"name":"Home","item":"https:\/\/bancariosdepiracicaba.com.br\/"},{"@type":"ListItem","position":2,"name":"Negativas da Caixa refor\u00e7am import\u00e2ncia da mobiliza\u00e7\u00e3o dos trabalhadores"}]},{"@type":"Article","@id":"https:\/\/bancariosdepiracicaba.com.br\/?p=9204#article","isPartOf":{"@id":"https:\/\/bancariosdepiracicaba.com.br\/?p=9204#webpage"},"author":{"@id":"https:\/\/bancariosdepiracicaba.com.br\/#\/schema\/person\/6a12c780fc145ea2c9af09989ee600b0"},"headline":"Negativas da Caixa refor\u00e7am import\u00e2ncia da mobiliza\u00e7\u00e3o dos trabalhadores","datePublished":"2021-07-23T21:18:37+00:00","dateModified":"2021-08-12T00:43:26+00:00","mainEntityOfPage":{"@id":"https:\/\/bancariosdepiracicaba.com.br\/?p=9204#webpage"},"wordCount":969,"commentCount":0,"publisher":{"@id":"https:\/\/bancariosdepiracicaba.com.br\/#organization"},"articleSection":["Caixa Federal","Campanha Salarial","Uncategorized"],"inLanguage":"pt-BR","potentialAction":[{"@type":"CommentAction","name":"Comment","target":["https:\/\/bancariosdepiracicaba.com.br\/?p=9204#respond"]}]},{"@type":"Person","@id":"https:\/\/bancariosdepiracicaba.com.br\/#\/schema\/person\/6a12c780fc145ea2c9af09989ee600b0","name":"admin","image":{"@type":"ImageObject","@id":"https:\/\/bancariosdepiracicaba.com.br\/#personlogo","inLanguage":"pt-BR","url":"https:\/\/secure.gravatar.com\/avatar\/3a05e74c6579e68209676cb5cb64e0918f288da7a49210fa18d6e9cac1189840?s=96&d=mm&r=g","contentUrl":"https:\/\/secure.gravatar.com\/avatar\/3a05e74c6579e68209676cb5cb64e0918f288da7a49210fa18d6e9cac1189840?s=96&d=mm&r=g","caption":"admin"},"sameAs":["https:\/\/site.bancariosdepiracicaba.com.br"],"url":"https:\/\/bancariosdepiracicaba.com.br\/?author=1"}]}},"_links":{"self":[{"href":"https:\/\/bancariosdepiracicaba.com.br\/index.php?rest_route=\/wp\/v2\/posts\/9204","targetHints":{"allow":["GET"]}}],"collection":[{"href":"https:\/\/bancariosdepiracicaba.com.br\/index.php?rest_route=\/wp\/v2\/posts"}],"about":[{"href":"https:\/\/bancariosdepiracicaba.com.br\/index.php?rest_route=\/wp\/v2\/types\/post"}],"author":[{"embeddable":true,"href":"https:\/\/bancariosdepiracicaba.com.br\/index.php?rest_route=\/wp\/v2\/users\/1"}],"replies":[{"embeddable":true,"href":"https:\/\/bancariosdepiracicaba.com.br\/index.php?rest_route=%2Fwp%2Fv2%2Fcomments&post=9204"}],"version-history":[{"count":1,"href":"https:\/\/bancariosdepiracicaba.com.br\/index.php?rest_route=\/wp\/v2\/posts\/9204\/revisions"}],"predecessor-version":[{"id":12363,"href":"https:\/\/bancariosdepiracicaba.com.br\/index.php?rest_route=\/wp\/v2\/posts\/9204\/revisions\/12363"}],"wp:attachment":[{"href":"https:\/\/bancariosdepiracicaba.com.br\/index.php?rest_route=%2Fwp%2Fv2%2Fmedia&parent=9204"}],"wp:term":[{"taxonomy":"category","embeddable":true,"href":"https:\/\/bancariosdepiracicaba.com.br\/index.php?rest_route=%2Fwp%2Fv2%2Fcategories&post=9204"},{"taxonomy":"post_tag","embeddable":true,"href":"https:\/\/bancariosdepiracicaba.com.br\/index.php?rest_route=%2Fwp%2Fv2%2Ftags&post=9204"}],"curies":[{"name":"wp","href":"https:\/\/api.w.org\/{rel}","templated":true}]}}