{"id":9166,"date":"2021-07-23T21:17:51","date_gmt":"2021-07-23T21:17:51","guid":{"rendered":"https:\/\/site.bancariosdepiracicaba.com.br\/2021\/07\/23\/sindicato-dos-bancarios-homenageia-categoria-em-noite-solene\/"},"modified":"2021-08-11T22:20:33","modified_gmt":"2021-08-12T01:20:33","slug":"sindicato-dos-bancarios-homenageia-categoria-em-noite-solene","status":"publish","type":"post","link":"https:\/\/bancariosdepiracicaba.com.br\/?p=9166","title":{"rendered":"Sindicato dos Banc\u00e1rios homenageia categoria em noite solene"},"content":{"rendered":"<p>O SindBan, em parceria com o mandato do vereador Jos\u00e9 Antonio Fernandes Paiva (PT), homenageia, na pr\u00f3xima quarta-feira (26), \u00e0s 19h30, a categoria em Sess\u00e3o Solene, no Sal\u00e3o Nobre &#8220;Helly de Campos Melges&#8221;, na C\u00e2mara de Vereadores de Piracicaba, momento em que tamb\u00e9m ser\u00e3o divulgados o Banc\u00e1rio e a Banc\u00e1ria Padr\u00e3o de 2015. Evento marca o Dia Nacional do Banc\u00e1rio, conforme Decreto Legislativo 43\/02, de autoria do parlamentar, comemorado em 28 de agosto. <\/p>\n<p>Em sua 13&ordf; edi\u00e7\u00e3o, o Banc\u00e1rio Padr\u00e3o tem como objetivo valorizar os trabalhadores do sistema financeiro por meio da escolha de dois representantes (um homem e uma mulher) por banco, eleitos pelo voto dos pr\u00f3prios banc\u00e1rios. <\/p>\n<p>Esse ano, participam 14 banc\u00e1rios -; Ocimar Jos\u00e9 Cella e Bruna Mari dos Santos Sei Delai (Banco do Brasil); Henrique Alcantara Machado e Marcely Menochelli PImpinato (Bradesco); Nivaldo Jord\u00e3o da Rocha Junior e Rubia Carla Brito (Caixa Federal); Thiago Lacerda e Gabriela Forti Jaoude (HSBC); Rodrigo de Mello D`Elia e Cristiane Polisel (Mercantil do Brasil); F\u00e1bio Aparecido Pelisari e Dinah Kele Miranda Algizi (Santander).<\/p>\n<p>Al\u00e9m do Banc\u00e1rio Padr\u00e3o, ainda ser\u00e3o conhecidos os vencedores da vota\u00e7\u00e3o eletr\u00f4nica, uma das etapas onde pessoas de qualquer localidade podem escolher seus representantes. <\/p>\n<p>O vereador e presidente da entidade banc\u00e1ria, Paiva, conta que foi decidido pela comiss\u00e3o organizadora, que tem como coordenadora Angela Ulices Savian, vice-presidente do SindBan, fazer surpresa sobre os resultados.  \u201c;Todos os anos divulgamos os vencedores antecipadamente, mas a surpresa \u00e9 uma motiva\u00e7\u00e3o a mais e traz expectativas. \u201c;<\/p>\n<p>Para ele, a homenagem marca os anos de lutas e vit\u00f3rias da categoria, que sofre, diariamente, abusos dos patr\u00f5es do sistema financeiro, mas, mesmo assim, exerce o seu trabalho com excel\u00eancia.  \u201c;Press\u00f5es por metas, ass\u00e9dio moral, inseguran\u00e7a, esse \u00e9 um pouco do dia a dia do banc\u00e1rio. Prestar homenagem a esses trabalhadores, que mesmo dentro das adversidades procuram atender ao cliente com qualidade, \u00e9 uma forma de incentivo e de lembr\u00e1-los, que unidos, as conquistas podem ser concretizadas \u201c;, ressalta. <\/p>\n<p>Servi\u00e7o &#8211; Sess\u00e3o Solene Banc\u00e1rio Padr\u00e3o 2015, \u00e0s 19h30, no Sal\u00e3o Nobre &#8220;Helly de Campos Melges&#8221;, na C\u00e2mara de Vereadores de Piracicaba (Rua Alferes Jos\u00e9 Caetano, 834, Centro).<\/p>\n","protected":false},"excerpt":{"rendered":"<p>O SindBan, em parceria com o mandato do vereador Jos\u00e9 Antonio Fernandes Paiva (PT), homenageia, na pr\u00f3xima quarta-feira (26), \u00e0s 19h30, a categoria em Sess\u00e3o Solene, no Sal\u00e3o Nobre &#8220;Helly de Campos Melges&#8221;, na C\u00e2mara de Vereadores de Piracicaba, momento em que tamb\u00e9m ser\u00e3o divulgados o Banc\u00e1rio e a Banc\u00e1ria Padr\u00e3o de 2015. Evento marca &hellip;<\/p>\n<p class=\"read-more\"> <a class=\"\" href=\"https:\/\/bancariosdepiracicaba.com.br\/?p=9166\"> <span class=\"screen-reader-text\">Sindicato dos Banc\u00e1rios homenageia categoria em noite solene<\/span> Leia mais &raquo;<\/a><\/p>\n","protected":false},"author":1,"featured_media":0,"comment_status":"open","ping_status":"open","sticky":false,"template":"","format":"standard","meta":{"site-sidebar-layout":"default","site-content-layout":"default","ast-main-header-display":"","ast-hfb-above-header-display":"","ast-hfb-below-header-display":"","ast-hfb-mobile-header-display":"","site-post-title":"","ast-breadcrumbs-content":"","ast-featured-img":"","footer-sml-layout":"","theme-transparent-header-meta":"","adv-header-id-meta":"","stick-header-meta":"","header-above-stick-meta":"","header-main-stick-meta":"","header-below-stick-meta":"","footnotes":""},"categories":[20,14,44,1],"tags":[],"class_list":["post-9166","post","type-post","status-publish","format-standard","hentry","category-bancario-padrao","category-mercantil-do-brasil","category-mulher","category-uncategorized"],"yoast_head":"<!-- This site is optimized with the Yoast SEO Premium plugin v16.1 (Yoast SEO v18.0) - https:\/\/yoast.com\/wordpress\/plugins\/seo\/ -->\n<title>Sindicato dos Banc\u00e1rios homenageia categoria em noite solene - Sindban<\/title>\n<meta name=\"robots\" content=\"index, follow, max-snippet:-1, max-image-preview:large, max-video-preview:-1\" \/>\n<link rel=\"canonical\" href=\"https:\/\/bancariosdepiracicaba.com.br\/?p=9166\" \/>\n<meta property=\"og:locale\" content=\"pt_BR\" \/>\n<meta property=\"og:type\" content=\"article\" \/>\n<meta property=\"og:title\" content=\"Sindicato dos Banc\u00e1rios homenageia categoria em noite solene - Sindban\" \/>\n<meta property=\"og:description\" content=\"O SindBan, em parceria com o mandato do vereador Jos\u00e9 Antonio Fernandes Paiva (PT), homenageia, na pr\u00f3xima quarta-feira (26), \u00e0s 19h30, a categoria em Sess\u00e3o Solene, no Sal\u00e3o Nobre &#8220;Helly de Campos Melges&#8221;, na C\u00e2mara de Vereadores de Piracicaba, momento em que tamb\u00e9m ser\u00e3o divulgados o Banc\u00e1rio e a Banc\u00e1ria Padr\u00e3o de 2015. Evento marca &hellip; Sindicato dos Banc\u00e1rios homenageia categoria em noite solene Leia mais &raquo;\" \/>\n<meta property=\"og:url\" content=\"https:\/\/bancariosdepiracicaba.com.br\/?p=9166\" \/>\n<meta property=\"og:site_name\" content=\"Sindban\" \/>\n<meta property=\"article:published_time\" content=\"2021-07-23T21:17:51+00:00\" \/>\n<meta property=\"article:modified_time\" content=\"2021-08-12T01:20:33+00:00\" \/>\n<meta name=\"twitter:card\" content=\"summary_large_image\" \/>\n<meta name=\"twitter:label1\" content=\"Escrito por\" \/>\n\t<meta name=\"twitter:data1\" content=\"admin\" \/>\n\t<meta name=\"twitter:label2\" content=\"Est. tempo de leitura\" \/>\n\t<meta name=\"twitter:data2\" content=\"2 minutos\" \/>\n<script type=\"application\/ld+json\" class=\"yoast-schema-graph\">{\"@context\":\"https:\/\/schema.org\",\"@graph\":[{\"@type\":\"Organization\",\"@id\":\"https:\/\/bancariosdepiracicaba.com.br\/#organization\",\"name\":\"Sindban\",\"url\":\"https:\/\/bancariosdepiracicaba.com.br\/\",\"sameAs\":[],\"logo\":{\"@type\":\"ImageObject\",\"@id\":\"https:\/\/bancariosdepiracicaba.com.br\/#logo\",\"inLanguage\":\"pt-BR\",\"url\":\"https:\/\/site.bancariosdepiracicaba.com.br\/wp-content\/uploads\/2021\/04\/cropped-Asset-2.png\",\"contentUrl\":\"https:\/\/site.bancariosdepiracicaba.com.br\/wp-content\/uploads\/2021\/04\/cropped-Asset-2.png\",\"width\":512,\"height\":512,\"caption\":\"Sindban\"},\"image\":{\"@id\":\"https:\/\/bancariosdepiracicaba.com.br\/#logo\"}},{\"@type\":\"WebSite\",\"@id\":\"https:\/\/bancariosdepiracicaba.com.br\/#website\",\"url\":\"https:\/\/bancariosdepiracicaba.com.br\/\",\"name\":\"Sindban\",\"description\":\"Desenvolvimento\",\"publisher\":{\"@id\":\"https:\/\/bancariosdepiracicaba.com.br\/#organization\"},\"potentialAction\":[{\"@type\":\"SearchAction\",\"target\":{\"@type\":\"EntryPoint\",\"urlTemplate\":\"https:\/\/bancariosdepiracicaba.com.br\/?s={search_term_string}\"},\"query-input\":\"required name=search_term_string\"}],\"inLanguage\":\"pt-BR\"},{\"@type\":\"WebPage\",\"@id\":\"https:\/\/bancariosdepiracicaba.com.br\/?p=9166#webpage\",\"url\":\"https:\/\/bancariosdepiracicaba.com.br\/?p=9166\",\"name\":\"Sindicato dos Banc\u00e1rios homenageia categoria em noite solene - Sindban\",\"isPartOf\":{\"@id\":\"https:\/\/bancariosdepiracicaba.com.br\/#website\"},\"datePublished\":\"2021-07-23T21:17:51+00:00\",\"dateModified\":\"2021-08-12T01:20:33+00:00\",\"breadcrumb\":{\"@id\":\"https:\/\/bancariosdepiracicaba.com.br\/?p=9166#breadcrumb\"},\"inLanguage\":\"pt-BR\",\"potentialAction\":[{\"@type\":\"ReadAction\",\"target\":[\"https:\/\/bancariosdepiracicaba.com.br\/?p=9166\"]}]},{\"@type\":\"BreadcrumbList\",\"@id\":\"https:\/\/bancariosdepiracicaba.com.br\/?p=9166#breadcrumb\",\"itemListElement\":[{\"@type\":\"ListItem\",\"position\":1,\"name\":\"Home\",\"item\":\"https:\/\/bancariosdepiracicaba.com.br\/\"},{\"@type\":\"ListItem\",\"position\":2,\"name\":\"Sindicato dos Banc\u00e1rios homenageia categoria em noite solene\"}]},{\"@type\":\"Article\",\"@id\":\"https:\/\/bancariosdepiracicaba.com.br\/?p=9166#article\",\"isPartOf\":{\"@id\":\"https:\/\/bancariosdepiracicaba.com.br\/?p=9166#webpage\"},\"author\":{\"@id\":\"https:\/\/bancariosdepiracicaba.com.br\/#\/schema\/person\/6a12c780fc145ea2c9af09989ee600b0\"},\"headline\":\"Sindicato dos Banc\u00e1rios homenageia categoria em noite solene\",\"datePublished\":\"2021-07-23T21:17:51+00:00\",\"dateModified\":\"2021-08-12T01:20:33+00:00\",\"mainEntityOfPage\":{\"@id\":\"https:\/\/bancariosdepiracicaba.com.br\/?p=9166#webpage\"},\"wordCount\":393,\"commentCount\":0,\"publisher\":{\"@id\":\"https:\/\/bancariosdepiracicaba.com.br\/#organization\"},\"articleSection\":[\"Banc\u00e1rio Padr\u00e3o\",\"Mercantil do Brasil\",\"Mulher\",\"Uncategorized\"],\"inLanguage\":\"pt-BR\",\"potentialAction\":[{\"@type\":\"CommentAction\",\"name\":\"Comment\",\"target\":[\"https:\/\/bancariosdepiracicaba.com.br\/?p=9166#respond\"]}]},{\"@type\":\"Person\",\"@id\":\"https:\/\/bancariosdepiracicaba.com.br\/#\/schema\/person\/6a12c780fc145ea2c9af09989ee600b0\",\"name\":\"admin\",\"image\":{\"@type\":\"ImageObject\",\"@id\":\"https:\/\/bancariosdepiracicaba.com.br\/#personlogo\",\"inLanguage\":\"pt-BR\",\"url\":\"https:\/\/secure.gravatar.com\/avatar\/3a05e74c6579e68209676cb5cb64e0918f288da7a49210fa18d6e9cac1189840?s=96&d=mm&r=g\",\"contentUrl\":\"https:\/\/secure.gravatar.com\/avatar\/3a05e74c6579e68209676cb5cb64e0918f288da7a49210fa18d6e9cac1189840?s=96&d=mm&r=g\",\"caption\":\"admin\"},\"sameAs\":[\"https:\/\/site.bancariosdepiracicaba.com.br\"],\"url\":\"https:\/\/bancariosdepiracicaba.com.br\/?author=1\"}]}<\/script>\n<!-- \/ Yoast SEO Premium plugin. -->","yoast_head_json":{"title":"Sindicato dos Banc\u00e1rios homenageia categoria em noite solene - Sindban","robots":{"index":"index","follow":"follow","max-snippet":"max-snippet:-1","max-image-preview":"max-image-preview:large","max-video-preview":"max-video-preview:-1"},"canonical":"https:\/\/bancariosdepiracicaba.com.br\/?p=9166","og_locale":"pt_BR","og_type":"article","og_title":"Sindicato dos Banc\u00e1rios homenageia categoria em noite solene - Sindban","og_description":"O SindBan, em parceria com o mandato do vereador Jos\u00e9 Antonio Fernandes Paiva (PT), homenageia, na pr\u00f3xima quarta-feira (26), \u00e0s 19h30, a categoria em Sess\u00e3o Solene, no Sal\u00e3o Nobre &#8220;Helly de Campos Melges&#8221;, na C\u00e2mara de Vereadores de Piracicaba, momento em que tamb\u00e9m ser\u00e3o divulgados o Banc\u00e1rio e a Banc\u00e1ria Padr\u00e3o de 2015. Evento marca &hellip; Sindicato dos Banc\u00e1rios homenageia categoria em noite solene Leia mais &raquo;","og_url":"https:\/\/bancariosdepiracicaba.com.br\/?p=9166","og_site_name":"Sindban","article_published_time":"2021-07-23T21:17:51+00:00","article_modified_time":"2021-08-12T01:20:33+00:00","twitter_card":"summary_large_image","twitter_misc":{"Escrito por":"admin","Est. tempo de leitura":"2 minutos"},"schema":{"@context":"https:\/\/schema.org","@graph":[{"@type":"Organization","@id":"https:\/\/bancariosdepiracicaba.com.br\/#organization","name":"Sindban","url":"https:\/\/bancariosdepiracicaba.com.br\/","sameAs":[],"logo":{"@type":"ImageObject","@id":"https:\/\/bancariosdepiracicaba.com.br\/#logo","inLanguage":"pt-BR","url":"https:\/\/site.bancariosdepiracicaba.com.br\/wp-content\/uploads\/2021\/04\/cropped-Asset-2.png","contentUrl":"https:\/\/site.bancariosdepiracicaba.com.br\/wp-content\/uploads\/2021\/04\/cropped-Asset-2.png","width":512,"height":512,"caption":"Sindban"},"image":{"@id":"https:\/\/bancariosdepiracicaba.com.br\/#logo"}},{"@type":"WebSite","@id":"https:\/\/bancariosdepiracicaba.com.br\/#website","url":"https:\/\/bancariosdepiracicaba.com.br\/","name":"Sindban","description":"Desenvolvimento","publisher":{"@id":"https:\/\/bancariosdepiracicaba.com.br\/#organization"},"potentialAction":[{"@type":"SearchAction","target":{"@type":"EntryPoint","urlTemplate":"https:\/\/bancariosdepiracicaba.com.br\/?s={search_term_string}"},"query-input":"required name=search_term_string"}],"inLanguage":"pt-BR"},{"@type":"WebPage","@id":"https:\/\/bancariosdepiracicaba.com.br\/?p=9166#webpage","url":"https:\/\/bancariosdepiracicaba.com.br\/?p=9166","name":"Sindicato dos Banc\u00e1rios homenageia categoria em noite solene - Sindban","isPartOf":{"@id":"https:\/\/bancariosdepiracicaba.com.br\/#website"},"datePublished":"2021-07-23T21:17:51+00:00","dateModified":"2021-08-12T01:20:33+00:00","breadcrumb":{"@id":"https:\/\/bancariosdepiracicaba.com.br\/?p=9166#breadcrumb"},"inLanguage":"pt-BR","potentialAction":[{"@type":"ReadAction","target":["https:\/\/bancariosdepiracicaba.com.br\/?p=9166"]}]},{"@type":"BreadcrumbList","@id":"https:\/\/bancariosdepiracicaba.com.br\/?p=9166#breadcrumb","itemListElement":[{"@type":"ListItem","position":1,"name":"Home","item":"https:\/\/bancariosdepiracicaba.com.br\/"},{"@type":"ListItem","position":2,"name":"Sindicato dos Banc\u00e1rios homenageia categoria em noite solene"}]},{"@type":"Article","@id":"https:\/\/bancariosdepiracicaba.com.br\/?p=9166#article","isPartOf":{"@id":"https:\/\/bancariosdepiracicaba.com.br\/?p=9166#webpage"},"author":{"@id":"https:\/\/bancariosdepiracicaba.com.br\/#\/schema\/person\/6a12c780fc145ea2c9af09989ee600b0"},"headline":"Sindicato dos Banc\u00e1rios homenageia categoria em noite solene","datePublished":"2021-07-23T21:17:51+00:00","dateModified":"2021-08-12T01:20:33+00:00","mainEntityOfPage":{"@id":"https:\/\/bancariosdepiracicaba.com.br\/?p=9166#webpage"},"wordCount":393,"commentCount":0,"publisher":{"@id":"https:\/\/bancariosdepiracicaba.com.br\/#organization"},"articleSection":["Banc\u00e1rio Padr\u00e3o","Mercantil do Brasil","Mulher","Uncategorized"],"inLanguage":"pt-BR","potentialAction":[{"@type":"CommentAction","name":"Comment","target":["https:\/\/bancariosdepiracicaba.com.br\/?p=9166#respond"]}]},{"@type":"Person","@id":"https:\/\/bancariosdepiracicaba.com.br\/#\/schema\/person\/6a12c780fc145ea2c9af09989ee600b0","name":"admin","image":{"@type":"ImageObject","@id":"https:\/\/bancariosdepiracicaba.com.br\/#personlogo","inLanguage":"pt-BR","url":"https:\/\/secure.gravatar.com\/avatar\/3a05e74c6579e68209676cb5cb64e0918f288da7a49210fa18d6e9cac1189840?s=96&d=mm&r=g","contentUrl":"https:\/\/secure.gravatar.com\/avatar\/3a05e74c6579e68209676cb5cb64e0918f288da7a49210fa18d6e9cac1189840?s=96&d=mm&r=g","caption":"admin"},"sameAs":["https:\/\/site.bancariosdepiracicaba.com.br"],"url":"https:\/\/bancariosdepiracicaba.com.br\/?author=1"}]}},"_links":{"self":[{"href":"https:\/\/bancariosdepiracicaba.com.br\/index.php?rest_route=\/wp\/v2\/posts\/9166","targetHints":{"allow":["GET"]}}],"collection":[{"href":"https:\/\/bancariosdepiracicaba.com.br\/index.php?rest_route=\/wp\/v2\/posts"}],"about":[{"href":"https:\/\/bancariosdepiracicaba.com.br\/index.php?rest_route=\/wp\/v2\/types\/post"}],"author":[{"embeddable":true,"href":"https:\/\/bancariosdepiracicaba.com.br\/index.php?rest_route=\/wp\/v2\/users\/1"}],"replies":[{"embeddable":true,"href":"https:\/\/bancariosdepiracicaba.com.br\/index.php?rest_route=%2Fwp%2Fv2%2Fcomments&post=9166"}],"version-history":[{"count":1,"href":"https:\/\/bancariosdepiracicaba.com.br\/index.php?rest_route=\/wp\/v2\/posts\/9166\/revisions"}],"predecessor-version":[{"id":12878,"href":"https:\/\/bancariosdepiracicaba.com.br\/index.php?rest_route=\/wp\/v2\/posts\/9166\/revisions\/12878"}],"wp:attachment":[{"href":"https:\/\/bancariosdepiracicaba.com.br\/index.php?rest_route=%2Fwp%2Fv2%2Fmedia&parent=9166"}],"wp:term":[{"taxonomy":"category","embeddable":true,"href":"https:\/\/bancariosdepiracicaba.com.br\/index.php?rest_route=%2Fwp%2Fv2%2Fcategories&post=9166"},{"taxonomy":"post_tag","embeddable":true,"href":"https:\/\/bancariosdepiracicaba.com.br\/index.php?rest_route=%2Fwp%2Fv2%2Ftags&post=9166"}],"curies":[{"name":"wp","href":"https:\/\/api.w.org\/{rel}","templated":true}]}}