{"id":9160,"date":"2021-07-23T21:17:42","date_gmt":"2021-07-23T21:17:42","guid":{"rendered":"https:\/\/site.bancariosdepiracicaba.com.br\/2021\/07\/23\/sindban-discute-reajuste-de-tarifas-com-administracao-do-semae\/"},"modified":"2021-07-23T21:17:42","modified_gmt":"2021-07-23T21:17:42","slug":"sindban-discute-reajuste-de-tarifas-com-administracao-do-semae","status":"publish","type":"post","link":"https:\/\/bancariosdepiracicaba.com.br\/?p=9160","title":{"rendered":"SindBan discute reajuste de tarifas com administra\u00e7\u00e3o do Semae"},"content":{"rendered":"<p>Nesta segunda-feira (24), o presidente do Sindicato dos Banc\u00e1rios de Piracicaba (Sindban), o vereador Jos\u00e9 Antonio Fernandes Paiva, participou com a plen\u00e1ria do Conselho de Entidades Sindicais de Piracicaba (Conespi) de reuni\u00e3o realizada na sede do Servi\u00e7o Municipal de \u00e1gua e Esgoto (Semae), a fim de tratar da quest\u00e3o do reajuste das taxas do servi\u00e7o prestado pela autarquia ao consumidor.<\/p>\n<p>Na ocasi\u00e3o, o presidente do SindBan ressaltou a import\u00e2ncia de dialogar com a administra\u00e7\u00e3o do Semae sobre os reflexos da crise h \u00eddrica em Piracicaba e seus custos para os mun \u00edcipes. O presidente do Semae, Vlamir Schiavuzzo, apresentou como motivos do atual reajuste a queda na receita do (Semae), devido ao aumento de gastos com energia el\u00e9trica, com produtos qu \u00edmicos, por causa da redu\u00e7\u00e3o da vaz\u00e3o, e pela diminui\u00e7\u00e3o do consumo. Os valores cobrados com as novas taxas variam de 15% a 84%, de acordo com a tarifa progressiva.  \u201c;A maior parte da popula\u00e7\u00e3o se encontra nessa linha de cobran\u00e7a de 15% que representa acr\u00e9scimo de R$ 3,52 na conta de \u00e1gua \u201c;.<\/p>\n<p>Paiva colocou em pauta a necessidade de uma medida que atenda \u00e0 parcela rec\u00e9m-desempregada da popula\u00e7\u00e3o, que n\u00e3o tem condi\u00e7\u00f5es de realizar esse pagamento mensal. Firmou -; se a proposta de reunir os dados da Secretaria Municipal de Desenvolvimento Social (Semdes), Secretaria Municipal de Trabalho e Renda (Semtre) junto ao Conespi, para apresentar balan\u00e7o do desemprego na cidade e com isso estabelecer crit\u00e9rios para poss \u00edvel mudan\u00e7a na forma de pagamento do servi\u00e7o de \u00e1gua.<\/p>\n<p>O presidente da entidade banc\u00e1ria tamb\u00e9m apontou que o reajuste n\u00e3o \u00e9 determinado pela C\u00e2mara de Vereadores e que tamb\u00e9m n\u00e3o \u00e9 a Ag\u00eancia Reguladora (Ares PCJ) que determina o aumento.  \u201c;Na verdade, a ag\u00eancia orientou conforme solicita\u00e7\u00e3o de estudos do Semae \u00e0 adequa\u00e7\u00e3o. Coube ao prefeito, por for\u00e7a de Decreto, e sem discuss\u00e3o popular, o aumento \u201c;, mencionou.<\/p>\n","protected":false},"excerpt":{"rendered":"<p>Nesta segunda-feira (24), o presidente do Sindicato dos Banc\u00e1rios de Piracicaba (Sindban), o vereador Jos\u00e9 Antonio Fernandes Paiva, participou com a plen\u00e1ria do Conselho de Entidades Sindicais de Piracicaba (Conespi) de reuni\u00e3o realizada na sede do Servi\u00e7o Municipal de \u00e1gua e Esgoto (Semae), a fim de tratar da quest\u00e3o do reajuste das taxas do servi\u00e7o &hellip;<\/p>\n<p class=\"read-more\"> <a class=\"\" href=\"https:\/\/bancariosdepiracicaba.com.br\/?p=9160\"> <span class=\"screen-reader-text\">SindBan discute reajuste de tarifas com administra\u00e7\u00e3o do Semae<\/span> Leia mais &raquo;<\/a><\/p>\n","protected":false},"author":1,"featured_media":0,"comment_status":"open","ping_status":"open","sticky":false,"template":"","format":"standard","meta":{"site-sidebar-layout":"default","site-content-layout":"default","ast-main-header-display":"","ast-hfb-above-header-display":"","ast-hfb-below-header-display":"","ast-hfb-mobile-header-display":"","site-post-title":"","ast-breadcrumbs-content":"","ast-featured-img":"","footer-sml-layout":"","theme-transparent-header-meta":"","adv-header-id-meta":"","stick-header-meta":"","header-above-stick-meta":"","header-main-stick-meta":"","header-below-stick-meta":"","footnotes":""},"categories":[1],"tags":[],"class_list":["post-9160","post","type-post","status-publish","format-standard","hentry","category-uncategorized"],"yoast_head":"<!-- This site is optimized with the Yoast SEO Premium plugin v16.1 (Yoast SEO v18.0) - https:\/\/yoast.com\/wordpress\/plugins\/seo\/ -->\n<title>SindBan discute reajuste de tarifas com administra\u00e7\u00e3o do Semae - Sindban<\/title>\n<meta name=\"robots\" content=\"index, follow, max-snippet:-1, max-image-preview:large, max-video-preview:-1\" \/>\n<link rel=\"canonical\" href=\"https:\/\/bancariosdepiracicaba.com.br\/?p=9160\" \/>\n<meta property=\"og:locale\" content=\"pt_BR\" \/>\n<meta property=\"og:type\" content=\"article\" \/>\n<meta property=\"og:title\" content=\"SindBan discute reajuste de tarifas com administra\u00e7\u00e3o do Semae - Sindban\" \/>\n<meta property=\"og:description\" content=\"Nesta segunda-feira (24), o presidente do Sindicato dos Banc\u00e1rios de Piracicaba (Sindban), o vereador Jos\u00e9 Antonio Fernandes Paiva, participou com a plen\u00e1ria do Conselho de Entidades Sindicais de Piracicaba (Conespi) de reuni\u00e3o realizada na sede do Servi\u00e7o Municipal de \u00e1gua e Esgoto (Semae), a fim de tratar da quest\u00e3o do reajuste das taxas do servi\u00e7o &hellip; SindBan discute reajuste de tarifas com administra\u00e7\u00e3o do Semae Leia mais &raquo;\" \/>\n<meta property=\"og:url\" content=\"https:\/\/bancariosdepiracicaba.com.br\/?p=9160\" \/>\n<meta property=\"og:site_name\" content=\"Sindban\" \/>\n<meta property=\"article:published_time\" content=\"2021-07-23T21:17:42+00:00\" \/>\n<meta name=\"twitter:card\" content=\"summary_large_image\" \/>\n<meta name=\"twitter:label1\" content=\"Escrito por\" \/>\n\t<meta name=\"twitter:data1\" content=\"admin\" \/>\n\t<meta name=\"twitter:label2\" content=\"Est. tempo de leitura\" \/>\n\t<meta name=\"twitter:data2\" content=\"2 minutos\" \/>\n<script type=\"application\/ld+json\" class=\"yoast-schema-graph\">{\"@context\":\"https:\/\/schema.org\",\"@graph\":[{\"@type\":\"Organization\",\"@id\":\"https:\/\/bancariosdepiracicaba.com.br\/#organization\",\"name\":\"Sindban\",\"url\":\"https:\/\/bancariosdepiracicaba.com.br\/\",\"sameAs\":[],\"logo\":{\"@type\":\"ImageObject\",\"@id\":\"https:\/\/bancariosdepiracicaba.com.br\/#logo\",\"inLanguage\":\"pt-BR\",\"url\":\"https:\/\/site.bancariosdepiracicaba.com.br\/wp-content\/uploads\/2021\/04\/cropped-Asset-2.png\",\"contentUrl\":\"https:\/\/site.bancariosdepiracicaba.com.br\/wp-content\/uploads\/2021\/04\/cropped-Asset-2.png\",\"width\":512,\"height\":512,\"caption\":\"Sindban\"},\"image\":{\"@id\":\"https:\/\/bancariosdepiracicaba.com.br\/#logo\"}},{\"@type\":\"WebSite\",\"@id\":\"https:\/\/bancariosdepiracicaba.com.br\/#website\",\"url\":\"https:\/\/bancariosdepiracicaba.com.br\/\",\"name\":\"Sindban\",\"description\":\"Desenvolvimento\",\"publisher\":{\"@id\":\"https:\/\/bancariosdepiracicaba.com.br\/#organization\"},\"potentialAction\":[{\"@type\":\"SearchAction\",\"target\":{\"@type\":\"EntryPoint\",\"urlTemplate\":\"https:\/\/bancariosdepiracicaba.com.br\/?s={search_term_string}\"},\"query-input\":\"required name=search_term_string\"}],\"inLanguage\":\"pt-BR\"},{\"@type\":\"WebPage\",\"@id\":\"https:\/\/bancariosdepiracicaba.com.br\/?p=9160#webpage\",\"url\":\"https:\/\/bancariosdepiracicaba.com.br\/?p=9160\",\"name\":\"SindBan discute reajuste de tarifas com administra\u00e7\u00e3o do Semae - Sindban\",\"isPartOf\":{\"@id\":\"https:\/\/bancariosdepiracicaba.com.br\/#website\"},\"datePublished\":\"2021-07-23T21:17:42+00:00\",\"dateModified\":\"2021-07-23T21:17:42+00:00\",\"breadcrumb\":{\"@id\":\"https:\/\/bancariosdepiracicaba.com.br\/?p=9160#breadcrumb\"},\"inLanguage\":\"pt-BR\",\"potentialAction\":[{\"@type\":\"ReadAction\",\"target\":[\"https:\/\/bancariosdepiracicaba.com.br\/?p=9160\"]}]},{\"@type\":\"BreadcrumbList\",\"@id\":\"https:\/\/bancariosdepiracicaba.com.br\/?p=9160#breadcrumb\",\"itemListElement\":[{\"@type\":\"ListItem\",\"position\":1,\"name\":\"Home\",\"item\":\"https:\/\/bancariosdepiracicaba.com.br\/\"},{\"@type\":\"ListItem\",\"position\":2,\"name\":\"SindBan discute reajuste de tarifas com administra\u00e7\u00e3o do Semae\"}]},{\"@type\":\"Article\",\"@id\":\"https:\/\/bancariosdepiracicaba.com.br\/?p=9160#article\",\"isPartOf\":{\"@id\":\"https:\/\/bancariosdepiracicaba.com.br\/?p=9160#webpage\"},\"author\":{\"@id\":\"https:\/\/bancariosdepiracicaba.com.br\/#\/schema\/person\/6a12c780fc145ea2c9af09989ee600b0\"},\"headline\":\"SindBan discute reajuste de tarifas com administra\u00e7\u00e3o do Semae\",\"datePublished\":\"2021-07-23T21:17:42+00:00\",\"dateModified\":\"2021-07-23T21:17:42+00:00\",\"mainEntityOfPage\":{\"@id\":\"https:\/\/bancariosdepiracicaba.com.br\/?p=9160#webpage\"},\"wordCount\":344,\"commentCount\":0,\"publisher\":{\"@id\":\"https:\/\/bancariosdepiracicaba.com.br\/#organization\"},\"articleSection\":[\"Uncategorized\"],\"inLanguage\":\"pt-BR\",\"potentialAction\":[{\"@type\":\"CommentAction\",\"name\":\"Comment\",\"target\":[\"https:\/\/bancariosdepiracicaba.com.br\/?p=9160#respond\"]}]},{\"@type\":\"Person\",\"@id\":\"https:\/\/bancariosdepiracicaba.com.br\/#\/schema\/person\/6a12c780fc145ea2c9af09989ee600b0\",\"name\":\"admin\",\"image\":{\"@type\":\"ImageObject\",\"@id\":\"https:\/\/bancariosdepiracicaba.com.br\/#personlogo\",\"inLanguage\":\"pt-BR\",\"url\":\"https:\/\/secure.gravatar.com\/avatar\/3a05e74c6579e68209676cb5cb64e0918f288da7a49210fa18d6e9cac1189840?s=96&d=mm&r=g\",\"contentUrl\":\"https:\/\/secure.gravatar.com\/avatar\/3a05e74c6579e68209676cb5cb64e0918f288da7a49210fa18d6e9cac1189840?s=96&d=mm&r=g\",\"caption\":\"admin\"},\"sameAs\":[\"https:\/\/site.bancariosdepiracicaba.com.br\"],\"url\":\"https:\/\/bancariosdepiracicaba.com.br\/?author=1\"}]}<\/script>\n<!-- \/ Yoast SEO Premium plugin. -->","yoast_head_json":{"title":"SindBan discute reajuste de tarifas com administra\u00e7\u00e3o do Semae - Sindban","robots":{"index":"index","follow":"follow","max-snippet":"max-snippet:-1","max-image-preview":"max-image-preview:large","max-video-preview":"max-video-preview:-1"},"canonical":"https:\/\/bancariosdepiracicaba.com.br\/?p=9160","og_locale":"pt_BR","og_type":"article","og_title":"SindBan discute reajuste de tarifas com administra\u00e7\u00e3o do Semae - Sindban","og_description":"Nesta segunda-feira (24), o presidente do Sindicato dos Banc\u00e1rios de Piracicaba (Sindban), o vereador Jos\u00e9 Antonio Fernandes Paiva, participou com a plen\u00e1ria do Conselho de Entidades Sindicais de Piracicaba (Conespi) de reuni\u00e3o realizada na sede do Servi\u00e7o Municipal de \u00e1gua e Esgoto (Semae), a fim de tratar da quest\u00e3o do reajuste das taxas do servi\u00e7o &hellip; SindBan discute reajuste de tarifas com administra\u00e7\u00e3o do Semae Leia mais &raquo;","og_url":"https:\/\/bancariosdepiracicaba.com.br\/?p=9160","og_site_name":"Sindban","article_published_time":"2021-07-23T21:17:42+00:00","twitter_card":"summary_large_image","twitter_misc":{"Escrito por":"admin","Est. tempo de leitura":"2 minutos"},"schema":{"@context":"https:\/\/schema.org","@graph":[{"@type":"Organization","@id":"https:\/\/bancariosdepiracicaba.com.br\/#organization","name":"Sindban","url":"https:\/\/bancariosdepiracicaba.com.br\/","sameAs":[],"logo":{"@type":"ImageObject","@id":"https:\/\/bancariosdepiracicaba.com.br\/#logo","inLanguage":"pt-BR","url":"https:\/\/site.bancariosdepiracicaba.com.br\/wp-content\/uploads\/2021\/04\/cropped-Asset-2.png","contentUrl":"https:\/\/site.bancariosdepiracicaba.com.br\/wp-content\/uploads\/2021\/04\/cropped-Asset-2.png","width":512,"height":512,"caption":"Sindban"},"image":{"@id":"https:\/\/bancariosdepiracicaba.com.br\/#logo"}},{"@type":"WebSite","@id":"https:\/\/bancariosdepiracicaba.com.br\/#website","url":"https:\/\/bancariosdepiracicaba.com.br\/","name":"Sindban","description":"Desenvolvimento","publisher":{"@id":"https:\/\/bancariosdepiracicaba.com.br\/#organization"},"potentialAction":[{"@type":"SearchAction","target":{"@type":"EntryPoint","urlTemplate":"https:\/\/bancariosdepiracicaba.com.br\/?s={search_term_string}"},"query-input":"required name=search_term_string"}],"inLanguage":"pt-BR"},{"@type":"WebPage","@id":"https:\/\/bancariosdepiracicaba.com.br\/?p=9160#webpage","url":"https:\/\/bancariosdepiracicaba.com.br\/?p=9160","name":"SindBan discute reajuste de tarifas com administra\u00e7\u00e3o do Semae - Sindban","isPartOf":{"@id":"https:\/\/bancariosdepiracicaba.com.br\/#website"},"datePublished":"2021-07-23T21:17:42+00:00","dateModified":"2021-07-23T21:17:42+00:00","breadcrumb":{"@id":"https:\/\/bancariosdepiracicaba.com.br\/?p=9160#breadcrumb"},"inLanguage":"pt-BR","potentialAction":[{"@type":"ReadAction","target":["https:\/\/bancariosdepiracicaba.com.br\/?p=9160"]}]},{"@type":"BreadcrumbList","@id":"https:\/\/bancariosdepiracicaba.com.br\/?p=9160#breadcrumb","itemListElement":[{"@type":"ListItem","position":1,"name":"Home","item":"https:\/\/bancariosdepiracicaba.com.br\/"},{"@type":"ListItem","position":2,"name":"SindBan discute reajuste de tarifas com administra\u00e7\u00e3o do Semae"}]},{"@type":"Article","@id":"https:\/\/bancariosdepiracicaba.com.br\/?p=9160#article","isPartOf":{"@id":"https:\/\/bancariosdepiracicaba.com.br\/?p=9160#webpage"},"author":{"@id":"https:\/\/bancariosdepiracicaba.com.br\/#\/schema\/person\/6a12c780fc145ea2c9af09989ee600b0"},"headline":"SindBan discute reajuste de tarifas com administra\u00e7\u00e3o do Semae","datePublished":"2021-07-23T21:17:42+00:00","dateModified":"2021-07-23T21:17:42+00:00","mainEntityOfPage":{"@id":"https:\/\/bancariosdepiracicaba.com.br\/?p=9160#webpage"},"wordCount":344,"commentCount":0,"publisher":{"@id":"https:\/\/bancariosdepiracicaba.com.br\/#organization"},"articleSection":["Uncategorized"],"inLanguage":"pt-BR","potentialAction":[{"@type":"CommentAction","name":"Comment","target":["https:\/\/bancariosdepiracicaba.com.br\/?p=9160#respond"]}]},{"@type":"Person","@id":"https:\/\/bancariosdepiracicaba.com.br\/#\/schema\/person\/6a12c780fc145ea2c9af09989ee600b0","name":"admin","image":{"@type":"ImageObject","@id":"https:\/\/bancariosdepiracicaba.com.br\/#personlogo","inLanguage":"pt-BR","url":"https:\/\/secure.gravatar.com\/avatar\/3a05e74c6579e68209676cb5cb64e0918f288da7a49210fa18d6e9cac1189840?s=96&d=mm&r=g","contentUrl":"https:\/\/secure.gravatar.com\/avatar\/3a05e74c6579e68209676cb5cb64e0918f288da7a49210fa18d6e9cac1189840?s=96&d=mm&r=g","caption":"admin"},"sameAs":["https:\/\/site.bancariosdepiracicaba.com.br"],"url":"https:\/\/bancariosdepiracicaba.com.br\/?author=1"}]}},"_links":{"self":[{"href":"https:\/\/bancariosdepiracicaba.com.br\/index.php?rest_route=\/wp\/v2\/posts\/9160","targetHints":{"allow":["GET"]}}],"collection":[{"href":"https:\/\/bancariosdepiracicaba.com.br\/index.php?rest_route=\/wp\/v2\/posts"}],"about":[{"href":"https:\/\/bancariosdepiracicaba.com.br\/index.php?rest_route=\/wp\/v2\/types\/post"}],"author":[{"embeddable":true,"href":"https:\/\/bancariosdepiracicaba.com.br\/index.php?rest_route=\/wp\/v2\/users\/1"}],"replies":[{"embeddable":true,"href":"https:\/\/bancariosdepiracicaba.com.br\/index.php?rest_route=%2Fwp%2Fv2%2Fcomments&post=9160"}],"version-history":[{"count":0,"href":"https:\/\/bancariosdepiracicaba.com.br\/index.php?rest_route=\/wp\/v2\/posts\/9160\/revisions"}],"wp:attachment":[{"href":"https:\/\/bancariosdepiracicaba.com.br\/index.php?rest_route=%2Fwp%2Fv2%2Fmedia&parent=9160"}],"wp:term":[{"taxonomy":"category","embeddable":true,"href":"https:\/\/bancariosdepiracicaba.com.br\/index.php?rest_route=%2Fwp%2Fv2%2Fcategories&post=9160"},{"taxonomy":"post_tag","embeddable":true,"href":"https:\/\/bancariosdepiracicaba.com.br\/index.php?rest_route=%2Fwp%2Fv2%2Ftags&post=9160"}],"curies":[{"name":"wp","href":"https:\/\/api.w.org\/{rel}","templated":true}]}}