{"id":9159,"date":"2021-07-23T21:17:39","date_gmt":"2021-07-23T21:17:39","guid":{"rendered":"https:\/\/site.bancariosdepiracicaba.com.br\/2021\/07\/23\/negociacoes-especificas-com-o-bb-comecam-nesta-segunda\/"},"modified":"2021-07-23T21:17:39","modified_gmt":"2021-07-23T21:17:39","slug":"negociacoes-especificas-com-o-bb-comecam-nesta-segunda","status":"publish","type":"post","link":"https:\/\/bancariosdepiracicaba.com.br\/?p=9159","title":{"rendered":"Negocia\u00e7\u00f5es espec\u00edficas com o BB come\u00e7am nesta segunda"},"content":{"rendered":"<p>As negocia\u00e7\u00f5es das reivindica\u00e7\u00f5es espec \u00edficas dos funcion\u00e1rios do Banco do Brasil come\u00e7am na tarde desta segunda-feira (24), com continuidade na ter\u00e7a (25), pela manh\u00e3, na nova sede do banco, em Bras \u00edlia. Ser\u00e3o debatidos os temas: emprego, contrata\u00e7\u00f5es, condi\u00e7\u00f5es de trabalho e sa\u00fade. <\/p>\n<p>Os banc\u00e1rios cobram do BB mais contrata\u00e7\u00f5es e convoca\u00e7\u00e3o de concursados, tanto para reposi\u00e7\u00e3o das vagas do PAI &#8211; Plano de Aposentadoria Incentivada, como para melhorar o atendimento das ag\u00eancias, que tem sofrido bastante com a falta de funcion\u00e1rios.<\/p>\n<p>Nas quest\u00f5es envolvendo a sa\u00fade, ser\u00e3o abordados os problemas referentes \u00e0 assist\u00eancia m\u00e9dica da Cassi e dos funcion\u00e1rios de bancos incorporados, as licen\u00e7as, acidente de trabalho, exames peri\u00f3dicos, melhoria do plano odontol\u00f3gico e os assuntos relativos ao adoecimento dos trabalhadores. <\/p>\n<p>Tamb\u00e9m ser\u00e3o debatidas nesta rodada dupla as condi\u00e7\u00f5es de trabalho dos funcion\u00e1rios, com as reivindica\u00e7\u00f5es sobre melhoria dos locais de trabalho, a quest\u00e3o das metas abusivas e a sua rela\u00e7\u00e3o com o ass\u00e9dio e os descomissionamentos.<\/p>\n<p>Para a coordena\u00e7\u00e3o da Comiss\u00e3o de Empresa dos Funcion\u00e1rios do BB, estas duas reuni\u00f5es ser\u00e3o importantes para se ter ideia da disposi\u00e7\u00e3o do banco em ter uma negocia\u00e7\u00e3o produtiva.<\/p>\n","protected":false},"excerpt":{"rendered":"<p>As negocia\u00e7\u00f5es das reivindica\u00e7\u00f5es espec \u00edficas dos funcion\u00e1rios do Banco do Brasil come\u00e7am na tarde desta segunda-feira (24), com continuidade na ter\u00e7a (25), pela manh\u00e3, na nova sede do banco, em Bras \u00edlia. Ser\u00e3o debatidos os temas: emprego, contrata\u00e7\u00f5es, condi\u00e7\u00f5es de trabalho e sa\u00fade. Os banc\u00e1rios cobram do BB mais contrata\u00e7\u00f5es e convoca\u00e7\u00e3o de concursados, &hellip;<\/p>\n<p class=\"read-more\"> <a class=\"\" href=\"https:\/\/bancariosdepiracicaba.com.br\/?p=9159\"> <span class=\"screen-reader-text\">Negocia\u00e7\u00f5es espec\u00edficas com o BB come\u00e7am nesta segunda<\/span> Leia mais &raquo;<\/a><\/p>\n","protected":false},"author":1,"featured_media":0,"comment_status":"open","ping_status":"open","sticky":false,"template":"","format":"standard","meta":{"site-sidebar-layout":"default","site-content-layout":"default","ast-main-header-display":"","ast-hfb-above-header-display":"","ast-hfb-below-header-display":"","ast-hfb-mobile-header-display":"","site-post-title":"","ast-breadcrumbs-content":"","ast-featured-img":"","footer-sml-layout":"","theme-transparent-header-meta":"","adv-header-id-meta":"","stick-header-meta":"","header-above-stick-meta":"","header-main-stick-meta":"","header-below-stick-meta":"","footnotes":""},"categories":[1],"tags":[],"class_list":["post-9159","post","type-post","status-publish","format-standard","hentry","category-uncategorized"],"yoast_head":"<!-- This site is optimized with the Yoast SEO Premium plugin v16.1 (Yoast SEO v18.0) - https:\/\/yoast.com\/wordpress\/plugins\/seo\/ -->\n<title>Negocia\u00e7\u00f5es espec\u00edficas com o BB come\u00e7am nesta segunda - Sindban<\/title>\n<meta name=\"robots\" content=\"index, follow, max-snippet:-1, max-image-preview:large, max-video-preview:-1\" \/>\n<link rel=\"canonical\" href=\"https:\/\/bancariosdepiracicaba.com.br\/?p=9159\" \/>\n<meta property=\"og:locale\" content=\"pt_BR\" \/>\n<meta property=\"og:type\" content=\"article\" \/>\n<meta property=\"og:title\" content=\"Negocia\u00e7\u00f5es espec\u00edficas com o BB come\u00e7am nesta segunda - Sindban\" \/>\n<meta property=\"og:description\" content=\"As negocia\u00e7\u00f5es das reivindica\u00e7\u00f5es espec \u00edficas dos funcion\u00e1rios do Banco do Brasil come\u00e7am na tarde desta segunda-feira (24), com continuidade na ter\u00e7a (25), pela manh\u00e3, na nova sede do banco, em Bras \u00edlia. Ser\u00e3o debatidos os temas: emprego, contrata\u00e7\u00f5es, condi\u00e7\u00f5es de trabalho e sa\u00fade. Os banc\u00e1rios cobram do BB mais contrata\u00e7\u00f5es e convoca\u00e7\u00e3o de concursados, &hellip; Negocia\u00e7\u00f5es espec\u00edficas com o BB come\u00e7am nesta segunda Leia mais &raquo;\" \/>\n<meta property=\"og:url\" content=\"https:\/\/bancariosdepiracicaba.com.br\/?p=9159\" \/>\n<meta property=\"og:site_name\" content=\"Sindban\" \/>\n<meta property=\"article:published_time\" content=\"2021-07-23T21:17:39+00:00\" \/>\n<meta name=\"twitter:card\" content=\"summary_large_image\" \/>\n<meta name=\"twitter:label1\" content=\"Escrito por\" \/>\n\t<meta name=\"twitter:data1\" content=\"admin\" \/>\n\t<meta name=\"twitter:label2\" content=\"Est. tempo de leitura\" \/>\n\t<meta name=\"twitter:data2\" content=\"1 minuto\" \/>\n<script type=\"application\/ld+json\" class=\"yoast-schema-graph\">{\"@context\":\"https:\/\/schema.org\",\"@graph\":[{\"@type\":\"Organization\",\"@id\":\"https:\/\/bancariosdepiracicaba.com.br\/#organization\",\"name\":\"Sindban\",\"url\":\"https:\/\/bancariosdepiracicaba.com.br\/\",\"sameAs\":[],\"logo\":{\"@type\":\"ImageObject\",\"@id\":\"https:\/\/bancariosdepiracicaba.com.br\/#logo\",\"inLanguage\":\"pt-BR\",\"url\":\"https:\/\/site.bancariosdepiracicaba.com.br\/wp-content\/uploads\/2021\/04\/cropped-Asset-2.png\",\"contentUrl\":\"https:\/\/site.bancariosdepiracicaba.com.br\/wp-content\/uploads\/2021\/04\/cropped-Asset-2.png\",\"width\":512,\"height\":512,\"caption\":\"Sindban\"},\"image\":{\"@id\":\"https:\/\/bancariosdepiracicaba.com.br\/#logo\"}},{\"@type\":\"WebSite\",\"@id\":\"https:\/\/bancariosdepiracicaba.com.br\/#website\",\"url\":\"https:\/\/bancariosdepiracicaba.com.br\/\",\"name\":\"Sindban\",\"description\":\"Desenvolvimento\",\"publisher\":{\"@id\":\"https:\/\/bancariosdepiracicaba.com.br\/#organization\"},\"potentialAction\":[{\"@type\":\"SearchAction\",\"target\":{\"@type\":\"EntryPoint\",\"urlTemplate\":\"https:\/\/bancariosdepiracicaba.com.br\/?s={search_term_string}\"},\"query-input\":\"required name=search_term_string\"}],\"inLanguage\":\"pt-BR\"},{\"@type\":\"WebPage\",\"@id\":\"https:\/\/bancariosdepiracicaba.com.br\/?p=9159#webpage\",\"url\":\"https:\/\/bancariosdepiracicaba.com.br\/?p=9159\",\"name\":\"Negocia\u00e7\u00f5es espec\u00edficas com o BB come\u00e7am nesta segunda - Sindban\",\"isPartOf\":{\"@id\":\"https:\/\/bancariosdepiracicaba.com.br\/#website\"},\"datePublished\":\"2021-07-23T21:17:39+00:00\",\"dateModified\":\"2021-07-23T21:17:39+00:00\",\"breadcrumb\":{\"@id\":\"https:\/\/bancariosdepiracicaba.com.br\/?p=9159#breadcrumb\"},\"inLanguage\":\"pt-BR\",\"potentialAction\":[{\"@type\":\"ReadAction\",\"target\":[\"https:\/\/bancariosdepiracicaba.com.br\/?p=9159\"]}]},{\"@type\":\"BreadcrumbList\",\"@id\":\"https:\/\/bancariosdepiracicaba.com.br\/?p=9159#breadcrumb\",\"itemListElement\":[{\"@type\":\"ListItem\",\"position\":1,\"name\":\"Home\",\"item\":\"https:\/\/bancariosdepiracicaba.com.br\/\"},{\"@type\":\"ListItem\",\"position\":2,\"name\":\"Negocia\u00e7\u00f5es espec\u00edficas com o BB come\u00e7am nesta segunda\"}]},{\"@type\":\"Article\",\"@id\":\"https:\/\/bancariosdepiracicaba.com.br\/?p=9159#article\",\"isPartOf\":{\"@id\":\"https:\/\/bancariosdepiracicaba.com.br\/?p=9159#webpage\"},\"author\":{\"@id\":\"https:\/\/bancariosdepiracicaba.com.br\/#\/schema\/person\/6a12c780fc145ea2c9af09989ee600b0\"},\"headline\":\"Negocia\u00e7\u00f5es espec\u00edficas com o BB come\u00e7am nesta segunda\",\"datePublished\":\"2021-07-23T21:17:39+00:00\",\"dateModified\":\"2021-07-23T21:17:39+00:00\",\"mainEntityOfPage\":{\"@id\":\"https:\/\/bancariosdepiracicaba.com.br\/?p=9159#webpage\"},\"wordCount\":235,\"commentCount\":0,\"publisher\":{\"@id\":\"https:\/\/bancariosdepiracicaba.com.br\/#organization\"},\"articleSection\":[\"Uncategorized\"],\"inLanguage\":\"pt-BR\",\"potentialAction\":[{\"@type\":\"CommentAction\",\"name\":\"Comment\",\"target\":[\"https:\/\/bancariosdepiracicaba.com.br\/?p=9159#respond\"]}]},{\"@type\":\"Person\",\"@id\":\"https:\/\/bancariosdepiracicaba.com.br\/#\/schema\/person\/6a12c780fc145ea2c9af09989ee600b0\",\"name\":\"admin\",\"image\":{\"@type\":\"ImageObject\",\"@id\":\"https:\/\/bancariosdepiracicaba.com.br\/#personlogo\",\"inLanguage\":\"pt-BR\",\"url\":\"https:\/\/secure.gravatar.com\/avatar\/3a05e74c6579e68209676cb5cb64e0918f288da7a49210fa18d6e9cac1189840?s=96&d=mm&r=g\",\"contentUrl\":\"https:\/\/secure.gravatar.com\/avatar\/3a05e74c6579e68209676cb5cb64e0918f288da7a49210fa18d6e9cac1189840?s=96&d=mm&r=g\",\"caption\":\"admin\"},\"sameAs\":[\"https:\/\/site.bancariosdepiracicaba.com.br\"],\"url\":\"https:\/\/bancariosdepiracicaba.com.br\/?author=1\"}]}<\/script>\n<!-- \/ Yoast SEO Premium plugin. -->","yoast_head_json":{"title":"Negocia\u00e7\u00f5es espec\u00edficas com o BB come\u00e7am nesta segunda - Sindban","robots":{"index":"index","follow":"follow","max-snippet":"max-snippet:-1","max-image-preview":"max-image-preview:large","max-video-preview":"max-video-preview:-1"},"canonical":"https:\/\/bancariosdepiracicaba.com.br\/?p=9159","og_locale":"pt_BR","og_type":"article","og_title":"Negocia\u00e7\u00f5es espec\u00edficas com o BB come\u00e7am nesta segunda - Sindban","og_description":"As negocia\u00e7\u00f5es das reivindica\u00e7\u00f5es espec \u00edficas dos funcion\u00e1rios do Banco do Brasil come\u00e7am na tarde desta segunda-feira (24), com continuidade na ter\u00e7a (25), pela manh\u00e3, na nova sede do banco, em Bras \u00edlia. Ser\u00e3o debatidos os temas: emprego, contrata\u00e7\u00f5es, condi\u00e7\u00f5es de trabalho e sa\u00fade. Os banc\u00e1rios cobram do BB mais contrata\u00e7\u00f5es e convoca\u00e7\u00e3o de concursados, &hellip; Negocia\u00e7\u00f5es espec\u00edficas com o BB come\u00e7am nesta segunda Leia mais &raquo;","og_url":"https:\/\/bancariosdepiracicaba.com.br\/?p=9159","og_site_name":"Sindban","article_published_time":"2021-07-23T21:17:39+00:00","twitter_card":"summary_large_image","twitter_misc":{"Escrito por":"admin","Est. tempo de leitura":"1 minuto"},"schema":{"@context":"https:\/\/schema.org","@graph":[{"@type":"Organization","@id":"https:\/\/bancariosdepiracicaba.com.br\/#organization","name":"Sindban","url":"https:\/\/bancariosdepiracicaba.com.br\/","sameAs":[],"logo":{"@type":"ImageObject","@id":"https:\/\/bancariosdepiracicaba.com.br\/#logo","inLanguage":"pt-BR","url":"https:\/\/site.bancariosdepiracicaba.com.br\/wp-content\/uploads\/2021\/04\/cropped-Asset-2.png","contentUrl":"https:\/\/site.bancariosdepiracicaba.com.br\/wp-content\/uploads\/2021\/04\/cropped-Asset-2.png","width":512,"height":512,"caption":"Sindban"},"image":{"@id":"https:\/\/bancariosdepiracicaba.com.br\/#logo"}},{"@type":"WebSite","@id":"https:\/\/bancariosdepiracicaba.com.br\/#website","url":"https:\/\/bancariosdepiracicaba.com.br\/","name":"Sindban","description":"Desenvolvimento","publisher":{"@id":"https:\/\/bancariosdepiracicaba.com.br\/#organization"},"potentialAction":[{"@type":"SearchAction","target":{"@type":"EntryPoint","urlTemplate":"https:\/\/bancariosdepiracicaba.com.br\/?s={search_term_string}"},"query-input":"required name=search_term_string"}],"inLanguage":"pt-BR"},{"@type":"WebPage","@id":"https:\/\/bancariosdepiracicaba.com.br\/?p=9159#webpage","url":"https:\/\/bancariosdepiracicaba.com.br\/?p=9159","name":"Negocia\u00e7\u00f5es espec\u00edficas com o BB come\u00e7am nesta segunda - Sindban","isPartOf":{"@id":"https:\/\/bancariosdepiracicaba.com.br\/#website"},"datePublished":"2021-07-23T21:17:39+00:00","dateModified":"2021-07-23T21:17:39+00:00","breadcrumb":{"@id":"https:\/\/bancariosdepiracicaba.com.br\/?p=9159#breadcrumb"},"inLanguage":"pt-BR","potentialAction":[{"@type":"ReadAction","target":["https:\/\/bancariosdepiracicaba.com.br\/?p=9159"]}]},{"@type":"BreadcrumbList","@id":"https:\/\/bancariosdepiracicaba.com.br\/?p=9159#breadcrumb","itemListElement":[{"@type":"ListItem","position":1,"name":"Home","item":"https:\/\/bancariosdepiracicaba.com.br\/"},{"@type":"ListItem","position":2,"name":"Negocia\u00e7\u00f5es espec\u00edficas com o BB come\u00e7am nesta segunda"}]},{"@type":"Article","@id":"https:\/\/bancariosdepiracicaba.com.br\/?p=9159#article","isPartOf":{"@id":"https:\/\/bancariosdepiracicaba.com.br\/?p=9159#webpage"},"author":{"@id":"https:\/\/bancariosdepiracicaba.com.br\/#\/schema\/person\/6a12c780fc145ea2c9af09989ee600b0"},"headline":"Negocia\u00e7\u00f5es espec\u00edficas com o BB come\u00e7am nesta segunda","datePublished":"2021-07-23T21:17:39+00:00","dateModified":"2021-07-23T21:17:39+00:00","mainEntityOfPage":{"@id":"https:\/\/bancariosdepiracicaba.com.br\/?p=9159#webpage"},"wordCount":235,"commentCount":0,"publisher":{"@id":"https:\/\/bancariosdepiracicaba.com.br\/#organization"},"articleSection":["Uncategorized"],"inLanguage":"pt-BR","potentialAction":[{"@type":"CommentAction","name":"Comment","target":["https:\/\/bancariosdepiracicaba.com.br\/?p=9159#respond"]}]},{"@type":"Person","@id":"https:\/\/bancariosdepiracicaba.com.br\/#\/schema\/person\/6a12c780fc145ea2c9af09989ee600b0","name":"admin","image":{"@type":"ImageObject","@id":"https:\/\/bancariosdepiracicaba.com.br\/#personlogo","inLanguage":"pt-BR","url":"https:\/\/secure.gravatar.com\/avatar\/3a05e74c6579e68209676cb5cb64e0918f288da7a49210fa18d6e9cac1189840?s=96&d=mm&r=g","contentUrl":"https:\/\/secure.gravatar.com\/avatar\/3a05e74c6579e68209676cb5cb64e0918f288da7a49210fa18d6e9cac1189840?s=96&d=mm&r=g","caption":"admin"},"sameAs":["https:\/\/site.bancariosdepiracicaba.com.br"],"url":"https:\/\/bancariosdepiracicaba.com.br\/?author=1"}]}},"_links":{"self":[{"href":"https:\/\/bancariosdepiracicaba.com.br\/index.php?rest_route=\/wp\/v2\/posts\/9159","targetHints":{"allow":["GET"]}}],"collection":[{"href":"https:\/\/bancariosdepiracicaba.com.br\/index.php?rest_route=\/wp\/v2\/posts"}],"about":[{"href":"https:\/\/bancariosdepiracicaba.com.br\/index.php?rest_route=\/wp\/v2\/types\/post"}],"author":[{"embeddable":true,"href":"https:\/\/bancariosdepiracicaba.com.br\/index.php?rest_route=\/wp\/v2\/users\/1"}],"replies":[{"embeddable":true,"href":"https:\/\/bancariosdepiracicaba.com.br\/index.php?rest_route=%2Fwp%2Fv2%2Fcomments&post=9159"}],"version-history":[{"count":0,"href":"https:\/\/bancariosdepiracicaba.com.br\/index.php?rest_route=\/wp\/v2\/posts\/9159\/revisions"}],"wp:attachment":[{"href":"https:\/\/bancariosdepiracicaba.com.br\/index.php?rest_route=%2Fwp%2Fv2%2Fmedia&parent=9159"}],"wp:term":[{"taxonomy":"category","embeddable":true,"href":"https:\/\/bancariosdepiracicaba.com.br\/index.php?rest_route=%2Fwp%2Fv2%2Fcategories&post=9159"},{"taxonomy":"post_tag","embeddable":true,"href":"https:\/\/bancariosdepiracicaba.com.br\/index.php?rest_route=%2Fwp%2Fv2%2Ftags&post=9159"}],"curies":[{"name":"wp","href":"https:\/\/api.w.org\/{rel}","templated":true}]}}