{"id":9157,"date":"2021-07-23T21:17:37","date_gmt":"2021-07-23T21:17:37","guid":{"rendered":"https:\/\/site.bancariosdepiracicaba.com.br\/2021\/07\/23\/santander-e-obrigada-a-reintegrar-e-indenizar-trabalhador-com-doenca-ocupacional\/"},"modified":"2021-07-26T19:27:10","modified_gmt":"2021-07-26T19:27:10","slug":"santander-e-obrigada-a-reintegrar-e-indenizar-trabalhador-com-doenca-ocupacional","status":"publish","type":"post","link":"https:\/\/bancariosdepiracicaba.com.br\/?p=9157","title":{"rendered":"Santander \u00e9 obrigada a reintegrar e indenizar trabalhador com doen\u00e7a ocupacional"},"content":{"rendered":"<p>A 2&ordf; Vara do Trabalho de Porto Velho\/RO (TRT 14) condenou o Santander a reintegrar, imediatamente, um banc\u00e1rio com doen\u00e7a ocupacional, ocasionada pelas atividades exercidas no banco. O banc\u00e1rio tinha sido demitido no dia 5 de agosto de 2019. A decis\u00e3o tamb\u00e9m imp\u00f4s ao banco o pagamento de indeniza\u00e7\u00e3o no valor de R$ 30 mil a t \u00edtulo de danos morais. Em caso de descumprimento da decis\u00e3o, o banco est\u00e1 sujeito \u00e0 multa di\u00e1ria de R$ 1 mil.<\/p>\n<p>A senten\u00e7a confirma a antecipa\u00e7\u00e3o de tutela que j\u00e1 havia determinado a reintegra\u00e7\u00e3o. O banc\u00e1rio trabalha h\u00e1 mais de 30 anos no banco, exercendo in\u00fameras fun\u00e7\u00f5es banc\u00e1rias, tempo que o tornou portador de s \u00edndrome do manguito rotador, s \u00edndrome do t\u00fanel do carpo, epicondilite lateral e medial bilateralmente, informa o Sindicato dos Banc\u00e1rios de Rond\u00f4nia em nota publicada em seu site.<\/p>\n<p> \u201c;Portanto, reputo configurado o nexo entre as enfermidades da parte obreira e as condi\u00e7\u00f5es de trabalho, atribuindo \u00e0 reclamada a culpa por elas, raz\u00e3o pela qual torno definitiva a decis\u00e3o em antecipa\u00e7\u00e3o de tutela que determinou a reintegra\u00e7\u00e3o do trabalhador aos servi\u00e7os, declarando, por conseguinte, nula a sua dispensa em 05\/08\/2019, nos termos do artigo 9\u00ba da CLT. A reclamada dever\u00e1 pagar sal\u00e1rios vencidos e vincendos e todas as demais parcelas legais e provenientes de normas aut\u00f4nomas (ACT\/CCT) relacionadas ao v \u00ednculo de emprego ora restabelecido. Al\u00e9m disso, em decorr\u00eancia, determino que a parte obreira seja lotada na empresa banc\u00e1ria em setor que permita sua readapta\u00e7\u00e3o e recupera\u00e7\u00e3o da sa\u00fade, devendo a reclamada se abster de atribuir ao trabalhador atividade que implique em  \u201c;atividades com sobrecarga de movimentos repetitivos em membros superiores \u201c;, menciona o magistrado em sua senten\u00e7a.<\/p>\n<p>Reincid\u00eancia<\/p>\n<p> \u201c;O banco \u00e9 reincidente nestes casos. Isso demonstra que a institui\u00e7\u00e3o n\u00e3o reconhece devidamente os esfor\u00e7os que seus funcion\u00e1rios realizam no desempenho de suas fun\u00e7\u00f5es \u201c;, observou o secret\u00e1rio de Assuntos Socioecon\u00f4micos e representante da Confedera\u00e7\u00e3o Nacional dos Trabalhadores do Ramo Financeiro (Contraf-CUT) nas negocia\u00e7\u00f5es com o Santander, Mario Raia.  \u201c;Isso \u00e9 lament\u00e1vel. Faz com que, muitos funcion\u00e1rios, com medo de serem demitidos, continuem trabalhando mesmo n\u00e3o tendo condi\u00e7\u00f5es de trabalho \u201c;, criticou o dirigente.<\/p>\n<p>No dia 22 de outubro, ag\u00eancias do Santander de Campos de Goytacazes, no Rio de Janeiro, tiveram suas atividades parcialmente paralisadas pelo sindicato dos banc\u00e1rios local, em protesto pela demiss\u00e3o de funcion\u00e1rio que est\u00e1 com a m\u00e3e internada, em coma, faz tr\u00eas meses. O banco alegou baixa produtividade.<\/p>\n<p>Dias antes (16\/10), na Para \u00edba, o banco havia sido obrigado a reintegrar banc\u00e1ria demitida no dia do retorno ao trabalho, ap\u00f3s afastamento para tratamento de l\u00fapus.<\/p>\n<p> \u201c;Vemos que a pol \u00edtica do Banco Santander n\u00e3o tem evolu \u00eddo e tem sido a mesma em todo o pa \u00eds. O Santander j\u00e1 foi at\u00e9 condenado a pagar indeniza\u00e7\u00e3o de R$ 274 milh\u00f5es por dano moral coletivo, por exigir o cumprimento de metas abusivas, que elevaram o\u00edndice de adoecimento mental em fun\u00e7\u00e3o do trabalho \u201c;, comentou a vice-presidente do SindBan, Angela Savian.  \u201c;Mas, mesmo sendo multado, o banco n\u00e3o se corrige. A pr\u00e1tica continua sendo comum. As leis e os trabalhadores brasileiros parecem n\u00e3o valer nada para o banco espanhol. Pensam que podem fazer o que quiserem aqui \u201c;, completou.<\/p>\n","protected":false},"excerpt":{"rendered":"<p>A 2&ordf; Vara do Trabalho de Porto Velho\/RO (TRT 14) condenou o Santander a reintegrar, imediatamente, um banc\u00e1rio com doen\u00e7a ocupacional, ocasionada pelas atividades exercidas no banco. O banc\u00e1rio tinha sido demitido no dia 5 de agosto de 2019. A decis\u00e3o tamb\u00e9m imp\u00f4s ao banco o pagamento de indeniza\u00e7\u00e3o no valor de R$ 30 mil &hellip;<\/p>\n<p class=\"read-more\"> <a class=\"\" href=\"https:\/\/bancariosdepiracicaba.com.br\/?p=9157\"> <span class=\"screen-reader-text\">Santander \u00e9 obrigada a reintegrar e indenizar trabalhador com doen\u00e7a ocupacional<\/span> Leia mais &raquo;<\/a><\/p>\n","protected":false},"author":1,"featured_media":0,"comment_status":"open","ping_status":"open","sticky":false,"template":"","format":"standard","meta":{"site-sidebar-layout":"default","site-content-layout":"default","ast-main-header-display":"","ast-hfb-above-header-display":"","ast-hfb-below-header-display":"","ast-hfb-mobile-header-display":"","site-post-title":"","ast-breadcrumbs-content":"","ast-featured-img":"","footer-sml-layout":"","theme-transparent-header-meta":"","adv-header-id-meta":"","stick-header-meta":"","header-above-stick-meta":"","header-main-stick-meta":"","header-below-stick-meta":"","footnotes":""},"categories":[16,1],"tags":[],"class_list":["post-9157","post","type-post","status-publish","format-standard","hentry","category-santander","category-uncategorized"],"yoast_head":"<!-- This site is optimized with the Yoast SEO Premium plugin v16.1 (Yoast SEO v18.0) - https:\/\/yoast.com\/wordpress\/plugins\/seo\/ -->\n<title>Santander \u00e9 obrigada a reintegrar e indenizar trabalhador com doen\u00e7a ocupacional - Sindban<\/title>\n<meta name=\"robots\" content=\"index, follow, max-snippet:-1, max-image-preview:large, max-video-preview:-1\" \/>\n<link rel=\"canonical\" href=\"https:\/\/bancariosdepiracicaba.com.br\/?p=9157\" \/>\n<meta property=\"og:locale\" content=\"pt_BR\" \/>\n<meta property=\"og:type\" content=\"article\" \/>\n<meta property=\"og:title\" content=\"Santander \u00e9 obrigada a reintegrar e indenizar trabalhador com doen\u00e7a ocupacional - Sindban\" \/>\n<meta property=\"og:description\" content=\"A 2&ordf; Vara do Trabalho de Porto Velho\/RO (TRT 14) condenou o Santander a reintegrar, imediatamente, um banc\u00e1rio com doen\u00e7a ocupacional, ocasionada pelas atividades exercidas no banco. O banc\u00e1rio tinha sido demitido no dia 5 de agosto de 2019. A decis\u00e3o tamb\u00e9m imp\u00f4s ao banco o pagamento de indeniza\u00e7\u00e3o no valor de R$ 30 mil &hellip; Santander \u00e9 obrigada a reintegrar e indenizar trabalhador com doen\u00e7a ocupacional Leia mais &raquo;\" \/>\n<meta property=\"og:url\" content=\"https:\/\/bancariosdepiracicaba.com.br\/?p=9157\" \/>\n<meta property=\"og:site_name\" content=\"Sindban\" \/>\n<meta property=\"article:published_time\" content=\"2021-07-23T21:17:37+00:00\" \/>\n<meta property=\"article:modified_time\" content=\"2021-07-26T19:27:10+00:00\" \/>\n<meta name=\"twitter:card\" content=\"summary_large_image\" \/>\n<meta name=\"twitter:label1\" content=\"Escrito por\" \/>\n\t<meta name=\"twitter:data1\" content=\"admin\" \/>\n\t<meta name=\"twitter:label2\" content=\"Est. tempo de leitura\" \/>\n\t<meta name=\"twitter:data2\" content=\"3 minutos\" \/>\n<script type=\"application\/ld+json\" class=\"yoast-schema-graph\">{\"@context\":\"https:\/\/schema.org\",\"@graph\":[{\"@type\":\"Organization\",\"@id\":\"https:\/\/bancariosdepiracicaba.com.br\/#organization\",\"name\":\"Sindban\",\"url\":\"https:\/\/bancariosdepiracicaba.com.br\/\",\"sameAs\":[],\"logo\":{\"@type\":\"ImageObject\",\"@id\":\"https:\/\/bancariosdepiracicaba.com.br\/#logo\",\"inLanguage\":\"pt-BR\",\"url\":\"https:\/\/site.bancariosdepiracicaba.com.br\/wp-content\/uploads\/2021\/04\/cropped-Asset-2.png\",\"contentUrl\":\"https:\/\/site.bancariosdepiracicaba.com.br\/wp-content\/uploads\/2021\/04\/cropped-Asset-2.png\",\"width\":512,\"height\":512,\"caption\":\"Sindban\"},\"image\":{\"@id\":\"https:\/\/bancariosdepiracicaba.com.br\/#logo\"}},{\"@type\":\"WebSite\",\"@id\":\"https:\/\/bancariosdepiracicaba.com.br\/#website\",\"url\":\"https:\/\/bancariosdepiracicaba.com.br\/\",\"name\":\"Sindban\",\"description\":\"Desenvolvimento\",\"publisher\":{\"@id\":\"https:\/\/bancariosdepiracicaba.com.br\/#organization\"},\"potentialAction\":[{\"@type\":\"SearchAction\",\"target\":{\"@type\":\"EntryPoint\",\"urlTemplate\":\"https:\/\/bancariosdepiracicaba.com.br\/?s={search_term_string}\"},\"query-input\":\"required name=search_term_string\"}],\"inLanguage\":\"pt-BR\"},{\"@type\":\"WebPage\",\"@id\":\"https:\/\/bancariosdepiracicaba.com.br\/?p=9157#webpage\",\"url\":\"https:\/\/bancariosdepiracicaba.com.br\/?p=9157\",\"name\":\"Santander \u00e9 obrigada a reintegrar e indenizar trabalhador com doen\u00e7a ocupacional - Sindban\",\"isPartOf\":{\"@id\":\"https:\/\/bancariosdepiracicaba.com.br\/#website\"},\"datePublished\":\"2021-07-23T21:17:37+00:00\",\"dateModified\":\"2021-07-26T19:27:10+00:00\",\"breadcrumb\":{\"@id\":\"https:\/\/bancariosdepiracicaba.com.br\/?p=9157#breadcrumb\"},\"inLanguage\":\"pt-BR\",\"potentialAction\":[{\"@type\":\"ReadAction\",\"target\":[\"https:\/\/bancariosdepiracicaba.com.br\/?p=9157\"]}]},{\"@type\":\"BreadcrumbList\",\"@id\":\"https:\/\/bancariosdepiracicaba.com.br\/?p=9157#breadcrumb\",\"itemListElement\":[{\"@type\":\"ListItem\",\"position\":1,\"name\":\"Home\",\"item\":\"https:\/\/bancariosdepiracicaba.com.br\/\"},{\"@type\":\"ListItem\",\"position\":2,\"name\":\"Santander \u00e9 obrigada a reintegrar e indenizar trabalhador com doen\u00e7a ocupacional\"}]},{\"@type\":\"Article\",\"@id\":\"https:\/\/bancariosdepiracicaba.com.br\/?p=9157#article\",\"isPartOf\":{\"@id\":\"https:\/\/bancariosdepiracicaba.com.br\/?p=9157#webpage\"},\"author\":{\"@id\":\"https:\/\/bancariosdepiracicaba.com.br\/#\/schema\/person\/6a12c780fc145ea2c9af09989ee600b0\"},\"headline\":\"Santander \u00e9 obrigada a reintegrar e indenizar trabalhador com doen\u00e7a ocupacional\",\"datePublished\":\"2021-07-23T21:17:37+00:00\",\"dateModified\":\"2021-07-26T19:27:10+00:00\",\"mainEntityOfPage\":{\"@id\":\"https:\/\/bancariosdepiracicaba.com.br\/?p=9157#webpage\"},\"wordCount\":590,\"commentCount\":0,\"publisher\":{\"@id\":\"https:\/\/bancariosdepiracicaba.com.br\/#organization\"},\"articleSection\":[\"Santander\",\"Uncategorized\"],\"inLanguage\":\"pt-BR\",\"potentialAction\":[{\"@type\":\"CommentAction\",\"name\":\"Comment\",\"target\":[\"https:\/\/bancariosdepiracicaba.com.br\/?p=9157#respond\"]}]},{\"@type\":\"Person\",\"@id\":\"https:\/\/bancariosdepiracicaba.com.br\/#\/schema\/person\/6a12c780fc145ea2c9af09989ee600b0\",\"name\":\"admin\",\"image\":{\"@type\":\"ImageObject\",\"@id\":\"https:\/\/bancariosdepiracicaba.com.br\/#personlogo\",\"inLanguage\":\"pt-BR\",\"url\":\"https:\/\/secure.gravatar.com\/avatar\/3a05e74c6579e68209676cb5cb64e0918f288da7a49210fa18d6e9cac1189840?s=96&d=mm&r=g\",\"contentUrl\":\"https:\/\/secure.gravatar.com\/avatar\/3a05e74c6579e68209676cb5cb64e0918f288da7a49210fa18d6e9cac1189840?s=96&d=mm&r=g\",\"caption\":\"admin\"},\"sameAs\":[\"https:\/\/site.bancariosdepiracicaba.com.br\"],\"url\":\"https:\/\/bancariosdepiracicaba.com.br\/?author=1\"}]}<\/script>\n<!-- \/ Yoast SEO Premium plugin. -->","yoast_head_json":{"title":"Santander \u00e9 obrigada a reintegrar e indenizar trabalhador com doen\u00e7a ocupacional - Sindban","robots":{"index":"index","follow":"follow","max-snippet":"max-snippet:-1","max-image-preview":"max-image-preview:large","max-video-preview":"max-video-preview:-1"},"canonical":"https:\/\/bancariosdepiracicaba.com.br\/?p=9157","og_locale":"pt_BR","og_type":"article","og_title":"Santander \u00e9 obrigada a reintegrar e indenizar trabalhador com doen\u00e7a ocupacional - Sindban","og_description":"A 2&ordf; Vara do Trabalho de Porto Velho\/RO (TRT 14) condenou o Santander a reintegrar, imediatamente, um banc\u00e1rio com doen\u00e7a ocupacional, ocasionada pelas atividades exercidas no banco. O banc\u00e1rio tinha sido demitido no dia 5 de agosto de 2019. A decis\u00e3o tamb\u00e9m imp\u00f4s ao banco o pagamento de indeniza\u00e7\u00e3o no valor de R$ 30 mil &hellip; Santander \u00e9 obrigada a reintegrar e indenizar trabalhador com doen\u00e7a ocupacional Leia mais &raquo;","og_url":"https:\/\/bancariosdepiracicaba.com.br\/?p=9157","og_site_name":"Sindban","article_published_time":"2021-07-23T21:17:37+00:00","article_modified_time":"2021-07-26T19:27:10+00:00","twitter_card":"summary_large_image","twitter_misc":{"Escrito por":"admin","Est. tempo de leitura":"3 minutos"},"schema":{"@context":"https:\/\/schema.org","@graph":[{"@type":"Organization","@id":"https:\/\/bancariosdepiracicaba.com.br\/#organization","name":"Sindban","url":"https:\/\/bancariosdepiracicaba.com.br\/","sameAs":[],"logo":{"@type":"ImageObject","@id":"https:\/\/bancariosdepiracicaba.com.br\/#logo","inLanguage":"pt-BR","url":"https:\/\/site.bancariosdepiracicaba.com.br\/wp-content\/uploads\/2021\/04\/cropped-Asset-2.png","contentUrl":"https:\/\/site.bancariosdepiracicaba.com.br\/wp-content\/uploads\/2021\/04\/cropped-Asset-2.png","width":512,"height":512,"caption":"Sindban"},"image":{"@id":"https:\/\/bancariosdepiracicaba.com.br\/#logo"}},{"@type":"WebSite","@id":"https:\/\/bancariosdepiracicaba.com.br\/#website","url":"https:\/\/bancariosdepiracicaba.com.br\/","name":"Sindban","description":"Desenvolvimento","publisher":{"@id":"https:\/\/bancariosdepiracicaba.com.br\/#organization"},"potentialAction":[{"@type":"SearchAction","target":{"@type":"EntryPoint","urlTemplate":"https:\/\/bancariosdepiracicaba.com.br\/?s={search_term_string}"},"query-input":"required name=search_term_string"}],"inLanguage":"pt-BR"},{"@type":"WebPage","@id":"https:\/\/bancariosdepiracicaba.com.br\/?p=9157#webpage","url":"https:\/\/bancariosdepiracicaba.com.br\/?p=9157","name":"Santander \u00e9 obrigada a reintegrar e indenizar trabalhador com doen\u00e7a ocupacional - Sindban","isPartOf":{"@id":"https:\/\/bancariosdepiracicaba.com.br\/#website"},"datePublished":"2021-07-23T21:17:37+00:00","dateModified":"2021-07-26T19:27:10+00:00","breadcrumb":{"@id":"https:\/\/bancariosdepiracicaba.com.br\/?p=9157#breadcrumb"},"inLanguage":"pt-BR","potentialAction":[{"@type":"ReadAction","target":["https:\/\/bancariosdepiracicaba.com.br\/?p=9157"]}]},{"@type":"BreadcrumbList","@id":"https:\/\/bancariosdepiracicaba.com.br\/?p=9157#breadcrumb","itemListElement":[{"@type":"ListItem","position":1,"name":"Home","item":"https:\/\/bancariosdepiracicaba.com.br\/"},{"@type":"ListItem","position":2,"name":"Santander \u00e9 obrigada a reintegrar e indenizar trabalhador com doen\u00e7a ocupacional"}]},{"@type":"Article","@id":"https:\/\/bancariosdepiracicaba.com.br\/?p=9157#article","isPartOf":{"@id":"https:\/\/bancariosdepiracicaba.com.br\/?p=9157#webpage"},"author":{"@id":"https:\/\/bancariosdepiracicaba.com.br\/#\/schema\/person\/6a12c780fc145ea2c9af09989ee600b0"},"headline":"Santander \u00e9 obrigada a reintegrar e indenizar trabalhador com doen\u00e7a ocupacional","datePublished":"2021-07-23T21:17:37+00:00","dateModified":"2021-07-26T19:27:10+00:00","mainEntityOfPage":{"@id":"https:\/\/bancariosdepiracicaba.com.br\/?p=9157#webpage"},"wordCount":590,"commentCount":0,"publisher":{"@id":"https:\/\/bancariosdepiracicaba.com.br\/#organization"},"articleSection":["Santander","Uncategorized"],"inLanguage":"pt-BR","potentialAction":[{"@type":"CommentAction","name":"Comment","target":["https:\/\/bancariosdepiracicaba.com.br\/?p=9157#respond"]}]},{"@type":"Person","@id":"https:\/\/bancariosdepiracicaba.com.br\/#\/schema\/person\/6a12c780fc145ea2c9af09989ee600b0","name":"admin","image":{"@type":"ImageObject","@id":"https:\/\/bancariosdepiracicaba.com.br\/#personlogo","inLanguage":"pt-BR","url":"https:\/\/secure.gravatar.com\/avatar\/3a05e74c6579e68209676cb5cb64e0918f288da7a49210fa18d6e9cac1189840?s=96&d=mm&r=g","contentUrl":"https:\/\/secure.gravatar.com\/avatar\/3a05e74c6579e68209676cb5cb64e0918f288da7a49210fa18d6e9cac1189840?s=96&d=mm&r=g","caption":"admin"},"sameAs":["https:\/\/site.bancariosdepiracicaba.com.br"],"url":"https:\/\/bancariosdepiracicaba.com.br\/?author=1"}]}},"_links":{"self":[{"href":"https:\/\/bancariosdepiracicaba.com.br\/index.php?rest_route=\/wp\/v2\/posts\/9157","targetHints":{"allow":["GET"]}}],"collection":[{"href":"https:\/\/bancariosdepiracicaba.com.br\/index.php?rest_route=\/wp\/v2\/posts"}],"about":[{"href":"https:\/\/bancariosdepiracicaba.com.br\/index.php?rest_route=\/wp\/v2\/types\/post"}],"author":[{"embeddable":true,"href":"https:\/\/bancariosdepiracicaba.com.br\/index.php?rest_route=\/wp\/v2\/users\/1"}],"replies":[{"embeddable":true,"href":"https:\/\/bancariosdepiracicaba.com.br\/index.php?rest_route=%2Fwp%2Fv2%2Fcomments&post=9157"}],"version-history":[{"count":1,"href":"https:\/\/bancariosdepiracicaba.com.br\/index.php?rest_route=\/wp\/v2\/posts\/9157\/revisions"}],"predecessor-version":[{"id":13027,"href":"https:\/\/bancariosdepiracicaba.com.br\/index.php?rest_route=\/wp\/v2\/posts\/9157\/revisions\/13027"}],"wp:attachment":[{"href":"https:\/\/bancariosdepiracicaba.com.br\/index.php?rest_route=%2Fwp%2Fv2%2Fmedia&parent=9157"}],"wp:term":[{"taxonomy":"category","embeddable":true,"href":"https:\/\/bancariosdepiracicaba.com.br\/index.php?rest_route=%2Fwp%2Fv2%2Fcategories&post=9157"},{"taxonomy":"post_tag","embeddable":true,"href":"https:\/\/bancariosdepiracicaba.com.br\/index.php?rest_route=%2Fwp%2Fv2%2Ftags&post=9157"}],"curies":[{"name":"wp","href":"https:\/\/api.w.org\/{rel}","templated":true}]}}