{"id":9142,"date":"2021-07-23T21:17:19","date_gmt":"2021-07-23T21:17:19","guid":{"rendered":"https:\/\/site.bancariosdepiracicaba.com.br\/2021\/07\/23\/comemprego-aposta-na-construcao-civil-e-na-qualificacao-profissional-como-caminhos-para-ampliar-a-empregabilidade\/"},"modified":"2021-07-23T21:17:19","modified_gmt":"2021-07-23T21:17:19","slug":"comemprego-aposta-na-construcao-civil-e-na-qualificacao-profissional-como-caminhos-para-ampliar-a-empregabilidade","status":"publish","type":"post","link":"https:\/\/bancariosdepiracicaba.com.br\/?p=9142","title":{"rendered":"ComEmprego aposta na constru\u00e7\u00e3o civil e na qualifica\u00e7\u00e3o profissional como caminhos para ampliar a empregabilidade"},"content":{"rendered":"<p>O desenvolvimento da constru\u00e7\u00e3o civil e da qualifica\u00e7\u00e3o profissional podem ser os caminhos para a retomada da gera\u00e7\u00e3o do emprego no munic \u00edpio de Piracicaba. Essa foi a t\u00f4nica das discuss\u00f5es que aconteceram no Sindicato dos Banc\u00e1rios de Piracicaba na reuni\u00e3o ordin\u00e1ria da Comiss\u00e3o Municipal de Emprego de Piracicaba (ComEmprego).  A comiss\u00e3o est\u00e1 preocupada com a necessidade de gera\u00e7\u00e3o de emprego no munic \u00edpio o que levou o presidente da ComEmprego, Jos\u00e9 Antonio Fernandes Paiva, que aposta nessas dire\u00e7\u00f5es para ampliar o n \u00edvel de emprego no munic \u00edpio, a convidar o prefeito de Piracicaba, Barjas Negri, o presidente da C\u00e2mara de Vereadores de Piracicaba, Gilmar Rotta, e o Secret\u00e1rio do Trabalho e Renda, Jos\u00e9 Luiz Ribeiro, para a reuni\u00e3o. O encontro reuniu representante das bancadas dos trabalhadores, do poder p\u00fablico e do empresariado, foi marcado por um balan\u00e7o do trabalho j\u00e1 realizado neste ano e com foco para as necessidade de os diversos segmentos da sociedade se unirem visando o desenvolvimento de a\u00e7\u00f5es que garantam a gera\u00e7\u00e3o de emprego em Piracicaba.<\/p>\n<p>O Prefeito Barjas Negri tratou sobre  \u201c;Os impactos do desemprego no servi\u00e7o p\u00fablico e na vida dos trabalhadores \u201c;. Em sua fala, o Prefeito relatou sobre o efeito do desemprego para o poder p\u00fablico.  \u201c;A pessoa quando fica desempregada passa a utilizar mais os servi\u00e7os p\u00fablicos como escolas, o sistema \u00fanico de sa\u00fade, e em alguns casos sem condi\u00e7\u00f5es para o pagamento do aluguel e migra para as favelas, locais que, por exemplo, tem maior risco de mortalidade infantil, tudo isso passa a ser ainda mais a nossa preocupa\u00e7\u00e3o \u201c;. Barjas comentou que at\u00e9 2018 a habita\u00e7\u00e3o foi um dos grandes pilares da gera\u00e7\u00e3o de empregos, e aposta no setor para movimentar a empregabilidade.  \u201c;N\u00f3s estamos apostando para as pr\u00f3ximas meses que as novas verbas para os programas habitacionais estimulem novamente o crescimento no setor da constru\u00e7\u00e3o civil, al\u00e9m de atualmente a prefeitura ter como projeto a constru\u00e7\u00e3o de mais seis unidades de sa\u00fade, tudo isso aumenta bastante a demanda deste setor, e consequente em outros setores da economia \u201c;.<\/p>\n<p>De acordo com o Prefeito, atualmente as vagas de emprego em Piracicaba est\u00e3o sendo geradas pelo setor industrial. Em 2019, foram at\u00e9 momento 1300 novos postos de trabalho,  \u201c;gra\u00e7as a empresas que aproveitaram a crise para crescer \u201c;.<\/p>\n<p>Paiva destacou a import\u00e2ncia do investimento no capital humano, e intelectual para o crescimento. Para ele, a forma\u00e7\u00e3o para a m\u00e3o de obra \u00e9 de suma import\u00e2ncia, tanto para as empresas, quanto para o mercado.  \u201c;Piracicaba conta, felizmente, com escolas t\u00e9cnicas e profissionalizantes, que possuem uma diversidade e qualidade nos cursos de qualifica\u00e7\u00e3o, e precisamos aproveitar. O empres\u00e1rio sabe que \u00e9 preciso investir no capital intelectual, a tecnologia vem ganhando, mas que \u00e9 trabalhador que faz toda a diferen\u00e7a, precisamos deixar isso claro, em tempos de ind\u00fastria 4.0 n\u00e3o podemos deixar de investir no capital humano, sem o trabalhador, a economia n\u00e3o gira, o sistema p\u00fablico fica sobrecarregado, diminui o consumo, e todos perdem \u201c;, avalia.<\/p>\n<p>O presidente da ComEmprego foi enf\u00e1tico ao dizer que \u00e9 preciso a uni\u00e3o dos diversos segmentos, com a participa\u00e7\u00e3o do poder p\u00fablico, visando ajudar a alavancar a economia local.  \u201c;Temos que nos unir, uma vez que com o trabalhador empregado \u00e9 a garantia de amplia\u00e7\u00e3o do consumo e, consequentemente, de mais qualidade de vida para nossa popula\u00e7\u00e3o \u201c;, disse.<\/p>\n<p>Qualifica\u00e7\u00e3o \u00e9 a base do trabalho que vem sendo realizado pela Secretaria do Trabalho e Renda (Semtre), de acordo com o Secret\u00e1rio, Jos\u00e9 Luiz Ribeiro. Segundo ele, as a\u00e7\u00f5es da Semtre est\u00e3o intensamente voltadas essa \u00e1rea.  \u201c;Temos que pensar em qualifica\u00e7\u00e3o, pois hoje as empresas exigem muito mais do trabalhador, diante de tanta tecnologia que est\u00e1 sendo implantando em todos os setores, precisamos ter profissionais qualificados para o mercado. Por isso, o nosso foco que tem tido grande sucesso s\u00e3o cursos de qualifica\u00e7\u00e3o que estamos fazendo em parceria com algumas escolas e empresas. S\u00f3 at\u00e9 setembro deste ano somamos 1.530 formados nos cursos oferecidos pela secretaria, cursos que al\u00e9m de teoria formam os profissionais para a pr\u00e1tica do dia a dia \u201c;, contou.<\/p>\n<p>O Presidente da C\u00e2mara, Gilmar Rotta, ressaltou o comprometimento da Casa com os projetos e necessidades populares.  \u201c;A C\u00e2mara est\u00e1 de portas abertas para todos os projetos que tragam melhorias e mudan\u00e7as para o povo, e eu coloco a presid\u00eancia a disposi\u00e7\u00e3o para tratar de todas as discuss\u00f5es necess\u00e1rias para construir uma cidade melhor, o que n\u00f3s enquanto poder legislativo queremos \u00e9 o melhor para o cidad\u00e3o piracicabano, e o crescimento da cidade, e sabemos que isso n\u00e3o ser\u00e1 poss \u00edvel sem gera\u00e7\u00e3o de empregos, \u00e9 do emprego que vem a renda, que se movimenta todos os outros setores \u201c;.<\/p>\n<p>Durante a reuni\u00e3o tamb\u00e9m foi aprovado entre os membros um indicativo para o Conselho Estadual do Emprego, e o Conselho Municipal que ir\u00e1 viger em 2020 de cursos t\u00e9cnicos e profissionalizantes a serem oferecidos nos pr\u00f3ximos semestres a fim de melhorar a qualifica\u00e7\u00e3o e empregabilidade.<\/p>\n","protected":false},"excerpt":{"rendered":"<p>O desenvolvimento da constru\u00e7\u00e3o civil e da qualifica\u00e7\u00e3o profissional podem ser os caminhos para a retomada da gera\u00e7\u00e3o do emprego no munic \u00edpio de Piracicaba. Essa foi a t\u00f4nica das discuss\u00f5es que aconteceram no Sindicato dos Banc\u00e1rios de Piracicaba na reuni\u00e3o ordin\u00e1ria da Comiss\u00e3o Municipal de Emprego de Piracicaba (ComEmprego). A comiss\u00e3o est\u00e1 preocupada com &hellip;<\/p>\n<p class=\"read-more\"> <a class=\"\" href=\"https:\/\/bancariosdepiracicaba.com.br\/?p=9142\"> <span class=\"screen-reader-text\">ComEmprego aposta na constru\u00e7\u00e3o civil e na qualifica\u00e7\u00e3o profissional como caminhos para ampliar a empregabilidade<\/span> Leia mais &raquo;<\/a><\/p>\n","protected":false},"author":1,"featured_media":0,"comment_status":"open","ping_status":"open","sticky":false,"template":"","format":"standard","meta":{"site-sidebar-layout":"default","site-content-layout":"default","ast-main-header-display":"","ast-hfb-above-header-display":"","ast-hfb-below-header-display":"","ast-hfb-mobile-header-display":"","site-post-title":"","ast-breadcrumbs-content":"","ast-featured-img":"","footer-sml-layout":"","theme-transparent-header-meta":"","adv-header-id-meta":"","stick-header-meta":"","header-above-stick-meta":"","header-main-stick-meta":"","header-below-stick-meta":"","footnotes":""},"categories":[1],"tags":[],"class_list":["post-9142","post","type-post","status-publish","format-standard","hentry","category-uncategorized"],"yoast_head":"<!-- This site is optimized with the Yoast SEO Premium plugin v16.1 (Yoast SEO v18.0) - https:\/\/yoast.com\/wordpress\/plugins\/seo\/ -->\n<title>ComEmprego aposta na constru\u00e7\u00e3o civil e na qualifica\u00e7\u00e3o profissional como caminhos para ampliar a empregabilidade - Sindban<\/title>\n<meta name=\"robots\" content=\"index, follow, max-snippet:-1, max-image-preview:large, max-video-preview:-1\" \/>\n<link rel=\"canonical\" href=\"https:\/\/bancariosdepiracicaba.com.br\/?p=9142\" \/>\n<meta property=\"og:locale\" content=\"pt_BR\" \/>\n<meta property=\"og:type\" content=\"article\" \/>\n<meta property=\"og:title\" content=\"ComEmprego aposta na constru\u00e7\u00e3o civil e na qualifica\u00e7\u00e3o profissional como caminhos para ampliar a empregabilidade - Sindban\" \/>\n<meta property=\"og:description\" content=\"O desenvolvimento da constru\u00e7\u00e3o civil e da qualifica\u00e7\u00e3o profissional podem ser os caminhos para a retomada da gera\u00e7\u00e3o do emprego no munic \u00edpio de Piracicaba. Essa foi a t\u00f4nica das discuss\u00f5es que aconteceram no Sindicato dos Banc\u00e1rios de Piracicaba na reuni\u00e3o ordin\u00e1ria da Comiss\u00e3o Municipal de Emprego de Piracicaba (ComEmprego). A comiss\u00e3o est\u00e1 preocupada com &hellip; ComEmprego aposta na constru\u00e7\u00e3o civil e na qualifica\u00e7\u00e3o profissional como caminhos para ampliar a empregabilidade Leia mais &raquo;\" \/>\n<meta property=\"og:url\" content=\"https:\/\/bancariosdepiracicaba.com.br\/?p=9142\" \/>\n<meta property=\"og:site_name\" content=\"Sindban\" \/>\n<meta property=\"article:published_time\" content=\"2021-07-23T21:17:19+00:00\" \/>\n<meta name=\"twitter:card\" content=\"summary_large_image\" \/>\n<meta name=\"twitter:label1\" content=\"Escrito por\" \/>\n\t<meta name=\"twitter:data1\" content=\"admin\" \/>\n\t<meta name=\"twitter:label2\" content=\"Est. tempo de leitura\" \/>\n\t<meta name=\"twitter:data2\" content=\"4 minutos\" \/>\n<script type=\"application\/ld+json\" class=\"yoast-schema-graph\">{\"@context\":\"https:\/\/schema.org\",\"@graph\":[{\"@type\":\"Organization\",\"@id\":\"https:\/\/bancariosdepiracicaba.com.br\/#organization\",\"name\":\"Sindban\",\"url\":\"https:\/\/bancariosdepiracicaba.com.br\/\",\"sameAs\":[],\"logo\":{\"@type\":\"ImageObject\",\"@id\":\"https:\/\/bancariosdepiracicaba.com.br\/#logo\",\"inLanguage\":\"pt-BR\",\"url\":\"https:\/\/site.bancariosdepiracicaba.com.br\/wp-content\/uploads\/2021\/04\/cropped-Asset-2.png\",\"contentUrl\":\"https:\/\/site.bancariosdepiracicaba.com.br\/wp-content\/uploads\/2021\/04\/cropped-Asset-2.png\",\"width\":512,\"height\":512,\"caption\":\"Sindban\"},\"image\":{\"@id\":\"https:\/\/bancariosdepiracicaba.com.br\/#logo\"}},{\"@type\":\"WebSite\",\"@id\":\"https:\/\/bancariosdepiracicaba.com.br\/#website\",\"url\":\"https:\/\/bancariosdepiracicaba.com.br\/\",\"name\":\"Sindban\",\"description\":\"Desenvolvimento\",\"publisher\":{\"@id\":\"https:\/\/bancariosdepiracicaba.com.br\/#organization\"},\"potentialAction\":[{\"@type\":\"SearchAction\",\"target\":{\"@type\":\"EntryPoint\",\"urlTemplate\":\"https:\/\/bancariosdepiracicaba.com.br\/?s={search_term_string}\"},\"query-input\":\"required name=search_term_string\"}],\"inLanguage\":\"pt-BR\"},{\"@type\":\"WebPage\",\"@id\":\"https:\/\/bancariosdepiracicaba.com.br\/?p=9142#webpage\",\"url\":\"https:\/\/bancariosdepiracicaba.com.br\/?p=9142\",\"name\":\"ComEmprego aposta na constru\u00e7\u00e3o civil e na qualifica\u00e7\u00e3o profissional como caminhos para ampliar a empregabilidade - Sindban\",\"isPartOf\":{\"@id\":\"https:\/\/bancariosdepiracicaba.com.br\/#website\"},\"datePublished\":\"2021-07-23T21:17:19+00:00\",\"dateModified\":\"2021-07-23T21:17:19+00:00\",\"breadcrumb\":{\"@id\":\"https:\/\/bancariosdepiracicaba.com.br\/?p=9142#breadcrumb\"},\"inLanguage\":\"pt-BR\",\"potentialAction\":[{\"@type\":\"ReadAction\",\"target\":[\"https:\/\/bancariosdepiracicaba.com.br\/?p=9142\"]}]},{\"@type\":\"BreadcrumbList\",\"@id\":\"https:\/\/bancariosdepiracicaba.com.br\/?p=9142#breadcrumb\",\"itemListElement\":[{\"@type\":\"ListItem\",\"position\":1,\"name\":\"Home\",\"item\":\"https:\/\/bancariosdepiracicaba.com.br\/\"},{\"@type\":\"ListItem\",\"position\":2,\"name\":\"ComEmprego aposta na constru\u00e7\u00e3o civil e na qualifica\u00e7\u00e3o profissional como caminhos para ampliar a empregabilidade\"}]},{\"@type\":\"Article\",\"@id\":\"https:\/\/bancariosdepiracicaba.com.br\/?p=9142#article\",\"isPartOf\":{\"@id\":\"https:\/\/bancariosdepiracicaba.com.br\/?p=9142#webpage\"},\"author\":{\"@id\":\"https:\/\/bancariosdepiracicaba.com.br\/#\/schema\/person\/6a12c780fc145ea2c9af09989ee600b0\"},\"headline\":\"ComEmprego aposta na constru\u00e7\u00e3o civil e na qualifica\u00e7\u00e3o profissional como caminhos para ampliar a empregabilidade\",\"datePublished\":\"2021-07-23T21:17:19+00:00\",\"dateModified\":\"2021-07-23T21:17:19+00:00\",\"mainEntityOfPage\":{\"@id\":\"https:\/\/bancariosdepiracicaba.com.br\/?p=9142#webpage\"},\"wordCount\":898,\"commentCount\":0,\"publisher\":{\"@id\":\"https:\/\/bancariosdepiracicaba.com.br\/#organization\"},\"articleSection\":[\"Uncategorized\"],\"inLanguage\":\"pt-BR\",\"potentialAction\":[{\"@type\":\"CommentAction\",\"name\":\"Comment\",\"target\":[\"https:\/\/bancariosdepiracicaba.com.br\/?p=9142#respond\"]}]},{\"@type\":\"Person\",\"@id\":\"https:\/\/bancariosdepiracicaba.com.br\/#\/schema\/person\/6a12c780fc145ea2c9af09989ee600b0\",\"name\":\"admin\",\"image\":{\"@type\":\"ImageObject\",\"@id\":\"https:\/\/bancariosdepiracicaba.com.br\/#personlogo\",\"inLanguage\":\"pt-BR\",\"url\":\"https:\/\/secure.gravatar.com\/avatar\/3a05e74c6579e68209676cb5cb64e0918f288da7a49210fa18d6e9cac1189840?s=96&d=mm&r=g\",\"contentUrl\":\"https:\/\/secure.gravatar.com\/avatar\/3a05e74c6579e68209676cb5cb64e0918f288da7a49210fa18d6e9cac1189840?s=96&d=mm&r=g\",\"caption\":\"admin\"},\"sameAs\":[\"https:\/\/site.bancariosdepiracicaba.com.br\"],\"url\":\"https:\/\/bancariosdepiracicaba.com.br\/?author=1\"}]}<\/script>\n<!-- \/ Yoast SEO Premium plugin. -->","yoast_head_json":{"title":"ComEmprego aposta na constru\u00e7\u00e3o civil e na qualifica\u00e7\u00e3o profissional como caminhos para ampliar a empregabilidade - Sindban","robots":{"index":"index","follow":"follow","max-snippet":"max-snippet:-1","max-image-preview":"max-image-preview:large","max-video-preview":"max-video-preview:-1"},"canonical":"https:\/\/bancariosdepiracicaba.com.br\/?p=9142","og_locale":"pt_BR","og_type":"article","og_title":"ComEmprego aposta na constru\u00e7\u00e3o civil e na qualifica\u00e7\u00e3o profissional como caminhos para ampliar a empregabilidade - Sindban","og_description":"O desenvolvimento da constru\u00e7\u00e3o civil e da qualifica\u00e7\u00e3o profissional podem ser os caminhos para a retomada da gera\u00e7\u00e3o do emprego no munic \u00edpio de Piracicaba. Essa foi a t\u00f4nica das discuss\u00f5es que aconteceram no Sindicato dos Banc\u00e1rios de Piracicaba na reuni\u00e3o ordin\u00e1ria da Comiss\u00e3o Municipal de Emprego de Piracicaba (ComEmprego). A comiss\u00e3o est\u00e1 preocupada com &hellip; ComEmprego aposta na constru\u00e7\u00e3o civil e na qualifica\u00e7\u00e3o profissional como caminhos para ampliar a empregabilidade Leia mais &raquo;","og_url":"https:\/\/bancariosdepiracicaba.com.br\/?p=9142","og_site_name":"Sindban","article_published_time":"2021-07-23T21:17:19+00:00","twitter_card":"summary_large_image","twitter_misc":{"Escrito por":"admin","Est. tempo de leitura":"4 minutos"},"schema":{"@context":"https:\/\/schema.org","@graph":[{"@type":"Organization","@id":"https:\/\/bancariosdepiracicaba.com.br\/#organization","name":"Sindban","url":"https:\/\/bancariosdepiracicaba.com.br\/","sameAs":[],"logo":{"@type":"ImageObject","@id":"https:\/\/bancariosdepiracicaba.com.br\/#logo","inLanguage":"pt-BR","url":"https:\/\/site.bancariosdepiracicaba.com.br\/wp-content\/uploads\/2021\/04\/cropped-Asset-2.png","contentUrl":"https:\/\/site.bancariosdepiracicaba.com.br\/wp-content\/uploads\/2021\/04\/cropped-Asset-2.png","width":512,"height":512,"caption":"Sindban"},"image":{"@id":"https:\/\/bancariosdepiracicaba.com.br\/#logo"}},{"@type":"WebSite","@id":"https:\/\/bancariosdepiracicaba.com.br\/#website","url":"https:\/\/bancariosdepiracicaba.com.br\/","name":"Sindban","description":"Desenvolvimento","publisher":{"@id":"https:\/\/bancariosdepiracicaba.com.br\/#organization"},"potentialAction":[{"@type":"SearchAction","target":{"@type":"EntryPoint","urlTemplate":"https:\/\/bancariosdepiracicaba.com.br\/?s={search_term_string}"},"query-input":"required name=search_term_string"}],"inLanguage":"pt-BR"},{"@type":"WebPage","@id":"https:\/\/bancariosdepiracicaba.com.br\/?p=9142#webpage","url":"https:\/\/bancariosdepiracicaba.com.br\/?p=9142","name":"ComEmprego aposta na constru\u00e7\u00e3o civil e na qualifica\u00e7\u00e3o profissional como caminhos para ampliar a empregabilidade - Sindban","isPartOf":{"@id":"https:\/\/bancariosdepiracicaba.com.br\/#website"},"datePublished":"2021-07-23T21:17:19+00:00","dateModified":"2021-07-23T21:17:19+00:00","breadcrumb":{"@id":"https:\/\/bancariosdepiracicaba.com.br\/?p=9142#breadcrumb"},"inLanguage":"pt-BR","potentialAction":[{"@type":"ReadAction","target":["https:\/\/bancariosdepiracicaba.com.br\/?p=9142"]}]},{"@type":"BreadcrumbList","@id":"https:\/\/bancariosdepiracicaba.com.br\/?p=9142#breadcrumb","itemListElement":[{"@type":"ListItem","position":1,"name":"Home","item":"https:\/\/bancariosdepiracicaba.com.br\/"},{"@type":"ListItem","position":2,"name":"ComEmprego aposta na constru\u00e7\u00e3o civil e na qualifica\u00e7\u00e3o profissional como caminhos para ampliar a empregabilidade"}]},{"@type":"Article","@id":"https:\/\/bancariosdepiracicaba.com.br\/?p=9142#article","isPartOf":{"@id":"https:\/\/bancariosdepiracicaba.com.br\/?p=9142#webpage"},"author":{"@id":"https:\/\/bancariosdepiracicaba.com.br\/#\/schema\/person\/6a12c780fc145ea2c9af09989ee600b0"},"headline":"ComEmprego aposta na constru\u00e7\u00e3o civil e na qualifica\u00e7\u00e3o profissional como caminhos para ampliar a empregabilidade","datePublished":"2021-07-23T21:17:19+00:00","dateModified":"2021-07-23T21:17:19+00:00","mainEntityOfPage":{"@id":"https:\/\/bancariosdepiracicaba.com.br\/?p=9142#webpage"},"wordCount":898,"commentCount":0,"publisher":{"@id":"https:\/\/bancariosdepiracicaba.com.br\/#organization"},"articleSection":["Uncategorized"],"inLanguage":"pt-BR","potentialAction":[{"@type":"CommentAction","name":"Comment","target":["https:\/\/bancariosdepiracicaba.com.br\/?p=9142#respond"]}]},{"@type":"Person","@id":"https:\/\/bancariosdepiracicaba.com.br\/#\/schema\/person\/6a12c780fc145ea2c9af09989ee600b0","name":"admin","image":{"@type":"ImageObject","@id":"https:\/\/bancariosdepiracicaba.com.br\/#personlogo","inLanguage":"pt-BR","url":"https:\/\/secure.gravatar.com\/avatar\/3a05e74c6579e68209676cb5cb64e0918f288da7a49210fa18d6e9cac1189840?s=96&d=mm&r=g","contentUrl":"https:\/\/secure.gravatar.com\/avatar\/3a05e74c6579e68209676cb5cb64e0918f288da7a49210fa18d6e9cac1189840?s=96&d=mm&r=g","caption":"admin"},"sameAs":["https:\/\/site.bancariosdepiracicaba.com.br"],"url":"https:\/\/bancariosdepiracicaba.com.br\/?author=1"}]}},"_links":{"self":[{"href":"https:\/\/bancariosdepiracicaba.com.br\/index.php?rest_route=\/wp\/v2\/posts\/9142","targetHints":{"allow":["GET"]}}],"collection":[{"href":"https:\/\/bancariosdepiracicaba.com.br\/index.php?rest_route=\/wp\/v2\/posts"}],"about":[{"href":"https:\/\/bancariosdepiracicaba.com.br\/index.php?rest_route=\/wp\/v2\/types\/post"}],"author":[{"embeddable":true,"href":"https:\/\/bancariosdepiracicaba.com.br\/index.php?rest_route=\/wp\/v2\/users\/1"}],"replies":[{"embeddable":true,"href":"https:\/\/bancariosdepiracicaba.com.br\/index.php?rest_route=%2Fwp%2Fv2%2Fcomments&post=9142"}],"version-history":[{"count":0,"href":"https:\/\/bancariosdepiracicaba.com.br\/index.php?rest_route=\/wp\/v2\/posts\/9142\/revisions"}],"wp:attachment":[{"href":"https:\/\/bancariosdepiracicaba.com.br\/index.php?rest_route=%2Fwp%2Fv2%2Fmedia&parent=9142"}],"wp:term":[{"taxonomy":"category","embeddable":true,"href":"https:\/\/bancariosdepiracicaba.com.br\/index.php?rest_route=%2Fwp%2Fv2%2Fcategories&post=9142"},{"taxonomy":"post_tag","embeddable":true,"href":"https:\/\/bancariosdepiracicaba.com.br\/index.php?rest_route=%2Fwp%2Fv2%2Ftags&post=9142"}],"curies":[{"name":"wp","href":"https:\/\/api.w.org\/{rel}","templated":true}]}}