{"id":9136,"date":"2021-07-23T21:17:10","date_gmt":"2021-07-23T21:17:10","guid":{"rendered":"https:\/\/site.bancariosdepiracicaba.com.br\/2021\/07\/23\/empregados-definem-calendario-de-luta-em-defesa-da-caixa-100-publica-e-dos-direitos\/"},"modified":"2021-07-23T21:17:10","modified_gmt":"2021-07-23T21:17:10","slug":"empregados-definem-calendario-de-luta-em-defesa-da-caixa-100-publica-e-dos-direitos","status":"publish","type":"post","link":"https:\/\/bancariosdepiracicaba.com.br\/?p=9136","title":{"rendered":"Empregados definem calend\u00e1rio de luta em defesa da Caixa 100% p\u00fablica e dos direitos"},"content":{"rendered":"<p>Realizada na \u00faltima ter\u00e7a-feira (24), em Bras \u00edlia (DF), a reuni\u00e3o da Comiss\u00e3o Executiva dos Empregados (CEE) da Caixa analisou a atual conjuntura pol \u00edtica do pa \u00eds e definiu um calend\u00e1rio de lutas contra o desmonte da empresa p\u00fablica e contra a retirada de direitos dos trabalhadores da institui\u00e7\u00e3o.<\/p>\n<p> \u201c;O atual momento pol \u00edtico em que o pa \u00eds se encontra favorece o aprofundamento de medidas que visam o desmonte da empresa e no cerne da manuten\u00e7\u00e3o de todos os nossos direitos est\u00e1 a defesa da Caixa 100% p\u00fablica. Por outro lado, os privatistas que se colocam na dire\u00e7\u00e3o das estatais brasileiras tem como etapa no processo de privatiza\u00e7\u00e3o o corte de custos, e a consequente retirada de direitos como os planos de sa\u00fade e fundos de pens\u00e3o. Por isso, a luta do movimento dos empregados deve se intensificar, com a participa\u00e7\u00e3o e engajamento no calend\u00e1rio de lutas \u201c;, ressaltou o coordenador da Comiss\u00e3o Executiva dos Empregados (CEE) da Caixa, Dion \u00edsio Reis.<\/p>\n<p>Na ocasi\u00e3o foi debatido os ataques na \u00e1rea da Sa\u00fade e no &lsquo;Sa\u00fade Caixa&rsquo;, na Previd\u00eancia e na Funcef e os acelerados desmontes programados para a Caixa e para privatiza\u00e7\u00e3o dos bancos p\u00fablicos. Segue a defini\u00e7\u00e3o do calend\u00e1rio de luta.<\/p>\n<p>Calend\u00e1rio de luta<\/p>\n<p>\t4 de outubro -; Dia Nacional em Defesa dos Bancos P\u00fablicos.<br \/>\n\t15 de outubro -; Ato Nacional pela Soberania Nacional em S\u00e3o Paulo.<br \/>\n\t16 de outubro -; Lan\u00e7amento da Cartilha sobre Gest\u00e3o pelo terror na Caixa, Ass\u00e9dio moral, o descomissionamento arbitr\u00e1rio, o GDP e o Revalida.<br \/>\n\t18 e 19 de outubro -; Come\u00e7a o pagamento das contas ativas e inativas para quem n\u00e3o tem conta na Caixa. Distribui\u00e7\u00e3o de material que destaca a import\u00e2ncia do FGTS e de sua gest\u00e3o ser centralizada na Caixa.<br \/>\n\tDia 22 de outubro -; Ato em defesa da Caixa 100% P\u00fablica com \u00eanfase na defesa das loterias.<\/p>\n","protected":false},"excerpt":{"rendered":"<p>Reuni\u00e3o da CEE\/Caixa, realizada dia 24, em Bras\u00edlia, analisa conjuntura e define pr\u00f3ximos passos de luta<\/p>\n","protected":false},"author":1,"featured_media":0,"comment_status":"open","ping_status":"open","sticky":false,"template":"","format":"standard","meta":{"site-sidebar-layout":"default","site-content-layout":"default","ast-main-header-display":"","ast-hfb-above-header-display":"","ast-hfb-below-header-display":"","ast-hfb-mobile-header-display":"","site-post-title":"","ast-breadcrumbs-content":"","ast-featured-img":"","footer-sml-layout":"","theme-transparent-header-meta":"","adv-header-id-meta":"","stick-header-meta":"","header-above-stick-meta":"","header-main-stick-meta":"","header-below-stick-meta":"","footnotes":""},"categories":[1],"tags":[],"class_list":["post-9136","post","type-post","status-publish","format-standard","hentry","category-uncategorized"],"yoast_head":"<!-- This site is optimized with the Yoast SEO Premium plugin v16.1 (Yoast SEO v18.0) - https:\/\/yoast.com\/wordpress\/plugins\/seo\/ -->\n<title>Empregados definem calend\u00e1rio de luta em defesa da Caixa 100% p\u00fablica e dos direitos - Sindban<\/title>\n<meta name=\"robots\" content=\"index, follow, max-snippet:-1, max-image-preview:large, max-video-preview:-1\" \/>\n<link rel=\"canonical\" href=\"https:\/\/bancariosdepiracicaba.com.br\/?p=9136\" \/>\n<meta property=\"og:locale\" content=\"pt_BR\" \/>\n<meta property=\"og:type\" content=\"article\" \/>\n<meta property=\"og:title\" content=\"Empregados definem calend\u00e1rio de luta em defesa da Caixa 100% p\u00fablica e dos direitos - Sindban\" \/>\n<meta property=\"og:description\" content=\"Reuni\u00e3o da CEE\/Caixa, realizada dia 24, em Bras\u00edlia, analisa conjuntura e define pr\u00f3ximos passos de luta\" \/>\n<meta property=\"og:url\" content=\"https:\/\/bancariosdepiracicaba.com.br\/?p=9136\" \/>\n<meta property=\"og:site_name\" content=\"Sindban\" \/>\n<meta property=\"article:published_time\" content=\"2021-07-23T21:17:10+00:00\" \/>\n<meta name=\"twitter:card\" content=\"summary_large_image\" \/>\n<meta name=\"twitter:label1\" content=\"Escrito por\" \/>\n\t<meta name=\"twitter:data1\" content=\"admin\" \/>\n\t<meta name=\"twitter:label2\" content=\"Est. tempo de leitura\" \/>\n\t<meta name=\"twitter:data2\" content=\"2 minutos\" \/>\n<script type=\"application\/ld+json\" class=\"yoast-schema-graph\">{\"@context\":\"https:\/\/schema.org\",\"@graph\":[{\"@type\":\"Organization\",\"@id\":\"https:\/\/bancariosdepiracicaba.com.br\/#organization\",\"name\":\"Sindban\",\"url\":\"https:\/\/bancariosdepiracicaba.com.br\/\",\"sameAs\":[],\"logo\":{\"@type\":\"ImageObject\",\"@id\":\"https:\/\/bancariosdepiracicaba.com.br\/#logo\",\"inLanguage\":\"pt-BR\",\"url\":\"https:\/\/site.bancariosdepiracicaba.com.br\/wp-content\/uploads\/2021\/04\/cropped-Asset-2.png\",\"contentUrl\":\"https:\/\/site.bancariosdepiracicaba.com.br\/wp-content\/uploads\/2021\/04\/cropped-Asset-2.png\",\"width\":512,\"height\":512,\"caption\":\"Sindban\"},\"image\":{\"@id\":\"https:\/\/bancariosdepiracicaba.com.br\/#logo\"}},{\"@type\":\"WebSite\",\"@id\":\"https:\/\/bancariosdepiracicaba.com.br\/#website\",\"url\":\"https:\/\/bancariosdepiracicaba.com.br\/\",\"name\":\"Sindban\",\"description\":\"Desenvolvimento\",\"publisher\":{\"@id\":\"https:\/\/bancariosdepiracicaba.com.br\/#organization\"},\"potentialAction\":[{\"@type\":\"SearchAction\",\"target\":{\"@type\":\"EntryPoint\",\"urlTemplate\":\"https:\/\/bancariosdepiracicaba.com.br\/?s={search_term_string}\"},\"query-input\":\"required name=search_term_string\"}],\"inLanguage\":\"pt-BR\"},{\"@type\":\"WebPage\",\"@id\":\"https:\/\/bancariosdepiracicaba.com.br\/?p=9136#webpage\",\"url\":\"https:\/\/bancariosdepiracicaba.com.br\/?p=9136\",\"name\":\"Empregados definem calend\u00e1rio de luta em defesa da Caixa 100% p\u00fablica e dos direitos - Sindban\",\"isPartOf\":{\"@id\":\"https:\/\/bancariosdepiracicaba.com.br\/#website\"},\"datePublished\":\"2021-07-23T21:17:10+00:00\",\"dateModified\":\"2021-07-23T21:17:10+00:00\",\"breadcrumb\":{\"@id\":\"https:\/\/bancariosdepiracicaba.com.br\/?p=9136#breadcrumb\"},\"inLanguage\":\"pt-BR\",\"potentialAction\":[{\"@type\":\"ReadAction\",\"target\":[\"https:\/\/bancariosdepiracicaba.com.br\/?p=9136\"]}]},{\"@type\":\"BreadcrumbList\",\"@id\":\"https:\/\/bancariosdepiracicaba.com.br\/?p=9136#breadcrumb\",\"itemListElement\":[{\"@type\":\"ListItem\",\"position\":1,\"name\":\"Home\",\"item\":\"https:\/\/bancariosdepiracicaba.com.br\/\"},{\"@type\":\"ListItem\",\"position\":2,\"name\":\"Empregados definem calend\u00e1rio de luta em defesa da Caixa 100% p\u00fablica e dos direitos\"}]},{\"@type\":\"Article\",\"@id\":\"https:\/\/bancariosdepiracicaba.com.br\/?p=9136#article\",\"isPartOf\":{\"@id\":\"https:\/\/bancariosdepiracicaba.com.br\/?p=9136#webpage\"},\"author\":{\"@id\":\"https:\/\/bancariosdepiracicaba.com.br\/#\/schema\/person\/6a12c780fc145ea2c9af09989ee600b0\"},\"headline\":\"Empregados definem calend\u00e1rio de luta em defesa da Caixa 100% p\u00fablica e dos direitos\",\"datePublished\":\"2021-07-23T21:17:10+00:00\",\"dateModified\":\"2021-07-23T21:17:10+00:00\",\"mainEntityOfPage\":{\"@id\":\"https:\/\/bancariosdepiracicaba.com.br\/?p=9136#webpage\"},\"wordCount\":352,\"commentCount\":0,\"publisher\":{\"@id\":\"https:\/\/bancariosdepiracicaba.com.br\/#organization\"},\"articleSection\":[\"Uncategorized\"],\"inLanguage\":\"pt-BR\",\"potentialAction\":[{\"@type\":\"CommentAction\",\"name\":\"Comment\",\"target\":[\"https:\/\/bancariosdepiracicaba.com.br\/?p=9136#respond\"]}]},{\"@type\":\"Person\",\"@id\":\"https:\/\/bancariosdepiracicaba.com.br\/#\/schema\/person\/6a12c780fc145ea2c9af09989ee600b0\",\"name\":\"admin\",\"image\":{\"@type\":\"ImageObject\",\"@id\":\"https:\/\/bancariosdepiracicaba.com.br\/#personlogo\",\"inLanguage\":\"pt-BR\",\"url\":\"https:\/\/secure.gravatar.com\/avatar\/3a05e74c6579e68209676cb5cb64e0918f288da7a49210fa18d6e9cac1189840?s=96&d=mm&r=g\",\"contentUrl\":\"https:\/\/secure.gravatar.com\/avatar\/3a05e74c6579e68209676cb5cb64e0918f288da7a49210fa18d6e9cac1189840?s=96&d=mm&r=g\",\"caption\":\"admin\"},\"sameAs\":[\"https:\/\/site.bancariosdepiracicaba.com.br\"],\"url\":\"https:\/\/bancariosdepiracicaba.com.br\/?author=1\"}]}<\/script>\n<!-- \/ Yoast SEO Premium plugin. -->","yoast_head_json":{"title":"Empregados definem calend\u00e1rio de luta em defesa da Caixa 100% p\u00fablica e dos direitos - Sindban","robots":{"index":"index","follow":"follow","max-snippet":"max-snippet:-1","max-image-preview":"max-image-preview:large","max-video-preview":"max-video-preview:-1"},"canonical":"https:\/\/bancariosdepiracicaba.com.br\/?p=9136","og_locale":"pt_BR","og_type":"article","og_title":"Empregados definem calend\u00e1rio de luta em defesa da Caixa 100% p\u00fablica e dos direitos - Sindban","og_description":"Reuni\u00e3o da CEE\/Caixa, realizada dia 24, em Bras\u00edlia, analisa conjuntura e define pr\u00f3ximos passos de luta","og_url":"https:\/\/bancariosdepiracicaba.com.br\/?p=9136","og_site_name":"Sindban","article_published_time":"2021-07-23T21:17:10+00:00","twitter_card":"summary_large_image","twitter_misc":{"Escrito por":"admin","Est. tempo de leitura":"2 minutos"},"schema":{"@context":"https:\/\/schema.org","@graph":[{"@type":"Organization","@id":"https:\/\/bancariosdepiracicaba.com.br\/#organization","name":"Sindban","url":"https:\/\/bancariosdepiracicaba.com.br\/","sameAs":[],"logo":{"@type":"ImageObject","@id":"https:\/\/bancariosdepiracicaba.com.br\/#logo","inLanguage":"pt-BR","url":"https:\/\/site.bancariosdepiracicaba.com.br\/wp-content\/uploads\/2021\/04\/cropped-Asset-2.png","contentUrl":"https:\/\/site.bancariosdepiracicaba.com.br\/wp-content\/uploads\/2021\/04\/cropped-Asset-2.png","width":512,"height":512,"caption":"Sindban"},"image":{"@id":"https:\/\/bancariosdepiracicaba.com.br\/#logo"}},{"@type":"WebSite","@id":"https:\/\/bancariosdepiracicaba.com.br\/#website","url":"https:\/\/bancariosdepiracicaba.com.br\/","name":"Sindban","description":"Desenvolvimento","publisher":{"@id":"https:\/\/bancariosdepiracicaba.com.br\/#organization"},"potentialAction":[{"@type":"SearchAction","target":{"@type":"EntryPoint","urlTemplate":"https:\/\/bancariosdepiracicaba.com.br\/?s={search_term_string}"},"query-input":"required name=search_term_string"}],"inLanguage":"pt-BR"},{"@type":"WebPage","@id":"https:\/\/bancariosdepiracicaba.com.br\/?p=9136#webpage","url":"https:\/\/bancariosdepiracicaba.com.br\/?p=9136","name":"Empregados definem calend\u00e1rio de luta em defesa da Caixa 100% p\u00fablica e dos direitos - Sindban","isPartOf":{"@id":"https:\/\/bancariosdepiracicaba.com.br\/#website"},"datePublished":"2021-07-23T21:17:10+00:00","dateModified":"2021-07-23T21:17:10+00:00","breadcrumb":{"@id":"https:\/\/bancariosdepiracicaba.com.br\/?p=9136#breadcrumb"},"inLanguage":"pt-BR","potentialAction":[{"@type":"ReadAction","target":["https:\/\/bancariosdepiracicaba.com.br\/?p=9136"]}]},{"@type":"BreadcrumbList","@id":"https:\/\/bancariosdepiracicaba.com.br\/?p=9136#breadcrumb","itemListElement":[{"@type":"ListItem","position":1,"name":"Home","item":"https:\/\/bancariosdepiracicaba.com.br\/"},{"@type":"ListItem","position":2,"name":"Empregados definem calend\u00e1rio de luta em defesa da Caixa 100% p\u00fablica e dos direitos"}]},{"@type":"Article","@id":"https:\/\/bancariosdepiracicaba.com.br\/?p=9136#article","isPartOf":{"@id":"https:\/\/bancariosdepiracicaba.com.br\/?p=9136#webpage"},"author":{"@id":"https:\/\/bancariosdepiracicaba.com.br\/#\/schema\/person\/6a12c780fc145ea2c9af09989ee600b0"},"headline":"Empregados definem calend\u00e1rio de luta em defesa da Caixa 100% p\u00fablica e dos direitos","datePublished":"2021-07-23T21:17:10+00:00","dateModified":"2021-07-23T21:17:10+00:00","mainEntityOfPage":{"@id":"https:\/\/bancariosdepiracicaba.com.br\/?p=9136#webpage"},"wordCount":352,"commentCount":0,"publisher":{"@id":"https:\/\/bancariosdepiracicaba.com.br\/#organization"},"articleSection":["Uncategorized"],"inLanguage":"pt-BR","potentialAction":[{"@type":"CommentAction","name":"Comment","target":["https:\/\/bancariosdepiracicaba.com.br\/?p=9136#respond"]}]},{"@type":"Person","@id":"https:\/\/bancariosdepiracicaba.com.br\/#\/schema\/person\/6a12c780fc145ea2c9af09989ee600b0","name":"admin","image":{"@type":"ImageObject","@id":"https:\/\/bancariosdepiracicaba.com.br\/#personlogo","inLanguage":"pt-BR","url":"https:\/\/secure.gravatar.com\/avatar\/3a05e74c6579e68209676cb5cb64e0918f288da7a49210fa18d6e9cac1189840?s=96&d=mm&r=g","contentUrl":"https:\/\/secure.gravatar.com\/avatar\/3a05e74c6579e68209676cb5cb64e0918f288da7a49210fa18d6e9cac1189840?s=96&d=mm&r=g","caption":"admin"},"sameAs":["https:\/\/site.bancariosdepiracicaba.com.br"],"url":"https:\/\/bancariosdepiracicaba.com.br\/?author=1"}]}},"_links":{"self":[{"href":"https:\/\/bancariosdepiracicaba.com.br\/index.php?rest_route=\/wp\/v2\/posts\/9136","targetHints":{"allow":["GET"]}}],"collection":[{"href":"https:\/\/bancariosdepiracicaba.com.br\/index.php?rest_route=\/wp\/v2\/posts"}],"about":[{"href":"https:\/\/bancariosdepiracicaba.com.br\/index.php?rest_route=\/wp\/v2\/types\/post"}],"author":[{"embeddable":true,"href":"https:\/\/bancariosdepiracicaba.com.br\/index.php?rest_route=\/wp\/v2\/users\/1"}],"replies":[{"embeddable":true,"href":"https:\/\/bancariosdepiracicaba.com.br\/index.php?rest_route=%2Fwp%2Fv2%2Fcomments&post=9136"}],"version-history":[{"count":0,"href":"https:\/\/bancariosdepiracicaba.com.br\/index.php?rest_route=\/wp\/v2\/posts\/9136\/revisions"}],"wp:attachment":[{"href":"https:\/\/bancariosdepiracicaba.com.br\/index.php?rest_route=%2Fwp%2Fv2%2Fmedia&parent=9136"}],"wp:term":[{"taxonomy":"category","embeddable":true,"href":"https:\/\/bancariosdepiracicaba.com.br\/index.php?rest_route=%2Fwp%2Fv2%2Fcategories&post=9136"},{"taxonomy":"post_tag","embeddable":true,"href":"https:\/\/bancariosdepiracicaba.com.br\/index.php?rest_route=%2Fwp%2Fv2%2Ftags&post=9136"}],"curies":[{"name":"wp","href":"https:\/\/api.w.org\/{rel}","templated":true}]}}