{"id":8995,"date":"2021-07-23T21:14:04","date_gmt":"2021-07-23T21:14:04","guid":{"rendered":"https:\/\/site.bancariosdepiracicaba.com.br\/2021\/07\/23\/sindban-discute-situacao-de-empregabilidade-em-piracicaba\/"},"modified":"2021-07-23T21:14:04","modified_gmt":"2021-07-23T21:14:04","slug":"sindban-discute-situacao-de-empregabilidade-em-piracicaba","status":"publish","type":"post","link":"https:\/\/bancariosdepiracicaba.com.br\/?p=8995","title":{"rendered":"SindBan discute situa\u00e7\u00e3o de empregabilidade em Piracicaba"},"content":{"rendered":"<p>Nesta ter\u00e7a-feira (19), o presidente do SindBan, o vereador Jos\u00e9 Antonio Fernandes Paiva, participou do F\u00f3rum sobre empregabilidade, em Piracicaba, promovido pela Secretaria de Emprego e Rela\u00e7\u00f5es do Trabalho do Estado de S\u00e3o Paulo. <\/p>\n<p>O vereador Jos\u00e9 Antonio Fernandes Paiva participou na manh\u00e3 desta ter\u00e7a-feira (19\/5) do F\u00f3rum sobre Empregabilidade de Piracicaba, promovido pela Secretaria de Emprego e Rela\u00e7\u00f5es do Trabalho do Estado de S\u00e3o Paulo. O vereador apoia o projeto do ex-vereador e secret\u00e1rio de Emprego e Rela\u00e7\u00f5es do Trabalho de S\u00e3o Paulo, Jos\u00e9 Luiz Ribeiro, de lan\u00e7ar em Piracicaba a primeira Escola do Empreendedor Paulista em Piracicaba.  \u201c;Al\u00e9m dessa iniciativa, o companheiro e secret\u00e1rio Jos\u00e9 Luiz quer aproximar os setores para buscar alternativas ao desemprego. \u00e9 isso que estamos incentivando desde setembro do ano passado quando convocamos na C\u00e2mara de Piracicaba uma Reuni\u00e3o P\u00fablica para debater o desemprego em nossa cidade e depois reafirmado em audi\u00eancia p\u00fablica \u201c;, comentou Paiva.<\/p>\n<p>ComEmprego -; Antecedendo ao F\u00f3rum, os diretores Marcelo Abrah\u00e3o e Odair Balioni, participaram de reuni\u00e3o com representantes do setor patronal, sindicatos e prefeitura. Al\u00e9m da quest\u00e3o do emprego no munic \u00edpio e regi\u00e3o, foram discutidas quest\u00f5es relacionadas \u00e0 abertura de novas turmas em cursos profissionalizantes, como o Pronatec.<\/p>\n","protected":false},"excerpt":{"rendered":"<p>Nesta ter\u00e7a-feira (19), o presidente do SindBan, o vereador Jos\u00e9 Antonio Fernandes Paiva, participou do F\u00f3rum sobre empregabilidade, em Piracicaba, promovido pela Secretaria de Emprego e Rela\u00e7\u00f5es do Trabalho do Estado de S\u00e3o Paulo. O vereador Jos\u00e9 Antonio Fernandes Paiva participou na manh\u00e3 desta ter\u00e7a-feira (19\/5) do F\u00f3rum sobre Empregabilidade de Piracicaba, promovido pela Secretaria &hellip;<\/p>\n<p class=\"read-more\"> <a class=\"\" href=\"https:\/\/bancariosdepiracicaba.com.br\/?p=8995\"> <span class=\"screen-reader-text\">SindBan discute situa\u00e7\u00e3o de empregabilidade em Piracicaba<\/span> Leia mais &raquo;<\/a><\/p>\n","protected":false},"author":1,"featured_media":0,"comment_status":"open","ping_status":"open","sticky":false,"template":"","format":"standard","meta":{"site-sidebar-layout":"default","site-content-layout":"default","ast-main-header-display":"","ast-hfb-above-header-display":"","ast-hfb-below-header-display":"","ast-hfb-mobile-header-display":"","site-post-title":"","ast-breadcrumbs-content":"","ast-featured-img":"","footer-sml-layout":"","theme-transparent-header-meta":"","adv-header-id-meta":"","stick-header-meta":"","header-above-stick-meta":"","header-main-stick-meta":"","header-below-stick-meta":"","footnotes":""},"categories":[1],"tags":[],"class_list":["post-8995","post","type-post","status-publish","format-standard","hentry","category-uncategorized"],"yoast_head":"<!-- This site is optimized with the Yoast SEO Premium plugin v16.1 (Yoast SEO v18.0) - https:\/\/yoast.com\/wordpress\/plugins\/seo\/ -->\n<title>SindBan discute situa\u00e7\u00e3o de empregabilidade em Piracicaba - Sindban<\/title>\n<meta name=\"robots\" content=\"index, follow, max-snippet:-1, max-image-preview:large, max-video-preview:-1\" \/>\n<link rel=\"canonical\" href=\"https:\/\/bancariosdepiracicaba.com.br\/?p=8995\" \/>\n<meta property=\"og:locale\" content=\"pt_BR\" \/>\n<meta property=\"og:type\" content=\"article\" \/>\n<meta property=\"og:title\" content=\"SindBan discute situa\u00e7\u00e3o de empregabilidade em Piracicaba - Sindban\" \/>\n<meta property=\"og:description\" content=\"Nesta ter\u00e7a-feira (19), o presidente do SindBan, o vereador Jos\u00e9 Antonio Fernandes Paiva, participou do F\u00f3rum sobre empregabilidade, em Piracicaba, promovido pela Secretaria de Emprego e Rela\u00e7\u00f5es do Trabalho do Estado de S\u00e3o Paulo. O vereador Jos\u00e9 Antonio Fernandes Paiva participou na manh\u00e3 desta ter\u00e7a-feira (19\/5) do F\u00f3rum sobre Empregabilidade de Piracicaba, promovido pela Secretaria &hellip; SindBan discute situa\u00e7\u00e3o de empregabilidade em Piracicaba Leia mais &raquo;\" \/>\n<meta property=\"og:url\" content=\"https:\/\/bancariosdepiracicaba.com.br\/?p=8995\" \/>\n<meta property=\"og:site_name\" content=\"Sindban\" \/>\n<meta property=\"article:published_time\" content=\"2021-07-23T21:14:04+00:00\" \/>\n<meta name=\"twitter:card\" content=\"summary_large_image\" \/>\n<meta name=\"twitter:label1\" content=\"Escrito por\" \/>\n\t<meta name=\"twitter:data1\" content=\"admin\" \/>\n\t<meta name=\"twitter:label2\" content=\"Est. tempo de leitura\" \/>\n\t<meta name=\"twitter:data2\" content=\"1 minuto\" \/>\n<script type=\"application\/ld+json\" class=\"yoast-schema-graph\">{\"@context\":\"https:\/\/schema.org\",\"@graph\":[{\"@type\":\"Organization\",\"@id\":\"https:\/\/bancariosdepiracicaba.com.br\/#organization\",\"name\":\"Sindban\",\"url\":\"https:\/\/bancariosdepiracicaba.com.br\/\",\"sameAs\":[],\"logo\":{\"@type\":\"ImageObject\",\"@id\":\"https:\/\/bancariosdepiracicaba.com.br\/#logo\",\"inLanguage\":\"pt-BR\",\"url\":\"https:\/\/site.bancariosdepiracicaba.com.br\/wp-content\/uploads\/2021\/04\/cropped-Asset-2.png\",\"contentUrl\":\"https:\/\/site.bancariosdepiracicaba.com.br\/wp-content\/uploads\/2021\/04\/cropped-Asset-2.png\",\"width\":512,\"height\":512,\"caption\":\"Sindban\"},\"image\":{\"@id\":\"https:\/\/bancariosdepiracicaba.com.br\/#logo\"}},{\"@type\":\"WebSite\",\"@id\":\"https:\/\/bancariosdepiracicaba.com.br\/#website\",\"url\":\"https:\/\/bancariosdepiracicaba.com.br\/\",\"name\":\"Sindban\",\"description\":\"Desenvolvimento\",\"publisher\":{\"@id\":\"https:\/\/bancariosdepiracicaba.com.br\/#organization\"},\"potentialAction\":[{\"@type\":\"SearchAction\",\"target\":{\"@type\":\"EntryPoint\",\"urlTemplate\":\"https:\/\/bancariosdepiracicaba.com.br\/?s={search_term_string}\"},\"query-input\":\"required name=search_term_string\"}],\"inLanguage\":\"pt-BR\"},{\"@type\":\"WebPage\",\"@id\":\"https:\/\/bancariosdepiracicaba.com.br\/?p=8995#webpage\",\"url\":\"https:\/\/bancariosdepiracicaba.com.br\/?p=8995\",\"name\":\"SindBan discute situa\u00e7\u00e3o de empregabilidade em Piracicaba - Sindban\",\"isPartOf\":{\"@id\":\"https:\/\/bancariosdepiracicaba.com.br\/#website\"},\"datePublished\":\"2021-07-23T21:14:04+00:00\",\"dateModified\":\"2021-07-23T21:14:04+00:00\",\"breadcrumb\":{\"@id\":\"https:\/\/bancariosdepiracicaba.com.br\/?p=8995#breadcrumb\"},\"inLanguage\":\"pt-BR\",\"potentialAction\":[{\"@type\":\"ReadAction\",\"target\":[\"https:\/\/bancariosdepiracicaba.com.br\/?p=8995\"]}]},{\"@type\":\"BreadcrumbList\",\"@id\":\"https:\/\/bancariosdepiracicaba.com.br\/?p=8995#breadcrumb\",\"itemListElement\":[{\"@type\":\"ListItem\",\"position\":1,\"name\":\"Home\",\"item\":\"https:\/\/bancariosdepiracicaba.com.br\/\"},{\"@type\":\"ListItem\",\"position\":2,\"name\":\"SindBan discute situa\u00e7\u00e3o de empregabilidade em Piracicaba\"}]},{\"@type\":\"Article\",\"@id\":\"https:\/\/bancariosdepiracicaba.com.br\/?p=8995#article\",\"isPartOf\":{\"@id\":\"https:\/\/bancariosdepiracicaba.com.br\/?p=8995#webpage\"},\"author\":{\"@id\":\"https:\/\/bancariosdepiracicaba.com.br\/#\/schema\/person\/6a12c780fc145ea2c9af09989ee600b0\"},\"headline\":\"SindBan discute situa\u00e7\u00e3o de empregabilidade em Piracicaba\",\"datePublished\":\"2021-07-23T21:14:04+00:00\",\"dateModified\":\"2021-07-23T21:14:04+00:00\",\"mainEntityOfPage\":{\"@id\":\"https:\/\/bancariosdepiracicaba.com.br\/?p=8995#webpage\"},\"wordCount\":229,\"commentCount\":0,\"publisher\":{\"@id\":\"https:\/\/bancariosdepiracicaba.com.br\/#organization\"},\"articleSection\":[\"Uncategorized\"],\"inLanguage\":\"pt-BR\",\"potentialAction\":[{\"@type\":\"CommentAction\",\"name\":\"Comment\",\"target\":[\"https:\/\/bancariosdepiracicaba.com.br\/?p=8995#respond\"]}]},{\"@type\":\"Person\",\"@id\":\"https:\/\/bancariosdepiracicaba.com.br\/#\/schema\/person\/6a12c780fc145ea2c9af09989ee600b0\",\"name\":\"admin\",\"image\":{\"@type\":\"ImageObject\",\"@id\":\"https:\/\/bancariosdepiracicaba.com.br\/#personlogo\",\"inLanguage\":\"pt-BR\",\"url\":\"https:\/\/secure.gravatar.com\/avatar\/3a05e74c6579e68209676cb5cb64e0918f288da7a49210fa18d6e9cac1189840?s=96&d=mm&r=g\",\"contentUrl\":\"https:\/\/secure.gravatar.com\/avatar\/3a05e74c6579e68209676cb5cb64e0918f288da7a49210fa18d6e9cac1189840?s=96&d=mm&r=g\",\"caption\":\"admin\"},\"sameAs\":[\"https:\/\/site.bancariosdepiracicaba.com.br\"],\"url\":\"https:\/\/bancariosdepiracicaba.com.br\/?author=1\"}]}<\/script>\n<!-- \/ Yoast SEO Premium plugin. -->","yoast_head_json":{"title":"SindBan discute situa\u00e7\u00e3o de empregabilidade em Piracicaba - Sindban","robots":{"index":"index","follow":"follow","max-snippet":"max-snippet:-1","max-image-preview":"max-image-preview:large","max-video-preview":"max-video-preview:-1"},"canonical":"https:\/\/bancariosdepiracicaba.com.br\/?p=8995","og_locale":"pt_BR","og_type":"article","og_title":"SindBan discute situa\u00e7\u00e3o de empregabilidade em Piracicaba - Sindban","og_description":"Nesta ter\u00e7a-feira (19), o presidente do SindBan, o vereador Jos\u00e9 Antonio Fernandes Paiva, participou do F\u00f3rum sobre empregabilidade, em Piracicaba, promovido pela Secretaria de Emprego e Rela\u00e7\u00f5es do Trabalho do Estado de S\u00e3o Paulo. O vereador Jos\u00e9 Antonio Fernandes Paiva participou na manh\u00e3 desta ter\u00e7a-feira (19\/5) do F\u00f3rum sobre Empregabilidade de Piracicaba, promovido pela Secretaria &hellip; SindBan discute situa\u00e7\u00e3o de empregabilidade em Piracicaba Leia mais &raquo;","og_url":"https:\/\/bancariosdepiracicaba.com.br\/?p=8995","og_site_name":"Sindban","article_published_time":"2021-07-23T21:14:04+00:00","twitter_card":"summary_large_image","twitter_misc":{"Escrito por":"admin","Est. tempo de leitura":"1 minuto"},"schema":{"@context":"https:\/\/schema.org","@graph":[{"@type":"Organization","@id":"https:\/\/bancariosdepiracicaba.com.br\/#organization","name":"Sindban","url":"https:\/\/bancariosdepiracicaba.com.br\/","sameAs":[],"logo":{"@type":"ImageObject","@id":"https:\/\/bancariosdepiracicaba.com.br\/#logo","inLanguage":"pt-BR","url":"https:\/\/site.bancariosdepiracicaba.com.br\/wp-content\/uploads\/2021\/04\/cropped-Asset-2.png","contentUrl":"https:\/\/site.bancariosdepiracicaba.com.br\/wp-content\/uploads\/2021\/04\/cropped-Asset-2.png","width":512,"height":512,"caption":"Sindban"},"image":{"@id":"https:\/\/bancariosdepiracicaba.com.br\/#logo"}},{"@type":"WebSite","@id":"https:\/\/bancariosdepiracicaba.com.br\/#website","url":"https:\/\/bancariosdepiracicaba.com.br\/","name":"Sindban","description":"Desenvolvimento","publisher":{"@id":"https:\/\/bancariosdepiracicaba.com.br\/#organization"},"potentialAction":[{"@type":"SearchAction","target":{"@type":"EntryPoint","urlTemplate":"https:\/\/bancariosdepiracicaba.com.br\/?s={search_term_string}"},"query-input":"required name=search_term_string"}],"inLanguage":"pt-BR"},{"@type":"WebPage","@id":"https:\/\/bancariosdepiracicaba.com.br\/?p=8995#webpage","url":"https:\/\/bancariosdepiracicaba.com.br\/?p=8995","name":"SindBan discute situa\u00e7\u00e3o de empregabilidade em Piracicaba - Sindban","isPartOf":{"@id":"https:\/\/bancariosdepiracicaba.com.br\/#website"},"datePublished":"2021-07-23T21:14:04+00:00","dateModified":"2021-07-23T21:14:04+00:00","breadcrumb":{"@id":"https:\/\/bancariosdepiracicaba.com.br\/?p=8995#breadcrumb"},"inLanguage":"pt-BR","potentialAction":[{"@type":"ReadAction","target":["https:\/\/bancariosdepiracicaba.com.br\/?p=8995"]}]},{"@type":"BreadcrumbList","@id":"https:\/\/bancariosdepiracicaba.com.br\/?p=8995#breadcrumb","itemListElement":[{"@type":"ListItem","position":1,"name":"Home","item":"https:\/\/bancariosdepiracicaba.com.br\/"},{"@type":"ListItem","position":2,"name":"SindBan discute situa\u00e7\u00e3o de empregabilidade em Piracicaba"}]},{"@type":"Article","@id":"https:\/\/bancariosdepiracicaba.com.br\/?p=8995#article","isPartOf":{"@id":"https:\/\/bancariosdepiracicaba.com.br\/?p=8995#webpage"},"author":{"@id":"https:\/\/bancariosdepiracicaba.com.br\/#\/schema\/person\/6a12c780fc145ea2c9af09989ee600b0"},"headline":"SindBan discute situa\u00e7\u00e3o de empregabilidade em Piracicaba","datePublished":"2021-07-23T21:14:04+00:00","dateModified":"2021-07-23T21:14:04+00:00","mainEntityOfPage":{"@id":"https:\/\/bancariosdepiracicaba.com.br\/?p=8995#webpage"},"wordCount":229,"commentCount":0,"publisher":{"@id":"https:\/\/bancariosdepiracicaba.com.br\/#organization"},"articleSection":["Uncategorized"],"inLanguage":"pt-BR","potentialAction":[{"@type":"CommentAction","name":"Comment","target":["https:\/\/bancariosdepiracicaba.com.br\/?p=8995#respond"]}]},{"@type":"Person","@id":"https:\/\/bancariosdepiracicaba.com.br\/#\/schema\/person\/6a12c780fc145ea2c9af09989ee600b0","name":"admin","image":{"@type":"ImageObject","@id":"https:\/\/bancariosdepiracicaba.com.br\/#personlogo","inLanguage":"pt-BR","url":"https:\/\/secure.gravatar.com\/avatar\/3a05e74c6579e68209676cb5cb64e0918f288da7a49210fa18d6e9cac1189840?s=96&d=mm&r=g","contentUrl":"https:\/\/secure.gravatar.com\/avatar\/3a05e74c6579e68209676cb5cb64e0918f288da7a49210fa18d6e9cac1189840?s=96&d=mm&r=g","caption":"admin"},"sameAs":["https:\/\/site.bancariosdepiracicaba.com.br"],"url":"https:\/\/bancariosdepiracicaba.com.br\/?author=1"}]}},"_links":{"self":[{"href":"https:\/\/bancariosdepiracicaba.com.br\/index.php?rest_route=\/wp\/v2\/posts\/8995","targetHints":{"allow":["GET"]}}],"collection":[{"href":"https:\/\/bancariosdepiracicaba.com.br\/index.php?rest_route=\/wp\/v2\/posts"}],"about":[{"href":"https:\/\/bancariosdepiracicaba.com.br\/index.php?rest_route=\/wp\/v2\/types\/post"}],"author":[{"embeddable":true,"href":"https:\/\/bancariosdepiracicaba.com.br\/index.php?rest_route=\/wp\/v2\/users\/1"}],"replies":[{"embeddable":true,"href":"https:\/\/bancariosdepiracicaba.com.br\/index.php?rest_route=%2Fwp%2Fv2%2Fcomments&post=8995"}],"version-history":[{"count":0,"href":"https:\/\/bancariosdepiracicaba.com.br\/index.php?rest_route=\/wp\/v2\/posts\/8995\/revisions"}],"wp:attachment":[{"href":"https:\/\/bancariosdepiracicaba.com.br\/index.php?rest_route=%2Fwp%2Fv2%2Fmedia&parent=8995"}],"wp:term":[{"taxonomy":"category","embeddable":true,"href":"https:\/\/bancariosdepiracicaba.com.br\/index.php?rest_route=%2Fwp%2Fv2%2Fcategories&post=8995"},{"taxonomy":"post_tag","embeddable":true,"href":"https:\/\/bancariosdepiracicaba.com.br\/index.php?rest_route=%2Fwp%2Fv2%2Ftags&post=8995"}],"curies":[{"name":"wp","href":"https:\/\/api.w.org\/{rel}","templated":true}]}}