{"id":8985,"date":"2021-07-23T21:13:52","date_gmt":"2021-07-23T21:13:52","guid":{"rendered":"https:\/\/site.bancariosdepiracicaba.com.br\/2021\/07\/23\/empregados-da-caixa-se-preparam-para-o-31o-conecef\/"},"modified":"2021-07-26T18:23:15","modified_gmt":"2021-07-26T18:23:15","slug":"empregados-da-caixa-se-preparam-para-o-31o-conecef","status":"publish","type":"post","link":"https:\/\/bancariosdepiracicaba.com.br\/?p=8985","title":{"rendered":"Empregados da Caixa se preparam para o 31\u00ba Conecef"},"content":{"rendered":"<p>Tudo pronto para o 31\u00ba Congresso Nacional dos Empregados da Caixa Econ\u00f4mica Federal (Conecef), que reunir\u00e1 pouco mais de 400 delegados de todo o pa \u00eds, entre empregados da ativa e aposentados, al\u00e9m de observadores. O evento est\u00e1 agendado para S\u00e3o Paulo (SP) &#8211; Hotel Holiday Inn, no Parque Anhembi, entre os dias 12 e 14 de junho. Dessa vez, o mote \u00e9 &#8220;Unidade para conquistar&#8221;.<\/p>\n<p>Os pontos do tem\u00e1rio s\u00e3o conjuntura, organiza\u00e7\u00e3o do movimento, Caixa 100% p\u00fablica, sa\u00fade do trabalhador, condi\u00e7\u00f5es de trabalho, condi\u00e7\u00f5es de funcionamento das ag\u00eancias, Sa\u00fade Caixa, Funcef, aposentados, seguran\u00e7a banc\u00e1ria, jornada, Sistema de Ponto Eletr\u00f4nico (Sipon), isonomia, carreira, terceiriza\u00e7\u00e3o, contrata\u00e7\u00e3o de mais empregados e programa Gest\u00e3o de Desempenho de Pessoas (GDP).<\/p>\n<p>O calend\u00e1rio estabelecido prev\u00ea a distribui\u00e7\u00e3o dos delegados em cinco grupos de trabalho: Grupo 1 (sa\u00fade do trabalhador, condi\u00e7\u00f5es de trabalho e Sa\u00fade Caixa), Grupo 2 (Funcef, aposentados e Prevhab), Grupo 3 (seguran\u00e7a banc\u00e1ria, infraestrutura das unidades e terceiriza\u00e7\u00e3o), Grupo 4 (Caixa 100% p\u00fablica, contrata\u00e7\u00e3o, Sipon e jornada) e Grupo 5 (isonomia, carreira e GDP).<\/p>\n<p>O tema da organiza\u00e7\u00e3o do movimento ser\u00e1 comum a todos os grupos. No domingo, dia 14 de junho, a plen\u00e1ria final discute e vota os relat\u00f3rios aprovados nos diversos grupos de trabalho. Os trabalhos do 31\u00ba Conecef ser\u00e3o conduzidos pela Comiss\u00e3o Executiva dos Empregados (CEE\/Caixa) \/ Contraf\/CUT. <\/p>\n<p>Os diretores do SindBan Ubiratan Campos e Maur \u00edcio Nobre participar\u00e3o como delegados.<\/p>\n<p>PROGRAMA\u00e7\u00e3O <\/p>\n<p>SEXTA-FEIRA &#8211; DIA 12 DE JUNHO<\/p>\n<p>9h30 &#8211; Debate sobre an\u00e1lise de conjuntura, com o jornalista econ\u00f4mico Luiz Nassif. Nessa mesa, haver\u00e1 a participa\u00e7\u00e3o de Fernando Neiva e de Maria Rita Serrano, representantes dos empregados no Conselho de Administra\u00e7\u00e3o da Caixa.<br \/>\n11h30 &#8211; Apresenta\u00e7\u00e3o e defesa das teses. Foram escritas cinco: ARTBAN (Articula\u00e7\u00e3o Banc\u00e1ria da Caixa), CSD (CUT Socialista e Democr\u00e1tica), CTB (Central dos Trabalhadores e Trabalhadoras do Brasil), Intersindical Banc\u00e1ria &#8211; Autonomia e Luta e MNOB\/Conlutas (Movimento Nacional de Oposi\u00e7\u00e3o Banc\u00e1ria).<br \/>\n13h &#8211; Almo\u00e7o.<br \/>\n14h30 &#8211; Debate sobre a Funcef com Maur \u00edcio Marcellini Pereira (diretor de Investimentos da Funda\u00e7\u00e3o), Ant\u00f4nio Luiz Fermino (conselheiro deliberativo eleito e delegado ao 31\u00ba Conecef) e Felipe Freire de Miranda (t\u00e9cnico do Dieese &#8211; subse\u00e7\u00e3o Fenae). Os temas dessa mesa ser\u00e3o os investimentos que mais impactaram negativamente no resultado do fundo de pens\u00e3o dos empregados da Caixa, assim como as medidas para reverter essa situa\u00e7\u00e3o e o plano de equacionamento.<br \/>\n17h30 &#8211; Regimento interno.<br \/>\n18h30 &#8211; Ato de abertura formal.<br \/>\n21h &#8211; Jantar.<\/p>\n<p>S\u00e1BADO &#8211; DIA 13 DE JUNHO<\/p>\n<p>9h &#8211; Instala\u00e7\u00e3o e in \u00edcio dos trabalhos dos grupos.<br \/>\nGrupo 1: Sa\u00fade do trabalhador \/ condi\u00e7\u00f5es de trabalho \/ Sa\u00fade Caixa. Grupo 2: Funcef \/ aposentados \/ Prevhab. Grupo 3: Seguran\u00e7a banc\u00e1ria \/ infraestrutura das unidades \/ terceiriza\u00e7\u00e3o. Grupo 4: Caixa 100% p\u00fablica \/ contrata\u00e7\u00e3o \/ Sipon \/ jornada.Grupo 5: Isonomia \/ carreira \/ GDP. O item da &#8220;Organiza\u00e7\u00e3o do Movimento&#8221; ser\u00e1 debatido em todos os grupos.<br \/>\n12h30 &#8211; Almo\u00e7o.<br \/>\n14h &#8211; Retomada dos trabalhos.<br \/>\n16h30 &#8211; Plen\u00e1ria geral: apresenta\u00e7\u00e3o dos relat\u00f3rios dos grupos.<br \/>\n19h &#8211; Jantar.<\/p>\n<p>DOMINGO &#8211; DIA 14 DE JUNHO <\/p>\n<p>9h &#8211; Plen\u00e1ria geral: debate sobre organiza\u00e7\u00e3o do movimento.<br \/>\n13h &#8211; Encerramento &#8211; almo\u00e7o.<\/p>\n","protected":false},"excerpt":{"rendered":"<p>Tudo pronto para o 31\u00ba Congresso Nacional dos Empregados da Caixa Econ\u00f4mica Federal (Conecef), que reunir\u00e1 pouco mais de 400 delegados de todo o pa \u00eds, entre empregados da ativa e aposentados, al\u00e9m de observadores. O evento est\u00e1 agendado para S\u00e3o Paulo (SP) &#8211; Hotel Holiday Inn, no Parque Anhembi, entre os dias 12 e &hellip;<\/p>\n<p class=\"read-more\"> <a class=\"\" href=\"https:\/\/bancariosdepiracicaba.com.br\/?p=8985\"> <span class=\"screen-reader-text\">Empregados da Caixa se preparam para o 31\u00ba Conecef<\/span> Leia mais &raquo;<\/a><\/p>\n","protected":false},"author":1,"featured_media":0,"comment_status":"open","ping_status":"open","sticky":false,"template":"","format":"standard","meta":{"site-sidebar-layout":"default","site-content-layout":"default","ast-main-header-display":"","ast-hfb-above-header-display":"","ast-hfb-below-header-display":"","ast-hfb-mobile-header-display":"","site-post-title":"","ast-breadcrumbs-content":"","ast-featured-img":"","footer-sml-layout":"","theme-transparent-header-meta":"","adv-header-id-meta":"","stick-header-meta":"","header-above-stick-meta":"","header-main-stick-meta":"","header-below-stick-meta":"","footnotes":""},"categories":[11,1],"tags":[],"class_list":["post-8985","post","type-post","status-publish","format-standard","hentry","category-caixa-federal","category-uncategorized"],"yoast_head":"<!-- This site is optimized with the Yoast SEO Premium plugin v16.1 (Yoast SEO v18.0) - https:\/\/yoast.com\/wordpress\/plugins\/seo\/ -->\n<title>Empregados da Caixa se preparam para o 31\u00ba Conecef - Sindban<\/title>\n<meta name=\"robots\" content=\"index, follow, max-snippet:-1, max-image-preview:large, max-video-preview:-1\" \/>\n<link rel=\"canonical\" href=\"https:\/\/bancariosdepiracicaba.com.br\/?p=8985\" \/>\n<meta property=\"og:locale\" content=\"pt_BR\" \/>\n<meta property=\"og:type\" content=\"article\" \/>\n<meta property=\"og:title\" content=\"Empregados da Caixa se preparam para o 31\u00ba Conecef - Sindban\" \/>\n<meta property=\"og:description\" content=\"Tudo pronto para o 31\u00ba Congresso Nacional dos Empregados da Caixa Econ\u00f4mica Federal (Conecef), que reunir\u00e1 pouco mais de 400 delegados de todo o pa \u00eds, entre empregados da ativa e aposentados, al\u00e9m de observadores. O evento est\u00e1 agendado para S\u00e3o Paulo (SP) &#8211; Hotel Holiday Inn, no Parque Anhembi, entre os dias 12 e &hellip; Empregados da Caixa se preparam para o 31\u00ba Conecef Leia mais &raquo;\" \/>\n<meta property=\"og:url\" content=\"https:\/\/bancariosdepiracicaba.com.br\/?p=8985\" \/>\n<meta property=\"og:site_name\" content=\"Sindban\" \/>\n<meta property=\"article:published_time\" content=\"2021-07-23T21:13:52+00:00\" \/>\n<meta property=\"article:modified_time\" content=\"2021-07-26T18:23:15+00:00\" \/>\n<meta name=\"twitter:card\" content=\"summary_large_image\" \/>\n<meta name=\"twitter:label1\" content=\"Escrito por\" \/>\n\t<meta name=\"twitter:data1\" content=\"admin\" \/>\n\t<meta name=\"twitter:label2\" content=\"Est. tempo de leitura\" \/>\n\t<meta name=\"twitter:data2\" content=\"3 minutos\" \/>\n<script type=\"application\/ld+json\" class=\"yoast-schema-graph\">{\"@context\":\"https:\/\/schema.org\",\"@graph\":[{\"@type\":\"Organization\",\"@id\":\"https:\/\/bancariosdepiracicaba.com.br\/#organization\",\"name\":\"Sindban\",\"url\":\"https:\/\/bancariosdepiracicaba.com.br\/\",\"sameAs\":[],\"logo\":{\"@type\":\"ImageObject\",\"@id\":\"https:\/\/bancariosdepiracicaba.com.br\/#logo\",\"inLanguage\":\"pt-BR\",\"url\":\"https:\/\/site.bancariosdepiracicaba.com.br\/wp-content\/uploads\/2021\/04\/cropped-Asset-2.png\",\"contentUrl\":\"https:\/\/site.bancariosdepiracicaba.com.br\/wp-content\/uploads\/2021\/04\/cropped-Asset-2.png\",\"width\":512,\"height\":512,\"caption\":\"Sindban\"},\"image\":{\"@id\":\"https:\/\/bancariosdepiracicaba.com.br\/#logo\"}},{\"@type\":\"WebSite\",\"@id\":\"https:\/\/bancariosdepiracicaba.com.br\/#website\",\"url\":\"https:\/\/bancariosdepiracicaba.com.br\/\",\"name\":\"Sindban\",\"description\":\"Desenvolvimento\",\"publisher\":{\"@id\":\"https:\/\/bancariosdepiracicaba.com.br\/#organization\"},\"potentialAction\":[{\"@type\":\"SearchAction\",\"target\":{\"@type\":\"EntryPoint\",\"urlTemplate\":\"https:\/\/bancariosdepiracicaba.com.br\/?s={search_term_string}\"},\"query-input\":\"required name=search_term_string\"}],\"inLanguage\":\"pt-BR\"},{\"@type\":\"WebPage\",\"@id\":\"https:\/\/bancariosdepiracicaba.com.br\/?p=8985#webpage\",\"url\":\"https:\/\/bancariosdepiracicaba.com.br\/?p=8985\",\"name\":\"Empregados da Caixa se preparam para o 31\u00ba Conecef - Sindban\",\"isPartOf\":{\"@id\":\"https:\/\/bancariosdepiracicaba.com.br\/#website\"},\"datePublished\":\"2021-07-23T21:13:52+00:00\",\"dateModified\":\"2021-07-26T18:23:15+00:00\",\"breadcrumb\":{\"@id\":\"https:\/\/bancariosdepiracicaba.com.br\/?p=8985#breadcrumb\"},\"inLanguage\":\"pt-BR\",\"potentialAction\":[{\"@type\":\"ReadAction\",\"target\":[\"https:\/\/bancariosdepiracicaba.com.br\/?p=8985\"]}]},{\"@type\":\"BreadcrumbList\",\"@id\":\"https:\/\/bancariosdepiracicaba.com.br\/?p=8985#breadcrumb\",\"itemListElement\":[{\"@type\":\"ListItem\",\"position\":1,\"name\":\"Home\",\"item\":\"https:\/\/bancariosdepiracicaba.com.br\/\"},{\"@type\":\"ListItem\",\"position\":2,\"name\":\"Empregados da Caixa se preparam para o 31\u00ba Conecef\"}]},{\"@type\":\"Article\",\"@id\":\"https:\/\/bancariosdepiracicaba.com.br\/?p=8985#article\",\"isPartOf\":{\"@id\":\"https:\/\/bancariosdepiracicaba.com.br\/?p=8985#webpage\"},\"author\":{\"@id\":\"https:\/\/bancariosdepiracicaba.com.br\/#\/schema\/person\/6a12c780fc145ea2c9af09989ee600b0\"},\"headline\":\"Empregados da Caixa se preparam para o 31\u00ba Conecef\",\"datePublished\":\"2021-07-23T21:13:52+00:00\",\"dateModified\":\"2021-07-26T18:23:15+00:00\",\"mainEntityOfPage\":{\"@id\":\"https:\/\/bancariosdepiracicaba.com.br\/?p=8985#webpage\"},\"wordCount\":564,\"commentCount\":0,\"publisher\":{\"@id\":\"https:\/\/bancariosdepiracicaba.com.br\/#organization\"},\"articleSection\":[\"Caixa Federal\",\"Uncategorized\"],\"inLanguage\":\"pt-BR\",\"potentialAction\":[{\"@type\":\"CommentAction\",\"name\":\"Comment\",\"target\":[\"https:\/\/bancariosdepiracicaba.com.br\/?p=8985#respond\"]}]},{\"@type\":\"Person\",\"@id\":\"https:\/\/bancariosdepiracicaba.com.br\/#\/schema\/person\/6a12c780fc145ea2c9af09989ee600b0\",\"name\":\"admin\",\"image\":{\"@type\":\"ImageObject\",\"@id\":\"https:\/\/bancariosdepiracicaba.com.br\/#personlogo\",\"inLanguage\":\"pt-BR\",\"url\":\"https:\/\/secure.gravatar.com\/avatar\/3a05e74c6579e68209676cb5cb64e0918f288da7a49210fa18d6e9cac1189840?s=96&d=mm&r=g\",\"contentUrl\":\"https:\/\/secure.gravatar.com\/avatar\/3a05e74c6579e68209676cb5cb64e0918f288da7a49210fa18d6e9cac1189840?s=96&d=mm&r=g\",\"caption\":\"admin\"},\"sameAs\":[\"https:\/\/site.bancariosdepiracicaba.com.br\"],\"url\":\"https:\/\/bancariosdepiracicaba.com.br\/?author=1\"}]}<\/script>\n<!-- \/ Yoast SEO Premium plugin. -->","yoast_head_json":{"title":"Empregados da Caixa se preparam para o 31\u00ba Conecef - Sindban","robots":{"index":"index","follow":"follow","max-snippet":"max-snippet:-1","max-image-preview":"max-image-preview:large","max-video-preview":"max-video-preview:-1"},"canonical":"https:\/\/bancariosdepiracicaba.com.br\/?p=8985","og_locale":"pt_BR","og_type":"article","og_title":"Empregados da Caixa se preparam para o 31\u00ba Conecef - Sindban","og_description":"Tudo pronto para o 31\u00ba Congresso Nacional dos Empregados da Caixa Econ\u00f4mica Federal (Conecef), que reunir\u00e1 pouco mais de 400 delegados de todo o pa \u00eds, entre empregados da ativa e aposentados, al\u00e9m de observadores. O evento est\u00e1 agendado para S\u00e3o Paulo (SP) &#8211; Hotel Holiday Inn, no Parque Anhembi, entre os dias 12 e &hellip; Empregados da Caixa se preparam para o 31\u00ba Conecef Leia mais &raquo;","og_url":"https:\/\/bancariosdepiracicaba.com.br\/?p=8985","og_site_name":"Sindban","article_published_time":"2021-07-23T21:13:52+00:00","article_modified_time":"2021-07-26T18:23:15+00:00","twitter_card":"summary_large_image","twitter_misc":{"Escrito por":"admin","Est. tempo de leitura":"3 minutos"},"schema":{"@context":"https:\/\/schema.org","@graph":[{"@type":"Organization","@id":"https:\/\/bancariosdepiracicaba.com.br\/#organization","name":"Sindban","url":"https:\/\/bancariosdepiracicaba.com.br\/","sameAs":[],"logo":{"@type":"ImageObject","@id":"https:\/\/bancariosdepiracicaba.com.br\/#logo","inLanguage":"pt-BR","url":"https:\/\/site.bancariosdepiracicaba.com.br\/wp-content\/uploads\/2021\/04\/cropped-Asset-2.png","contentUrl":"https:\/\/site.bancariosdepiracicaba.com.br\/wp-content\/uploads\/2021\/04\/cropped-Asset-2.png","width":512,"height":512,"caption":"Sindban"},"image":{"@id":"https:\/\/bancariosdepiracicaba.com.br\/#logo"}},{"@type":"WebSite","@id":"https:\/\/bancariosdepiracicaba.com.br\/#website","url":"https:\/\/bancariosdepiracicaba.com.br\/","name":"Sindban","description":"Desenvolvimento","publisher":{"@id":"https:\/\/bancariosdepiracicaba.com.br\/#organization"},"potentialAction":[{"@type":"SearchAction","target":{"@type":"EntryPoint","urlTemplate":"https:\/\/bancariosdepiracicaba.com.br\/?s={search_term_string}"},"query-input":"required name=search_term_string"}],"inLanguage":"pt-BR"},{"@type":"WebPage","@id":"https:\/\/bancariosdepiracicaba.com.br\/?p=8985#webpage","url":"https:\/\/bancariosdepiracicaba.com.br\/?p=8985","name":"Empregados da Caixa se preparam para o 31\u00ba Conecef - Sindban","isPartOf":{"@id":"https:\/\/bancariosdepiracicaba.com.br\/#website"},"datePublished":"2021-07-23T21:13:52+00:00","dateModified":"2021-07-26T18:23:15+00:00","breadcrumb":{"@id":"https:\/\/bancariosdepiracicaba.com.br\/?p=8985#breadcrumb"},"inLanguage":"pt-BR","potentialAction":[{"@type":"ReadAction","target":["https:\/\/bancariosdepiracicaba.com.br\/?p=8985"]}]},{"@type":"BreadcrumbList","@id":"https:\/\/bancariosdepiracicaba.com.br\/?p=8985#breadcrumb","itemListElement":[{"@type":"ListItem","position":1,"name":"Home","item":"https:\/\/bancariosdepiracicaba.com.br\/"},{"@type":"ListItem","position":2,"name":"Empregados da Caixa se preparam para o 31\u00ba Conecef"}]},{"@type":"Article","@id":"https:\/\/bancariosdepiracicaba.com.br\/?p=8985#article","isPartOf":{"@id":"https:\/\/bancariosdepiracicaba.com.br\/?p=8985#webpage"},"author":{"@id":"https:\/\/bancariosdepiracicaba.com.br\/#\/schema\/person\/6a12c780fc145ea2c9af09989ee600b0"},"headline":"Empregados da Caixa se preparam para o 31\u00ba Conecef","datePublished":"2021-07-23T21:13:52+00:00","dateModified":"2021-07-26T18:23:15+00:00","mainEntityOfPage":{"@id":"https:\/\/bancariosdepiracicaba.com.br\/?p=8985#webpage"},"wordCount":564,"commentCount":0,"publisher":{"@id":"https:\/\/bancariosdepiracicaba.com.br\/#organization"},"articleSection":["Caixa Federal","Uncategorized"],"inLanguage":"pt-BR","potentialAction":[{"@type":"CommentAction","name":"Comment","target":["https:\/\/bancariosdepiracicaba.com.br\/?p=8985#respond"]}]},{"@type":"Person","@id":"https:\/\/bancariosdepiracicaba.com.br\/#\/schema\/person\/6a12c780fc145ea2c9af09989ee600b0","name":"admin","image":{"@type":"ImageObject","@id":"https:\/\/bancariosdepiracicaba.com.br\/#personlogo","inLanguage":"pt-BR","url":"https:\/\/secure.gravatar.com\/avatar\/3a05e74c6579e68209676cb5cb64e0918f288da7a49210fa18d6e9cac1189840?s=96&d=mm&r=g","contentUrl":"https:\/\/secure.gravatar.com\/avatar\/3a05e74c6579e68209676cb5cb64e0918f288da7a49210fa18d6e9cac1189840?s=96&d=mm&r=g","caption":"admin"},"sameAs":["https:\/\/site.bancariosdepiracicaba.com.br"],"url":"https:\/\/bancariosdepiracicaba.com.br\/?author=1"}]}},"_links":{"self":[{"href":"https:\/\/bancariosdepiracicaba.com.br\/index.php?rest_route=\/wp\/v2\/posts\/8985","targetHints":{"allow":["GET"]}}],"collection":[{"href":"https:\/\/bancariosdepiracicaba.com.br\/index.php?rest_route=\/wp\/v2\/posts"}],"about":[{"href":"https:\/\/bancariosdepiracicaba.com.br\/index.php?rest_route=\/wp\/v2\/types\/post"}],"author":[{"embeddable":true,"href":"https:\/\/bancariosdepiracicaba.com.br\/index.php?rest_route=\/wp\/v2\/users\/1"}],"replies":[{"embeddable":true,"href":"https:\/\/bancariosdepiracicaba.com.br\/index.php?rest_route=%2Fwp%2Fv2%2Fcomments&post=8985"}],"version-history":[{"count":1,"href":"https:\/\/bancariosdepiracicaba.com.br\/index.php?rest_route=\/wp\/v2\/posts\/8985\/revisions"}],"predecessor-version":[{"id":12377,"href":"https:\/\/bancariosdepiracicaba.com.br\/index.php?rest_route=\/wp\/v2\/posts\/8985\/revisions\/12377"}],"wp:attachment":[{"href":"https:\/\/bancariosdepiracicaba.com.br\/index.php?rest_route=%2Fwp%2Fv2%2Fmedia&parent=8985"}],"wp:term":[{"taxonomy":"category","embeddable":true,"href":"https:\/\/bancariosdepiracicaba.com.br\/index.php?rest_route=%2Fwp%2Fv2%2Fcategories&post=8985"},{"taxonomy":"post_tag","embeddable":true,"href":"https:\/\/bancariosdepiracicaba.com.br\/index.php?rest_route=%2Fwp%2Fv2%2Ftags&post=8985"}],"curies":[{"name":"wp","href":"https:\/\/api.w.org\/{rel}","templated":true}]}}