{"id":8751,"date":"2021-07-23T21:09:04","date_gmt":"2021-07-23T21:09:04","guid":{"rendered":"https:\/\/site.bancariosdepiracicaba.com.br\/2021\/07\/23\/sindban-abre-exposicao-fotografica-55-anos-de-historias-e-lutas\/"},"modified":"2021-07-23T21:09:04","modified_gmt":"2021-07-23T21:09:04","slug":"sindban-abre-exposicao-fotografica-55-anos-de-historias-e-lutas","status":"publish","type":"post","link":"https:\/\/bancariosdepiracicaba.com.br\/?p=8751","title":{"rendered":"SINDBAN abre \u201cExposi\u00e7\u00e3o Fotogr\u00e1fica 55 anos de hist\u00f3rias e lutas\u201d"},"content":{"rendered":"<p>Um m\u00eas antes de celebrar os 55 anos do SINDBAN (Sindicato dos Banc\u00e1rios de Piracicaba e Regi\u00e3o), a diretoria iniciou as comemora\u00e7\u00f5es com a abertura da  \u201c;Exposi\u00e7\u00e3o Fotogr\u00e1fica 55 anos de hist\u00f3rias e lutas \u201c;. A abertura da Exposi\u00e7\u00e3o, que contou com a presen\u00e7a de banc\u00e1rios, diretores e ex-diretores, aconteceu na noite de ter\u00e7a-feira, 23, na sede do Sindicato.<br \/>\nA presidenta em exerc \u00edcio, Angela Ulices Savian, agradeceu a presen\u00e7a de todos que, de alguma forma, fazem parte dos 55 anos de hist\u00f3ria do Sindicato.  \u201c;Estamos aqui hoje para contar um pouco da hist\u00f3ria e fazer esta homenagem aos diretores que por aqui passaram. Alguns, infelizmente, n\u00e3o est\u00e3o mais presentes, mas agradecemos com todo carinho \u00e0s fam \u00edlias por tudo que fizeram \u201c;, afirmou.<br \/>\nA presidenta salientou que o Sindicato tem uma hist\u00f3ria vitoriosa de luta n\u00e3o s\u00f3 pela categoria banc\u00e1ria, mas por todos os trabalhadores.  \u201c;Sempre estivemos envolvidos em bandeiras que prezam pelos trabalhadores e vamos continuar fazendo nosso papel. Por isso, hoje, me sinto feliz em participar desta hist\u00f3ria. Agrade\u00e7o a toda equipe de funcion\u00e1rios e diretores por tudo que fizeram e ainda fazem, diariamente. Agrade\u00e7o ainda ao Paiva, meu grande amigo e presidente licenciado, por tudo que j\u00e1 fez pelos banc\u00e1rios e por todos n\u00f3s \u201c;, acrescentou.<br \/>\nO vereador e presidente licenciado do SINDBAN, Jos\u00e9 Antonio Fernandes Paiva, come\u00e7ou seu discurso falando da honra em participar de uma noite de festas como essa. Agradeceu a confian\u00e7a que o diretor Jo\u00e3o Batista Alves depositou nele na d\u00e9cada de 80 ao convid\u00e1-lo para integrar a diretoria, onde atua h\u00e1 tanto tempo como presidente -; agora licenciado.  \u201c;O melhor trabalho \u00e9 aquele desenvolvido em equipe, por isso agrade\u00e7o imensamente a equipe do Sindicato que organizou essa Exposi\u00e7\u00e3o com tanto carinho e a minha do gabinete por tudo que j\u00e1 fizeram pela categoria \u201c;.<br \/>\nPaiva acrescentou que tem muito orgulho de fazer parte da equipe que d\u00e1 vida ao Sindicato e a todos que ajudaram a construir os 55 anos de muita luta e conquistas.  \u201c;As diretorias s\u00e3o passageiras, mas o Sindicato \u00e9 uma institui\u00e7\u00e3o de respeito que hoje est\u00e1 consolidada como uma refer\u00eancia de luta, de respeito, de proposi\u00e7\u00e3o, mas acima de tudo, um Sindicato que est\u00e1 sempre presente \u201c;, finalizou.<br \/>\nAp\u00f3s sua fala, Paiva solicitou um minuto de sil\u00eancio em mem\u00f3ria do ex-presidente Diocleciano Villar, falecido neste ano.<br \/>\nHOMENAGENS -; A diretoria prestou uma homenagem a todos ex-diretores que passaram pelo Sindicato nesses 55 anos, entregando um certificado de agradecimento pela participa\u00e7\u00e3o na constru\u00e7\u00e3o da hist\u00f3ria de lutas e conquistas.<br \/>\nEXPOSI\u00e7\u00e3O -; A Exposi\u00e7\u00e3o retrata em fotos a hist\u00f3ria de 55 anos do SINDBAN, que comemora seu anivers\u00e1rio no dia 22 de outubro deste ano. Ela est\u00e1 aberta diariamente, das 8h \u00e0s 17h, na sede do Sindicato, localizada na rua XV de Novembro, 549, Centro, Piracicaba.<br \/>\nTexto: Michelle Bottin DRT-PR\/7704<br \/>\nFotos: M\u00e1rio Camargo<\/p>\n","protected":false},"excerpt":{"rendered":"<p>Um m\u00eas antes de celebrar os 55 anos do SINDBAN (Sindicato dos Banc\u00e1rios de Piracicaba e Regi\u00e3o), a diretoria iniciou as comemora\u00e7\u00f5es com a abertura da \u201c;Exposi\u00e7\u00e3o Fotogr\u00e1fica 55 anos de hist\u00f3rias e lutas \u201c;. A abertura da Exposi\u00e7\u00e3o, que contou com a presen\u00e7a de banc\u00e1rios, diretores e ex-diretores, aconteceu na noite de ter\u00e7a-feira, 23, &hellip;<\/p>\n<p class=\"read-more\"> <a class=\"\" href=\"https:\/\/bancariosdepiracicaba.com.br\/?p=8751\"> <span class=\"screen-reader-text\">SINDBAN abre \u201cExposi\u00e7\u00e3o Fotogr\u00e1fica 55 anos de hist\u00f3rias e lutas\u201d<\/span> Leia mais &raquo;<\/a><\/p>\n","protected":false},"author":1,"featured_media":0,"comment_status":"open","ping_status":"open","sticky":false,"template":"","format":"standard","meta":{"site-sidebar-layout":"default","site-content-layout":"default","ast-main-header-display":"","ast-hfb-above-header-display":"","ast-hfb-below-header-display":"","ast-hfb-mobile-header-display":"","site-post-title":"","ast-breadcrumbs-content":"","ast-featured-img":"","footer-sml-layout":"","theme-transparent-header-meta":"","adv-header-id-meta":"","stick-header-meta":"","header-above-stick-meta":"","header-main-stick-meta":"","header-below-stick-meta":"","footnotes":""},"categories":[1],"tags":[],"class_list":["post-8751","post","type-post","status-publish","format-standard","hentry","category-uncategorized"],"yoast_head":"<!-- This site is optimized with the Yoast SEO Premium plugin v16.1 (Yoast SEO v18.0) - https:\/\/yoast.com\/wordpress\/plugins\/seo\/ -->\n<title>SINDBAN abre \u201cExposi\u00e7\u00e3o Fotogr\u00e1fica 55 anos de hist\u00f3rias e lutas\u201d - Sindban<\/title>\n<meta name=\"robots\" content=\"index, follow, max-snippet:-1, max-image-preview:large, max-video-preview:-1\" \/>\n<link rel=\"canonical\" href=\"https:\/\/bancariosdepiracicaba.com.br\/?p=8751\" \/>\n<meta property=\"og:locale\" content=\"pt_BR\" \/>\n<meta property=\"og:type\" content=\"article\" \/>\n<meta property=\"og:title\" content=\"SINDBAN abre \u201cExposi\u00e7\u00e3o Fotogr\u00e1fica 55 anos de hist\u00f3rias e lutas\u201d - Sindban\" \/>\n<meta property=\"og:description\" content=\"Um m\u00eas antes de celebrar os 55 anos do SINDBAN (Sindicato dos Banc\u00e1rios de Piracicaba e Regi\u00e3o), a diretoria iniciou as comemora\u00e7\u00f5es com a abertura da \u201c;Exposi\u00e7\u00e3o Fotogr\u00e1fica 55 anos de hist\u00f3rias e lutas \u201c;. A abertura da Exposi\u00e7\u00e3o, que contou com a presen\u00e7a de banc\u00e1rios, diretores e ex-diretores, aconteceu na noite de ter\u00e7a-feira, 23, &hellip; SINDBAN abre \u201cExposi\u00e7\u00e3o Fotogr\u00e1fica 55 anos de hist\u00f3rias e lutas\u201d Leia mais &raquo;\" \/>\n<meta property=\"og:url\" content=\"https:\/\/bancariosdepiracicaba.com.br\/?p=8751\" \/>\n<meta property=\"og:site_name\" content=\"Sindban\" \/>\n<meta property=\"article:published_time\" content=\"2021-07-23T21:09:04+00:00\" \/>\n<meta name=\"twitter:card\" content=\"summary_large_image\" \/>\n<meta name=\"twitter:label1\" content=\"Escrito por\" \/>\n\t<meta name=\"twitter:data1\" content=\"admin\" \/>\n\t<meta name=\"twitter:label2\" content=\"Est. tempo de leitura\" \/>\n\t<meta name=\"twitter:data2\" content=\"3 minutos\" \/>\n<script type=\"application\/ld+json\" class=\"yoast-schema-graph\">{\"@context\":\"https:\/\/schema.org\",\"@graph\":[{\"@type\":\"Organization\",\"@id\":\"https:\/\/bancariosdepiracicaba.com.br\/#organization\",\"name\":\"Sindban\",\"url\":\"https:\/\/bancariosdepiracicaba.com.br\/\",\"sameAs\":[],\"logo\":{\"@type\":\"ImageObject\",\"@id\":\"https:\/\/bancariosdepiracicaba.com.br\/#logo\",\"inLanguage\":\"pt-BR\",\"url\":\"https:\/\/site.bancariosdepiracicaba.com.br\/wp-content\/uploads\/2021\/04\/cropped-Asset-2.png\",\"contentUrl\":\"https:\/\/site.bancariosdepiracicaba.com.br\/wp-content\/uploads\/2021\/04\/cropped-Asset-2.png\",\"width\":512,\"height\":512,\"caption\":\"Sindban\"},\"image\":{\"@id\":\"https:\/\/bancariosdepiracicaba.com.br\/#logo\"}},{\"@type\":\"WebSite\",\"@id\":\"https:\/\/bancariosdepiracicaba.com.br\/#website\",\"url\":\"https:\/\/bancariosdepiracicaba.com.br\/\",\"name\":\"Sindban\",\"description\":\"Desenvolvimento\",\"publisher\":{\"@id\":\"https:\/\/bancariosdepiracicaba.com.br\/#organization\"},\"potentialAction\":[{\"@type\":\"SearchAction\",\"target\":{\"@type\":\"EntryPoint\",\"urlTemplate\":\"https:\/\/bancariosdepiracicaba.com.br\/?s={search_term_string}\"},\"query-input\":\"required name=search_term_string\"}],\"inLanguage\":\"pt-BR\"},{\"@type\":\"WebPage\",\"@id\":\"https:\/\/bancariosdepiracicaba.com.br\/?p=8751#webpage\",\"url\":\"https:\/\/bancariosdepiracicaba.com.br\/?p=8751\",\"name\":\"SINDBAN abre \u201cExposi\u00e7\u00e3o Fotogr\u00e1fica 55 anos de hist\u00f3rias e lutas\u201d - Sindban\",\"isPartOf\":{\"@id\":\"https:\/\/bancariosdepiracicaba.com.br\/#website\"},\"datePublished\":\"2021-07-23T21:09:04+00:00\",\"dateModified\":\"2021-07-23T21:09:04+00:00\",\"breadcrumb\":{\"@id\":\"https:\/\/bancariosdepiracicaba.com.br\/?p=8751#breadcrumb\"},\"inLanguage\":\"pt-BR\",\"potentialAction\":[{\"@type\":\"ReadAction\",\"target\":[\"https:\/\/bancariosdepiracicaba.com.br\/?p=8751\"]}]},{\"@type\":\"BreadcrumbList\",\"@id\":\"https:\/\/bancariosdepiracicaba.com.br\/?p=8751#breadcrumb\",\"itemListElement\":[{\"@type\":\"ListItem\",\"position\":1,\"name\":\"Home\",\"item\":\"https:\/\/bancariosdepiracicaba.com.br\/\"},{\"@type\":\"ListItem\",\"position\":2,\"name\":\"SINDBAN abre \u201cExposi\u00e7\u00e3o Fotogr\u00e1fica 55 anos de hist\u00f3rias e lutas\u201d\"}]},{\"@type\":\"Article\",\"@id\":\"https:\/\/bancariosdepiracicaba.com.br\/?p=8751#article\",\"isPartOf\":{\"@id\":\"https:\/\/bancariosdepiracicaba.com.br\/?p=8751#webpage\"},\"author\":{\"@id\":\"https:\/\/bancariosdepiracicaba.com.br\/#\/schema\/person\/6a12c780fc145ea2c9af09989ee600b0\"},\"headline\":\"SINDBAN abre \u201cExposi\u00e7\u00e3o Fotogr\u00e1fica 55 anos de hist\u00f3rias e lutas\u201d\",\"datePublished\":\"2021-07-23T21:09:04+00:00\",\"dateModified\":\"2021-07-23T21:09:04+00:00\",\"mainEntityOfPage\":{\"@id\":\"https:\/\/bancariosdepiracicaba.com.br\/?p=8751#webpage\"},\"wordCount\":516,\"commentCount\":0,\"publisher\":{\"@id\":\"https:\/\/bancariosdepiracicaba.com.br\/#organization\"},\"articleSection\":[\"Uncategorized\"],\"inLanguage\":\"pt-BR\",\"potentialAction\":[{\"@type\":\"CommentAction\",\"name\":\"Comment\",\"target\":[\"https:\/\/bancariosdepiracicaba.com.br\/?p=8751#respond\"]}]},{\"@type\":\"Person\",\"@id\":\"https:\/\/bancariosdepiracicaba.com.br\/#\/schema\/person\/6a12c780fc145ea2c9af09989ee600b0\",\"name\":\"admin\",\"image\":{\"@type\":\"ImageObject\",\"@id\":\"https:\/\/bancariosdepiracicaba.com.br\/#personlogo\",\"inLanguage\":\"pt-BR\",\"url\":\"https:\/\/secure.gravatar.com\/avatar\/3a05e74c6579e68209676cb5cb64e0918f288da7a49210fa18d6e9cac1189840?s=96&d=mm&r=g\",\"contentUrl\":\"https:\/\/secure.gravatar.com\/avatar\/3a05e74c6579e68209676cb5cb64e0918f288da7a49210fa18d6e9cac1189840?s=96&d=mm&r=g\",\"caption\":\"admin\"},\"sameAs\":[\"https:\/\/site.bancariosdepiracicaba.com.br\"],\"url\":\"https:\/\/bancariosdepiracicaba.com.br\/?author=1\"}]}<\/script>\n<!-- \/ Yoast SEO Premium plugin. -->","yoast_head_json":{"title":"SINDBAN abre \u201cExposi\u00e7\u00e3o Fotogr\u00e1fica 55 anos de hist\u00f3rias e lutas\u201d - Sindban","robots":{"index":"index","follow":"follow","max-snippet":"max-snippet:-1","max-image-preview":"max-image-preview:large","max-video-preview":"max-video-preview:-1"},"canonical":"https:\/\/bancariosdepiracicaba.com.br\/?p=8751","og_locale":"pt_BR","og_type":"article","og_title":"SINDBAN abre \u201cExposi\u00e7\u00e3o Fotogr\u00e1fica 55 anos de hist\u00f3rias e lutas\u201d - Sindban","og_description":"Um m\u00eas antes de celebrar os 55 anos do SINDBAN (Sindicato dos Banc\u00e1rios de Piracicaba e Regi\u00e3o), a diretoria iniciou as comemora\u00e7\u00f5es com a abertura da \u201c;Exposi\u00e7\u00e3o Fotogr\u00e1fica 55 anos de hist\u00f3rias e lutas \u201c;. A abertura da Exposi\u00e7\u00e3o, que contou com a presen\u00e7a de banc\u00e1rios, diretores e ex-diretores, aconteceu na noite de ter\u00e7a-feira, 23, &hellip; SINDBAN abre \u201cExposi\u00e7\u00e3o Fotogr\u00e1fica 55 anos de hist\u00f3rias e lutas\u201d Leia mais &raquo;","og_url":"https:\/\/bancariosdepiracicaba.com.br\/?p=8751","og_site_name":"Sindban","article_published_time":"2021-07-23T21:09:04+00:00","twitter_card":"summary_large_image","twitter_misc":{"Escrito por":"admin","Est. tempo de leitura":"3 minutos"},"schema":{"@context":"https:\/\/schema.org","@graph":[{"@type":"Organization","@id":"https:\/\/bancariosdepiracicaba.com.br\/#organization","name":"Sindban","url":"https:\/\/bancariosdepiracicaba.com.br\/","sameAs":[],"logo":{"@type":"ImageObject","@id":"https:\/\/bancariosdepiracicaba.com.br\/#logo","inLanguage":"pt-BR","url":"https:\/\/site.bancariosdepiracicaba.com.br\/wp-content\/uploads\/2021\/04\/cropped-Asset-2.png","contentUrl":"https:\/\/site.bancariosdepiracicaba.com.br\/wp-content\/uploads\/2021\/04\/cropped-Asset-2.png","width":512,"height":512,"caption":"Sindban"},"image":{"@id":"https:\/\/bancariosdepiracicaba.com.br\/#logo"}},{"@type":"WebSite","@id":"https:\/\/bancariosdepiracicaba.com.br\/#website","url":"https:\/\/bancariosdepiracicaba.com.br\/","name":"Sindban","description":"Desenvolvimento","publisher":{"@id":"https:\/\/bancariosdepiracicaba.com.br\/#organization"},"potentialAction":[{"@type":"SearchAction","target":{"@type":"EntryPoint","urlTemplate":"https:\/\/bancariosdepiracicaba.com.br\/?s={search_term_string}"},"query-input":"required name=search_term_string"}],"inLanguage":"pt-BR"},{"@type":"WebPage","@id":"https:\/\/bancariosdepiracicaba.com.br\/?p=8751#webpage","url":"https:\/\/bancariosdepiracicaba.com.br\/?p=8751","name":"SINDBAN abre \u201cExposi\u00e7\u00e3o Fotogr\u00e1fica 55 anos de hist\u00f3rias e lutas\u201d - Sindban","isPartOf":{"@id":"https:\/\/bancariosdepiracicaba.com.br\/#website"},"datePublished":"2021-07-23T21:09:04+00:00","dateModified":"2021-07-23T21:09:04+00:00","breadcrumb":{"@id":"https:\/\/bancariosdepiracicaba.com.br\/?p=8751#breadcrumb"},"inLanguage":"pt-BR","potentialAction":[{"@type":"ReadAction","target":["https:\/\/bancariosdepiracicaba.com.br\/?p=8751"]}]},{"@type":"BreadcrumbList","@id":"https:\/\/bancariosdepiracicaba.com.br\/?p=8751#breadcrumb","itemListElement":[{"@type":"ListItem","position":1,"name":"Home","item":"https:\/\/bancariosdepiracicaba.com.br\/"},{"@type":"ListItem","position":2,"name":"SINDBAN abre \u201cExposi\u00e7\u00e3o Fotogr\u00e1fica 55 anos de hist\u00f3rias e lutas\u201d"}]},{"@type":"Article","@id":"https:\/\/bancariosdepiracicaba.com.br\/?p=8751#article","isPartOf":{"@id":"https:\/\/bancariosdepiracicaba.com.br\/?p=8751#webpage"},"author":{"@id":"https:\/\/bancariosdepiracicaba.com.br\/#\/schema\/person\/6a12c780fc145ea2c9af09989ee600b0"},"headline":"SINDBAN abre \u201cExposi\u00e7\u00e3o Fotogr\u00e1fica 55 anos de hist\u00f3rias e lutas\u201d","datePublished":"2021-07-23T21:09:04+00:00","dateModified":"2021-07-23T21:09:04+00:00","mainEntityOfPage":{"@id":"https:\/\/bancariosdepiracicaba.com.br\/?p=8751#webpage"},"wordCount":516,"commentCount":0,"publisher":{"@id":"https:\/\/bancariosdepiracicaba.com.br\/#organization"},"articleSection":["Uncategorized"],"inLanguage":"pt-BR","potentialAction":[{"@type":"CommentAction","name":"Comment","target":["https:\/\/bancariosdepiracicaba.com.br\/?p=8751#respond"]}]},{"@type":"Person","@id":"https:\/\/bancariosdepiracicaba.com.br\/#\/schema\/person\/6a12c780fc145ea2c9af09989ee600b0","name":"admin","image":{"@type":"ImageObject","@id":"https:\/\/bancariosdepiracicaba.com.br\/#personlogo","inLanguage":"pt-BR","url":"https:\/\/secure.gravatar.com\/avatar\/3a05e74c6579e68209676cb5cb64e0918f288da7a49210fa18d6e9cac1189840?s=96&d=mm&r=g","contentUrl":"https:\/\/secure.gravatar.com\/avatar\/3a05e74c6579e68209676cb5cb64e0918f288da7a49210fa18d6e9cac1189840?s=96&d=mm&r=g","caption":"admin"},"sameAs":["https:\/\/site.bancariosdepiracicaba.com.br"],"url":"https:\/\/bancariosdepiracicaba.com.br\/?author=1"}]}},"_links":{"self":[{"href":"https:\/\/bancariosdepiracicaba.com.br\/index.php?rest_route=\/wp\/v2\/posts\/8751","targetHints":{"allow":["GET"]}}],"collection":[{"href":"https:\/\/bancariosdepiracicaba.com.br\/index.php?rest_route=\/wp\/v2\/posts"}],"about":[{"href":"https:\/\/bancariosdepiracicaba.com.br\/index.php?rest_route=\/wp\/v2\/types\/post"}],"author":[{"embeddable":true,"href":"https:\/\/bancariosdepiracicaba.com.br\/index.php?rest_route=\/wp\/v2\/users\/1"}],"replies":[{"embeddable":true,"href":"https:\/\/bancariosdepiracicaba.com.br\/index.php?rest_route=%2Fwp%2Fv2%2Fcomments&post=8751"}],"version-history":[{"count":0,"href":"https:\/\/bancariosdepiracicaba.com.br\/index.php?rest_route=\/wp\/v2\/posts\/8751\/revisions"}],"wp:attachment":[{"href":"https:\/\/bancariosdepiracicaba.com.br\/index.php?rest_route=%2Fwp%2Fv2%2Fmedia&parent=8751"}],"wp:term":[{"taxonomy":"category","embeddable":true,"href":"https:\/\/bancariosdepiracicaba.com.br\/index.php?rest_route=%2Fwp%2Fv2%2Fcategories&post=8751"},{"taxonomy":"post_tag","embeddable":true,"href":"https:\/\/bancariosdepiracicaba.com.br\/index.php?rest_route=%2Fwp%2Fv2%2Ftags&post=8751"}],"curies":[{"name":"wp","href":"https:\/\/api.w.org\/{rel}","templated":true}]}}