{"id":8743,"date":"2021-07-23T21:08:55","date_gmt":"2021-07-23T21:08:55","guid":{"rendered":"https:\/\/site.bancariosdepiracicaba.com.br\/2021\/07\/23\/sem-proposta-decente-comando-aponta-greve-para-dia-30\/"},"modified":"2021-07-23T21:08:55","modified_gmt":"2021-07-23T21:08:55","slug":"sem-proposta-decente-comando-aponta-greve-para-dia-30","status":"publish","type":"post","link":"https:\/\/bancariosdepiracicaba.com.br\/?p=8743","title":{"rendered":"Sem proposta decente, Comando aponta greve para dia 30"},"content":{"rendered":"<p>A exemplo das propostas de car\u00e1ter social apresentadas na quarta-feira, 27, o Comando Nacional dos Banc\u00e1rios tamb\u00e9m considera insuficientes as propostas de car\u00e1ter econ\u00f4mico apresentadas pela Fenaban nesta sexta-feira, 19, na s\u00e9tima rodada de negocia\u00e7\u00f5es da Campanha 2014, que incluem reajuste de 7% no sal\u00e1rio (0,61% de aumento real), na PLR e nos aux \u00edlios refei\u00e7\u00e3o, alimenta\u00e7\u00e3o e creche, al\u00e9m de 7,5% no piso (1,08% acima da infla\u00e7\u00e3o). E aprovou um calend\u00e1rio de mobiliza\u00e7\u00e3o para pressionar os bancos a apresentarem novas propostas que atendam as expectativas da categoria, apontando para a deflagra\u00e7\u00e3o de greve por tempo indeterminado a partir de 30 de setembro, com assembleias deliberativas nos dias 25 e 29.<br \/>\nO Comando avaliou que foi uma novidade em rela\u00e7\u00e3o aos anos anteriores os bancos apresentarem uma primeira proposta j\u00e1 com aumento real e valoriza\u00e7\u00e3o do piso. Isso \u00e9 importante para n\u00f3s porque \u00e9 um reconhecimento da necessidade de os banc\u00e1rios terem aumento acima da infla\u00e7\u00e3o e os pisos ainda mais valorizados, mas os\u00edndices de reajuste s\u00e3o muito insuficientes diante do lucro do sistema financeiro. Queremos mais. Al\u00e9m disso, a Fenaban n\u00e3o apresentou propostas para proteger o emprego, combater o ass\u00e9dio moral e melhorar a seguran\u00e7a, que hoje s\u00e3o fundamentais para os banc\u00e1rios.<br \/>\nA PROPOSTA ECON\u00f4MICA DOS BANCOS<br \/>\nReajuste de 7% (0,61% de aumento real).<br \/>\nPiso portaria ap\u00f3s 90 dias &#8211; 1.235,14 (7,5% ou 1,08% de aumento real).<br \/>\nPiso escrit\u00f3rio ap\u00f3s 90 dias &#8211; R$ 1.771,73 (1,08% acima da infla\u00e7\u00e3o).<br \/>\nPiso caixa\/tesouraria ap\u00f3s 90 dias &#8211; R$ 2.393,33 (sal\u00e1rio mais gratifica\u00e7\u00e3o mais outras verbas de caixa), significando 1,08% de aumento real).<br \/>\nPLR regra b\u00e1sica &#8211; 90% do sal\u00e1rio mais R$ 1.812,58, limitado a R$ 9.723,61. Se o total ficar abaixo de 5% do lucro l \u00edquido, salta para 2,2 sal\u00e1rios, com teto de R$ 21.391,93.<br \/>\nPLR parcela adicional &#8211; 2,2% do lucro l \u00edquido dividido linearmente para todos, limitado a R$ 3.625,16.<br \/>\nAntecipa\u00e7\u00e3o da PLR &#8211; Primeira parcela depositada at\u00e9 dez dias ap\u00f3s assinatura da Conven\u00e7\u00e3o Coletiva e a segunda at\u00e9 2 de mar\u00e7o de 2015.<br \/>\nRegra b\u00e1sica &#8211; 54% do sal\u00e1rio mais fixo de R$ 1.087,55, limitado a R$ 5.834,16 e ao teto de 12,8% do lucro l \u00edquido &#8211; o que ocorrer primeiro.<br \/>\nParcela adicional &#8211; 2,2% do lucro l \u00edquido do primeiro semestre de 2014, limitado a R$ 1.812,58<br \/>\nAux \u00edlio-refei\u00e7\u00e3o &#8211; R$ 24,14.<br \/>\nAux \u00edlio-cesta alimenta\u00e7\u00e3o e 13&ordf; cesta &#8211; R$ 425,20.<br \/>\nAux \u00edlio-creche\/bab\u00e1 (filhos at\u00e9 71 meses) &#8211; R$ 353,86.<br \/>\nAux \u00edlio-creche\/bab\u00e1 (filhos at\u00e9 83 meses) &#8211; R$ 302,71.<br \/>\nGratifica\u00e7\u00e3o de compensador de cheques &#8211; R$ 137,52.<br \/>\nRequalifica\u00e7\u00e3o profissional &#8211; R$ 1.210,04.<br \/>\nAux \u00edlio-funeral &#8211; R$ 811,92.<br \/>\nIndeniza\u00e7\u00e3o por morte ou incapacidade decorrente de assalto &#8211; R$ 121.072,92.<br \/>\nAjuda deslocamento noturno &#8211; R$ 84,75.<br \/>\nA Contraf-CUT est\u00e1 enviando orienta\u00e7\u00e3o jur \u00eddicas aos sindicatos sobre cumprimento dos prazos para realiza\u00e7\u00f5es de assembleias e decreta\u00e7\u00e3o da greve.<br \/>\nCALEND\u00e1RIO<br \/>\n25 &#8211; Assembleia para aprovar greve a partir do dia 30.<br \/>\n26 &#8211; Quinta rodada de negocia\u00e7\u00e3o com o Banco do Brasil.<br \/>\n29 &#8211; Assembleia para deflagra\u00e7\u00e3o da paralisa\u00e7\u00e3o.<br \/>\n2 de outubro &#8211; Manifesta\u00e7\u00f5es em frentes aos pr\u00e9dios do Banco Central, em defesa de um BC independente do mercado financeiro.<br \/>\nFonte: Contraf-CUT<\/p>\n","protected":false},"excerpt":{"rendered":"<p>A exemplo das propostas de car\u00e1ter social apresentadas na quarta-feira, 27, o Comando Nacional dos Banc\u00e1rios tamb\u00e9m considera insuficientes as propostas de car\u00e1ter econ\u00f4mico apresentadas pela Fenaban nesta sexta-feira, 19, na s\u00e9tima rodada de negocia\u00e7\u00f5es da Campanha 2014, que incluem reajuste de 7% no sal\u00e1rio (0,61% de aumento real), na PLR e nos aux \u00edlios &hellip;<\/p>\n<p class=\"read-more\"> <a class=\"\" href=\"https:\/\/bancariosdepiracicaba.com.br\/?p=8743\"> <span class=\"screen-reader-text\">Sem proposta decente, Comando aponta greve para dia 30<\/span> Leia mais &raquo;<\/a><\/p>\n","protected":false},"author":1,"featured_media":0,"comment_status":"open","ping_status":"open","sticky":false,"template":"","format":"standard","meta":{"site-sidebar-layout":"default","site-content-layout":"default","ast-main-header-display":"","ast-hfb-above-header-display":"","ast-hfb-below-header-display":"","ast-hfb-mobile-header-display":"","site-post-title":"","ast-breadcrumbs-content":"","ast-featured-img":"","footer-sml-layout":"","theme-transparent-header-meta":"","adv-header-id-meta":"","stick-header-meta":"","header-above-stick-meta":"","header-main-stick-meta":"","header-below-stick-meta":"","footnotes":""},"categories":[1],"tags":[],"class_list":["post-8743","post","type-post","status-publish","format-standard","hentry","category-uncategorized"],"yoast_head":"<!-- This site is optimized with the Yoast SEO Premium plugin v16.1 (Yoast SEO v18.0) - https:\/\/yoast.com\/wordpress\/plugins\/seo\/ -->\n<title>Sem proposta decente, Comando aponta greve para dia 30 - Sindban<\/title>\n<meta name=\"robots\" content=\"index, follow, max-snippet:-1, max-image-preview:large, max-video-preview:-1\" \/>\n<link rel=\"canonical\" href=\"https:\/\/bancariosdepiracicaba.com.br\/?p=8743\" \/>\n<meta property=\"og:locale\" content=\"pt_BR\" \/>\n<meta property=\"og:type\" content=\"article\" \/>\n<meta property=\"og:title\" content=\"Sem proposta decente, Comando aponta greve para dia 30 - Sindban\" \/>\n<meta property=\"og:description\" content=\"A exemplo das propostas de car\u00e1ter social apresentadas na quarta-feira, 27, o Comando Nacional dos Banc\u00e1rios tamb\u00e9m considera insuficientes as propostas de car\u00e1ter econ\u00f4mico apresentadas pela Fenaban nesta sexta-feira, 19, na s\u00e9tima rodada de negocia\u00e7\u00f5es da Campanha 2014, que incluem reajuste de 7% no sal\u00e1rio (0,61% de aumento real), na PLR e nos aux \u00edlios &hellip; Sem proposta decente, Comando aponta greve para dia 30 Leia mais &raquo;\" \/>\n<meta property=\"og:url\" content=\"https:\/\/bancariosdepiracicaba.com.br\/?p=8743\" \/>\n<meta property=\"og:site_name\" content=\"Sindban\" \/>\n<meta property=\"article:published_time\" content=\"2021-07-23T21:08:55+00:00\" \/>\n<meta name=\"twitter:card\" content=\"summary_large_image\" \/>\n<meta name=\"twitter:label1\" content=\"Escrito por\" \/>\n\t<meta name=\"twitter:data1\" content=\"admin\" \/>\n\t<meta name=\"twitter:label2\" content=\"Est. tempo de leitura\" \/>\n\t<meta name=\"twitter:data2\" content=\"3 minutos\" \/>\n<script type=\"application\/ld+json\" class=\"yoast-schema-graph\">{\"@context\":\"https:\/\/schema.org\",\"@graph\":[{\"@type\":\"Organization\",\"@id\":\"https:\/\/bancariosdepiracicaba.com.br\/#organization\",\"name\":\"Sindban\",\"url\":\"https:\/\/bancariosdepiracicaba.com.br\/\",\"sameAs\":[],\"logo\":{\"@type\":\"ImageObject\",\"@id\":\"https:\/\/bancariosdepiracicaba.com.br\/#logo\",\"inLanguage\":\"pt-BR\",\"url\":\"https:\/\/site.bancariosdepiracicaba.com.br\/wp-content\/uploads\/2021\/04\/cropped-Asset-2.png\",\"contentUrl\":\"https:\/\/site.bancariosdepiracicaba.com.br\/wp-content\/uploads\/2021\/04\/cropped-Asset-2.png\",\"width\":512,\"height\":512,\"caption\":\"Sindban\"},\"image\":{\"@id\":\"https:\/\/bancariosdepiracicaba.com.br\/#logo\"}},{\"@type\":\"WebSite\",\"@id\":\"https:\/\/bancariosdepiracicaba.com.br\/#website\",\"url\":\"https:\/\/bancariosdepiracicaba.com.br\/\",\"name\":\"Sindban\",\"description\":\"Desenvolvimento\",\"publisher\":{\"@id\":\"https:\/\/bancariosdepiracicaba.com.br\/#organization\"},\"potentialAction\":[{\"@type\":\"SearchAction\",\"target\":{\"@type\":\"EntryPoint\",\"urlTemplate\":\"https:\/\/bancariosdepiracicaba.com.br\/?s={search_term_string}\"},\"query-input\":\"required name=search_term_string\"}],\"inLanguage\":\"pt-BR\"},{\"@type\":\"WebPage\",\"@id\":\"https:\/\/bancariosdepiracicaba.com.br\/?p=8743#webpage\",\"url\":\"https:\/\/bancariosdepiracicaba.com.br\/?p=8743\",\"name\":\"Sem proposta decente, Comando aponta greve para dia 30 - Sindban\",\"isPartOf\":{\"@id\":\"https:\/\/bancariosdepiracicaba.com.br\/#website\"},\"datePublished\":\"2021-07-23T21:08:55+00:00\",\"dateModified\":\"2021-07-23T21:08:55+00:00\",\"breadcrumb\":{\"@id\":\"https:\/\/bancariosdepiracicaba.com.br\/?p=8743#breadcrumb\"},\"inLanguage\":\"pt-BR\",\"potentialAction\":[{\"@type\":\"ReadAction\",\"target\":[\"https:\/\/bancariosdepiracicaba.com.br\/?p=8743\"]}]},{\"@type\":\"BreadcrumbList\",\"@id\":\"https:\/\/bancariosdepiracicaba.com.br\/?p=8743#breadcrumb\",\"itemListElement\":[{\"@type\":\"ListItem\",\"position\":1,\"name\":\"Home\",\"item\":\"https:\/\/bancariosdepiracicaba.com.br\/\"},{\"@type\":\"ListItem\",\"position\":2,\"name\":\"Sem proposta decente, Comando aponta greve para dia 30\"}]},{\"@type\":\"Article\",\"@id\":\"https:\/\/bancariosdepiracicaba.com.br\/?p=8743#article\",\"isPartOf\":{\"@id\":\"https:\/\/bancariosdepiracicaba.com.br\/?p=8743#webpage\"},\"author\":{\"@id\":\"https:\/\/bancariosdepiracicaba.com.br\/#\/schema\/person\/6a12c780fc145ea2c9af09989ee600b0\"},\"headline\":\"Sem proposta decente, Comando aponta greve para dia 30\",\"datePublished\":\"2021-07-23T21:08:55+00:00\",\"dateModified\":\"2021-07-23T21:08:55+00:00\",\"mainEntityOfPage\":{\"@id\":\"https:\/\/bancariosdepiracicaba.com.br\/?p=8743#webpage\"},\"wordCount\":536,\"commentCount\":0,\"publisher\":{\"@id\":\"https:\/\/bancariosdepiracicaba.com.br\/#organization\"},\"articleSection\":[\"Uncategorized\"],\"inLanguage\":\"pt-BR\",\"potentialAction\":[{\"@type\":\"CommentAction\",\"name\":\"Comment\",\"target\":[\"https:\/\/bancariosdepiracicaba.com.br\/?p=8743#respond\"]}]},{\"@type\":\"Person\",\"@id\":\"https:\/\/bancariosdepiracicaba.com.br\/#\/schema\/person\/6a12c780fc145ea2c9af09989ee600b0\",\"name\":\"admin\",\"image\":{\"@type\":\"ImageObject\",\"@id\":\"https:\/\/bancariosdepiracicaba.com.br\/#personlogo\",\"inLanguage\":\"pt-BR\",\"url\":\"https:\/\/secure.gravatar.com\/avatar\/3a05e74c6579e68209676cb5cb64e0918f288da7a49210fa18d6e9cac1189840?s=96&d=mm&r=g\",\"contentUrl\":\"https:\/\/secure.gravatar.com\/avatar\/3a05e74c6579e68209676cb5cb64e0918f288da7a49210fa18d6e9cac1189840?s=96&d=mm&r=g\",\"caption\":\"admin\"},\"sameAs\":[\"https:\/\/site.bancariosdepiracicaba.com.br\"],\"url\":\"https:\/\/bancariosdepiracicaba.com.br\/?author=1\"}]}<\/script>\n<!-- \/ Yoast SEO Premium plugin. -->","yoast_head_json":{"title":"Sem proposta decente, Comando aponta greve para dia 30 - Sindban","robots":{"index":"index","follow":"follow","max-snippet":"max-snippet:-1","max-image-preview":"max-image-preview:large","max-video-preview":"max-video-preview:-1"},"canonical":"https:\/\/bancariosdepiracicaba.com.br\/?p=8743","og_locale":"pt_BR","og_type":"article","og_title":"Sem proposta decente, Comando aponta greve para dia 30 - Sindban","og_description":"A exemplo das propostas de car\u00e1ter social apresentadas na quarta-feira, 27, o Comando Nacional dos Banc\u00e1rios tamb\u00e9m considera insuficientes as propostas de car\u00e1ter econ\u00f4mico apresentadas pela Fenaban nesta sexta-feira, 19, na s\u00e9tima rodada de negocia\u00e7\u00f5es da Campanha 2014, que incluem reajuste de 7% no sal\u00e1rio (0,61% de aumento real), na PLR e nos aux \u00edlios &hellip; Sem proposta decente, Comando aponta greve para dia 30 Leia mais &raquo;","og_url":"https:\/\/bancariosdepiracicaba.com.br\/?p=8743","og_site_name":"Sindban","article_published_time":"2021-07-23T21:08:55+00:00","twitter_card":"summary_large_image","twitter_misc":{"Escrito por":"admin","Est. tempo de leitura":"3 minutos"},"schema":{"@context":"https:\/\/schema.org","@graph":[{"@type":"Organization","@id":"https:\/\/bancariosdepiracicaba.com.br\/#organization","name":"Sindban","url":"https:\/\/bancariosdepiracicaba.com.br\/","sameAs":[],"logo":{"@type":"ImageObject","@id":"https:\/\/bancariosdepiracicaba.com.br\/#logo","inLanguage":"pt-BR","url":"https:\/\/site.bancariosdepiracicaba.com.br\/wp-content\/uploads\/2021\/04\/cropped-Asset-2.png","contentUrl":"https:\/\/site.bancariosdepiracicaba.com.br\/wp-content\/uploads\/2021\/04\/cropped-Asset-2.png","width":512,"height":512,"caption":"Sindban"},"image":{"@id":"https:\/\/bancariosdepiracicaba.com.br\/#logo"}},{"@type":"WebSite","@id":"https:\/\/bancariosdepiracicaba.com.br\/#website","url":"https:\/\/bancariosdepiracicaba.com.br\/","name":"Sindban","description":"Desenvolvimento","publisher":{"@id":"https:\/\/bancariosdepiracicaba.com.br\/#organization"},"potentialAction":[{"@type":"SearchAction","target":{"@type":"EntryPoint","urlTemplate":"https:\/\/bancariosdepiracicaba.com.br\/?s={search_term_string}"},"query-input":"required name=search_term_string"}],"inLanguage":"pt-BR"},{"@type":"WebPage","@id":"https:\/\/bancariosdepiracicaba.com.br\/?p=8743#webpage","url":"https:\/\/bancariosdepiracicaba.com.br\/?p=8743","name":"Sem proposta decente, Comando aponta greve para dia 30 - Sindban","isPartOf":{"@id":"https:\/\/bancariosdepiracicaba.com.br\/#website"},"datePublished":"2021-07-23T21:08:55+00:00","dateModified":"2021-07-23T21:08:55+00:00","breadcrumb":{"@id":"https:\/\/bancariosdepiracicaba.com.br\/?p=8743#breadcrumb"},"inLanguage":"pt-BR","potentialAction":[{"@type":"ReadAction","target":["https:\/\/bancariosdepiracicaba.com.br\/?p=8743"]}]},{"@type":"BreadcrumbList","@id":"https:\/\/bancariosdepiracicaba.com.br\/?p=8743#breadcrumb","itemListElement":[{"@type":"ListItem","position":1,"name":"Home","item":"https:\/\/bancariosdepiracicaba.com.br\/"},{"@type":"ListItem","position":2,"name":"Sem proposta decente, Comando aponta greve para dia 30"}]},{"@type":"Article","@id":"https:\/\/bancariosdepiracicaba.com.br\/?p=8743#article","isPartOf":{"@id":"https:\/\/bancariosdepiracicaba.com.br\/?p=8743#webpage"},"author":{"@id":"https:\/\/bancariosdepiracicaba.com.br\/#\/schema\/person\/6a12c780fc145ea2c9af09989ee600b0"},"headline":"Sem proposta decente, Comando aponta greve para dia 30","datePublished":"2021-07-23T21:08:55+00:00","dateModified":"2021-07-23T21:08:55+00:00","mainEntityOfPage":{"@id":"https:\/\/bancariosdepiracicaba.com.br\/?p=8743#webpage"},"wordCount":536,"commentCount":0,"publisher":{"@id":"https:\/\/bancariosdepiracicaba.com.br\/#organization"},"articleSection":["Uncategorized"],"inLanguage":"pt-BR","potentialAction":[{"@type":"CommentAction","name":"Comment","target":["https:\/\/bancariosdepiracicaba.com.br\/?p=8743#respond"]}]},{"@type":"Person","@id":"https:\/\/bancariosdepiracicaba.com.br\/#\/schema\/person\/6a12c780fc145ea2c9af09989ee600b0","name":"admin","image":{"@type":"ImageObject","@id":"https:\/\/bancariosdepiracicaba.com.br\/#personlogo","inLanguage":"pt-BR","url":"https:\/\/secure.gravatar.com\/avatar\/3a05e74c6579e68209676cb5cb64e0918f288da7a49210fa18d6e9cac1189840?s=96&d=mm&r=g","contentUrl":"https:\/\/secure.gravatar.com\/avatar\/3a05e74c6579e68209676cb5cb64e0918f288da7a49210fa18d6e9cac1189840?s=96&d=mm&r=g","caption":"admin"},"sameAs":["https:\/\/site.bancariosdepiracicaba.com.br"],"url":"https:\/\/bancariosdepiracicaba.com.br\/?author=1"}]}},"_links":{"self":[{"href":"https:\/\/bancariosdepiracicaba.com.br\/index.php?rest_route=\/wp\/v2\/posts\/8743","targetHints":{"allow":["GET"]}}],"collection":[{"href":"https:\/\/bancariosdepiracicaba.com.br\/index.php?rest_route=\/wp\/v2\/posts"}],"about":[{"href":"https:\/\/bancariosdepiracicaba.com.br\/index.php?rest_route=\/wp\/v2\/types\/post"}],"author":[{"embeddable":true,"href":"https:\/\/bancariosdepiracicaba.com.br\/index.php?rest_route=\/wp\/v2\/users\/1"}],"replies":[{"embeddable":true,"href":"https:\/\/bancariosdepiracicaba.com.br\/index.php?rest_route=%2Fwp%2Fv2%2Fcomments&post=8743"}],"version-history":[{"count":0,"href":"https:\/\/bancariosdepiracicaba.com.br\/index.php?rest_route=\/wp\/v2\/posts\/8743\/revisions"}],"wp:attachment":[{"href":"https:\/\/bancariosdepiracicaba.com.br\/index.php?rest_route=%2Fwp%2Fv2%2Fmedia&parent=8743"}],"wp:term":[{"taxonomy":"category","embeddable":true,"href":"https:\/\/bancariosdepiracicaba.com.br\/index.php?rest_route=%2Fwp%2Fv2%2Fcategories&post=8743"},{"taxonomy":"post_tag","embeddable":true,"href":"https:\/\/bancariosdepiracicaba.com.br\/index.php?rest_route=%2Fwp%2Fv2%2Ftags&post=8743"}],"curies":[{"name":"wp","href":"https:\/\/api.w.org\/{rel}","templated":true}]}}