{"id":8740,"date":"2021-07-23T21:08:51","date_gmt":"2021-07-23T21:08:51","guid":{"rendered":"https:\/\/site.bancariosdepiracicaba.com.br\/2021\/07\/23\/cut-marina-defende-terceirizacao-com-mesmos-argumentos-dos-patroes\/"},"modified":"2021-08-11T22:11:50","modified_gmt":"2021-08-12T01:11:50","slug":"cut-marina-defende-terceirizacao-com-mesmos-argumentos-dos-patroes","status":"publish","type":"post","link":"https:\/\/bancariosdepiracicaba.com.br\/?p=8740","title":{"rendered":"CUT: Marina defende terceiriza\u00e7\u00e3o com mesmos argumentos dos patr\u00f5es"},"content":{"rendered":"<p>O portal Viomundo, do jornalista Luiz Carlos Azenha, publicou nesta quarta-feira, 17, artigo do presidente nacional da CUT, Vagner Freitas, alertando a classe trabalhadora para os riscos que representam as propostas da candidata a presidente do PSB, Marina Silva. Ele salienta que nesta semana &#8220;Marina falou para empres\u00e1rios que far\u00e1 uma &#8216;atualiza\u00e7\u00e3o&#8217; da legisla\u00e7\u00e3o trabalhista, caso seja eleita&#8221;, o que \u00e9 preocupante.<br \/>\n&#8220;Marina fala em atualizar as regras para ajudar na gera\u00e7\u00e3o de empregos. O que isso significa? Quando os empres\u00e1rios falam isso eles s\u00e3o claros: querem diminuir direitos e ampliar lucros. Nada mais que isso&#8221;, aponta Vagner.<br \/>\nA proposta da Dilma \u00e9 mais emprego e renda; a dos outros \u00e9 o desemprego<br \/>\nO mundo do trabalho \u00e9 praticamente ignorado pela candidata do PSB \u00e0 sucess\u00e3o presidencial, Marina Silva. At\u00e9 agora, pouco se sabe sobre suas propostas para assuntos fundamentais para a classe trabalhadora, como: gera\u00e7\u00e3o de emprego decente, combate \u00e0 rotatividade e as condi\u00e7\u00f5es de trabalho an\u00e1logas \u00e0 escravid\u00e3o, direito \u00e1 negocia\u00e7\u00e3o coletiva no servi\u00e7o p\u00fablico e outros temas de interesse da classe trabalhadora.<br \/>\nE o que j\u00e1 foi divulgado sobre o que a candidata pensa \u00e9 extremamente preocupante. Afinal, estamos falando de um universo de 101 milh\u00f5es de brasileiros e brasileiras aptos ao trabalho &#8211; como os economistas definem a popula\u00e7\u00e3o economicamente ativa (PEA). Deste total, 94,7 milh\u00f5es trabalham e 6,26 est\u00e3o desempregadas. Dos que est\u00e3o trabalhando, praticamente metade s\u00e3o formais.<br \/>\nO que foi divulgado sobre as propostas de Marina para esse enorme contingente \u00e9 t\u00e3o gen\u00e9rico que n\u00e3o d\u00e1 para analisar. \u00e9 o caso das altera\u00e7\u00f5es que ela quer fazer na Consolida\u00e7\u00e3o das Leis do Trabalho (CLT); ou a clara amea\u00e7a para a classe trabalhadora, como \u00e9 o caso da proposta de regulamenta\u00e7\u00e3o da terceiriza\u00e7\u00e3o.<br \/>\n\u00e9 claro que ela pode voltar atr\u00e1s, dizer que est\u00e3o distorcendo o que ela diz ou escreve, apontar o dedo, me acusar de persegui\u00e7\u00e3o. Faz parte do jogo. O fato concreto \u00e9 que estamos nos baseando apenas no que ela diz para empres\u00e1rios &#8211; com representantes dos\/as trabalhadores\/as ela n\u00e3o fala -, ou no que est\u00e1 escrito em seu programa de governo.<br \/>\nSobre os &#8220;ajustes&#8221; na CLT, o programa da candidata socialista \u00e9 vago. Diz apenas que \u00e9 preciso haver &#8220;mudan\u00e7as&#8221;. Esta semana, em S\u00e3o Paulo, Marina falou para empres\u00e1rios que far\u00e1 uma &#8220;atualiza\u00e7\u00e3o&#8221; da legisla\u00e7\u00e3o trabalhista, caso seja eleita. Como sempre, evitou detalhar quais seriam as altera\u00e7\u00f5es, mas se antecipou as cr \u00edticas dos representantes dos\/as trabalhadores\/as dizendo que n\u00e3o seria uma &#8220;flexibiliza\u00e7\u00e3o&#8221; das regras.<br \/>\n\u00e9 inacredit\u00e1vel que uma candidata a presidente fale em mudar uma Lei que afeta mais de 100 milh\u00f5es de trabalhadores\/as e n\u00e3o explique o que pretende mudar. Pior \u00e9 a resposta que Marina deu quando questionada: &#8220;Ainda n\u00e3o temos resposta, esse assunto \u00e9 muito complexo&#8221;.<br \/>\nJ\u00e1 a terceiriza\u00e7\u00e3o \u00e9 um dos poucos temas de nosso interesse tratado no programa de governo da candidata em mais de uma linha gen\u00e9rica. E a not \u00edcia n\u00e3o \u00e9 nada boa. Marina defende a terceiriza\u00e7\u00e3o usando os mesmos argumentos dos patr\u00f5es. Vejam o que est\u00e1 escrito l\u00e1: &#8220;a terceiriza\u00e7\u00e3o leva a maior especializa\u00e7\u00e3o produtiva, a maior divis\u00e3o do trabalho e, consequentemente, a maior produtividade das empresas. Com isso, o pr\u00f3prio crescimento do setor de servi\u00e7os seria um motor do crescimento do PIB per capita&#8221;.<br \/>\nDistante do mundo do trabalho h\u00e1 muito tempo, Marina n\u00e3o conhece a realidade dos\/as trabalhadores\/as, n\u00e3o sabe que terceiriza\u00e7\u00e3o precariza a m\u00e3o de obra, deteriora as condi\u00e7\u00f5es de trabalho, aumenta as jornadas, reduz os sal\u00e1rios, coloca em risco a sa\u00fade e a vida dos trabalhadores. Mat\u00e9ria da Carta Capital desta semana tem um dado que a candidata deveria conhecer: na constru\u00e7\u00e3o civil, 55,5% dos \u00f3bitos foram de terceirizados em 2013. Outro dado importante: o terceirizado est\u00e1 mais sujeito a viola\u00e7\u00e3o de direitos trabalhistas e ao trabalhado an\u00e1logo \u00e0 escravid\u00e3o.<br \/>\nO que queremos saber \u00e9: como Marina pretende mudar a CLT ou &#8220;regulamentar&#8221; a terceiriza\u00e7\u00e3o sem tirar direitos dos\/as trabalhadores\/as? Ela fala em atualizar as regras para ajudar na gera\u00e7\u00e3o de empregos. O que isso significa? Quando os empres\u00e1rios falam isso eles s\u00e3o claros: querem diminuir direitos e ampliar lucros. Nada mais que isso.<br \/>\nNo Brasil, nunca ouvimos ningu\u00e9m falar em reformar a CLT para beneficiar os\/as trabalhadores\/as. FHC \u00e9 um exemplo disso. Ele tinha um projeto de &#8220;atualiza\u00e7\u00e3o&#8221; da CLT que representava, de fato, a total desregulamenta\u00e7\u00e3o do mercado de trabalho e tirava direitos conquistamos depois de muita luta, press\u00e3o de mobiliza\u00e7\u00e3o. \u00e9 isso que Marina est\u00e1 dizendo?<br \/>\nH\u00e1 17 dias da elei\u00e7\u00e3o, a \u00fanica certeza que temos sobre Marina \u00e9 que ela n\u00e3o tem compromisso com a classe trabalhadora. E os aliados da candidata, tanto parlamentares quanto banqueiros, empres\u00e1rios e, principalmente, seus colaboradores e assessores, s\u00e3o absolutamente hostis aos direitos dos trabalhadores. Para eles, flexibilizar \u00e9 modernizar a legisla\u00e7\u00e3o. Para n\u00f3s, \u00e9 retirar direitos conquistados ao longo da hist\u00f3ria e ampliados nos \u00faltimos doze anos.<br \/>\nA \u00fanica certeza que temos \u00e9 a de que a n\u00e3o reelei\u00e7\u00e3o da presidenta Dilma Rousseff seria um enorme retrocesso para os\/as trabalhadores\/as. Dilma \u00e9 a \u00fanica candidata que tem propostas concretas para melhorar a vida da sociedade.<br \/>\nDefendemos e vamos reeleger o projeto democr\u00e1tico e popular representado por Dilma porque uma mudan\u00e7a agora coloca em risco tudo que foi feito nos \u00faltimos anos, quando, apesar da crise econ\u00f4mica internacional, foram gerados mais de 20 milh\u00f5es de empregos &#8211; atingimos, pela primeira vez, o menor\u00edndice de desemprego j\u00e1 registrado no Brasil -, o sal\u00e1rio m \u00ednimo subiu 73% acima da infla\u00e7\u00e3o e os demais sal\u00e1rios 85%.<br \/>\nApesar das press\u00f5es, Dilma e Lula n\u00e3o retiraram direitos trabalhistas, muito pelo contr\u00e1rio, garantiram direitos para quem n\u00e3o tinha como as trabalhadoras dom\u00e9sticas. \u00e9 importante lembrar que 93% deste universo \u00e9 formado por mulheres e a maioria \u00e9 negra.<br \/>\nDefendemos e vamos reeleger Dilma porque, depois de incluir, formalizar e melhorar sal\u00e1rio, ela \u00e9 a \u00fanica capaz de enfrentar com sucesso o desafio de consolidar o desenvolvimento econ\u00f4mico e social, com distribui\u00e7\u00e3o de renda e trabalho decente. Estamos falando em gerar mais e melhores empregos, incluir mais pessoas no mercado de consumo. Isso abrir\u00e1 novas possibilidades, e avan\u00e7os para o trabalhador j\u00e1 inserido e para o que ainda n\u00e3o tem ocupa\u00e7\u00e3o.<br \/>\nVamos reeleger Dilma porque a proposta dela \u00e9 mais emprego e renda, a dos outros \u00e9 o desemprego e a incerteza sobre o nosso futuro e sobre os nossos direitos.<br \/>\nVagner Freitas<br \/>\nPresidente nacional da CUT<br \/>\nFonte: Brasil 247<\/p>\n","protected":false},"excerpt":{"rendered":"<p>O portal Viomundo, do jornalista Luiz Carlos Azenha, publicou nesta quarta-feira, 17, artigo do presidente nacional da CUT, Vagner Freitas, alertando a classe trabalhadora para os riscos que representam as propostas da candidata a presidente do PSB, Marina Silva. Ele salienta que nesta semana &#8220;Marina falou para empres\u00e1rios que far\u00e1 uma &#8216;atualiza\u00e7\u00e3o&#8217; da legisla\u00e7\u00e3o trabalhista, &hellip;<\/p>\n<p class=\"read-more\"> <a class=\"\" href=\"https:\/\/bancariosdepiracicaba.com.br\/?p=8740\"> <span class=\"screen-reader-text\">CUT: Marina defende terceiriza\u00e7\u00e3o com mesmos argumentos dos patr\u00f5es<\/span> Leia mais &raquo;<\/a><\/p>\n","protected":false},"author":1,"featured_media":0,"comment_status":"open","ping_status":"open","sticky":false,"template":"","format":"standard","meta":{"site-sidebar-layout":"default","site-content-layout":"default","ast-main-header-display":"","ast-hfb-above-header-display":"","ast-hfb-below-header-display":"","ast-hfb-mobile-header-display":"","site-post-title":"","ast-breadcrumbs-content":"","ast-featured-img":"","footer-sml-layout":"","theme-transparent-header-meta":"","adv-header-id-meta":"","stick-header-meta":"","header-above-stick-meta":"","header-main-stick-meta":"","header-below-stick-meta":"","footnotes":""},"categories":[46,44,1],"tags":[],"class_list":["post-8740","post","type-post","status-publish","format-standard","hentry","category-eleicao","category-mulher","category-uncategorized"],"yoast_head":"<!-- This site is optimized with the Yoast SEO Premium plugin v16.1 (Yoast SEO v18.0) - https:\/\/yoast.com\/wordpress\/plugins\/seo\/ -->\n<title>CUT: Marina defende terceiriza\u00e7\u00e3o com mesmos argumentos dos patr\u00f5es - Sindban<\/title>\n<meta name=\"robots\" content=\"index, follow, max-snippet:-1, max-image-preview:large, max-video-preview:-1\" \/>\n<link rel=\"canonical\" href=\"https:\/\/bancariosdepiracicaba.com.br\/?p=8740\" \/>\n<meta property=\"og:locale\" content=\"pt_BR\" \/>\n<meta property=\"og:type\" content=\"article\" \/>\n<meta property=\"og:title\" content=\"CUT: Marina defende terceiriza\u00e7\u00e3o com mesmos argumentos dos patr\u00f5es - Sindban\" \/>\n<meta property=\"og:description\" content=\"O portal Viomundo, do jornalista Luiz Carlos Azenha, publicou nesta quarta-feira, 17, artigo do presidente nacional da CUT, Vagner Freitas, alertando a classe trabalhadora para os riscos que representam as propostas da candidata a presidente do PSB, Marina Silva. Ele salienta que nesta semana &#8220;Marina falou para empres\u00e1rios que far\u00e1 uma &#8216;atualiza\u00e7\u00e3o&#8217; da legisla\u00e7\u00e3o trabalhista, &hellip; CUT: Marina defende terceiriza\u00e7\u00e3o com mesmos argumentos dos patr\u00f5es Leia mais &raquo;\" \/>\n<meta property=\"og:url\" content=\"https:\/\/bancariosdepiracicaba.com.br\/?p=8740\" \/>\n<meta property=\"og:site_name\" content=\"Sindban\" \/>\n<meta property=\"article:published_time\" content=\"2021-07-23T21:08:51+00:00\" \/>\n<meta property=\"article:modified_time\" content=\"2021-08-12T01:11:50+00:00\" \/>\n<meta name=\"twitter:card\" content=\"summary_large_image\" \/>\n<meta name=\"twitter:label1\" content=\"Escrito por\" \/>\n\t<meta name=\"twitter:data1\" content=\"admin\" \/>\n\t<meta name=\"twitter:label2\" content=\"Est. tempo de leitura\" \/>\n\t<meta name=\"twitter:data2\" content=\"6 minutos\" \/>\n<script type=\"application\/ld+json\" class=\"yoast-schema-graph\">{\"@context\":\"https:\/\/schema.org\",\"@graph\":[{\"@type\":\"Organization\",\"@id\":\"https:\/\/bancariosdepiracicaba.com.br\/#organization\",\"name\":\"Sindban\",\"url\":\"https:\/\/bancariosdepiracicaba.com.br\/\",\"sameAs\":[],\"logo\":{\"@type\":\"ImageObject\",\"@id\":\"https:\/\/bancariosdepiracicaba.com.br\/#logo\",\"inLanguage\":\"pt-BR\",\"url\":\"https:\/\/site.bancariosdepiracicaba.com.br\/wp-content\/uploads\/2021\/04\/cropped-Asset-2.png\",\"contentUrl\":\"https:\/\/site.bancariosdepiracicaba.com.br\/wp-content\/uploads\/2021\/04\/cropped-Asset-2.png\",\"width\":512,\"height\":512,\"caption\":\"Sindban\"},\"image\":{\"@id\":\"https:\/\/bancariosdepiracicaba.com.br\/#logo\"}},{\"@type\":\"WebSite\",\"@id\":\"https:\/\/bancariosdepiracicaba.com.br\/#website\",\"url\":\"https:\/\/bancariosdepiracicaba.com.br\/\",\"name\":\"Sindban\",\"description\":\"Desenvolvimento\",\"publisher\":{\"@id\":\"https:\/\/bancariosdepiracicaba.com.br\/#organization\"},\"potentialAction\":[{\"@type\":\"SearchAction\",\"target\":{\"@type\":\"EntryPoint\",\"urlTemplate\":\"https:\/\/bancariosdepiracicaba.com.br\/?s={search_term_string}\"},\"query-input\":\"required name=search_term_string\"}],\"inLanguage\":\"pt-BR\"},{\"@type\":\"WebPage\",\"@id\":\"https:\/\/bancariosdepiracicaba.com.br\/?p=8740#webpage\",\"url\":\"https:\/\/bancariosdepiracicaba.com.br\/?p=8740\",\"name\":\"CUT: Marina defende terceiriza\u00e7\u00e3o com mesmos argumentos dos patr\u00f5es - Sindban\",\"isPartOf\":{\"@id\":\"https:\/\/bancariosdepiracicaba.com.br\/#website\"},\"datePublished\":\"2021-07-23T21:08:51+00:00\",\"dateModified\":\"2021-08-12T01:11:50+00:00\",\"breadcrumb\":{\"@id\":\"https:\/\/bancariosdepiracicaba.com.br\/?p=8740#breadcrumb\"},\"inLanguage\":\"pt-BR\",\"potentialAction\":[{\"@type\":\"ReadAction\",\"target\":[\"https:\/\/bancariosdepiracicaba.com.br\/?p=8740\"]}]},{\"@type\":\"BreadcrumbList\",\"@id\":\"https:\/\/bancariosdepiracicaba.com.br\/?p=8740#breadcrumb\",\"itemListElement\":[{\"@type\":\"ListItem\",\"position\":1,\"name\":\"Home\",\"item\":\"https:\/\/bancariosdepiracicaba.com.br\/\"},{\"@type\":\"ListItem\",\"position\":2,\"name\":\"CUT: Marina defende terceiriza\u00e7\u00e3o com mesmos argumentos dos patr\u00f5es\"}]},{\"@type\":\"Article\",\"@id\":\"https:\/\/bancariosdepiracicaba.com.br\/?p=8740#article\",\"isPartOf\":{\"@id\":\"https:\/\/bancariosdepiracicaba.com.br\/?p=8740#webpage\"},\"author\":{\"@id\":\"https:\/\/bancariosdepiracicaba.com.br\/#\/schema\/person\/6a12c780fc145ea2c9af09989ee600b0\"},\"headline\":\"CUT: Marina defende terceiriza\u00e7\u00e3o com mesmos argumentos dos patr\u00f5es\",\"datePublished\":\"2021-07-23T21:08:51+00:00\",\"dateModified\":\"2021-08-12T01:11:50+00:00\",\"mainEntityOfPage\":{\"@id\":\"https:\/\/bancariosdepiracicaba.com.br\/?p=8740#webpage\"},\"wordCount\":1145,\"commentCount\":0,\"publisher\":{\"@id\":\"https:\/\/bancariosdepiracicaba.com.br\/#organization\"},\"articleSection\":[\"Elei\u00e7\u00e3o\",\"Mulher\",\"Uncategorized\"],\"inLanguage\":\"pt-BR\",\"potentialAction\":[{\"@type\":\"CommentAction\",\"name\":\"Comment\",\"target\":[\"https:\/\/bancariosdepiracicaba.com.br\/?p=8740#respond\"]}]},{\"@type\":\"Person\",\"@id\":\"https:\/\/bancariosdepiracicaba.com.br\/#\/schema\/person\/6a12c780fc145ea2c9af09989ee600b0\",\"name\":\"admin\",\"image\":{\"@type\":\"ImageObject\",\"@id\":\"https:\/\/bancariosdepiracicaba.com.br\/#personlogo\",\"inLanguage\":\"pt-BR\",\"url\":\"https:\/\/secure.gravatar.com\/avatar\/3a05e74c6579e68209676cb5cb64e0918f288da7a49210fa18d6e9cac1189840?s=96&d=mm&r=g\",\"contentUrl\":\"https:\/\/secure.gravatar.com\/avatar\/3a05e74c6579e68209676cb5cb64e0918f288da7a49210fa18d6e9cac1189840?s=96&d=mm&r=g\",\"caption\":\"admin\"},\"sameAs\":[\"https:\/\/site.bancariosdepiracicaba.com.br\"],\"url\":\"https:\/\/bancariosdepiracicaba.com.br\/?author=1\"}]}<\/script>\n<!-- \/ Yoast SEO Premium plugin. -->","yoast_head_json":{"title":"CUT: Marina defende terceiriza\u00e7\u00e3o com mesmos argumentos dos patr\u00f5es - Sindban","robots":{"index":"index","follow":"follow","max-snippet":"max-snippet:-1","max-image-preview":"max-image-preview:large","max-video-preview":"max-video-preview:-1"},"canonical":"https:\/\/bancariosdepiracicaba.com.br\/?p=8740","og_locale":"pt_BR","og_type":"article","og_title":"CUT: Marina defende terceiriza\u00e7\u00e3o com mesmos argumentos dos patr\u00f5es - Sindban","og_description":"O portal Viomundo, do jornalista Luiz Carlos Azenha, publicou nesta quarta-feira, 17, artigo do presidente nacional da CUT, Vagner Freitas, alertando a classe trabalhadora para os riscos que representam as propostas da candidata a presidente do PSB, Marina Silva. Ele salienta que nesta semana &#8220;Marina falou para empres\u00e1rios que far\u00e1 uma &#8216;atualiza\u00e7\u00e3o&#8217; da legisla\u00e7\u00e3o trabalhista, &hellip; CUT: Marina defende terceiriza\u00e7\u00e3o com mesmos argumentos dos patr\u00f5es Leia mais &raquo;","og_url":"https:\/\/bancariosdepiracicaba.com.br\/?p=8740","og_site_name":"Sindban","article_published_time":"2021-07-23T21:08:51+00:00","article_modified_time":"2021-08-12T01:11:50+00:00","twitter_card":"summary_large_image","twitter_misc":{"Escrito por":"admin","Est. tempo de leitura":"6 minutos"},"schema":{"@context":"https:\/\/schema.org","@graph":[{"@type":"Organization","@id":"https:\/\/bancariosdepiracicaba.com.br\/#organization","name":"Sindban","url":"https:\/\/bancariosdepiracicaba.com.br\/","sameAs":[],"logo":{"@type":"ImageObject","@id":"https:\/\/bancariosdepiracicaba.com.br\/#logo","inLanguage":"pt-BR","url":"https:\/\/site.bancariosdepiracicaba.com.br\/wp-content\/uploads\/2021\/04\/cropped-Asset-2.png","contentUrl":"https:\/\/site.bancariosdepiracicaba.com.br\/wp-content\/uploads\/2021\/04\/cropped-Asset-2.png","width":512,"height":512,"caption":"Sindban"},"image":{"@id":"https:\/\/bancariosdepiracicaba.com.br\/#logo"}},{"@type":"WebSite","@id":"https:\/\/bancariosdepiracicaba.com.br\/#website","url":"https:\/\/bancariosdepiracicaba.com.br\/","name":"Sindban","description":"Desenvolvimento","publisher":{"@id":"https:\/\/bancariosdepiracicaba.com.br\/#organization"},"potentialAction":[{"@type":"SearchAction","target":{"@type":"EntryPoint","urlTemplate":"https:\/\/bancariosdepiracicaba.com.br\/?s={search_term_string}"},"query-input":"required name=search_term_string"}],"inLanguage":"pt-BR"},{"@type":"WebPage","@id":"https:\/\/bancariosdepiracicaba.com.br\/?p=8740#webpage","url":"https:\/\/bancariosdepiracicaba.com.br\/?p=8740","name":"CUT: Marina defende terceiriza\u00e7\u00e3o com mesmos argumentos dos patr\u00f5es - Sindban","isPartOf":{"@id":"https:\/\/bancariosdepiracicaba.com.br\/#website"},"datePublished":"2021-07-23T21:08:51+00:00","dateModified":"2021-08-12T01:11:50+00:00","breadcrumb":{"@id":"https:\/\/bancariosdepiracicaba.com.br\/?p=8740#breadcrumb"},"inLanguage":"pt-BR","potentialAction":[{"@type":"ReadAction","target":["https:\/\/bancariosdepiracicaba.com.br\/?p=8740"]}]},{"@type":"BreadcrumbList","@id":"https:\/\/bancariosdepiracicaba.com.br\/?p=8740#breadcrumb","itemListElement":[{"@type":"ListItem","position":1,"name":"Home","item":"https:\/\/bancariosdepiracicaba.com.br\/"},{"@type":"ListItem","position":2,"name":"CUT: Marina defende terceiriza\u00e7\u00e3o com mesmos argumentos dos patr\u00f5es"}]},{"@type":"Article","@id":"https:\/\/bancariosdepiracicaba.com.br\/?p=8740#article","isPartOf":{"@id":"https:\/\/bancariosdepiracicaba.com.br\/?p=8740#webpage"},"author":{"@id":"https:\/\/bancariosdepiracicaba.com.br\/#\/schema\/person\/6a12c780fc145ea2c9af09989ee600b0"},"headline":"CUT: Marina defende terceiriza\u00e7\u00e3o com mesmos argumentos dos patr\u00f5es","datePublished":"2021-07-23T21:08:51+00:00","dateModified":"2021-08-12T01:11:50+00:00","mainEntityOfPage":{"@id":"https:\/\/bancariosdepiracicaba.com.br\/?p=8740#webpage"},"wordCount":1145,"commentCount":0,"publisher":{"@id":"https:\/\/bancariosdepiracicaba.com.br\/#organization"},"articleSection":["Elei\u00e7\u00e3o","Mulher","Uncategorized"],"inLanguage":"pt-BR","potentialAction":[{"@type":"CommentAction","name":"Comment","target":["https:\/\/bancariosdepiracicaba.com.br\/?p=8740#respond"]}]},{"@type":"Person","@id":"https:\/\/bancariosdepiracicaba.com.br\/#\/schema\/person\/6a12c780fc145ea2c9af09989ee600b0","name":"admin","image":{"@type":"ImageObject","@id":"https:\/\/bancariosdepiracicaba.com.br\/#personlogo","inLanguage":"pt-BR","url":"https:\/\/secure.gravatar.com\/avatar\/3a05e74c6579e68209676cb5cb64e0918f288da7a49210fa18d6e9cac1189840?s=96&d=mm&r=g","contentUrl":"https:\/\/secure.gravatar.com\/avatar\/3a05e74c6579e68209676cb5cb64e0918f288da7a49210fa18d6e9cac1189840?s=96&d=mm&r=g","caption":"admin"},"sameAs":["https:\/\/site.bancariosdepiracicaba.com.br"],"url":"https:\/\/bancariosdepiracicaba.com.br\/?author=1"}]}},"_links":{"self":[{"href":"https:\/\/bancariosdepiracicaba.com.br\/index.php?rest_route=\/wp\/v2\/posts\/8740","targetHints":{"allow":["GET"]}}],"collection":[{"href":"https:\/\/bancariosdepiracicaba.com.br\/index.php?rest_route=\/wp\/v2\/posts"}],"about":[{"href":"https:\/\/bancariosdepiracicaba.com.br\/index.php?rest_route=\/wp\/v2\/types\/post"}],"author":[{"embeddable":true,"href":"https:\/\/bancariosdepiracicaba.com.br\/index.php?rest_route=\/wp\/v2\/users\/1"}],"replies":[{"embeddable":true,"href":"https:\/\/bancariosdepiracicaba.com.br\/index.php?rest_route=%2Fwp%2Fv2%2Fcomments&post=8740"}],"version-history":[{"count":1,"href":"https:\/\/bancariosdepiracicaba.com.br\/index.php?rest_route=\/wp\/v2\/posts\/8740\/revisions"}],"predecessor-version":[{"id":14229,"href":"https:\/\/bancariosdepiracicaba.com.br\/index.php?rest_route=\/wp\/v2\/posts\/8740\/revisions\/14229"}],"wp:attachment":[{"href":"https:\/\/bancariosdepiracicaba.com.br\/index.php?rest_route=%2Fwp%2Fv2%2Fmedia&parent=8740"}],"wp:term":[{"taxonomy":"category","embeddable":true,"href":"https:\/\/bancariosdepiracicaba.com.br\/index.php?rest_route=%2Fwp%2Fv2%2Fcategories&post=8740"},{"taxonomy":"post_tag","embeddable":true,"href":"https:\/\/bancariosdepiracicaba.com.br\/index.php?rest_route=%2Fwp%2Fv2%2Ftags&post=8740"}],"curies":[{"name":"wp","href":"https:\/\/api.w.org\/{rel}","templated":true}]}}