{"id":8736,"date":"2021-07-23T21:08:47","date_gmt":"2021-07-23T21:08:47","guid":{"rendered":"https:\/\/site.bancariosdepiracicaba.com.br\/2021\/07\/23\/em-discussao-acordo-coletivo-aditivo-do-santander\/"},"modified":"2021-08-11T21:59:06","modified_gmt":"2021-08-12T00:59:06","slug":"em-discussao-acordo-coletivo-aditivo-do-santander","status":"publish","type":"post","link":"https:\/\/bancariosdepiracicaba.com.br\/?p=8736","title":{"rendered":"Em discuss\u00e3o, Acordo Coletivo Aditivo do Santander"},"content":{"rendered":"<p>Em negocia\u00e7\u00e3o concomitante com a Fenaban, o movimento sindical garantiu a renova\u00e7\u00e3o de uma s\u00e9rie de cl\u00e1usulas pr\u00e9-existentes no Acordo Coletivo Aditivo dos trabalhadores do Santander. O instrumento garante uma s\u00e9rie de conquistas e \u00e9 fruto da organiza\u00e7\u00e3o dos trabalhadores oriundos do Banespa \u00e0 \u00e9poca da sua aquisi\u00e7\u00e3o pelo banco espanhol, em 2000.<br \/>\nDentre os direitos garantidos no texto est\u00e3o a pausa de 15 minutos de descanso aos funcion\u00e1rios com jornada de seis horas, hor\u00e1rio para amamenta\u00e7\u00e3o, licen\u00e7a parental, agora estendida para os casais homoafetivos, al\u00e9m de f\u00f3rum para discuss\u00e3o de quest\u00f5es de sa\u00fade e condi\u00e7\u00f5es de trabalho, e licen\u00e7a n\u00e3o remunerada para acompanhamento de parentes \u00e0 assist\u00eancia m\u00e9dica.<br \/>\nBANCO DAR\u00e1 RETORNO -; Na reuni\u00e3o seguinte, marcada para a pr\u00f3xima segunda-feira, 22, o banco dar\u00e1 retorno a reivindica\u00e7\u00f5es como aux \u00edlio filho com defici\u00eancia; bolsa de estudo para segunda gradua\u00e7\u00e3o ou p\u00f3s; isen\u00e7\u00e3o de coparticipa\u00e7\u00e3o para os trabalhadores com doen\u00e7as cr\u00f4nicas; isen\u00e7\u00e3o de tarifas para os trabalhadores da ativa e aposentados; aux \u00edlio academia; universaliza\u00e7\u00e3o da estabilidade pr\u00e9-aposentadoria de dois anos aos banc\u00e1rios com mais de 25 anos de v \u00ednculo empregat \u00edcio (homens) e 21 anos (mulheres).<br \/>\nAINDA FALTA DEBATER -; Na mesma reuni\u00e3o ainda ser\u00e3o discutidas cl\u00e1usulas como abono indeniza\u00e7\u00e3o para aposentadoria; procedimento de auditoria externa e interna; garantia da PLR aos afastados; PPRS; abono indenizat\u00f3rio aos aposentados (pagamento de um sal\u00e1rio aos funcion\u00e1rios que se aposentarem); pijama; manuten\u00e7\u00e3o da assist\u00eancia m\u00e9dica aos aposentados; igualdade de oportunidade para todos; condi\u00e7\u00f5es de trabalho; licen\u00e7a n\u00e3o remunerada para fins de estudo e outras.<br \/>\nAVALIA\u00e7\u00e3O M\u00e9DICA -; No come\u00e7o do m\u00eas, dirigentes sindicais denunciaram a representantes do Santander a falta de autonomia do m\u00e9dico do trabalho na avalia\u00e7\u00e3o de sa\u00fade do trabalhador.  A guia no corpo do formul\u00e1rio da empresa Micelli, principal prestadora desse tipo de servi\u00e7o ao banco, explicita que o profissional, antes de considerar o funcion\u00e1rio inapto para o trabalho, deve consultar o banco.<br \/>\nNa reuni\u00e3o do dia 22 um m\u00e9dico do trabalho dar\u00e1 explica\u00e7\u00f5es sobre os tr\u00e2mites da avalia\u00e7\u00e3o m\u00e9dica. Na ocasi\u00e3o ser\u00e3o apresentadas as den\u00fancias dos trabalhadores aos representantes do banco.<br \/>\nFonte: SP Banc\u00e1rios<\/p>\n","protected":false},"excerpt":{"rendered":"<p>Em negocia\u00e7\u00e3o concomitante com a Fenaban, o movimento sindical garantiu a renova\u00e7\u00e3o de uma s\u00e9rie de cl\u00e1usulas pr\u00e9-existentes no Acordo Coletivo Aditivo dos trabalhadores do Santander. O instrumento garante uma s\u00e9rie de conquistas e \u00e9 fruto da organiza\u00e7\u00e3o dos trabalhadores oriundos do Banespa \u00e0 \u00e9poca da sua aquisi\u00e7\u00e3o pelo banco espanhol, em 2000. Dentre os &hellip;<\/p>\n<p class=\"read-more\"> <a class=\"\" href=\"https:\/\/bancariosdepiracicaba.com.br\/?p=8736\"> <span class=\"screen-reader-text\">Em discuss\u00e3o, Acordo Coletivo Aditivo do Santander<\/span> Leia mais &raquo;<\/a><\/p>\n","protected":false},"author":1,"featured_media":0,"comment_status":"open","ping_status":"open","sticky":false,"template":"","format":"standard","meta":{"site-sidebar-layout":"default","site-content-layout":"default","ast-main-header-display":"","ast-hfb-above-header-display":"","ast-hfb-below-header-display":"","ast-hfb-mobile-header-display":"","site-post-title":"","ast-breadcrumbs-content":"","ast-featured-img":"","footer-sml-layout":"","theme-transparent-header-meta":"","adv-header-id-meta":"","stick-header-meta":"","header-above-stick-meta":"","header-main-stick-meta":"","header-below-stick-meta":"","footnotes":""},"categories":[22,44,16,1],"tags":[],"class_list":["post-8736","post","type-post","status-publish","format-standard","hentry","category-acordo-coletivo-noticias","category-mulher","category-santander","category-uncategorized"],"yoast_head":"<!-- This site is optimized with the Yoast SEO Premium plugin v16.1 (Yoast SEO v18.0) - https:\/\/yoast.com\/wordpress\/plugins\/seo\/ -->\n<title>Em discuss\u00e3o, Acordo Coletivo Aditivo do Santander - Sindban<\/title>\n<meta name=\"robots\" content=\"index, follow, max-snippet:-1, max-image-preview:large, max-video-preview:-1\" \/>\n<link rel=\"canonical\" href=\"https:\/\/bancariosdepiracicaba.com.br\/?p=8736\" \/>\n<meta property=\"og:locale\" content=\"pt_BR\" \/>\n<meta property=\"og:type\" content=\"article\" \/>\n<meta property=\"og:title\" content=\"Em discuss\u00e3o, Acordo Coletivo Aditivo do Santander - Sindban\" \/>\n<meta property=\"og:description\" content=\"Em negocia\u00e7\u00e3o concomitante com a Fenaban, o movimento sindical garantiu a renova\u00e7\u00e3o de uma s\u00e9rie de cl\u00e1usulas pr\u00e9-existentes no Acordo Coletivo Aditivo dos trabalhadores do Santander. O instrumento garante uma s\u00e9rie de conquistas e \u00e9 fruto da organiza\u00e7\u00e3o dos trabalhadores oriundos do Banespa \u00e0 \u00e9poca da sua aquisi\u00e7\u00e3o pelo banco espanhol, em 2000. Dentre os &hellip; Em discuss\u00e3o, Acordo Coletivo Aditivo do Santander Leia mais &raquo;\" \/>\n<meta property=\"og:url\" content=\"https:\/\/bancariosdepiracicaba.com.br\/?p=8736\" \/>\n<meta property=\"og:site_name\" content=\"Sindban\" \/>\n<meta property=\"article:published_time\" content=\"2021-07-23T21:08:47+00:00\" \/>\n<meta property=\"article:modified_time\" content=\"2021-08-12T00:59:06+00:00\" \/>\n<meta name=\"twitter:card\" content=\"summary_large_image\" \/>\n<meta name=\"twitter:label1\" content=\"Escrito por\" \/>\n\t<meta name=\"twitter:data1\" content=\"admin\" \/>\n\t<meta name=\"twitter:label2\" content=\"Est. tempo de leitura\" \/>\n\t<meta name=\"twitter:data2\" content=\"2 minutos\" \/>\n<script type=\"application\/ld+json\" class=\"yoast-schema-graph\">{\"@context\":\"https:\/\/schema.org\",\"@graph\":[{\"@type\":\"Organization\",\"@id\":\"https:\/\/bancariosdepiracicaba.com.br\/#organization\",\"name\":\"Sindban\",\"url\":\"https:\/\/bancariosdepiracicaba.com.br\/\",\"sameAs\":[],\"logo\":{\"@type\":\"ImageObject\",\"@id\":\"https:\/\/bancariosdepiracicaba.com.br\/#logo\",\"inLanguage\":\"pt-BR\",\"url\":\"https:\/\/site.bancariosdepiracicaba.com.br\/wp-content\/uploads\/2021\/04\/cropped-Asset-2.png\",\"contentUrl\":\"https:\/\/site.bancariosdepiracicaba.com.br\/wp-content\/uploads\/2021\/04\/cropped-Asset-2.png\",\"width\":512,\"height\":512,\"caption\":\"Sindban\"},\"image\":{\"@id\":\"https:\/\/bancariosdepiracicaba.com.br\/#logo\"}},{\"@type\":\"WebSite\",\"@id\":\"https:\/\/bancariosdepiracicaba.com.br\/#website\",\"url\":\"https:\/\/bancariosdepiracicaba.com.br\/\",\"name\":\"Sindban\",\"description\":\"Desenvolvimento\",\"publisher\":{\"@id\":\"https:\/\/bancariosdepiracicaba.com.br\/#organization\"},\"potentialAction\":[{\"@type\":\"SearchAction\",\"target\":{\"@type\":\"EntryPoint\",\"urlTemplate\":\"https:\/\/bancariosdepiracicaba.com.br\/?s={search_term_string}\"},\"query-input\":\"required name=search_term_string\"}],\"inLanguage\":\"pt-BR\"},{\"@type\":\"WebPage\",\"@id\":\"https:\/\/bancariosdepiracicaba.com.br\/?p=8736#webpage\",\"url\":\"https:\/\/bancariosdepiracicaba.com.br\/?p=8736\",\"name\":\"Em discuss\u00e3o, Acordo Coletivo Aditivo do Santander - Sindban\",\"isPartOf\":{\"@id\":\"https:\/\/bancariosdepiracicaba.com.br\/#website\"},\"datePublished\":\"2021-07-23T21:08:47+00:00\",\"dateModified\":\"2021-08-12T00:59:06+00:00\",\"breadcrumb\":{\"@id\":\"https:\/\/bancariosdepiracicaba.com.br\/?p=8736#breadcrumb\"},\"inLanguage\":\"pt-BR\",\"potentialAction\":[{\"@type\":\"ReadAction\",\"target\":[\"https:\/\/bancariosdepiracicaba.com.br\/?p=8736\"]}]},{\"@type\":\"BreadcrumbList\",\"@id\":\"https:\/\/bancariosdepiracicaba.com.br\/?p=8736#breadcrumb\",\"itemListElement\":[{\"@type\":\"ListItem\",\"position\":1,\"name\":\"Home\",\"item\":\"https:\/\/bancariosdepiracicaba.com.br\/\"},{\"@type\":\"ListItem\",\"position\":2,\"name\":\"Em discuss\u00e3o, Acordo Coletivo Aditivo do Santander\"}]},{\"@type\":\"Article\",\"@id\":\"https:\/\/bancariosdepiracicaba.com.br\/?p=8736#article\",\"isPartOf\":{\"@id\":\"https:\/\/bancariosdepiracicaba.com.br\/?p=8736#webpage\"},\"author\":{\"@id\":\"https:\/\/bancariosdepiracicaba.com.br\/#\/schema\/person\/6a12c780fc145ea2c9af09989ee600b0\"},\"headline\":\"Em discuss\u00e3o, Acordo Coletivo Aditivo do Santander\",\"datePublished\":\"2021-07-23T21:08:47+00:00\",\"dateModified\":\"2021-08-12T00:59:06+00:00\",\"mainEntityOfPage\":{\"@id\":\"https:\/\/bancariosdepiracicaba.com.br\/?p=8736#webpage\"},\"wordCount\":416,\"commentCount\":0,\"publisher\":{\"@id\":\"https:\/\/bancariosdepiracicaba.com.br\/#organization\"},\"articleSection\":[\"Acordo Coletivo Not\u00edcias\",\"Mulher\",\"Santander\",\"Uncategorized\"],\"inLanguage\":\"pt-BR\",\"potentialAction\":[{\"@type\":\"CommentAction\",\"name\":\"Comment\",\"target\":[\"https:\/\/bancariosdepiracicaba.com.br\/?p=8736#respond\"]}]},{\"@type\":\"Person\",\"@id\":\"https:\/\/bancariosdepiracicaba.com.br\/#\/schema\/person\/6a12c780fc145ea2c9af09989ee600b0\",\"name\":\"admin\",\"image\":{\"@type\":\"ImageObject\",\"@id\":\"https:\/\/bancariosdepiracicaba.com.br\/#personlogo\",\"inLanguage\":\"pt-BR\",\"url\":\"https:\/\/secure.gravatar.com\/avatar\/3a05e74c6579e68209676cb5cb64e0918f288da7a49210fa18d6e9cac1189840?s=96&d=mm&r=g\",\"contentUrl\":\"https:\/\/secure.gravatar.com\/avatar\/3a05e74c6579e68209676cb5cb64e0918f288da7a49210fa18d6e9cac1189840?s=96&d=mm&r=g\",\"caption\":\"admin\"},\"sameAs\":[\"https:\/\/site.bancariosdepiracicaba.com.br\"],\"url\":\"https:\/\/bancariosdepiracicaba.com.br\/?author=1\"}]}<\/script>\n<!-- \/ Yoast SEO Premium plugin. -->","yoast_head_json":{"title":"Em discuss\u00e3o, Acordo Coletivo Aditivo do Santander - Sindban","robots":{"index":"index","follow":"follow","max-snippet":"max-snippet:-1","max-image-preview":"max-image-preview:large","max-video-preview":"max-video-preview:-1"},"canonical":"https:\/\/bancariosdepiracicaba.com.br\/?p=8736","og_locale":"pt_BR","og_type":"article","og_title":"Em discuss\u00e3o, Acordo Coletivo Aditivo do Santander - Sindban","og_description":"Em negocia\u00e7\u00e3o concomitante com a Fenaban, o movimento sindical garantiu a renova\u00e7\u00e3o de uma s\u00e9rie de cl\u00e1usulas pr\u00e9-existentes no Acordo Coletivo Aditivo dos trabalhadores do Santander. O instrumento garante uma s\u00e9rie de conquistas e \u00e9 fruto da organiza\u00e7\u00e3o dos trabalhadores oriundos do Banespa \u00e0 \u00e9poca da sua aquisi\u00e7\u00e3o pelo banco espanhol, em 2000. Dentre os &hellip; Em discuss\u00e3o, Acordo Coletivo Aditivo do Santander Leia mais &raquo;","og_url":"https:\/\/bancariosdepiracicaba.com.br\/?p=8736","og_site_name":"Sindban","article_published_time":"2021-07-23T21:08:47+00:00","article_modified_time":"2021-08-12T00:59:06+00:00","twitter_card":"summary_large_image","twitter_misc":{"Escrito por":"admin","Est. tempo de leitura":"2 minutos"},"schema":{"@context":"https:\/\/schema.org","@graph":[{"@type":"Organization","@id":"https:\/\/bancariosdepiracicaba.com.br\/#organization","name":"Sindban","url":"https:\/\/bancariosdepiracicaba.com.br\/","sameAs":[],"logo":{"@type":"ImageObject","@id":"https:\/\/bancariosdepiracicaba.com.br\/#logo","inLanguage":"pt-BR","url":"https:\/\/site.bancariosdepiracicaba.com.br\/wp-content\/uploads\/2021\/04\/cropped-Asset-2.png","contentUrl":"https:\/\/site.bancariosdepiracicaba.com.br\/wp-content\/uploads\/2021\/04\/cropped-Asset-2.png","width":512,"height":512,"caption":"Sindban"},"image":{"@id":"https:\/\/bancariosdepiracicaba.com.br\/#logo"}},{"@type":"WebSite","@id":"https:\/\/bancariosdepiracicaba.com.br\/#website","url":"https:\/\/bancariosdepiracicaba.com.br\/","name":"Sindban","description":"Desenvolvimento","publisher":{"@id":"https:\/\/bancariosdepiracicaba.com.br\/#organization"},"potentialAction":[{"@type":"SearchAction","target":{"@type":"EntryPoint","urlTemplate":"https:\/\/bancariosdepiracicaba.com.br\/?s={search_term_string}"},"query-input":"required name=search_term_string"}],"inLanguage":"pt-BR"},{"@type":"WebPage","@id":"https:\/\/bancariosdepiracicaba.com.br\/?p=8736#webpage","url":"https:\/\/bancariosdepiracicaba.com.br\/?p=8736","name":"Em discuss\u00e3o, Acordo Coletivo Aditivo do Santander - Sindban","isPartOf":{"@id":"https:\/\/bancariosdepiracicaba.com.br\/#website"},"datePublished":"2021-07-23T21:08:47+00:00","dateModified":"2021-08-12T00:59:06+00:00","breadcrumb":{"@id":"https:\/\/bancariosdepiracicaba.com.br\/?p=8736#breadcrumb"},"inLanguage":"pt-BR","potentialAction":[{"@type":"ReadAction","target":["https:\/\/bancariosdepiracicaba.com.br\/?p=8736"]}]},{"@type":"BreadcrumbList","@id":"https:\/\/bancariosdepiracicaba.com.br\/?p=8736#breadcrumb","itemListElement":[{"@type":"ListItem","position":1,"name":"Home","item":"https:\/\/bancariosdepiracicaba.com.br\/"},{"@type":"ListItem","position":2,"name":"Em discuss\u00e3o, Acordo Coletivo Aditivo do Santander"}]},{"@type":"Article","@id":"https:\/\/bancariosdepiracicaba.com.br\/?p=8736#article","isPartOf":{"@id":"https:\/\/bancariosdepiracicaba.com.br\/?p=8736#webpage"},"author":{"@id":"https:\/\/bancariosdepiracicaba.com.br\/#\/schema\/person\/6a12c780fc145ea2c9af09989ee600b0"},"headline":"Em discuss\u00e3o, Acordo Coletivo Aditivo do Santander","datePublished":"2021-07-23T21:08:47+00:00","dateModified":"2021-08-12T00:59:06+00:00","mainEntityOfPage":{"@id":"https:\/\/bancariosdepiracicaba.com.br\/?p=8736#webpage"},"wordCount":416,"commentCount":0,"publisher":{"@id":"https:\/\/bancariosdepiracicaba.com.br\/#organization"},"articleSection":["Acordo Coletivo Not\u00edcias","Mulher","Santander","Uncategorized"],"inLanguage":"pt-BR","potentialAction":[{"@type":"CommentAction","name":"Comment","target":["https:\/\/bancariosdepiracicaba.com.br\/?p=8736#respond"]}]},{"@type":"Person","@id":"https:\/\/bancariosdepiracicaba.com.br\/#\/schema\/person\/6a12c780fc145ea2c9af09989ee600b0","name":"admin","image":{"@type":"ImageObject","@id":"https:\/\/bancariosdepiracicaba.com.br\/#personlogo","inLanguage":"pt-BR","url":"https:\/\/secure.gravatar.com\/avatar\/3a05e74c6579e68209676cb5cb64e0918f288da7a49210fa18d6e9cac1189840?s=96&d=mm&r=g","contentUrl":"https:\/\/secure.gravatar.com\/avatar\/3a05e74c6579e68209676cb5cb64e0918f288da7a49210fa18d6e9cac1189840?s=96&d=mm&r=g","caption":"admin"},"sameAs":["https:\/\/site.bancariosdepiracicaba.com.br"],"url":"https:\/\/bancariosdepiracicaba.com.br\/?author=1"}]}},"_links":{"self":[{"href":"https:\/\/bancariosdepiracicaba.com.br\/index.php?rest_route=\/wp\/v2\/posts\/8736","targetHints":{"allow":["GET"]}}],"collection":[{"href":"https:\/\/bancariosdepiracicaba.com.br\/index.php?rest_route=\/wp\/v2\/posts"}],"about":[{"href":"https:\/\/bancariosdepiracicaba.com.br\/index.php?rest_route=\/wp\/v2\/types\/post"}],"author":[{"embeddable":true,"href":"https:\/\/bancariosdepiracicaba.com.br\/index.php?rest_route=\/wp\/v2\/users\/1"}],"replies":[{"embeddable":true,"href":"https:\/\/bancariosdepiracicaba.com.br\/index.php?rest_route=%2Fwp%2Fv2%2Fcomments&post=8736"}],"version-history":[{"count":1,"href":"https:\/\/bancariosdepiracicaba.com.br\/index.php?rest_route=\/wp\/v2\/posts\/8736\/revisions"}],"predecessor-version":[{"id":11433,"href":"https:\/\/bancariosdepiracicaba.com.br\/index.php?rest_route=\/wp\/v2\/posts\/8736\/revisions\/11433"}],"wp:attachment":[{"href":"https:\/\/bancariosdepiracicaba.com.br\/index.php?rest_route=%2Fwp%2Fv2%2Fmedia&parent=8736"}],"wp:term":[{"taxonomy":"category","embeddable":true,"href":"https:\/\/bancariosdepiracicaba.com.br\/index.php?rest_route=%2Fwp%2Fv2%2Fcategories&post=8736"},{"taxonomy":"post_tag","embeddable":true,"href":"https:\/\/bancariosdepiracicaba.com.br\/index.php?rest_route=%2Fwp%2Fv2%2Ftags&post=8736"}],"curies":[{"name":"wp","href":"https:\/\/api.w.org\/{rel}","templated":true}]}}