{"id":8568,"date":"2021-07-23T21:04:07","date_gmt":"2021-07-23T21:04:07","guid":{"rendered":"https:\/\/site.bancariosdepiracicaba.com.br\/2021\/07\/23\/bancarios-do-itau-reclamam-de-programa-da-discordia\/"},"modified":"2021-07-26T19:02:42","modified_gmt":"2021-07-26T19:02:42","slug":"bancarios-do-itau-reclamam-de-programa-da-discordia","status":"publish","type":"post","link":"https:\/\/bancariosdepiracicaba.com.br\/?p=8568","title":{"rendered":"Banc\u00e1rios do Ita\u00fa reclamam de \u201cprograma da disc\u00f3rdia\u201d"},"content":{"rendered":"<p>Quando o fim do m\u00eas de fevereiro chegou, muitos trabalhadores do Ita\u00fa aguardavam pela remunera\u00e7\u00e3o do programa pr\u00f3prio do banco, uma vez que a press\u00e3o por bons resultados foi grande. Todos s\u00e3o cobrados pelas metas, no entanto, apenas 20% s\u00e3o contemplados pelo Prad. A regra causa queixas entre os funcion\u00e1rios.<br \/>\n \u201c;O restante dos banc\u00e1rios ficam para escanteio, como se n\u00e3o tivessem contribu \u00eddo para o crescimento do lucro do banco, que n\u00e3o foi pouco \u201c;, relata a dirigente sindical da Fetec\/CUT-SP Valeska Pincovai. O lucro l \u00edquido recorrente de 2013 do Ita\u00fa atingiu R$ 15,8 bilh\u00f5es, crescimento de 12,8% em rela\u00e7\u00e3o ao ano anterior.<br \/>\nPara Valeska, \u00e9 necess\u00e1rio que as regras para cobran\u00e7as de metas dos programas pr\u00f3prios do Ita\u00fa sejam mais claras e que os resultados contemplem melhor os funcion\u00e1rios.  \u201c;Essa injusti\u00e7a resulta em muitos trabalhadores doentes, outros \u00e0 beira de um ataque de nervos \u201c;, ressalta.  \u201c;Os funcion\u00e1rios est\u00e3o cansados da discrimina\u00e7\u00e3o e da falta de clareza na cobran\u00e7a de metas. Tanto que o Prad j\u00e1 recebeu diversos apelidos, como &lsquo;programa da disc\u00f3rdia&rsquo; e &lsquo;pagamento da remunera\u00e7\u00e3o dos amigos dos diretores&rsquo;. A situa\u00e7\u00e3o precisa mudar. \u201c;<br \/>\nA dirigente explica que al\u00e9m dos problemas com as regras, faltam funcion\u00e1rios e a pr\u00e1tica de ass\u00e9dio moral \u00e9 constante por conta dos abusos nas cobran\u00e7as.  \u201c;Exigimos o fim das metas abusivas, a contrata\u00e7\u00e3o de funcion\u00e1rios e valoriza\u00e7\u00e3o dos trabalhadores, al\u00e9m de melhores condi\u00e7\u00f5es de trabalho \u201c;, refor\u00e7a Valeska.<br \/>\nAGIR -; Se o Prad \u00e9 o pesadelo dos banc\u00e1rios nos departamentos, nas ag\u00eancias \u00e9 o Agir que tira o sono.  \u201c;O Agir destr\u00f3i os trabalhadores. Um banc\u00e1rio na ag\u00eancia tem de ter mil e uma utilidades e chega at\u00e9 a abrir m\u00e3o do hor\u00e1rio de almo\u00e7o. Os caixas t\u00eam de receber os documentos e oferecer produtos aos clientes ao mesmo tempo, e o pior de tudo \u00e9 que n\u00e3o recebem a remunera\u00e7\u00e3o vari\u00e1vel. Cad\u00ea a clareza do Agir? O programa deve contemplar todos os trabalhadores em ag\u00eancias \u201c;, conclui Valeska.<br \/>\nFonte: Sindicato dos Banc\u00e1rios de SP<\/p>\n","protected":false},"excerpt":{"rendered":"<p>Quando o fim do m\u00eas de fevereiro chegou, muitos trabalhadores do Ita\u00fa aguardavam pela remunera\u00e7\u00e3o do programa pr\u00f3prio do banco, uma vez que a press\u00e3o por bons resultados foi grande. Todos s\u00e3o cobrados pelas metas, no entanto, apenas 20% s\u00e3o contemplados pelo Prad. A regra causa queixas entre os funcion\u00e1rios. \u201c;O restante dos banc\u00e1rios ficam &hellip;<\/p>\n<p class=\"read-more\"> <a class=\"\" href=\"https:\/\/bancariosdepiracicaba.com.br\/?p=8568\"> <span class=\"screen-reader-text\">Banc\u00e1rios do Ita\u00fa reclamam de \u201cprograma da disc\u00f3rdia\u201d<\/span> Leia mais &raquo;<\/a><\/p>\n","protected":false},"author":1,"featured_media":0,"comment_status":"open","ping_status":"open","sticky":false,"template":"","format":"standard","meta":{"site-sidebar-layout":"default","site-content-layout":"default","ast-main-header-display":"","ast-hfb-above-header-display":"","ast-hfb-below-header-display":"","ast-hfb-mobile-header-display":"","site-post-title":"","ast-breadcrumbs-content":"","ast-featured-img":"","footer-sml-layout":"","theme-transparent-header-meta":"","adv-header-id-meta":"","stick-header-meta":"","header-above-stick-meta":"","header-main-stick-meta":"","header-below-stick-meta":"","footnotes":""},"categories":[13,1],"tags":[],"class_list":["post-8568","post","type-post","status-publish","format-standard","hentry","category-itau","category-uncategorized"],"yoast_head":"<!-- This site is optimized with the Yoast SEO Premium plugin v16.1 (Yoast SEO v18.0) - https:\/\/yoast.com\/wordpress\/plugins\/seo\/ -->\n<title>Banc\u00e1rios do Ita\u00fa reclamam de \u201cprograma da disc\u00f3rdia\u201d - Sindban<\/title>\n<meta name=\"robots\" content=\"index, follow, max-snippet:-1, max-image-preview:large, max-video-preview:-1\" \/>\n<link rel=\"canonical\" href=\"https:\/\/bancariosdepiracicaba.com.br\/?p=8568\" \/>\n<meta property=\"og:locale\" content=\"pt_BR\" \/>\n<meta property=\"og:type\" content=\"article\" \/>\n<meta property=\"og:title\" content=\"Banc\u00e1rios do Ita\u00fa reclamam de \u201cprograma da disc\u00f3rdia\u201d - Sindban\" \/>\n<meta property=\"og:description\" content=\"Quando o fim do m\u00eas de fevereiro chegou, muitos trabalhadores do Ita\u00fa aguardavam pela remunera\u00e7\u00e3o do programa pr\u00f3prio do banco, uma vez que a press\u00e3o por bons resultados foi grande. Todos s\u00e3o cobrados pelas metas, no entanto, apenas 20% s\u00e3o contemplados pelo Prad. A regra causa queixas entre os funcion\u00e1rios. \u201c;O restante dos banc\u00e1rios ficam &hellip; Banc\u00e1rios do Ita\u00fa reclamam de \u201cprograma da disc\u00f3rdia\u201d Leia mais &raquo;\" \/>\n<meta property=\"og:url\" content=\"https:\/\/bancariosdepiracicaba.com.br\/?p=8568\" \/>\n<meta property=\"og:site_name\" content=\"Sindban\" \/>\n<meta property=\"article:published_time\" content=\"2021-07-23T21:04:07+00:00\" \/>\n<meta property=\"article:modified_time\" content=\"2021-07-26T19:02:42+00:00\" \/>\n<meta name=\"twitter:card\" content=\"summary_large_image\" \/>\n<meta name=\"twitter:label1\" content=\"Escrito por\" \/>\n\t<meta name=\"twitter:data1\" content=\"admin\" \/>\n\t<meta name=\"twitter:label2\" content=\"Est. tempo de leitura\" \/>\n\t<meta name=\"twitter:data2\" content=\"2 minutos\" \/>\n<script type=\"application\/ld+json\" class=\"yoast-schema-graph\">{\"@context\":\"https:\/\/schema.org\",\"@graph\":[{\"@type\":\"Organization\",\"@id\":\"https:\/\/bancariosdepiracicaba.com.br\/#organization\",\"name\":\"Sindban\",\"url\":\"https:\/\/bancariosdepiracicaba.com.br\/\",\"sameAs\":[],\"logo\":{\"@type\":\"ImageObject\",\"@id\":\"https:\/\/bancariosdepiracicaba.com.br\/#logo\",\"inLanguage\":\"pt-BR\",\"url\":\"https:\/\/site.bancariosdepiracicaba.com.br\/wp-content\/uploads\/2021\/04\/cropped-Asset-2.png\",\"contentUrl\":\"https:\/\/site.bancariosdepiracicaba.com.br\/wp-content\/uploads\/2021\/04\/cropped-Asset-2.png\",\"width\":512,\"height\":512,\"caption\":\"Sindban\"},\"image\":{\"@id\":\"https:\/\/bancariosdepiracicaba.com.br\/#logo\"}},{\"@type\":\"WebSite\",\"@id\":\"https:\/\/bancariosdepiracicaba.com.br\/#website\",\"url\":\"https:\/\/bancariosdepiracicaba.com.br\/\",\"name\":\"Sindban\",\"description\":\"Desenvolvimento\",\"publisher\":{\"@id\":\"https:\/\/bancariosdepiracicaba.com.br\/#organization\"},\"potentialAction\":[{\"@type\":\"SearchAction\",\"target\":{\"@type\":\"EntryPoint\",\"urlTemplate\":\"https:\/\/bancariosdepiracicaba.com.br\/?s={search_term_string}\"},\"query-input\":\"required name=search_term_string\"}],\"inLanguage\":\"pt-BR\"},{\"@type\":\"WebPage\",\"@id\":\"https:\/\/bancariosdepiracicaba.com.br\/?p=8568#webpage\",\"url\":\"https:\/\/bancariosdepiracicaba.com.br\/?p=8568\",\"name\":\"Banc\u00e1rios do Ita\u00fa reclamam de \u201cprograma da disc\u00f3rdia\u201d - Sindban\",\"isPartOf\":{\"@id\":\"https:\/\/bancariosdepiracicaba.com.br\/#website\"},\"datePublished\":\"2021-07-23T21:04:07+00:00\",\"dateModified\":\"2021-07-26T19:02:42+00:00\",\"breadcrumb\":{\"@id\":\"https:\/\/bancariosdepiracicaba.com.br\/?p=8568#breadcrumb\"},\"inLanguage\":\"pt-BR\",\"potentialAction\":[{\"@type\":\"ReadAction\",\"target\":[\"https:\/\/bancariosdepiracicaba.com.br\/?p=8568\"]}]},{\"@type\":\"BreadcrumbList\",\"@id\":\"https:\/\/bancariosdepiracicaba.com.br\/?p=8568#breadcrumb\",\"itemListElement\":[{\"@type\":\"ListItem\",\"position\":1,\"name\":\"Home\",\"item\":\"https:\/\/bancariosdepiracicaba.com.br\/\"},{\"@type\":\"ListItem\",\"position\":2,\"name\":\"Banc\u00e1rios do Ita\u00fa reclamam de \u201cprograma da disc\u00f3rdia\u201d\"}]},{\"@type\":\"Article\",\"@id\":\"https:\/\/bancariosdepiracicaba.com.br\/?p=8568#article\",\"isPartOf\":{\"@id\":\"https:\/\/bancariosdepiracicaba.com.br\/?p=8568#webpage\"},\"author\":{\"@id\":\"https:\/\/bancariosdepiracicaba.com.br\/#\/schema\/person\/6a12c780fc145ea2c9af09989ee600b0\"},\"headline\":\"Banc\u00e1rios do Ita\u00fa reclamam de \u201cprograma da disc\u00f3rdia\u201d\",\"datePublished\":\"2021-07-23T21:04:07+00:00\",\"dateModified\":\"2021-07-26T19:02:42+00:00\",\"mainEntityOfPage\":{\"@id\":\"https:\/\/bancariosdepiracicaba.com.br\/?p=8568#webpage\"},\"wordCount\":383,\"commentCount\":0,\"publisher\":{\"@id\":\"https:\/\/bancariosdepiracicaba.com.br\/#organization\"},\"articleSection\":[\"Ita\u00fa\",\"Uncategorized\"],\"inLanguage\":\"pt-BR\",\"potentialAction\":[{\"@type\":\"CommentAction\",\"name\":\"Comment\",\"target\":[\"https:\/\/bancariosdepiracicaba.com.br\/?p=8568#respond\"]}]},{\"@type\":\"Person\",\"@id\":\"https:\/\/bancariosdepiracicaba.com.br\/#\/schema\/person\/6a12c780fc145ea2c9af09989ee600b0\",\"name\":\"admin\",\"image\":{\"@type\":\"ImageObject\",\"@id\":\"https:\/\/bancariosdepiracicaba.com.br\/#personlogo\",\"inLanguage\":\"pt-BR\",\"url\":\"https:\/\/secure.gravatar.com\/avatar\/3a05e74c6579e68209676cb5cb64e0918f288da7a49210fa18d6e9cac1189840?s=96&d=mm&r=g\",\"contentUrl\":\"https:\/\/secure.gravatar.com\/avatar\/3a05e74c6579e68209676cb5cb64e0918f288da7a49210fa18d6e9cac1189840?s=96&d=mm&r=g\",\"caption\":\"admin\"},\"sameAs\":[\"https:\/\/site.bancariosdepiracicaba.com.br\"],\"url\":\"https:\/\/bancariosdepiracicaba.com.br\/?author=1\"}]}<\/script>\n<!-- \/ Yoast SEO Premium plugin. -->","yoast_head_json":{"title":"Banc\u00e1rios do Ita\u00fa reclamam de \u201cprograma da disc\u00f3rdia\u201d - Sindban","robots":{"index":"index","follow":"follow","max-snippet":"max-snippet:-1","max-image-preview":"max-image-preview:large","max-video-preview":"max-video-preview:-1"},"canonical":"https:\/\/bancariosdepiracicaba.com.br\/?p=8568","og_locale":"pt_BR","og_type":"article","og_title":"Banc\u00e1rios do Ita\u00fa reclamam de \u201cprograma da disc\u00f3rdia\u201d - Sindban","og_description":"Quando o fim do m\u00eas de fevereiro chegou, muitos trabalhadores do Ita\u00fa aguardavam pela remunera\u00e7\u00e3o do programa pr\u00f3prio do banco, uma vez que a press\u00e3o por bons resultados foi grande. Todos s\u00e3o cobrados pelas metas, no entanto, apenas 20% s\u00e3o contemplados pelo Prad. A regra causa queixas entre os funcion\u00e1rios. \u201c;O restante dos banc\u00e1rios ficam &hellip; Banc\u00e1rios do Ita\u00fa reclamam de \u201cprograma da disc\u00f3rdia\u201d Leia mais &raquo;","og_url":"https:\/\/bancariosdepiracicaba.com.br\/?p=8568","og_site_name":"Sindban","article_published_time":"2021-07-23T21:04:07+00:00","article_modified_time":"2021-07-26T19:02:42+00:00","twitter_card":"summary_large_image","twitter_misc":{"Escrito por":"admin","Est. tempo de leitura":"2 minutos"},"schema":{"@context":"https:\/\/schema.org","@graph":[{"@type":"Organization","@id":"https:\/\/bancariosdepiracicaba.com.br\/#organization","name":"Sindban","url":"https:\/\/bancariosdepiracicaba.com.br\/","sameAs":[],"logo":{"@type":"ImageObject","@id":"https:\/\/bancariosdepiracicaba.com.br\/#logo","inLanguage":"pt-BR","url":"https:\/\/site.bancariosdepiracicaba.com.br\/wp-content\/uploads\/2021\/04\/cropped-Asset-2.png","contentUrl":"https:\/\/site.bancariosdepiracicaba.com.br\/wp-content\/uploads\/2021\/04\/cropped-Asset-2.png","width":512,"height":512,"caption":"Sindban"},"image":{"@id":"https:\/\/bancariosdepiracicaba.com.br\/#logo"}},{"@type":"WebSite","@id":"https:\/\/bancariosdepiracicaba.com.br\/#website","url":"https:\/\/bancariosdepiracicaba.com.br\/","name":"Sindban","description":"Desenvolvimento","publisher":{"@id":"https:\/\/bancariosdepiracicaba.com.br\/#organization"},"potentialAction":[{"@type":"SearchAction","target":{"@type":"EntryPoint","urlTemplate":"https:\/\/bancariosdepiracicaba.com.br\/?s={search_term_string}"},"query-input":"required name=search_term_string"}],"inLanguage":"pt-BR"},{"@type":"WebPage","@id":"https:\/\/bancariosdepiracicaba.com.br\/?p=8568#webpage","url":"https:\/\/bancariosdepiracicaba.com.br\/?p=8568","name":"Banc\u00e1rios do Ita\u00fa reclamam de \u201cprograma da disc\u00f3rdia\u201d - Sindban","isPartOf":{"@id":"https:\/\/bancariosdepiracicaba.com.br\/#website"},"datePublished":"2021-07-23T21:04:07+00:00","dateModified":"2021-07-26T19:02:42+00:00","breadcrumb":{"@id":"https:\/\/bancariosdepiracicaba.com.br\/?p=8568#breadcrumb"},"inLanguage":"pt-BR","potentialAction":[{"@type":"ReadAction","target":["https:\/\/bancariosdepiracicaba.com.br\/?p=8568"]}]},{"@type":"BreadcrumbList","@id":"https:\/\/bancariosdepiracicaba.com.br\/?p=8568#breadcrumb","itemListElement":[{"@type":"ListItem","position":1,"name":"Home","item":"https:\/\/bancariosdepiracicaba.com.br\/"},{"@type":"ListItem","position":2,"name":"Banc\u00e1rios do Ita\u00fa reclamam de \u201cprograma da disc\u00f3rdia\u201d"}]},{"@type":"Article","@id":"https:\/\/bancariosdepiracicaba.com.br\/?p=8568#article","isPartOf":{"@id":"https:\/\/bancariosdepiracicaba.com.br\/?p=8568#webpage"},"author":{"@id":"https:\/\/bancariosdepiracicaba.com.br\/#\/schema\/person\/6a12c780fc145ea2c9af09989ee600b0"},"headline":"Banc\u00e1rios do Ita\u00fa reclamam de \u201cprograma da disc\u00f3rdia\u201d","datePublished":"2021-07-23T21:04:07+00:00","dateModified":"2021-07-26T19:02:42+00:00","mainEntityOfPage":{"@id":"https:\/\/bancariosdepiracicaba.com.br\/?p=8568#webpage"},"wordCount":383,"commentCount":0,"publisher":{"@id":"https:\/\/bancariosdepiracicaba.com.br\/#organization"},"articleSection":["Ita\u00fa","Uncategorized"],"inLanguage":"pt-BR","potentialAction":[{"@type":"CommentAction","name":"Comment","target":["https:\/\/bancariosdepiracicaba.com.br\/?p=8568#respond"]}]},{"@type":"Person","@id":"https:\/\/bancariosdepiracicaba.com.br\/#\/schema\/person\/6a12c780fc145ea2c9af09989ee600b0","name":"admin","image":{"@type":"ImageObject","@id":"https:\/\/bancariosdepiracicaba.com.br\/#personlogo","inLanguage":"pt-BR","url":"https:\/\/secure.gravatar.com\/avatar\/3a05e74c6579e68209676cb5cb64e0918f288da7a49210fa18d6e9cac1189840?s=96&d=mm&r=g","contentUrl":"https:\/\/secure.gravatar.com\/avatar\/3a05e74c6579e68209676cb5cb64e0918f288da7a49210fa18d6e9cac1189840?s=96&d=mm&r=g","caption":"admin"},"sameAs":["https:\/\/site.bancariosdepiracicaba.com.br"],"url":"https:\/\/bancariosdepiracicaba.com.br\/?author=1"}]}},"_links":{"self":[{"href":"https:\/\/bancariosdepiracicaba.com.br\/index.php?rest_route=\/wp\/v2\/posts\/8568","targetHints":{"allow":["GET"]}}],"collection":[{"href":"https:\/\/bancariosdepiracicaba.com.br\/index.php?rest_route=\/wp\/v2\/posts"}],"about":[{"href":"https:\/\/bancariosdepiracicaba.com.br\/index.php?rest_route=\/wp\/v2\/types\/post"}],"author":[{"embeddable":true,"href":"https:\/\/bancariosdepiracicaba.com.br\/index.php?rest_route=\/wp\/v2\/users\/1"}],"replies":[{"embeddable":true,"href":"https:\/\/bancariosdepiracicaba.com.br\/index.php?rest_route=%2Fwp%2Fv2%2Fcomments&post=8568"}],"version-history":[{"count":1,"href":"https:\/\/bancariosdepiracicaba.com.br\/index.php?rest_route=\/wp\/v2\/posts\/8568\/revisions"}],"predecessor-version":[{"id":12772,"href":"https:\/\/bancariosdepiracicaba.com.br\/index.php?rest_route=\/wp\/v2\/posts\/8568\/revisions\/12772"}],"wp:attachment":[{"href":"https:\/\/bancariosdepiracicaba.com.br\/index.php?rest_route=%2Fwp%2Fv2%2Fmedia&parent=8568"}],"wp:term":[{"taxonomy":"category","embeddable":true,"href":"https:\/\/bancariosdepiracicaba.com.br\/index.php?rest_route=%2Fwp%2Fv2%2Fcategories&post=8568"},{"taxonomy":"post_tag","embeddable":true,"href":"https:\/\/bancariosdepiracicaba.com.br\/index.php?rest_route=%2Fwp%2Fv2%2Ftags&post=8568"}],"curies":[{"name":"wp","href":"https:\/\/api.w.org\/{rel}","templated":true}]}}