{"id":8555,"date":"2021-07-23T21:03:52","date_gmt":"2021-07-23T21:03:52","guid":{"rendered":"https:\/\/site.bancariosdepiracicaba.com.br\/2021\/07\/23\/paiva-faz-primeira-agenda-oficial-como-presidente-da-frente-sindical\/"},"modified":"2021-07-23T21:03:52","modified_gmt":"2021-07-23T21:03:52","slug":"paiva-faz-primeira-agenda-oficial-como-presidente-da-frente-sindical","status":"publish","type":"post","link":"https:\/\/bancariosdepiracicaba.com.br\/?p=8555","title":{"rendered":"Paiva faz primeira agenda oficial como presidente da Frente Sindical"},"content":{"rendered":"<p>O presidente do SINDBAN (Sindicato dos Banc\u00e1rios de Piracicaba e Regi\u00e3o) e vereador pelo PT, Jos\u00e9 Antonio Fernandes Paiva foi recebido nesta ter\u00e7a-feira, 25, em Limeira pelo presidente da USTL (Uni\u00e3o Sindical dos Trabalhadores de Limeira), Benedito Hon\u00f3rio Barbosa. A agenda foi em agradecimento ao apoio que a organiza\u00e7\u00e3o concedeu a indica\u00e7\u00e3o de seu nome \u00e0 presid\u00eancia da Frente Sindical e um comprometimento em trabalhar pelas demandas das entidades da cidade.<br \/>\nPaiva foi um dos entrevistados do Programa Jornal Sindical da Uni\u00e3o Sindical, da TV Jornal de Limeira, ferramenta de di\u00e1logo entre a USLT e a classe trabalhadora de Limeira e Regi\u00e3o. Na pauta, temas importantes como a exclus\u00e3o do Aglomerado Urbano de Piracicaba do or\u00e7amento estadual, a escassez dos recursos h \u00eddricos da regi\u00e3o, que atinge diretamente a cadeira produtiva regional que tem a \u00e1gua como elemento crucial \u00e0 produ\u00e7\u00e3o, e problemas relacionados \u00e0s mais diferentes categorias de trabalhadores e trabalhadoras da Regi\u00e3o.<br \/>\nAp\u00f3s a participa\u00e7\u00e3o no programa, Paiva conheceu as depend\u00eancias da sede da USTL, que congrega 12 categorias, entre sindicatos e entidades. O local, mantido com parcerias p\u00fablicas e privadas, oferece aos trabalhadores oito consult\u00f3rios dent\u00e1rios, um posto da Caixa Econ\u00f4mica Federal e estrutura para realiza\u00e7\u00e3o de cursos e eventos. Segundo Barbosa, a sede inaugurada em janeiro representa o avan\u00e7o das lutas dos trabalhadores de Limeira.  \u201c;Temos como refer\u00eancia a luta Sindical de Piracicaba e entendemos que a uni\u00e3o dos sindicatos \u00e9 quem garante os avan\u00e7os para as categorias \u201c;, disse Barbosa.<br \/>\nPaiva afirmou o comprometimento da Frente em reunir as demandas regionais dos trabalhadores, transformando em a\u00e7\u00f5es. Os l \u00edderes conversaram sobre a possibilidade da Frente Sindical atuar no enfrentamento da problem\u00e1tica da depend\u00eancia qu \u00edmica, hoje uma triste realidade entre os trabalhadores das mais diversas categorias.  \u201c;Uma possibilidade \u00e9 pensar na implanta\u00e7\u00e3o de uma Cl \u00ednica Regional para tratar de dependentes qu \u00edmicos. Esta pode ser uma demanda que ser\u00e1 trabalhada e levada \u00e0 Frente Sindical \u201c;, afirmou Paiva.<br \/>\nDurante entrevista \u00e0 TV Jornal de Limeira, Paiva salientou que um dos objetivos da Frente Sindical \u00e9 transformar o Aglomerado Urbano de Piracicaba em uma Regi\u00e3o Metropolitana, angariando assim mais recursos \u00e0 Regi\u00e3o.  \u201c;Transformando o Aglomerado Urbano em Regi\u00e3o Metropolitana amplia a import\u00e2ncia da Regi\u00e3o. A nossa Regi\u00e3o est\u00e1 passando por um momento de grande desenvolvimento e atrav\u00e9s da Frente podemos ampliar essas a\u00e7\u00f5es obtendo mais recursos atrav\u00e9s de Programas do Governo Federal, como o Programa de Acelera\u00e7\u00e3o de Crescimento, al\u00e9m de desenvolver projetos de mobilidade urbana, seguran\u00e7a e sa\u00fade p\u00fablica \u201c;, acrescentou.<br \/>\nPaiva falou ainda sobre o papel da Frente em regionalizar a administra\u00e7\u00e3o p\u00fablica, delineando assim o que cada regi\u00e3o necessita.  \u201c;Estamos aqui hoje para agradecer o papel que nos foi incumbido e firmar compromissos. Se nos transformarmos em Regi\u00e3o Metropolitana podemos regionalizar as regi\u00f5es e atender as car\u00eancias atrav\u00e9s de uma din\u00e2mica com menos limita\u00e7\u00e3o \u201c;, afirmou.<br \/>\nEntre as bandeiras da Frente Sindical est\u00e3o ainda a luta contra o Projeto de Lei 4330, que trata da terceiriza\u00e7\u00e3o, pelo fim do fator previdenci\u00e1rio e pela jornada de trabalho de 40 horas semanais. Englobando a sociedade civil est\u00e1 ainda a preocupa\u00e7\u00e3o com os recursos h \u00eddricos, que segundo Paiva \u00e9 uma responsabilidade que deve ser atribu \u00edda ao Poder P\u00fablico e empres\u00e1rios, que precisam se preocupar com a preserva\u00e7\u00e3o, principalmente nos mananciais.<br \/>\nO presidente da USTL agradeceu o apoio de Paiva, que segundo ele,  \u201c;\u00e9 um l \u00edder que faz a diferen\u00e7a no meio sindical, al\u00e9m de ser muito atuante como vereador. Agradecemos o que est\u00e1 fazendo pela nossa Regi\u00e3o e \u00e9 um prazer trabalhar unidos buscando a sustentabilidade da nossa classe \u201c;.<br \/>\nTexto: Michelle Bottin\/Fotos: Val\u00e9ria Rodrigues MTB 23.343<\/p>\n","protected":false},"excerpt":{"rendered":"<p>O presidente do SINDBAN (Sindicato dos Banc\u00e1rios de Piracicaba e Regi\u00e3o) e vereador pelo PT, Jos\u00e9 Antonio Fernandes Paiva foi recebido nesta ter\u00e7a-feira, 25, em Limeira pelo presidente da USTL (Uni\u00e3o Sindical dos Trabalhadores de Limeira), Benedito Hon\u00f3rio Barbosa. A agenda foi em agradecimento ao apoio que a organiza\u00e7\u00e3o concedeu a indica\u00e7\u00e3o de seu nome &hellip;<\/p>\n<p class=\"read-more\"> <a class=\"\" href=\"https:\/\/bancariosdepiracicaba.com.br\/?p=8555\"> <span class=\"screen-reader-text\">Paiva faz primeira agenda oficial como presidente da Frente Sindical<\/span> Leia mais &raquo;<\/a><\/p>\n","protected":false},"author":1,"featured_media":0,"comment_status":"open","ping_status":"open","sticky":false,"template":"","format":"standard","meta":{"site-sidebar-layout":"default","site-content-layout":"default","ast-main-header-display":"","ast-hfb-above-header-display":"","ast-hfb-below-header-display":"","ast-hfb-mobile-header-display":"","site-post-title":"","ast-breadcrumbs-content":"","ast-featured-img":"","footer-sml-layout":"","theme-transparent-header-meta":"","adv-header-id-meta":"","stick-header-meta":"","header-above-stick-meta":"","header-main-stick-meta":"","header-below-stick-meta":"","footnotes":""},"categories":[1],"tags":[],"class_list":["post-8555","post","type-post","status-publish","format-standard","hentry","category-uncategorized"],"yoast_head":"<!-- This site is optimized with the Yoast SEO Premium plugin v16.1 (Yoast SEO v18.0) - https:\/\/yoast.com\/wordpress\/plugins\/seo\/ -->\n<title>Paiva faz primeira agenda oficial como presidente da Frente Sindical - Sindban<\/title>\n<meta name=\"robots\" content=\"index, follow, max-snippet:-1, max-image-preview:large, max-video-preview:-1\" \/>\n<link rel=\"canonical\" href=\"https:\/\/bancariosdepiracicaba.com.br\/?p=8555\" \/>\n<meta property=\"og:locale\" content=\"pt_BR\" \/>\n<meta property=\"og:type\" content=\"article\" \/>\n<meta property=\"og:title\" content=\"Paiva faz primeira agenda oficial como presidente da Frente Sindical - Sindban\" \/>\n<meta property=\"og:description\" content=\"O presidente do SINDBAN (Sindicato dos Banc\u00e1rios de Piracicaba e Regi\u00e3o) e vereador pelo PT, Jos\u00e9 Antonio Fernandes Paiva foi recebido nesta ter\u00e7a-feira, 25, em Limeira pelo presidente da USTL (Uni\u00e3o Sindical dos Trabalhadores de Limeira), Benedito Hon\u00f3rio Barbosa. A agenda foi em agradecimento ao apoio que a organiza\u00e7\u00e3o concedeu a indica\u00e7\u00e3o de seu nome &hellip; Paiva faz primeira agenda oficial como presidente da Frente Sindical Leia mais &raquo;\" \/>\n<meta property=\"og:url\" content=\"https:\/\/bancariosdepiracicaba.com.br\/?p=8555\" \/>\n<meta property=\"og:site_name\" content=\"Sindban\" \/>\n<meta property=\"article:published_time\" content=\"2021-07-23T21:03:52+00:00\" \/>\n<meta name=\"twitter:card\" content=\"summary_large_image\" \/>\n<meta name=\"twitter:label1\" content=\"Escrito por\" \/>\n\t<meta name=\"twitter:data1\" content=\"admin\" \/>\n\t<meta name=\"twitter:label2\" content=\"Est. tempo de leitura\" \/>\n\t<meta name=\"twitter:data2\" content=\"3 minutos\" \/>\n<script type=\"application\/ld+json\" class=\"yoast-schema-graph\">{\"@context\":\"https:\/\/schema.org\",\"@graph\":[{\"@type\":\"Organization\",\"@id\":\"https:\/\/bancariosdepiracicaba.com.br\/#organization\",\"name\":\"Sindban\",\"url\":\"https:\/\/bancariosdepiracicaba.com.br\/\",\"sameAs\":[],\"logo\":{\"@type\":\"ImageObject\",\"@id\":\"https:\/\/bancariosdepiracicaba.com.br\/#logo\",\"inLanguage\":\"pt-BR\",\"url\":\"https:\/\/site.bancariosdepiracicaba.com.br\/wp-content\/uploads\/2021\/04\/cropped-Asset-2.png\",\"contentUrl\":\"https:\/\/site.bancariosdepiracicaba.com.br\/wp-content\/uploads\/2021\/04\/cropped-Asset-2.png\",\"width\":512,\"height\":512,\"caption\":\"Sindban\"},\"image\":{\"@id\":\"https:\/\/bancariosdepiracicaba.com.br\/#logo\"}},{\"@type\":\"WebSite\",\"@id\":\"https:\/\/bancariosdepiracicaba.com.br\/#website\",\"url\":\"https:\/\/bancariosdepiracicaba.com.br\/\",\"name\":\"Sindban\",\"description\":\"Desenvolvimento\",\"publisher\":{\"@id\":\"https:\/\/bancariosdepiracicaba.com.br\/#organization\"},\"potentialAction\":[{\"@type\":\"SearchAction\",\"target\":{\"@type\":\"EntryPoint\",\"urlTemplate\":\"https:\/\/bancariosdepiracicaba.com.br\/?s={search_term_string}\"},\"query-input\":\"required name=search_term_string\"}],\"inLanguage\":\"pt-BR\"},{\"@type\":\"WebPage\",\"@id\":\"https:\/\/bancariosdepiracicaba.com.br\/?p=8555#webpage\",\"url\":\"https:\/\/bancariosdepiracicaba.com.br\/?p=8555\",\"name\":\"Paiva faz primeira agenda oficial como presidente da Frente Sindical - Sindban\",\"isPartOf\":{\"@id\":\"https:\/\/bancariosdepiracicaba.com.br\/#website\"},\"datePublished\":\"2021-07-23T21:03:52+00:00\",\"dateModified\":\"2021-07-23T21:03:52+00:00\",\"breadcrumb\":{\"@id\":\"https:\/\/bancariosdepiracicaba.com.br\/?p=8555#breadcrumb\"},\"inLanguage\":\"pt-BR\",\"potentialAction\":[{\"@type\":\"ReadAction\",\"target\":[\"https:\/\/bancariosdepiracicaba.com.br\/?p=8555\"]}]},{\"@type\":\"BreadcrumbList\",\"@id\":\"https:\/\/bancariosdepiracicaba.com.br\/?p=8555#breadcrumb\",\"itemListElement\":[{\"@type\":\"ListItem\",\"position\":1,\"name\":\"Home\",\"item\":\"https:\/\/bancariosdepiracicaba.com.br\/\"},{\"@type\":\"ListItem\",\"position\":2,\"name\":\"Paiva faz primeira agenda oficial como presidente da Frente Sindical\"}]},{\"@type\":\"Article\",\"@id\":\"https:\/\/bancariosdepiracicaba.com.br\/?p=8555#article\",\"isPartOf\":{\"@id\":\"https:\/\/bancariosdepiracicaba.com.br\/?p=8555#webpage\"},\"author\":{\"@id\":\"https:\/\/bancariosdepiracicaba.com.br\/#\/schema\/person\/6a12c780fc145ea2c9af09989ee600b0\"},\"headline\":\"Paiva faz primeira agenda oficial como presidente da Frente Sindical\",\"datePublished\":\"2021-07-23T21:03:52+00:00\",\"dateModified\":\"2021-07-23T21:03:52+00:00\",\"mainEntityOfPage\":{\"@id\":\"https:\/\/bancariosdepiracicaba.com.br\/?p=8555#webpage\"},\"wordCount\":661,\"commentCount\":0,\"publisher\":{\"@id\":\"https:\/\/bancariosdepiracicaba.com.br\/#organization\"},\"articleSection\":[\"Uncategorized\"],\"inLanguage\":\"pt-BR\",\"potentialAction\":[{\"@type\":\"CommentAction\",\"name\":\"Comment\",\"target\":[\"https:\/\/bancariosdepiracicaba.com.br\/?p=8555#respond\"]}]},{\"@type\":\"Person\",\"@id\":\"https:\/\/bancariosdepiracicaba.com.br\/#\/schema\/person\/6a12c780fc145ea2c9af09989ee600b0\",\"name\":\"admin\",\"image\":{\"@type\":\"ImageObject\",\"@id\":\"https:\/\/bancariosdepiracicaba.com.br\/#personlogo\",\"inLanguage\":\"pt-BR\",\"url\":\"https:\/\/secure.gravatar.com\/avatar\/3a05e74c6579e68209676cb5cb64e0918f288da7a49210fa18d6e9cac1189840?s=96&d=mm&r=g\",\"contentUrl\":\"https:\/\/secure.gravatar.com\/avatar\/3a05e74c6579e68209676cb5cb64e0918f288da7a49210fa18d6e9cac1189840?s=96&d=mm&r=g\",\"caption\":\"admin\"},\"sameAs\":[\"https:\/\/site.bancariosdepiracicaba.com.br\"],\"url\":\"https:\/\/bancariosdepiracicaba.com.br\/?author=1\"}]}<\/script>\n<!-- \/ Yoast SEO Premium plugin. -->","yoast_head_json":{"title":"Paiva faz primeira agenda oficial como presidente da Frente Sindical - Sindban","robots":{"index":"index","follow":"follow","max-snippet":"max-snippet:-1","max-image-preview":"max-image-preview:large","max-video-preview":"max-video-preview:-1"},"canonical":"https:\/\/bancariosdepiracicaba.com.br\/?p=8555","og_locale":"pt_BR","og_type":"article","og_title":"Paiva faz primeira agenda oficial como presidente da Frente Sindical - Sindban","og_description":"O presidente do SINDBAN (Sindicato dos Banc\u00e1rios de Piracicaba e Regi\u00e3o) e vereador pelo PT, Jos\u00e9 Antonio Fernandes Paiva foi recebido nesta ter\u00e7a-feira, 25, em Limeira pelo presidente da USTL (Uni\u00e3o Sindical dos Trabalhadores de Limeira), Benedito Hon\u00f3rio Barbosa. A agenda foi em agradecimento ao apoio que a organiza\u00e7\u00e3o concedeu a indica\u00e7\u00e3o de seu nome &hellip; Paiva faz primeira agenda oficial como presidente da Frente Sindical Leia mais &raquo;","og_url":"https:\/\/bancariosdepiracicaba.com.br\/?p=8555","og_site_name":"Sindban","article_published_time":"2021-07-23T21:03:52+00:00","twitter_card":"summary_large_image","twitter_misc":{"Escrito por":"admin","Est. tempo de leitura":"3 minutos"},"schema":{"@context":"https:\/\/schema.org","@graph":[{"@type":"Organization","@id":"https:\/\/bancariosdepiracicaba.com.br\/#organization","name":"Sindban","url":"https:\/\/bancariosdepiracicaba.com.br\/","sameAs":[],"logo":{"@type":"ImageObject","@id":"https:\/\/bancariosdepiracicaba.com.br\/#logo","inLanguage":"pt-BR","url":"https:\/\/site.bancariosdepiracicaba.com.br\/wp-content\/uploads\/2021\/04\/cropped-Asset-2.png","contentUrl":"https:\/\/site.bancariosdepiracicaba.com.br\/wp-content\/uploads\/2021\/04\/cropped-Asset-2.png","width":512,"height":512,"caption":"Sindban"},"image":{"@id":"https:\/\/bancariosdepiracicaba.com.br\/#logo"}},{"@type":"WebSite","@id":"https:\/\/bancariosdepiracicaba.com.br\/#website","url":"https:\/\/bancariosdepiracicaba.com.br\/","name":"Sindban","description":"Desenvolvimento","publisher":{"@id":"https:\/\/bancariosdepiracicaba.com.br\/#organization"},"potentialAction":[{"@type":"SearchAction","target":{"@type":"EntryPoint","urlTemplate":"https:\/\/bancariosdepiracicaba.com.br\/?s={search_term_string}"},"query-input":"required name=search_term_string"}],"inLanguage":"pt-BR"},{"@type":"WebPage","@id":"https:\/\/bancariosdepiracicaba.com.br\/?p=8555#webpage","url":"https:\/\/bancariosdepiracicaba.com.br\/?p=8555","name":"Paiva faz primeira agenda oficial como presidente da Frente Sindical - Sindban","isPartOf":{"@id":"https:\/\/bancariosdepiracicaba.com.br\/#website"},"datePublished":"2021-07-23T21:03:52+00:00","dateModified":"2021-07-23T21:03:52+00:00","breadcrumb":{"@id":"https:\/\/bancariosdepiracicaba.com.br\/?p=8555#breadcrumb"},"inLanguage":"pt-BR","potentialAction":[{"@type":"ReadAction","target":["https:\/\/bancariosdepiracicaba.com.br\/?p=8555"]}]},{"@type":"BreadcrumbList","@id":"https:\/\/bancariosdepiracicaba.com.br\/?p=8555#breadcrumb","itemListElement":[{"@type":"ListItem","position":1,"name":"Home","item":"https:\/\/bancariosdepiracicaba.com.br\/"},{"@type":"ListItem","position":2,"name":"Paiva faz primeira agenda oficial como presidente da Frente Sindical"}]},{"@type":"Article","@id":"https:\/\/bancariosdepiracicaba.com.br\/?p=8555#article","isPartOf":{"@id":"https:\/\/bancariosdepiracicaba.com.br\/?p=8555#webpage"},"author":{"@id":"https:\/\/bancariosdepiracicaba.com.br\/#\/schema\/person\/6a12c780fc145ea2c9af09989ee600b0"},"headline":"Paiva faz primeira agenda oficial como presidente da Frente Sindical","datePublished":"2021-07-23T21:03:52+00:00","dateModified":"2021-07-23T21:03:52+00:00","mainEntityOfPage":{"@id":"https:\/\/bancariosdepiracicaba.com.br\/?p=8555#webpage"},"wordCount":661,"commentCount":0,"publisher":{"@id":"https:\/\/bancariosdepiracicaba.com.br\/#organization"},"articleSection":["Uncategorized"],"inLanguage":"pt-BR","potentialAction":[{"@type":"CommentAction","name":"Comment","target":["https:\/\/bancariosdepiracicaba.com.br\/?p=8555#respond"]}]},{"@type":"Person","@id":"https:\/\/bancariosdepiracicaba.com.br\/#\/schema\/person\/6a12c780fc145ea2c9af09989ee600b0","name":"admin","image":{"@type":"ImageObject","@id":"https:\/\/bancariosdepiracicaba.com.br\/#personlogo","inLanguage":"pt-BR","url":"https:\/\/secure.gravatar.com\/avatar\/3a05e74c6579e68209676cb5cb64e0918f288da7a49210fa18d6e9cac1189840?s=96&d=mm&r=g","contentUrl":"https:\/\/secure.gravatar.com\/avatar\/3a05e74c6579e68209676cb5cb64e0918f288da7a49210fa18d6e9cac1189840?s=96&d=mm&r=g","caption":"admin"},"sameAs":["https:\/\/site.bancariosdepiracicaba.com.br"],"url":"https:\/\/bancariosdepiracicaba.com.br\/?author=1"}]}},"_links":{"self":[{"href":"https:\/\/bancariosdepiracicaba.com.br\/index.php?rest_route=\/wp\/v2\/posts\/8555","targetHints":{"allow":["GET"]}}],"collection":[{"href":"https:\/\/bancariosdepiracicaba.com.br\/index.php?rest_route=\/wp\/v2\/posts"}],"about":[{"href":"https:\/\/bancariosdepiracicaba.com.br\/index.php?rest_route=\/wp\/v2\/types\/post"}],"author":[{"embeddable":true,"href":"https:\/\/bancariosdepiracicaba.com.br\/index.php?rest_route=\/wp\/v2\/users\/1"}],"replies":[{"embeddable":true,"href":"https:\/\/bancariosdepiracicaba.com.br\/index.php?rest_route=%2Fwp%2Fv2%2Fcomments&post=8555"}],"version-history":[{"count":0,"href":"https:\/\/bancariosdepiracicaba.com.br\/index.php?rest_route=\/wp\/v2\/posts\/8555\/revisions"}],"wp:attachment":[{"href":"https:\/\/bancariosdepiracicaba.com.br\/index.php?rest_route=%2Fwp%2Fv2%2Fmedia&parent=8555"}],"wp:term":[{"taxonomy":"category","embeddable":true,"href":"https:\/\/bancariosdepiracicaba.com.br\/index.php?rest_route=%2Fwp%2Fv2%2Fcategories&post=8555"},{"taxonomy":"post_tag","embeddable":true,"href":"https:\/\/bancariosdepiracicaba.com.br\/index.php?rest_route=%2Fwp%2Fv2%2Ftags&post=8555"}],"curies":[{"name":"wp","href":"https:\/\/api.w.org\/{rel}","templated":true}]}}