{"id":8457,"date":"2021-07-23T21:01:40","date_gmt":"2021-07-23T21:01:40","guid":{"rendered":"https:\/\/site.bancariosdepiracicaba.com.br\/2021\/07\/23\/adeus-madiba-o-mundo-esta-de-luto-pela-morte-de-um-grande-lider\/"},"modified":"2021-08-11T22:11:58","modified_gmt":"2021-08-12T01:11:58","slug":"adeus-madiba-o-mundo-esta-de-luto-pela-morte-de-um-grande-lider","status":"publish","type":"post","link":"https:\/\/bancariosdepiracicaba.com.br\/?p=8457","title":{"rendered":"Adeus Madiba: o mundo est\u00e1 de luto pela morte de um grande l\u00edder"},"content":{"rendered":"<p>Preso por 27 anos por lutar por democracia e liberdade, igualdade de direitos e pelo fim do regime de segrega\u00e7\u00e3o racial na \u00e1frica do Sul &#8211; o Apartheid &#8211; que vigorou no pa \u00eds de 1948 a 1993, Mandela sempre resistiu e n\u00e3o trazia consigo qualquer \u00f3dio ou rancor, apenas o ideal de uma sociedade livre e democr\u00e1tica, onde todas as pessoas pudessem viver juntas, em harmonia, com oportunidades iguais.<br \/>\nSua dedica\u00e7\u00e3o de uma vida inteira \u00e0 luta \u00e9 exemplo e s \u00edmbolo para o mundo. Seu legado estar\u00e1 sempre vivo, revigorando dia a dia nossa luta incans\u00e1vel por justi\u00e7a, por um mundo melhor, onde as pessoas possam viver com dignidade por serem iguais.<br \/>\nA resist\u00eancia e luta de Nelson Mandela levou o povo negro a resgatar sua dignidade e a n\u00e3o baixar a cabe\u00e7a para a opress\u00e3o. Da mesma forma que a elei\u00e7\u00e3o de um oper\u00e1rio presidente resgatou a rela\u00e7\u00e3o do Brasil com sua gente, a ascens\u00e3o de Mandela ao poder, em 1994, representou a reaproxima\u00e7\u00e3o de uma \u00e1frica do Sul livre com seu povo.<br \/>\nAinda existem opressores e oprimidos, discrimina\u00e7\u00e3o racial e intoler\u00e2ncias sociais em todo o mundo. Mas o legado de Mandela nos da for\u00e7a para continuarmos a luta contra as desigualdades, em defesa de uma sociedade justa, com liberdade e democracia.<br \/>\nNelson Madiba Mandela, com sua resist\u00eancia e determina\u00e7\u00e3o em defesa de um mundo melhor, sintetiza os valores mais preciosos que um ser humano \u00e9 capaz de ter.<br \/>\n \u201c;Ningu\u00e9m nasce odiando outra pessoa pela cor de sua pele, por sua origem ou ainda por sua religi\u00e3o. Para odiar, as pessoas precisam aprender, e se podem aprender a odiar, podem ser ensinadas a amar \u201c;. (Nelson Mandela)<br \/>\nMandela: presente!<br \/>\nFonte: CUT Nacional<\/p>\n","protected":false},"excerpt":{"rendered":"<p>Preso por 27 anos por lutar por democracia e liberdade, igualdade de direitos e pelo fim do regime de segrega\u00e7\u00e3o racial na \u00e1frica do Sul &#8211; o Apartheid &#8211; que vigorou no pa \u00eds de 1948 a 1993, Mandela sempre resistiu e n\u00e3o trazia consigo qualquer \u00f3dio ou rancor, apenas o ideal de uma sociedade &hellip;<\/p>\n<p class=\"read-more\"> <a class=\"\" href=\"https:\/\/bancariosdepiracicaba.com.br\/?p=8457\"> <span class=\"screen-reader-text\">Adeus Madiba: o mundo est\u00e1 de luto pela morte de um grande l\u00edder<\/span> Leia mais &raquo;<\/a><\/p>\n","protected":false},"author":1,"featured_media":0,"comment_status":"open","ping_status":"open","sticky":false,"template":"","format":"standard","meta":{"site-sidebar-layout":"default","site-content-layout":"default","ast-main-header-display":"","ast-hfb-above-header-display":"","ast-hfb-below-header-display":"","ast-hfb-mobile-header-display":"","site-post-title":"","ast-breadcrumbs-content":"","ast-featured-img":"","footer-sml-layout":"","theme-transparent-header-meta":"","adv-header-id-meta":"","stick-header-meta":"","header-above-stick-meta":"","header-main-stick-meta":"","header-below-stick-meta":"","footnotes":""},"categories":[46,1],"tags":[],"class_list":["post-8457","post","type-post","status-publish","format-standard","hentry","category-eleicao","category-uncategorized"],"yoast_head":"<!-- This site is optimized with the Yoast SEO Premium plugin v16.1 (Yoast SEO v18.0) - https:\/\/yoast.com\/wordpress\/plugins\/seo\/ -->\n<title>Adeus Madiba: o mundo est\u00e1 de luto pela morte de um grande l\u00edder - Sindban<\/title>\n<meta name=\"robots\" content=\"index, follow, max-snippet:-1, max-image-preview:large, max-video-preview:-1\" \/>\n<link rel=\"canonical\" href=\"https:\/\/bancariosdepiracicaba.com.br\/?p=8457\" \/>\n<meta property=\"og:locale\" content=\"pt_BR\" \/>\n<meta property=\"og:type\" content=\"article\" \/>\n<meta property=\"og:title\" content=\"Adeus Madiba: o mundo est\u00e1 de luto pela morte de um grande l\u00edder - Sindban\" \/>\n<meta property=\"og:description\" content=\"Preso por 27 anos por lutar por democracia e liberdade, igualdade de direitos e pelo fim do regime de segrega\u00e7\u00e3o racial na \u00e1frica do Sul &#8211; o Apartheid &#8211; que vigorou no pa \u00eds de 1948 a 1993, Mandela sempre resistiu e n\u00e3o trazia consigo qualquer \u00f3dio ou rancor, apenas o ideal de uma sociedade &hellip; Adeus Madiba: o mundo est\u00e1 de luto pela morte de um grande l\u00edder Leia mais &raquo;\" \/>\n<meta property=\"og:url\" content=\"https:\/\/bancariosdepiracicaba.com.br\/?p=8457\" \/>\n<meta property=\"og:site_name\" content=\"Sindban\" \/>\n<meta property=\"article:published_time\" content=\"2021-07-23T21:01:40+00:00\" \/>\n<meta property=\"article:modified_time\" content=\"2021-08-12T01:11:58+00:00\" \/>\n<meta name=\"twitter:card\" content=\"summary_large_image\" \/>\n<meta name=\"twitter:label1\" content=\"Escrito por\" \/>\n\t<meta name=\"twitter:data1\" content=\"admin\" \/>\n\t<meta name=\"twitter:label2\" content=\"Est. tempo de leitura\" \/>\n\t<meta name=\"twitter:data2\" content=\"1 minuto\" \/>\n<script type=\"application\/ld+json\" class=\"yoast-schema-graph\">{\"@context\":\"https:\/\/schema.org\",\"@graph\":[{\"@type\":\"Organization\",\"@id\":\"https:\/\/bancariosdepiracicaba.com.br\/#organization\",\"name\":\"Sindban\",\"url\":\"https:\/\/bancariosdepiracicaba.com.br\/\",\"sameAs\":[],\"logo\":{\"@type\":\"ImageObject\",\"@id\":\"https:\/\/bancariosdepiracicaba.com.br\/#logo\",\"inLanguage\":\"pt-BR\",\"url\":\"https:\/\/site.bancariosdepiracicaba.com.br\/wp-content\/uploads\/2021\/04\/cropped-Asset-2.png\",\"contentUrl\":\"https:\/\/site.bancariosdepiracicaba.com.br\/wp-content\/uploads\/2021\/04\/cropped-Asset-2.png\",\"width\":512,\"height\":512,\"caption\":\"Sindban\"},\"image\":{\"@id\":\"https:\/\/bancariosdepiracicaba.com.br\/#logo\"}},{\"@type\":\"WebSite\",\"@id\":\"https:\/\/bancariosdepiracicaba.com.br\/#website\",\"url\":\"https:\/\/bancariosdepiracicaba.com.br\/\",\"name\":\"Sindban\",\"description\":\"Desenvolvimento\",\"publisher\":{\"@id\":\"https:\/\/bancariosdepiracicaba.com.br\/#organization\"},\"potentialAction\":[{\"@type\":\"SearchAction\",\"target\":{\"@type\":\"EntryPoint\",\"urlTemplate\":\"https:\/\/bancariosdepiracicaba.com.br\/?s={search_term_string}\"},\"query-input\":\"required name=search_term_string\"}],\"inLanguage\":\"pt-BR\"},{\"@type\":\"WebPage\",\"@id\":\"https:\/\/bancariosdepiracicaba.com.br\/?p=8457#webpage\",\"url\":\"https:\/\/bancariosdepiracicaba.com.br\/?p=8457\",\"name\":\"Adeus Madiba: o mundo est\u00e1 de luto pela morte de um grande l\u00edder - Sindban\",\"isPartOf\":{\"@id\":\"https:\/\/bancariosdepiracicaba.com.br\/#website\"},\"datePublished\":\"2021-07-23T21:01:40+00:00\",\"dateModified\":\"2021-08-12T01:11:58+00:00\",\"breadcrumb\":{\"@id\":\"https:\/\/bancariosdepiracicaba.com.br\/?p=8457#breadcrumb\"},\"inLanguage\":\"pt-BR\",\"potentialAction\":[{\"@type\":\"ReadAction\",\"target\":[\"https:\/\/bancariosdepiracicaba.com.br\/?p=8457\"]}]},{\"@type\":\"BreadcrumbList\",\"@id\":\"https:\/\/bancariosdepiracicaba.com.br\/?p=8457#breadcrumb\",\"itemListElement\":[{\"@type\":\"ListItem\",\"position\":1,\"name\":\"Home\",\"item\":\"https:\/\/bancariosdepiracicaba.com.br\/\"},{\"@type\":\"ListItem\",\"position\":2,\"name\":\"Adeus Madiba: o mundo est\u00e1 de luto pela morte de um grande l\u00edder\"}]},{\"@type\":\"Article\",\"@id\":\"https:\/\/bancariosdepiracicaba.com.br\/?p=8457#article\",\"isPartOf\":{\"@id\":\"https:\/\/bancariosdepiracicaba.com.br\/?p=8457#webpage\"},\"author\":{\"@id\":\"https:\/\/bancariosdepiracicaba.com.br\/#\/schema\/person\/6a12c780fc145ea2c9af09989ee600b0\"},\"headline\":\"Adeus Madiba: o mundo est\u00e1 de luto pela morte de um grande l\u00edder\",\"datePublished\":\"2021-07-23T21:01:40+00:00\",\"dateModified\":\"2021-08-12T01:11:58+00:00\",\"mainEntityOfPage\":{\"@id\":\"https:\/\/bancariosdepiracicaba.com.br\/?p=8457#webpage\"},\"wordCount\":313,\"commentCount\":0,\"publisher\":{\"@id\":\"https:\/\/bancariosdepiracicaba.com.br\/#organization\"},\"articleSection\":[\"Elei\u00e7\u00e3o\",\"Uncategorized\"],\"inLanguage\":\"pt-BR\",\"potentialAction\":[{\"@type\":\"CommentAction\",\"name\":\"Comment\",\"target\":[\"https:\/\/bancariosdepiracicaba.com.br\/?p=8457#respond\"]}]},{\"@type\":\"Person\",\"@id\":\"https:\/\/bancariosdepiracicaba.com.br\/#\/schema\/person\/6a12c780fc145ea2c9af09989ee600b0\",\"name\":\"admin\",\"image\":{\"@type\":\"ImageObject\",\"@id\":\"https:\/\/bancariosdepiracicaba.com.br\/#personlogo\",\"inLanguage\":\"pt-BR\",\"url\":\"https:\/\/secure.gravatar.com\/avatar\/3a05e74c6579e68209676cb5cb64e0918f288da7a49210fa18d6e9cac1189840?s=96&d=mm&r=g\",\"contentUrl\":\"https:\/\/secure.gravatar.com\/avatar\/3a05e74c6579e68209676cb5cb64e0918f288da7a49210fa18d6e9cac1189840?s=96&d=mm&r=g\",\"caption\":\"admin\"},\"sameAs\":[\"https:\/\/site.bancariosdepiracicaba.com.br\"],\"url\":\"https:\/\/bancariosdepiracicaba.com.br\/?author=1\"}]}<\/script>\n<!-- \/ Yoast SEO Premium plugin. -->","yoast_head_json":{"title":"Adeus Madiba: o mundo est\u00e1 de luto pela morte de um grande l\u00edder - Sindban","robots":{"index":"index","follow":"follow","max-snippet":"max-snippet:-1","max-image-preview":"max-image-preview:large","max-video-preview":"max-video-preview:-1"},"canonical":"https:\/\/bancariosdepiracicaba.com.br\/?p=8457","og_locale":"pt_BR","og_type":"article","og_title":"Adeus Madiba: o mundo est\u00e1 de luto pela morte de um grande l\u00edder - Sindban","og_description":"Preso por 27 anos por lutar por democracia e liberdade, igualdade de direitos e pelo fim do regime de segrega\u00e7\u00e3o racial na \u00e1frica do Sul &#8211; o Apartheid &#8211; que vigorou no pa \u00eds de 1948 a 1993, Mandela sempre resistiu e n\u00e3o trazia consigo qualquer \u00f3dio ou rancor, apenas o ideal de uma sociedade &hellip; Adeus Madiba: o mundo est\u00e1 de luto pela morte de um grande l\u00edder Leia mais &raquo;","og_url":"https:\/\/bancariosdepiracicaba.com.br\/?p=8457","og_site_name":"Sindban","article_published_time":"2021-07-23T21:01:40+00:00","article_modified_time":"2021-08-12T01:11:58+00:00","twitter_card":"summary_large_image","twitter_misc":{"Escrito por":"admin","Est. tempo de leitura":"1 minuto"},"schema":{"@context":"https:\/\/schema.org","@graph":[{"@type":"Organization","@id":"https:\/\/bancariosdepiracicaba.com.br\/#organization","name":"Sindban","url":"https:\/\/bancariosdepiracicaba.com.br\/","sameAs":[],"logo":{"@type":"ImageObject","@id":"https:\/\/bancariosdepiracicaba.com.br\/#logo","inLanguage":"pt-BR","url":"https:\/\/site.bancariosdepiracicaba.com.br\/wp-content\/uploads\/2021\/04\/cropped-Asset-2.png","contentUrl":"https:\/\/site.bancariosdepiracicaba.com.br\/wp-content\/uploads\/2021\/04\/cropped-Asset-2.png","width":512,"height":512,"caption":"Sindban"},"image":{"@id":"https:\/\/bancariosdepiracicaba.com.br\/#logo"}},{"@type":"WebSite","@id":"https:\/\/bancariosdepiracicaba.com.br\/#website","url":"https:\/\/bancariosdepiracicaba.com.br\/","name":"Sindban","description":"Desenvolvimento","publisher":{"@id":"https:\/\/bancariosdepiracicaba.com.br\/#organization"},"potentialAction":[{"@type":"SearchAction","target":{"@type":"EntryPoint","urlTemplate":"https:\/\/bancariosdepiracicaba.com.br\/?s={search_term_string}"},"query-input":"required name=search_term_string"}],"inLanguage":"pt-BR"},{"@type":"WebPage","@id":"https:\/\/bancariosdepiracicaba.com.br\/?p=8457#webpage","url":"https:\/\/bancariosdepiracicaba.com.br\/?p=8457","name":"Adeus Madiba: o mundo est\u00e1 de luto pela morte de um grande l\u00edder - Sindban","isPartOf":{"@id":"https:\/\/bancariosdepiracicaba.com.br\/#website"},"datePublished":"2021-07-23T21:01:40+00:00","dateModified":"2021-08-12T01:11:58+00:00","breadcrumb":{"@id":"https:\/\/bancariosdepiracicaba.com.br\/?p=8457#breadcrumb"},"inLanguage":"pt-BR","potentialAction":[{"@type":"ReadAction","target":["https:\/\/bancariosdepiracicaba.com.br\/?p=8457"]}]},{"@type":"BreadcrumbList","@id":"https:\/\/bancariosdepiracicaba.com.br\/?p=8457#breadcrumb","itemListElement":[{"@type":"ListItem","position":1,"name":"Home","item":"https:\/\/bancariosdepiracicaba.com.br\/"},{"@type":"ListItem","position":2,"name":"Adeus Madiba: o mundo est\u00e1 de luto pela morte de um grande l\u00edder"}]},{"@type":"Article","@id":"https:\/\/bancariosdepiracicaba.com.br\/?p=8457#article","isPartOf":{"@id":"https:\/\/bancariosdepiracicaba.com.br\/?p=8457#webpage"},"author":{"@id":"https:\/\/bancariosdepiracicaba.com.br\/#\/schema\/person\/6a12c780fc145ea2c9af09989ee600b0"},"headline":"Adeus Madiba: o mundo est\u00e1 de luto pela morte de um grande l\u00edder","datePublished":"2021-07-23T21:01:40+00:00","dateModified":"2021-08-12T01:11:58+00:00","mainEntityOfPage":{"@id":"https:\/\/bancariosdepiracicaba.com.br\/?p=8457#webpage"},"wordCount":313,"commentCount":0,"publisher":{"@id":"https:\/\/bancariosdepiracicaba.com.br\/#organization"},"articleSection":["Elei\u00e7\u00e3o","Uncategorized"],"inLanguage":"pt-BR","potentialAction":[{"@type":"CommentAction","name":"Comment","target":["https:\/\/bancariosdepiracicaba.com.br\/?p=8457#respond"]}]},{"@type":"Person","@id":"https:\/\/bancariosdepiracicaba.com.br\/#\/schema\/person\/6a12c780fc145ea2c9af09989ee600b0","name":"admin","image":{"@type":"ImageObject","@id":"https:\/\/bancariosdepiracicaba.com.br\/#personlogo","inLanguage":"pt-BR","url":"https:\/\/secure.gravatar.com\/avatar\/3a05e74c6579e68209676cb5cb64e0918f288da7a49210fa18d6e9cac1189840?s=96&d=mm&r=g","contentUrl":"https:\/\/secure.gravatar.com\/avatar\/3a05e74c6579e68209676cb5cb64e0918f288da7a49210fa18d6e9cac1189840?s=96&d=mm&r=g","caption":"admin"},"sameAs":["https:\/\/site.bancariosdepiracicaba.com.br"],"url":"https:\/\/bancariosdepiracicaba.com.br\/?author=1"}]}},"_links":{"self":[{"href":"https:\/\/bancariosdepiracicaba.com.br\/index.php?rest_route=\/wp\/v2\/posts\/8457","targetHints":{"allow":["GET"]}}],"collection":[{"href":"https:\/\/bancariosdepiracicaba.com.br\/index.php?rest_route=\/wp\/v2\/posts"}],"about":[{"href":"https:\/\/bancariosdepiracicaba.com.br\/index.php?rest_route=\/wp\/v2\/types\/post"}],"author":[{"embeddable":true,"href":"https:\/\/bancariosdepiracicaba.com.br\/index.php?rest_route=\/wp\/v2\/users\/1"}],"replies":[{"embeddable":true,"href":"https:\/\/bancariosdepiracicaba.com.br\/index.php?rest_route=%2Fwp%2Fv2%2Fcomments&post=8457"}],"version-history":[{"count":1,"href":"https:\/\/bancariosdepiracicaba.com.br\/index.php?rest_route=\/wp\/v2\/posts\/8457\/revisions"}],"predecessor-version":[{"id":14470,"href":"https:\/\/bancariosdepiracicaba.com.br\/index.php?rest_route=\/wp\/v2\/posts\/8457\/revisions\/14470"}],"wp:attachment":[{"href":"https:\/\/bancariosdepiracicaba.com.br\/index.php?rest_route=%2Fwp%2Fv2%2Fmedia&parent=8457"}],"wp:term":[{"taxonomy":"category","embeddable":true,"href":"https:\/\/bancariosdepiracicaba.com.br\/index.php?rest_route=%2Fwp%2Fv2%2Fcategories&post=8457"},{"taxonomy":"post_tag","embeddable":true,"href":"https:\/\/bancariosdepiracicaba.com.br\/index.php?rest_route=%2Fwp%2Fv2%2Ftags&post=8457"}],"curies":[{"name":"wp","href":"https:\/\/api.w.org\/{rel}","templated":true}]}}