{"id":8442,"date":"2021-07-23T21:01:17","date_gmt":"2021-07-23T21:01:17","guid":{"rendered":"https:\/\/site.bancariosdepiracicaba.com.br\/2021\/07\/23\/ii-forum-repactua-carta-compromisso-contra-discriminacoes-nos-bancos\/"},"modified":"2021-08-11T22:05:03","modified_gmt":"2021-08-12T01:05:03","slug":"ii-forum-repactua-carta-compromisso-contra-discriminacoes-nos-bancos","status":"publish","type":"post","link":"https:\/\/bancariosdepiracicaba.com.br\/?p=8442","title":{"rendered":"II F\u00f3rum repactua carta-compromisso contra discrimina\u00e7\u00f5es nos bancos"},"content":{"rendered":"<p>O II F\u00f3rum Nacional pela Visibilidade Negra no Sistema Financeiro, realizado nos dias 13 e 14, no Rio de Janeiro, repactuaram a carta-compromisso de enfrentar e combater todas as formas de discrimina\u00e7\u00f5es e o empenho com a promo\u00e7\u00e3o permanente da igualdade, independente do sexo, da ra\u00e7a\/cor, da orienta\u00e7\u00e3o sexual e identidade de g\u00eanero, do fator geracional e se pessoa com defici\u00eancia. O evento foi promovido pela Contraf-CUT em parceria com o Sindicato dos Banc\u00e1rios do Rio e a Fetraf RJ-ES.<br \/>\nO documento aprovado traz n\u00e3o s\u00f3 a posi\u00e7\u00e3o dos mais de 60 participantes sobre os temas discutidos, mas tamb\u00e9m propostas de atua\u00e7\u00e3o e realiza\u00e7\u00e3o de atividades sindicais em todo pa \u00eds. Um dos compromissos assumidos foi o de realizar o F\u00f3rum a cada dois anos, de forma itinerante.<br \/>\nQUESTIONAMENTOS -; Alguns questionamentos importantes foram colocados durante o II F\u00f3rum, como o porqu\u00ea das desigualdades e as dist\u00e2ncias entre negros\/as e brancos\/as n\u00e3o terem diminu \u00eddo no \u00faltimo per \u00edodo, o que deve levar a esquerda brasileira a repensar e direcionar a\u00e7\u00f5es espec \u00edficas (a\u00e7\u00f5es afirmativas) para a popula\u00e7\u00e3o negra.<br \/>\nOutro questionamento importante se relaciona com a ocupa\u00e7\u00e3o dos espa\u00e7os de poder e decis\u00e3o pol \u00edtica, onde se constata baix \u00edssima presen\u00e7a e quase aus\u00eancia total da  \u201c;cara preta \u201c; que vai do executivo ao legislativo.<br \/>\nOs dados sobre a letalidade dos jovens negros tamb\u00e9m chamou a aten\u00e7\u00e3o dos participantes e todos apontaram a necessidade de romper com esse sistema ideol\u00f3gico que mant\u00e9m as discrimina\u00e7\u00f5es.<br \/>\nAMEA\u00e7A IMINENTE -; Almir Aguiar, presidente do Sindicato dos Banc\u00e1rios do Rio, apresentou um desafio imediato para os militantes do movimento negro: as tentativas empresariais de derrubar o feriado de 20 de novembro, dia da Consci\u00eancia Negra e anivers\u00e1rio de morte de Zumbi dos Palmares.<br \/>\n \u201c;A Associa\u00e7\u00e3o Comercial do Paran\u00e1 obteve uma liminar junto ao Tribunal de Justi\u00e7a do Estado cancelando o feriado, alegando preju \u00edzos ao com\u00e9rcio. Esse tipo de iniciativa tem que ser fortemente combatido, j\u00e1 que pode abrir um precedente. As entidades do movimento negro, os sindicatos, os movimentos sociais tem que se unir e lutar para que o feriado seja nacional, com aprova\u00e7\u00e3o do projeto que j\u00e1 tramita no Congresso \u201c;, defendeu Almir.<br \/>\nO presidente do Sindicato fez refer\u00eancia ao PLS 302\/204, de autoria do senador Paulo Paim (PT-RS), que completa a lei j\u00e1 em vigor, oficializando a data como feriado oficial em todo o pa \u00eds.<br \/>\nAtualmente, a aprova\u00e7\u00e3o do feriado tem sido feita por C\u00e2maras Municipais e Assembleias Legislativas.  \u201c;Se fosse para comemorar os feitos de um homem branco, n\u00e3o seria contestado. Derrubar o feriado que lembra a luta do povo negro \u00e9 uma clara demonstra\u00e7\u00e3o de racismo e n\u00f3s precisamos combat\u00ea-la \u201c;, enfatiza Almir.<br \/>\nFonte: Contraf-CUT com Seeb Rio e Fetraf RJ-ES<\/p>\n","protected":false},"excerpt":{"rendered":"<p>O II F\u00f3rum Nacional pela Visibilidade Negra no Sistema Financeiro, realizado nos dias 13 e 14, no Rio de Janeiro, repactuaram a carta-compromisso de enfrentar e combater todas as formas de discrimina\u00e7\u00f5es e o empenho com a promo\u00e7\u00e3o permanente da igualdade, independente do sexo, da ra\u00e7a\/cor, da orienta\u00e7\u00e3o sexual e identidade de g\u00eanero, do fator &hellip;<\/p>\n<p class=\"read-more\"> <a class=\"\" href=\"https:\/\/bancariosdepiracicaba.com.br\/?p=8442\"> <span class=\"screen-reader-text\">II F\u00f3rum repactua carta-compromisso contra discrimina\u00e7\u00f5es nos bancos<\/span> Leia mais &raquo;<\/a><\/p>\n","protected":false},"author":1,"featured_media":0,"comment_status":"open","ping_status":"open","sticky":false,"template":"","format":"standard","meta":{"site-sidebar-layout":"default","site-content-layout":"default","ast-main-header-display":"","ast-hfb-above-header-display":"","ast-hfb-below-header-display":"","ast-hfb-mobile-header-display":"","site-post-title":"","ast-breadcrumbs-content":"","ast-featured-img":"","footer-sml-layout":"","theme-transparent-header-meta":"","adv-header-id-meta":"","stick-header-meta":"","header-above-stick-meta":"","header-main-stick-meta":"","header-below-stick-meta":"","footnotes":""},"categories":[50,51,1],"tags":[],"class_list":["post-8442","post","type-post","status-publish","format-standard","hentry","category-consciencia-negra","category-racismo","category-uncategorized"],"yoast_head":"<!-- This site is optimized with the Yoast SEO Premium plugin v16.1 (Yoast SEO v18.0) - https:\/\/yoast.com\/wordpress\/plugins\/seo\/ -->\n<title>II F\u00f3rum repactua carta-compromisso contra discrimina\u00e7\u00f5es nos bancos - Sindban<\/title>\n<meta name=\"robots\" content=\"index, follow, max-snippet:-1, max-image-preview:large, max-video-preview:-1\" \/>\n<link rel=\"canonical\" href=\"https:\/\/bancariosdepiracicaba.com.br\/?p=8442\" \/>\n<meta property=\"og:locale\" content=\"pt_BR\" \/>\n<meta property=\"og:type\" content=\"article\" \/>\n<meta property=\"og:title\" content=\"II F\u00f3rum repactua carta-compromisso contra discrimina\u00e7\u00f5es nos bancos - Sindban\" \/>\n<meta property=\"og:description\" content=\"O II F\u00f3rum Nacional pela Visibilidade Negra no Sistema Financeiro, realizado nos dias 13 e 14, no Rio de Janeiro, repactuaram a carta-compromisso de enfrentar e combater todas as formas de discrimina\u00e7\u00f5es e o empenho com a promo\u00e7\u00e3o permanente da igualdade, independente do sexo, da ra\u00e7a\/cor, da orienta\u00e7\u00e3o sexual e identidade de g\u00eanero, do fator &hellip; II F\u00f3rum repactua carta-compromisso contra discrimina\u00e7\u00f5es nos bancos Leia mais &raquo;\" \/>\n<meta property=\"og:url\" content=\"https:\/\/bancariosdepiracicaba.com.br\/?p=8442\" \/>\n<meta property=\"og:site_name\" content=\"Sindban\" \/>\n<meta property=\"article:published_time\" content=\"2021-07-23T21:01:17+00:00\" \/>\n<meta property=\"article:modified_time\" content=\"2021-08-12T01:05:03+00:00\" \/>\n<meta name=\"twitter:card\" content=\"summary_large_image\" \/>\n<meta name=\"twitter:label1\" content=\"Escrito por\" \/>\n\t<meta name=\"twitter:data1\" content=\"admin\" \/>\n\t<meta name=\"twitter:label2\" content=\"Est. tempo de leitura\" \/>\n\t<meta name=\"twitter:data2\" content=\"2 minutos\" \/>\n<script type=\"application\/ld+json\" class=\"yoast-schema-graph\">{\"@context\":\"https:\/\/schema.org\",\"@graph\":[{\"@type\":\"Organization\",\"@id\":\"https:\/\/bancariosdepiracicaba.com.br\/#organization\",\"name\":\"Sindban\",\"url\":\"https:\/\/bancariosdepiracicaba.com.br\/\",\"sameAs\":[],\"logo\":{\"@type\":\"ImageObject\",\"@id\":\"https:\/\/bancariosdepiracicaba.com.br\/#logo\",\"inLanguage\":\"pt-BR\",\"url\":\"https:\/\/site.bancariosdepiracicaba.com.br\/wp-content\/uploads\/2021\/04\/cropped-Asset-2.png\",\"contentUrl\":\"https:\/\/site.bancariosdepiracicaba.com.br\/wp-content\/uploads\/2021\/04\/cropped-Asset-2.png\",\"width\":512,\"height\":512,\"caption\":\"Sindban\"},\"image\":{\"@id\":\"https:\/\/bancariosdepiracicaba.com.br\/#logo\"}},{\"@type\":\"WebSite\",\"@id\":\"https:\/\/bancariosdepiracicaba.com.br\/#website\",\"url\":\"https:\/\/bancariosdepiracicaba.com.br\/\",\"name\":\"Sindban\",\"description\":\"Desenvolvimento\",\"publisher\":{\"@id\":\"https:\/\/bancariosdepiracicaba.com.br\/#organization\"},\"potentialAction\":[{\"@type\":\"SearchAction\",\"target\":{\"@type\":\"EntryPoint\",\"urlTemplate\":\"https:\/\/bancariosdepiracicaba.com.br\/?s={search_term_string}\"},\"query-input\":\"required name=search_term_string\"}],\"inLanguage\":\"pt-BR\"},{\"@type\":\"WebPage\",\"@id\":\"https:\/\/bancariosdepiracicaba.com.br\/?p=8442#webpage\",\"url\":\"https:\/\/bancariosdepiracicaba.com.br\/?p=8442\",\"name\":\"II F\u00f3rum repactua carta-compromisso contra discrimina\u00e7\u00f5es nos bancos - Sindban\",\"isPartOf\":{\"@id\":\"https:\/\/bancariosdepiracicaba.com.br\/#website\"},\"datePublished\":\"2021-07-23T21:01:17+00:00\",\"dateModified\":\"2021-08-12T01:05:03+00:00\",\"breadcrumb\":{\"@id\":\"https:\/\/bancariosdepiracicaba.com.br\/?p=8442#breadcrumb\"},\"inLanguage\":\"pt-BR\",\"potentialAction\":[{\"@type\":\"ReadAction\",\"target\":[\"https:\/\/bancariosdepiracicaba.com.br\/?p=8442\"]}]},{\"@type\":\"BreadcrumbList\",\"@id\":\"https:\/\/bancariosdepiracicaba.com.br\/?p=8442#breadcrumb\",\"itemListElement\":[{\"@type\":\"ListItem\",\"position\":1,\"name\":\"Home\",\"item\":\"https:\/\/bancariosdepiracicaba.com.br\/\"},{\"@type\":\"ListItem\",\"position\":2,\"name\":\"II F\u00f3rum repactua carta-compromisso contra discrimina\u00e7\u00f5es nos bancos\"}]},{\"@type\":\"Article\",\"@id\":\"https:\/\/bancariosdepiracicaba.com.br\/?p=8442#article\",\"isPartOf\":{\"@id\":\"https:\/\/bancariosdepiracicaba.com.br\/?p=8442#webpage\"},\"author\":{\"@id\":\"https:\/\/bancariosdepiracicaba.com.br\/#\/schema\/person\/6a12c780fc145ea2c9af09989ee600b0\"},\"headline\":\"II F\u00f3rum repactua carta-compromisso contra discrimina\u00e7\u00f5es nos bancos\",\"datePublished\":\"2021-07-23T21:01:17+00:00\",\"dateModified\":\"2021-08-12T01:05:03+00:00\",\"mainEntityOfPage\":{\"@id\":\"https:\/\/bancariosdepiracicaba.com.br\/?p=8442#webpage\"},\"wordCount\":502,\"commentCount\":0,\"publisher\":{\"@id\":\"https:\/\/bancariosdepiracicaba.com.br\/#organization\"},\"articleSection\":[\"Consci\u00eancia Negra\",\"Racismo\",\"Uncategorized\"],\"inLanguage\":\"pt-BR\",\"potentialAction\":[{\"@type\":\"CommentAction\",\"name\":\"Comment\",\"target\":[\"https:\/\/bancariosdepiracicaba.com.br\/?p=8442#respond\"]}]},{\"@type\":\"Person\",\"@id\":\"https:\/\/bancariosdepiracicaba.com.br\/#\/schema\/person\/6a12c780fc145ea2c9af09989ee600b0\",\"name\":\"admin\",\"image\":{\"@type\":\"ImageObject\",\"@id\":\"https:\/\/bancariosdepiracicaba.com.br\/#personlogo\",\"inLanguage\":\"pt-BR\",\"url\":\"https:\/\/secure.gravatar.com\/avatar\/3a05e74c6579e68209676cb5cb64e0918f288da7a49210fa18d6e9cac1189840?s=96&d=mm&r=g\",\"contentUrl\":\"https:\/\/secure.gravatar.com\/avatar\/3a05e74c6579e68209676cb5cb64e0918f288da7a49210fa18d6e9cac1189840?s=96&d=mm&r=g\",\"caption\":\"admin\"},\"sameAs\":[\"https:\/\/site.bancariosdepiracicaba.com.br\"],\"url\":\"https:\/\/bancariosdepiracicaba.com.br\/?author=1\"}]}<\/script>\n<!-- \/ Yoast SEO Premium plugin. -->","yoast_head_json":{"title":"II F\u00f3rum repactua carta-compromisso contra discrimina\u00e7\u00f5es nos bancos - Sindban","robots":{"index":"index","follow":"follow","max-snippet":"max-snippet:-1","max-image-preview":"max-image-preview:large","max-video-preview":"max-video-preview:-1"},"canonical":"https:\/\/bancariosdepiracicaba.com.br\/?p=8442","og_locale":"pt_BR","og_type":"article","og_title":"II F\u00f3rum repactua carta-compromisso contra discrimina\u00e7\u00f5es nos bancos - Sindban","og_description":"O II F\u00f3rum Nacional pela Visibilidade Negra no Sistema Financeiro, realizado nos dias 13 e 14, no Rio de Janeiro, repactuaram a carta-compromisso de enfrentar e combater todas as formas de discrimina\u00e7\u00f5es e o empenho com a promo\u00e7\u00e3o permanente da igualdade, independente do sexo, da ra\u00e7a\/cor, da orienta\u00e7\u00e3o sexual e identidade de g\u00eanero, do fator &hellip; II F\u00f3rum repactua carta-compromisso contra discrimina\u00e7\u00f5es nos bancos Leia mais &raquo;","og_url":"https:\/\/bancariosdepiracicaba.com.br\/?p=8442","og_site_name":"Sindban","article_published_time":"2021-07-23T21:01:17+00:00","article_modified_time":"2021-08-12T01:05:03+00:00","twitter_card":"summary_large_image","twitter_misc":{"Escrito por":"admin","Est. tempo de leitura":"2 minutos"},"schema":{"@context":"https:\/\/schema.org","@graph":[{"@type":"Organization","@id":"https:\/\/bancariosdepiracicaba.com.br\/#organization","name":"Sindban","url":"https:\/\/bancariosdepiracicaba.com.br\/","sameAs":[],"logo":{"@type":"ImageObject","@id":"https:\/\/bancariosdepiracicaba.com.br\/#logo","inLanguage":"pt-BR","url":"https:\/\/site.bancariosdepiracicaba.com.br\/wp-content\/uploads\/2021\/04\/cropped-Asset-2.png","contentUrl":"https:\/\/site.bancariosdepiracicaba.com.br\/wp-content\/uploads\/2021\/04\/cropped-Asset-2.png","width":512,"height":512,"caption":"Sindban"},"image":{"@id":"https:\/\/bancariosdepiracicaba.com.br\/#logo"}},{"@type":"WebSite","@id":"https:\/\/bancariosdepiracicaba.com.br\/#website","url":"https:\/\/bancariosdepiracicaba.com.br\/","name":"Sindban","description":"Desenvolvimento","publisher":{"@id":"https:\/\/bancariosdepiracicaba.com.br\/#organization"},"potentialAction":[{"@type":"SearchAction","target":{"@type":"EntryPoint","urlTemplate":"https:\/\/bancariosdepiracicaba.com.br\/?s={search_term_string}"},"query-input":"required name=search_term_string"}],"inLanguage":"pt-BR"},{"@type":"WebPage","@id":"https:\/\/bancariosdepiracicaba.com.br\/?p=8442#webpage","url":"https:\/\/bancariosdepiracicaba.com.br\/?p=8442","name":"II F\u00f3rum repactua carta-compromisso contra discrimina\u00e7\u00f5es nos bancos - Sindban","isPartOf":{"@id":"https:\/\/bancariosdepiracicaba.com.br\/#website"},"datePublished":"2021-07-23T21:01:17+00:00","dateModified":"2021-08-12T01:05:03+00:00","breadcrumb":{"@id":"https:\/\/bancariosdepiracicaba.com.br\/?p=8442#breadcrumb"},"inLanguage":"pt-BR","potentialAction":[{"@type":"ReadAction","target":["https:\/\/bancariosdepiracicaba.com.br\/?p=8442"]}]},{"@type":"BreadcrumbList","@id":"https:\/\/bancariosdepiracicaba.com.br\/?p=8442#breadcrumb","itemListElement":[{"@type":"ListItem","position":1,"name":"Home","item":"https:\/\/bancariosdepiracicaba.com.br\/"},{"@type":"ListItem","position":2,"name":"II F\u00f3rum repactua carta-compromisso contra discrimina\u00e7\u00f5es nos bancos"}]},{"@type":"Article","@id":"https:\/\/bancariosdepiracicaba.com.br\/?p=8442#article","isPartOf":{"@id":"https:\/\/bancariosdepiracicaba.com.br\/?p=8442#webpage"},"author":{"@id":"https:\/\/bancariosdepiracicaba.com.br\/#\/schema\/person\/6a12c780fc145ea2c9af09989ee600b0"},"headline":"II F\u00f3rum repactua carta-compromisso contra discrimina\u00e7\u00f5es nos bancos","datePublished":"2021-07-23T21:01:17+00:00","dateModified":"2021-08-12T01:05:03+00:00","mainEntityOfPage":{"@id":"https:\/\/bancariosdepiracicaba.com.br\/?p=8442#webpage"},"wordCount":502,"commentCount":0,"publisher":{"@id":"https:\/\/bancariosdepiracicaba.com.br\/#organization"},"articleSection":["Consci\u00eancia Negra","Racismo","Uncategorized"],"inLanguage":"pt-BR","potentialAction":[{"@type":"CommentAction","name":"Comment","target":["https:\/\/bancariosdepiracicaba.com.br\/?p=8442#respond"]}]},{"@type":"Person","@id":"https:\/\/bancariosdepiracicaba.com.br\/#\/schema\/person\/6a12c780fc145ea2c9af09989ee600b0","name":"admin","image":{"@type":"ImageObject","@id":"https:\/\/bancariosdepiracicaba.com.br\/#personlogo","inLanguage":"pt-BR","url":"https:\/\/secure.gravatar.com\/avatar\/3a05e74c6579e68209676cb5cb64e0918f288da7a49210fa18d6e9cac1189840?s=96&d=mm&r=g","contentUrl":"https:\/\/secure.gravatar.com\/avatar\/3a05e74c6579e68209676cb5cb64e0918f288da7a49210fa18d6e9cac1189840?s=96&d=mm&r=g","caption":"admin"},"sameAs":["https:\/\/site.bancariosdepiracicaba.com.br"],"url":"https:\/\/bancariosdepiracicaba.com.br\/?author=1"}]}},"_links":{"self":[{"href":"https:\/\/bancariosdepiracicaba.com.br\/index.php?rest_route=\/wp\/v2\/posts\/8442","targetHints":{"allow":["GET"]}}],"collection":[{"href":"https:\/\/bancariosdepiracicaba.com.br\/index.php?rest_route=\/wp\/v2\/posts"}],"about":[{"href":"https:\/\/bancariosdepiracicaba.com.br\/index.php?rest_route=\/wp\/v2\/types\/post"}],"author":[{"embeddable":true,"href":"https:\/\/bancariosdepiracicaba.com.br\/index.php?rest_route=\/wp\/v2\/users\/1"}],"replies":[{"embeddable":true,"href":"https:\/\/bancariosdepiracicaba.com.br\/index.php?rest_route=%2Fwp%2Fv2%2Fcomments&post=8442"}],"version-history":[{"count":1,"href":"https:\/\/bancariosdepiracicaba.com.br\/index.php?rest_route=\/wp\/v2\/posts\/8442\/revisions"}],"predecessor-version":[{"id":14365,"href":"https:\/\/bancariosdepiracicaba.com.br\/index.php?rest_route=\/wp\/v2\/posts\/8442\/revisions\/14365"}],"wp:attachment":[{"href":"https:\/\/bancariosdepiracicaba.com.br\/index.php?rest_route=%2Fwp%2Fv2%2Fmedia&parent=8442"}],"wp:term":[{"taxonomy":"category","embeddable":true,"href":"https:\/\/bancariosdepiracicaba.com.br\/index.php?rest_route=%2Fwp%2Fv2%2Fcategories&post=8442"},{"taxonomy":"post_tag","embeddable":true,"href":"https:\/\/bancariosdepiracicaba.com.br\/index.php?rest_route=%2Fwp%2Fv2%2Ftags&post=8442"}],"curies":[{"name":"wp","href":"https:\/\/api.w.org\/{rel}","templated":true}]}}