{"id":8438,"date":"2021-07-23T21:01:12","date_gmt":"2021-07-23T21:01:12","guid":{"rendered":"https:\/\/site.bancariosdepiracicaba.com.br\/2021\/07\/23\/cut-toma-as-ruas-de-sao-paulo-e-do-pais-contra-fator-previdenciario\/"},"modified":"2021-08-11T21:59:28","modified_gmt":"2021-08-12T00:59:28","slug":"cut-toma-as-ruas-de-sao-paulo-e-do-pais-contra-fator-previdenciario","status":"publish","type":"post","link":"https:\/\/bancariosdepiracicaba.com.br\/?p=8438","title":{"rendered":"CUT toma as ruas de S\u00e3o Paulo e do pa\u00eds contra fator previdenci\u00e1rio"},"content":{"rendered":"<p>A CUT e demais centrais sindicais ocuparam as ruas do Centro de S\u00e3o Paulo, na manh\u00e3 de ter\u00e7a-feira, 12, para exigir o fim do fator previdenci\u00e1rio. Trabalhadores e trabalhadoras em passeata sa \u00edram da Pra\u00e7a da S\u00e9 rumo ao Viaduto Santa Ifig\u00eania, onde fizeram um ato em frente \u00e0 Superintend\u00eancia da Previd\u00eancia em S\u00e3o Paulo.<br \/>\nOs protestos ocorreram desde as primeiras horas da madrugada, como em Minas Gerais &#8211; onde os manifestantes bloquearam rodovia- , Paran\u00e1, Par\u00e1 e Sergipe. Outros estados como Pernambuco e Cear\u00e1 tamb\u00e9m marcaram atos para a parte da tarde<br \/>\nHERAN\u00e7A RUIM -; A classe trabalhadora luta contra o fato previdenci\u00e1rio desde as gest\u00f5es Fernando Henrique Cardoso, que criou e instituiu o mecanismo. &#8220;No governo Lula, houve iniciativas. Um processo de negocia\u00e7\u00e3o estava tentou chegar a uma alternativa, que era o fator 85\/95. Mas a proposta n\u00e3o avan\u00e7ou&#8221;, afirmou o secret\u00e1rio-geral da CUT nacional, S\u00e9rgio Nobre.<br \/>\n \u201c;Estamos sempre abertos \u00e0 negocia\u00e7\u00e3o, mas, agora, defendemos o fim do fator previdenci\u00e1rio. N\u00e3o mais o 85\/95 ou outra forma, mas o fim, pelo malef \u00edcio que traz \u00e0 popula\u00e7\u00e3o \u201c;, completou o secret\u00e1rio-geral da CUT.<br \/>\nPara Nobre, \u00e9 importante lembrar que, ao mesmo tempo em que o governo, com o fator, sinaliza que \u00e9 preciso trabalhar por mais tempo, o mercado de trabalho discrimina quem est\u00e1 acima de 40 anos. A \u00ed, afirma, reside um dos motivos de o fator ser uma injusti\u00e7a: se exige que o trabalhador trabalhe com idade avan\u00e7ada, mas o mercado n\u00e3o absorve a demanda.  \u201c;O fator pega uma fatia importante dos trabalhadores que querem e precisam se aposentar. Tem projetos no Congresso Nacional sobre esse tema, tem partidos debatendo, as centrais. O que precisamos agora \u00e9 de uma mesa nacional para resolver a situa\u00e7\u00e3o \u201c;, explicou.<br \/>\nOUTRAS FORMAS -; Quando questionado sobre o argumento de falta de verba para arcar com o aumento dos gastos p\u00fablicos causado pelo corte do fator previdenci\u00e1rio, o secret\u00e1rio-geral da CUT nacional, S\u00e9rgio Nobre, lembra que  \u201c;o governo, quando interessa, encontra alternativa de financiamento \u201c;.<br \/>\n \u201c;Buscaram recursos para desonera\u00e7\u00f5es na ind\u00fastria, \u00e0s quais n\u00e3o somos contras. Em rela\u00e7\u00e3o ao fator previdenci\u00e1rio, \u00e9 preciso menos do que para aquilo \u201c;. E acrescentou:  \u201c;se a Previd\u00eancia n\u00e3o suportasse, n\u00f3s n\u00e3o estar \u00edamos reivindicando. N\u00e3o somos malucos de abandonar as pessoas na parte da vida em que elas mais precisam. Se estamos defendendo o fim do fator, \u00e9 porque sabemos que a Previd\u00eancia pode criar outras formas de financiamento \u201c;.<br \/>\nIMPACTO SOCIAL -; Lembrando que o fator pode diminuir em at\u00e9 30% o valor de aposentadoria dos homens e em 45% a das mulheres, S\u00f4nia Auxiliadora, secret\u00e1ria de Mulheres da CUT-SP, afirmou, durante o ato, que o fator previdenci\u00e1rio \u00e9 prejudicial a toda a classe trabalhadora, mas tem especial impacto nas trabalhadoras.<br \/>\n \u201c;Em per \u00edodos de crise econ\u00f4mica, por exemplo, mesmo tendo renda m\u00e9dia inferior \u00e0 m\u00e9dia dos homens, elas s\u00e3o as que mais sofrem com rotatividade de emprego \u201c;, declarou S\u00f4nia. E, por n\u00e3o ter pol \u00edticas p\u00fablicas de valoriza\u00e7\u00e3o das mulheres e mesmo pela op\u00e7\u00e3o que muitas fazem, de ficar com a fam \u00edlia, \u00e9 frequente o n\u00famero de mulheres que se aposentam por idade.  \u201c;Todos os trabalhadores s\u00e3o prejudicados por esta forma de aposentadoria, mas as mulheres s\u00e3o ainda mais \u201c;, enfatizou.<br \/>\nIMPOSTO DE RENDA -; Outra pauta forte trabalhada em S\u00e3o Paulo \u00e9 a reconstru\u00e7\u00e3o da tabela de imposto de renda. Para S\u00e9rgio Nobre, a tabela atual tem uma varia\u00e7\u00e3o de faixa pequena, com taxas altas para quem tem sal\u00e1rio baixo e taxas baixas para quem tem altas rendas. \u00e9 preciso a constru\u00e7\u00e3o de uma tabela progressiva.  \u201c;N\u00f3s n\u00e3o queremos apenas a corre\u00e7\u00e3o da tabela atual. Queremos uma nova tabela, que seja progressiva, que cobre mais de quem ganha mais e menos de quem ganha menos \u201c;, afirmou.<br \/>\nMANIFESTA\u00e7\u00e3O CONTRA ALTA DOS JUROS -; No pr\u00f3ximo 26 de novembro, as centrais sindicais se manifestar\u00e3o em conjunto novamente, desta vez em Bras \u00edlia, pela redu\u00e7\u00e3o dos juros. A data e o local foram escolhidos porque \u00e9 quando ocorre a reuni\u00e3o do Comit\u00ea de Pol \u00edtica Monet\u00e1ria (Copom), que decide sobre o tema.<br \/>\nFonte: Henri Chevalier &#8211; CUT Nacional<\/p>\n","protected":false},"excerpt":{"rendered":"<p>A CUT e demais centrais sindicais ocuparam as ruas do Centro de S\u00e3o Paulo, na manh\u00e3 de ter\u00e7a-feira, 12, para exigir o fim do fator previdenci\u00e1rio. Trabalhadores e trabalhadoras em passeata sa \u00edram da Pra\u00e7a da S\u00e9 rumo ao Viaduto Santa Ifig\u00eania, onde fizeram um ato em frente \u00e0 Superintend\u00eancia da Previd\u00eancia em S\u00e3o Paulo. &hellip;<\/p>\n<p class=\"read-more\"> <a class=\"\" href=\"https:\/\/bancariosdepiracicaba.com.br\/?p=8438\"> <span class=\"screen-reader-text\">CUT toma as ruas de S\u00e3o Paulo e do pa\u00eds contra fator previdenci\u00e1rio<\/span> Leia mais &raquo;<\/a><\/p>\n","protected":false},"author":1,"featured_media":0,"comment_status":"open","ping_status":"open","sticky":false,"template":"","format":"standard","meta":{"site-sidebar-layout":"default","site-content-layout":"default","ast-main-header-display":"","ast-hfb-above-header-display":"","ast-hfb-below-header-display":"","ast-hfb-mobile-header-display":"","site-post-title":"","ast-breadcrumbs-content":"","ast-featured-img":"","footer-sml-layout":"","theme-transparent-header-meta":"","adv-header-id-meta":"","stick-header-meta":"","header-above-stick-meta":"","header-main-stick-meta":"","header-below-stick-meta":"","footnotes":""},"categories":[44,1],"tags":[],"class_list":["post-8438","post","type-post","status-publish","format-standard","hentry","category-mulher","category-uncategorized"],"yoast_head":"<!-- This site is optimized with the Yoast SEO Premium plugin v16.1 (Yoast SEO v18.0) - https:\/\/yoast.com\/wordpress\/plugins\/seo\/ -->\n<title>CUT toma as ruas de S\u00e3o Paulo e do pa\u00eds contra fator previdenci\u00e1rio - Sindban<\/title>\n<meta name=\"robots\" content=\"index, follow, max-snippet:-1, max-image-preview:large, max-video-preview:-1\" \/>\n<link rel=\"canonical\" href=\"https:\/\/bancariosdepiracicaba.com.br\/?p=8438\" \/>\n<meta property=\"og:locale\" content=\"pt_BR\" \/>\n<meta property=\"og:type\" content=\"article\" \/>\n<meta property=\"og:title\" content=\"CUT toma as ruas de S\u00e3o Paulo e do pa\u00eds contra fator previdenci\u00e1rio - Sindban\" \/>\n<meta property=\"og:description\" content=\"A CUT e demais centrais sindicais ocuparam as ruas do Centro de S\u00e3o Paulo, na manh\u00e3 de ter\u00e7a-feira, 12, para exigir o fim do fator previdenci\u00e1rio. Trabalhadores e trabalhadoras em passeata sa \u00edram da Pra\u00e7a da S\u00e9 rumo ao Viaduto Santa Ifig\u00eania, onde fizeram um ato em frente \u00e0 Superintend\u00eancia da Previd\u00eancia em S\u00e3o Paulo. &hellip; CUT toma as ruas de S\u00e3o Paulo e do pa\u00eds contra fator previdenci\u00e1rio Leia mais &raquo;\" \/>\n<meta property=\"og:url\" content=\"https:\/\/bancariosdepiracicaba.com.br\/?p=8438\" \/>\n<meta property=\"og:site_name\" content=\"Sindban\" \/>\n<meta property=\"article:published_time\" content=\"2021-07-23T21:01:12+00:00\" \/>\n<meta property=\"article:modified_time\" content=\"2021-08-12T00:59:28+00:00\" \/>\n<meta name=\"twitter:card\" content=\"summary_large_image\" \/>\n<meta name=\"twitter:label1\" content=\"Escrito por\" \/>\n\t<meta name=\"twitter:data1\" content=\"admin\" \/>\n\t<meta name=\"twitter:label2\" content=\"Est. tempo de leitura\" \/>\n\t<meta name=\"twitter:data2\" content=\"4 minutos\" \/>\n<script type=\"application\/ld+json\" class=\"yoast-schema-graph\">{\"@context\":\"https:\/\/schema.org\",\"@graph\":[{\"@type\":\"Organization\",\"@id\":\"https:\/\/bancariosdepiracicaba.com.br\/#organization\",\"name\":\"Sindban\",\"url\":\"https:\/\/bancariosdepiracicaba.com.br\/\",\"sameAs\":[],\"logo\":{\"@type\":\"ImageObject\",\"@id\":\"https:\/\/bancariosdepiracicaba.com.br\/#logo\",\"inLanguage\":\"pt-BR\",\"url\":\"https:\/\/site.bancariosdepiracicaba.com.br\/wp-content\/uploads\/2021\/04\/cropped-Asset-2.png\",\"contentUrl\":\"https:\/\/site.bancariosdepiracicaba.com.br\/wp-content\/uploads\/2021\/04\/cropped-Asset-2.png\",\"width\":512,\"height\":512,\"caption\":\"Sindban\"},\"image\":{\"@id\":\"https:\/\/bancariosdepiracicaba.com.br\/#logo\"}},{\"@type\":\"WebSite\",\"@id\":\"https:\/\/bancariosdepiracicaba.com.br\/#website\",\"url\":\"https:\/\/bancariosdepiracicaba.com.br\/\",\"name\":\"Sindban\",\"description\":\"Desenvolvimento\",\"publisher\":{\"@id\":\"https:\/\/bancariosdepiracicaba.com.br\/#organization\"},\"potentialAction\":[{\"@type\":\"SearchAction\",\"target\":{\"@type\":\"EntryPoint\",\"urlTemplate\":\"https:\/\/bancariosdepiracicaba.com.br\/?s={search_term_string}\"},\"query-input\":\"required name=search_term_string\"}],\"inLanguage\":\"pt-BR\"},{\"@type\":\"WebPage\",\"@id\":\"https:\/\/bancariosdepiracicaba.com.br\/?p=8438#webpage\",\"url\":\"https:\/\/bancariosdepiracicaba.com.br\/?p=8438\",\"name\":\"CUT toma as ruas de S\u00e3o Paulo e do pa\u00eds contra fator previdenci\u00e1rio - Sindban\",\"isPartOf\":{\"@id\":\"https:\/\/bancariosdepiracicaba.com.br\/#website\"},\"datePublished\":\"2021-07-23T21:01:12+00:00\",\"dateModified\":\"2021-08-12T00:59:28+00:00\",\"breadcrumb\":{\"@id\":\"https:\/\/bancariosdepiracicaba.com.br\/?p=8438#breadcrumb\"},\"inLanguage\":\"pt-BR\",\"potentialAction\":[{\"@type\":\"ReadAction\",\"target\":[\"https:\/\/bancariosdepiracicaba.com.br\/?p=8438\"]}]},{\"@type\":\"BreadcrumbList\",\"@id\":\"https:\/\/bancariosdepiracicaba.com.br\/?p=8438#breadcrumb\",\"itemListElement\":[{\"@type\":\"ListItem\",\"position\":1,\"name\":\"Home\",\"item\":\"https:\/\/bancariosdepiracicaba.com.br\/\"},{\"@type\":\"ListItem\",\"position\":2,\"name\":\"CUT toma as ruas de S\u00e3o Paulo e do pa\u00eds contra fator previdenci\u00e1rio\"}]},{\"@type\":\"Article\",\"@id\":\"https:\/\/bancariosdepiracicaba.com.br\/?p=8438#article\",\"isPartOf\":{\"@id\":\"https:\/\/bancariosdepiracicaba.com.br\/?p=8438#webpage\"},\"author\":{\"@id\":\"https:\/\/bancariosdepiracicaba.com.br\/#\/schema\/person\/6a12c780fc145ea2c9af09989ee600b0\"},\"headline\":\"CUT toma as ruas de S\u00e3o Paulo e do pa\u00eds contra fator previdenci\u00e1rio\",\"datePublished\":\"2021-07-23T21:01:12+00:00\",\"dateModified\":\"2021-08-12T00:59:28+00:00\",\"mainEntityOfPage\":{\"@id\":\"https:\/\/bancariosdepiracicaba.com.br\/?p=8438#webpage\"},\"wordCount\":744,\"commentCount\":0,\"publisher\":{\"@id\":\"https:\/\/bancariosdepiracicaba.com.br\/#organization\"},\"articleSection\":[\"Mulher\",\"Uncategorized\"],\"inLanguage\":\"pt-BR\",\"potentialAction\":[{\"@type\":\"CommentAction\",\"name\":\"Comment\",\"target\":[\"https:\/\/bancariosdepiracicaba.com.br\/?p=8438#respond\"]}]},{\"@type\":\"Person\",\"@id\":\"https:\/\/bancariosdepiracicaba.com.br\/#\/schema\/person\/6a12c780fc145ea2c9af09989ee600b0\",\"name\":\"admin\",\"image\":{\"@type\":\"ImageObject\",\"@id\":\"https:\/\/bancariosdepiracicaba.com.br\/#personlogo\",\"inLanguage\":\"pt-BR\",\"url\":\"https:\/\/secure.gravatar.com\/avatar\/3a05e74c6579e68209676cb5cb64e0918f288da7a49210fa18d6e9cac1189840?s=96&d=mm&r=g\",\"contentUrl\":\"https:\/\/secure.gravatar.com\/avatar\/3a05e74c6579e68209676cb5cb64e0918f288da7a49210fa18d6e9cac1189840?s=96&d=mm&r=g\",\"caption\":\"admin\"},\"sameAs\":[\"https:\/\/site.bancariosdepiracicaba.com.br\"],\"url\":\"https:\/\/bancariosdepiracicaba.com.br\/?author=1\"}]}<\/script>\n<!-- \/ Yoast SEO Premium plugin. -->","yoast_head_json":{"title":"CUT toma as ruas de S\u00e3o Paulo e do pa\u00eds contra fator previdenci\u00e1rio - Sindban","robots":{"index":"index","follow":"follow","max-snippet":"max-snippet:-1","max-image-preview":"max-image-preview:large","max-video-preview":"max-video-preview:-1"},"canonical":"https:\/\/bancariosdepiracicaba.com.br\/?p=8438","og_locale":"pt_BR","og_type":"article","og_title":"CUT toma as ruas de S\u00e3o Paulo e do pa\u00eds contra fator previdenci\u00e1rio - Sindban","og_description":"A CUT e demais centrais sindicais ocuparam as ruas do Centro de S\u00e3o Paulo, na manh\u00e3 de ter\u00e7a-feira, 12, para exigir o fim do fator previdenci\u00e1rio. Trabalhadores e trabalhadoras em passeata sa \u00edram da Pra\u00e7a da S\u00e9 rumo ao Viaduto Santa Ifig\u00eania, onde fizeram um ato em frente \u00e0 Superintend\u00eancia da Previd\u00eancia em S\u00e3o Paulo. &hellip; CUT toma as ruas de S\u00e3o Paulo e do pa\u00eds contra fator previdenci\u00e1rio Leia mais &raquo;","og_url":"https:\/\/bancariosdepiracicaba.com.br\/?p=8438","og_site_name":"Sindban","article_published_time":"2021-07-23T21:01:12+00:00","article_modified_time":"2021-08-12T00:59:28+00:00","twitter_card":"summary_large_image","twitter_misc":{"Escrito por":"admin","Est. tempo de leitura":"4 minutos"},"schema":{"@context":"https:\/\/schema.org","@graph":[{"@type":"Organization","@id":"https:\/\/bancariosdepiracicaba.com.br\/#organization","name":"Sindban","url":"https:\/\/bancariosdepiracicaba.com.br\/","sameAs":[],"logo":{"@type":"ImageObject","@id":"https:\/\/bancariosdepiracicaba.com.br\/#logo","inLanguage":"pt-BR","url":"https:\/\/site.bancariosdepiracicaba.com.br\/wp-content\/uploads\/2021\/04\/cropped-Asset-2.png","contentUrl":"https:\/\/site.bancariosdepiracicaba.com.br\/wp-content\/uploads\/2021\/04\/cropped-Asset-2.png","width":512,"height":512,"caption":"Sindban"},"image":{"@id":"https:\/\/bancariosdepiracicaba.com.br\/#logo"}},{"@type":"WebSite","@id":"https:\/\/bancariosdepiracicaba.com.br\/#website","url":"https:\/\/bancariosdepiracicaba.com.br\/","name":"Sindban","description":"Desenvolvimento","publisher":{"@id":"https:\/\/bancariosdepiracicaba.com.br\/#organization"},"potentialAction":[{"@type":"SearchAction","target":{"@type":"EntryPoint","urlTemplate":"https:\/\/bancariosdepiracicaba.com.br\/?s={search_term_string}"},"query-input":"required name=search_term_string"}],"inLanguage":"pt-BR"},{"@type":"WebPage","@id":"https:\/\/bancariosdepiracicaba.com.br\/?p=8438#webpage","url":"https:\/\/bancariosdepiracicaba.com.br\/?p=8438","name":"CUT toma as ruas de S\u00e3o Paulo e do pa\u00eds contra fator previdenci\u00e1rio - Sindban","isPartOf":{"@id":"https:\/\/bancariosdepiracicaba.com.br\/#website"},"datePublished":"2021-07-23T21:01:12+00:00","dateModified":"2021-08-12T00:59:28+00:00","breadcrumb":{"@id":"https:\/\/bancariosdepiracicaba.com.br\/?p=8438#breadcrumb"},"inLanguage":"pt-BR","potentialAction":[{"@type":"ReadAction","target":["https:\/\/bancariosdepiracicaba.com.br\/?p=8438"]}]},{"@type":"BreadcrumbList","@id":"https:\/\/bancariosdepiracicaba.com.br\/?p=8438#breadcrumb","itemListElement":[{"@type":"ListItem","position":1,"name":"Home","item":"https:\/\/bancariosdepiracicaba.com.br\/"},{"@type":"ListItem","position":2,"name":"CUT toma as ruas de S\u00e3o Paulo e do pa\u00eds contra fator previdenci\u00e1rio"}]},{"@type":"Article","@id":"https:\/\/bancariosdepiracicaba.com.br\/?p=8438#article","isPartOf":{"@id":"https:\/\/bancariosdepiracicaba.com.br\/?p=8438#webpage"},"author":{"@id":"https:\/\/bancariosdepiracicaba.com.br\/#\/schema\/person\/6a12c780fc145ea2c9af09989ee600b0"},"headline":"CUT toma as ruas de S\u00e3o Paulo e do pa\u00eds contra fator previdenci\u00e1rio","datePublished":"2021-07-23T21:01:12+00:00","dateModified":"2021-08-12T00:59:28+00:00","mainEntityOfPage":{"@id":"https:\/\/bancariosdepiracicaba.com.br\/?p=8438#webpage"},"wordCount":744,"commentCount":0,"publisher":{"@id":"https:\/\/bancariosdepiracicaba.com.br\/#organization"},"articleSection":["Mulher","Uncategorized"],"inLanguage":"pt-BR","potentialAction":[{"@type":"CommentAction","name":"Comment","target":["https:\/\/bancariosdepiracicaba.com.br\/?p=8438#respond"]}]},{"@type":"Person","@id":"https:\/\/bancariosdepiracicaba.com.br\/#\/schema\/person\/6a12c780fc145ea2c9af09989ee600b0","name":"admin","image":{"@type":"ImageObject","@id":"https:\/\/bancariosdepiracicaba.com.br\/#personlogo","inLanguage":"pt-BR","url":"https:\/\/secure.gravatar.com\/avatar\/3a05e74c6579e68209676cb5cb64e0918f288da7a49210fa18d6e9cac1189840?s=96&d=mm&r=g","contentUrl":"https:\/\/secure.gravatar.com\/avatar\/3a05e74c6579e68209676cb5cb64e0918f288da7a49210fa18d6e9cac1189840?s=96&d=mm&r=g","caption":"admin"},"sameAs":["https:\/\/site.bancariosdepiracicaba.com.br"],"url":"https:\/\/bancariosdepiracicaba.com.br\/?author=1"}]}},"_links":{"self":[{"href":"https:\/\/bancariosdepiracicaba.com.br\/index.php?rest_route=\/wp\/v2\/posts\/8438","targetHints":{"allow":["GET"]}}],"collection":[{"href":"https:\/\/bancariosdepiracicaba.com.br\/index.php?rest_route=\/wp\/v2\/posts"}],"about":[{"href":"https:\/\/bancariosdepiracicaba.com.br\/index.php?rest_route=\/wp\/v2\/types\/post"}],"author":[{"embeddable":true,"href":"https:\/\/bancariosdepiracicaba.com.br\/index.php?rest_route=\/wp\/v2\/users\/1"}],"replies":[{"embeddable":true,"href":"https:\/\/bancariosdepiracicaba.com.br\/index.php?rest_route=%2Fwp%2Fv2%2Fcomments&post=8438"}],"version-history":[{"count":1,"href":"https:\/\/bancariosdepiracicaba.com.br\/index.php?rest_route=\/wp\/v2\/posts\/8438\/revisions"}],"predecessor-version":[{"id":14256,"href":"https:\/\/bancariosdepiracicaba.com.br\/index.php?rest_route=\/wp\/v2\/posts\/8438\/revisions\/14256"}],"wp:attachment":[{"href":"https:\/\/bancariosdepiracicaba.com.br\/index.php?rest_route=%2Fwp%2Fv2%2Fmedia&parent=8438"}],"wp:term":[{"taxonomy":"category","embeddable":true,"href":"https:\/\/bancariosdepiracicaba.com.br\/index.php?rest_route=%2Fwp%2Fv2%2Fcategories&post=8438"},{"taxonomy":"post_tag","embeddable":true,"href":"https:\/\/bancariosdepiracicaba.com.br\/index.php?rest_route=%2Fwp%2Fv2%2Ftags&post=8438"}],"curies":[{"name":"wp","href":"https:\/\/api.w.org\/{rel}","templated":true}]}}