{"id":8437,"date":"2021-07-23T21:01:11","date_gmt":"2021-07-23T21:01:11","guid":{"rendered":"https:\/\/site.bancariosdepiracicaba.com.br\/2021\/07\/23\/mes-da-consciencia-negra-comemorar-conquistas-e-avaliar-desafios\/"},"modified":"2021-08-11T22:04:49","modified_gmt":"2021-08-12T01:04:49","slug":"mes-da-consciencia-negra-comemorar-conquistas-e-avaliar-desafios","status":"publish","type":"post","link":"https:\/\/bancariosdepiracicaba.com.br\/?p=8437","title":{"rendered":"M\u00eas da Consci\u00eancia Negra: comemorar conquistas e avaliar desafios"},"content":{"rendered":"<p>Por meio das a\u00e7\u00f5es afirmativas de combate \u00e0 discrimina\u00e7\u00e3o racial, notadamente nos \u00faltimos dez anos, o Brasil tenta resgatar as ra \u00edzes de nosso povo e, ao mesmo tempo, induzir transforma\u00e7\u00f5es culturais, implantar a diversidade e ampliar a representatividade dos grupos minorit\u00e1rios em todos os setores da sociedade. A aprova\u00e7\u00e3o da Lei 12.711\/12, conhecida como Lei das Cotas, \u00e9 um marco importante dessa estrat\u00e9gia.<br \/>\nEntre os momentos significativos que completam uma d\u00e9cada em 2013 est\u00e1 a cria\u00e7\u00e3o, pelo governo federal, da Secretaria Especial de Pol \u00edticas de Promo\u00e7\u00e3o da Igualdade Racial (Seppir), em mar\u00e7o de 2003. No mesmo ano, em S\u00e3o Paulo, foi realizada a 1&ordf; Marcha da Consci\u00eancia Negra. O evento se repete desde ent\u00e3o e, neste ano, a Central \u00fanica dos Trabalhadores ter\u00e1 uma ala sob a sua responsabilidade.<br \/>\nCUT pela equidade racial<br \/>\nH\u00e1 18 anos, o movimento negro brasileiro, em conjunto com as centrais sindicais e organiza\u00e7\u00f5es do movimento popular, realizou, em Bras \u00edlia, a Marcha Zumbi dos Palmares contra o Racismo, pela Igualdade e a Vida. A manifesta\u00e7\u00e3o ocorrida em 1995 &#8211; que reuniu 30 mil pessoas &#8211; representou um momento importante da disputa pela supera\u00e7\u00e3o do racismo no pa \u00eds.<br \/>\nNesses anos de resist\u00eancia e enfrentamento, a Central sempre esteve na luta contra a discrimina\u00e7\u00e3o racial, uma de suas principais bandeiras. A discuss\u00e3o, contudo, continua, pois apesar das muitas conquistas, a popula\u00e7\u00e3o negra ainda encontra barreiras para a ascens\u00e3o social, desigualdade no mundo do trabalho, defici\u00eancias no atendimento \u00e0 sa\u00fade e \u00e0 educa\u00e7\u00e3o. \u00e9 preciso avan\u00e7ar.<br \/>\nO M\u00eas da Consci\u00eancia Negra simboliza todos esses embates. Mais do que comemora\u00e7\u00e3o, este \u00e9 um momento de reflex\u00e3o sobre os muitos desafios a serem enfrentados; de buscar inspira\u00e7\u00e3o; de renovar as energias; e de dar continuidade \u00e0 luta pela justi\u00e7a social para todos\/as.<br \/>\n*Rosana Aparecida da Silva<br \/>\nSecret\u00e1ria de Combate ao Racismo da CUT-SP<br \/>\nFonte: CUT<\/p>\n","protected":false},"excerpt":{"rendered":"<p>Por meio das a\u00e7\u00f5es afirmativas de combate \u00e0 discrimina\u00e7\u00e3o racial, notadamente nos \u00faltimos dez anos, o Brasil tenta resgatar as ra \u00edzes de nosso povo e, ao mesmo tempo, induzir transforma\u00e7\u00f5es culturais, implantar a diversidade e ampliar a representatividade dos grupos minorit\u00e1rios em todos os setores da sociedade. A aprova\u00e7\u00e3o da Lei 12.711\/12, conhecida como &hellip;<\/p>\n<p class=\"read-more\"> <a class=\"\" href=\"https:\/\/bancariosdepiracicaba.com.br\/?p=8437\"> <span class=\"screen-reader-text\">M\u00eas da Consci\u00eancia Negra: comemorar conquistas e avaliar desafios<\/span> Leia mais &raquo;<\/a><\/p>\n","protected":false},"author":1,"featured_media":0,"comment_status":"open","ping_status":"open","sticky":false,"template":"","format":"standard","meta":{"site-sidebar-layout":"default","site-content-layout":"default","ast-main-header-display":"","ast-hfb-above-header-display":"","ast-hfb-below-header-display":"","ast-hfb-mobile-header-display":"","site-post-title":"","ast-breadcrumbs-content":"","ast-featured-img":"","footer-sml-layout":"","theme-transparent-header-meta":"","adv-header-id-meta":"","stick-header-meta":"","header-above-stick-meta":"","header-main-stick-meta":"","header-below-stick-meta":"","footnotes":""},"categories":[50,51,1],"tags":[],"class_list":["post-8437","post","type-post","status-publish","format-standard","hentry","category-consciencia-negra","category-racismo","category-uncategorized"],"yoast_head":"<!-- This site is optimized with the Yoast SEO Premium plugin v16.1 (Yoast SEO v18.0) - https:\/\/yoast.com\/wordpress\/plugins\/seo\/ -->\n<title>M\u00eas da Consci\u00eancia Negra: comemorar conquistas e avaliar desafios - Sindban<\/title>\n<meta name=\"robots\" content=\"index, follow, max-snippet:-1, max-image-preview:large, max-video-preview:-1\" \/>\n<link rel=\"canonical\" href=\"https:\/\/bancariosdepiracicaba.com.br\/?p=8437\" \/>\n<meta property=\"og:locale\" content=\"pt_BR\" \/>\n<meta property=\"og:type\" content=\"article\" \/>\n<meta property=\"og:title\" content=\"M\u00eas da Consci\u00eancia Negra: comemorar conquistas e avaliar desafios - Sindban\" \/>\n<meta property=\"og:description\" content=\"Por meio das a\u00e7\u00f5es afirmativas de combate \u00e0 discrimina\u00e7\u00e3o racial, notadamente nos \u00faltimos dez anos, o Brasil tenta resgatar as ra \u00edzes de nosso povo e, ao mesmo tempo, induzir transforma\u00e7\u00f5es culturais, implantar a diversidade e ampliar a representatividade dos grupos minorit\u00e1rios em todos os setores da sociedade. A aprova\u00e7\u00e3o da Lei 12.711\/12, conhecida como &hellip; M\u00eas da Consci\u00eancia Negra: comemorar conquistas e avaliar desafios Leia mais &raquo;\" \/>\n<meta property=\"og:url\" content=\"https:\/\/bancariosdepiracicaba.com.br\/?p=8437\" \/>\n<meta property=\"og:site_name\" content=\"Sindban\" \/>\n<meta property=\"article:published_time\" content=\"2021-07-23T21:01:11+00:00\" \/>\n<meta property=\"article:modified_time\" content=\"2021-08-12T01:04:49+00:00\" \/>\n<meta name=\"twitter:card\" content=\"summary_large_image\" \/>\n<meta name=\"twitter:label1\" content=\"Escrito por\" \/>\n\t<meta name=\"twitter:data1\" content=\"admin\" \/>\n\t<meta name=\"twitter:label2\" content=\"Est. tempo de leitura\" \/>\n\t<meta name=\"twitter:data2\" content=\"2 minutos\" \/>\n<script type=\"application\/ld+json\" class=\"yoast-schema-graph\">{\"@context\":\"https:\/\/schema.org\",\"@graph\":[{\"@type\":\"Organization\",\"@id\":\"https:\/\/bancariosdepiracicaba.com.br\/#organization\",\"name\":\"Sindban\",\"url\":\"https:\/\/bancariosdepiracicaba.com.br\/\",\"sameAs\":[],\"logo\":{\"@type\":\"ImageObject\",\"@id\":\"https:\/\/bancariosdepiracicaba.com.br\/#logo\",\"inLanguage\":\"pt-BR\",\"url\":\"https:\/\/site.bancariosdepiracicaba.com.br\/wp-content\/uploads\/2021\/04\/cropped-Asset-2.png\",\"contentUrl\":\"https:\/\/site.bancariosdepiracicaba.com.br\/wp-content\/uploads\/2021\/04\/cropped-Asset-2.png\",\"width\":512,\"height\":512,\"caption\":\"Sindban\"},\"image\":{\"@id\":\"https:\/\/bancariosdepiracicaba.com.br\/#logo\"}},{\"@type\":\"WebSite\",\"@id\":\"https:\/\/bancariosdepiracicaba.com.br\/#website\",\"url\":\"https:\/\/bancariosdepiracicaba.com.br\/\",\"name\":\"Sindban\",\"description\":\"Desenvolvimento\",\"publisher\":{\"@id\":\"https:\/\/bancariosdepiracicaba.com.br\/#organization\"},\"potentialAction\":[{\"@type\":\"SearchAction\",\"target\":{\"@type\":\"EntryPoint\",\"urlTemplate\":\"https:\/\/bancariosdepiracicaba.com.br\/?s={search_term_string}\"},\"query-input\":\"required name=search_term_string\"}],\"inLanguage\":\"pt-BR\"},{\"@type\":\"WebPage\",\"@id\":\"https:\/\/bancariosdepiracicaba.com.br\/?p=8437#webpage\",\"url\":\"https:\/\/bancariosdepiracicaba.com.br\/?p=8437\",\"name\":\"M\u00eas da Consci\u00eancia Negra: comemorar conquistas e avaliar desafios - Sindban\",\"isPartOf\":{\"@id\":\"https:\/\/bancariosdepiracicaba.com.br\/#website\"},\"datePublished\":\"2021-07-23T21:01:11+00:00\",\"dateModified\":\"2021-08-12T01:04:49+00:00\",\"breadcrumb\":{\"@id\":\"https:\/\/bancariosdepiracicaba.com.br\/?p=8437#breadcrumb\"},\"inLanguage\":\"pt-BR\",\"potentialAction\":[{\"@type\":\"ReadAction\",\"target\":[\"https:\/\/bancariosdepiracicaba.com.br\/?p=8437\"]}]},{\"@type\":\"BreadcrumbList\",\"@id\":\"https:\/\/bancariosdepiracicaba.com.br\/?p=8437#breadcrumb\",\"itemListElement\":[{\"@type\":\"ListItem\",\"position\":1,\"name\":\"Home\",\"item\":\"https:\/\/bancariosdepiracicaba.com.br\/\"},{\"@type\":\"ListItem\",\"position\":2,\"name\":\"M\u00eas da Consci\u00eancia Negra: comemorar conquistas e avaliar desafios\"}]},{\"@type\":\"Article\",\"@id\":\"https:\/\/bancariosdepiracicaba.com.br\/?p=8437#article\",\"isPartOf\":{\"@id\":\"https:\/\/bancariosdepiracicaba.com.br\/?p=8437#webpage\"},\"author\":{\"@id\":\"https:\/\/bancariosdepiracicaba.com.br\/#\/schema\/person\/6a12c780fc145ea2c9af09989ee600b0\"},\"headline\":\"M\u00eas da Consci\u00eancia Negra: comemorar conquistas e avaliar desafios\",\"datePublished\":\"2021-07-23T21:01:11+00:00\",\"dateModified\":\"2021-08-12T01:04:49+00:00\",\"mainEntityOfPage\":{\"@id\":\"https:\/\/bancariosdepiracicaba.com.br\/?p=8437#webpage\"},\"wordCount\":339,\"commentCount\":0,\"publisher\":{\"@id\":\"https:\/\/bancariosdepiracicaba.com.br\/#organization\"},\"articleSection\":[\"Consci\u00eancia Negra\",\"Racismo\",\"Uncategorized\"],\"inLanguage\":\"pt-BR\",\"potentialAction\":[{\"@type\":\"CommentAction\",\"name\":\"Comment\",\"target\":[\"https:\/\/bancariosdepiracicaba.com.br\/?p=8437#respond\"]}]},{\"@type\":\"Person\",\"@id\":\"https:\/\/bancariosdepiracicaba.com.br\/#\/schema\/person\/6a12c780fc145ea2c9af09989ee600b0\",\"name\":\"admin\",\"image\":{\"@type\":\"ImageObject\",\"@id\":\"https:\/\/bancariosdepiracicaba.com.br\/#personlogo\",\"inLanguage\":\"pt-BR\",\"url\":\"https:\/\/secure.gravatar.com\/avatar\/3a05e74c6579e68209676cb5cb64e0918f288da7a49210fa18d6e9cac1189840?s=96&d=mm&r=g\",\"contentUrl\":\"https:\/\/secure.gravatar.com\/avatar\/3a05e74c6579e68209676cb5cb64e0918f288da7a49210fa18d6e9cac1189840?s=96&d=mm&r=g\",\"caption\":\"admin\"},\"sameAs\":[\"https:\/\/site.bancariosdepiracicaba.com.br\"],\"url\":\"https:\/\/bancariosdepiracicaba.com.br\/?author=1\"}]}<\/script>\n<!-- \/ Yoast SEO Premium plugin. -->","yoast_head_json":{"title":"M\u00eas da Consci\u00eancia Negra: comemorar conquistas e avaliar desafios - Sindban","robots":{"index":"index","follow":"follow","max-snippet":"max-snippet:-1","max-image-preview":"max-image-preview:large","max-video-preview":"max-video-preview:-1"},"canonical":"https:\/\/bancariosdepiracicaba.com.br\/?p=8437","og_locale":"pt_BR","og_type":"article","og_title":"M\u00eas da Consci\u00eancia Negra: comemorar conquistas e avaliar desafios - Sindban","og_description":"Por meio das a\u00e7\u00f5es afirmativas de combate \u00e0 discrimina\u00e7\u00e3o racial, notadamente nos \u00faltimos dez anos, o Brasil tenta resgatar as ra \u00edzes de nosso povo e, ao mesmo tempo, induzir transforma\u00e7\u00f5es culturais, implantar a diversidade e ampliar a representatividade dos grupos minorit\u00e1rios em todos os setores da sociedade. A aprova\u00e7\u00e3o da Lei 12.711\/12, conhecida como &hellip; M\u00eas da Consci\u00eancia Negra: comemorar conquistas e avaliar desafios Leia mais &raquo;","og_url":"https:\/\/bancariosdepiracicaba.com.br\/?p=8437","og_site_name":"Sindban","article_published_time":"2021-07-23T21:01:11+00:00","article_modified_time":"2021-08-12T01:04:49+00:00","twitter_card":"summary_large_image","twitter_misc":{"Escrito por":"admin","Est. tempo de leitura":"2 minutos"},"schema":{"@context":"https:\/\/schema.org","@graph":[{"@type":"Organization","@id":"https:\/\/bancariosdepiracicaba.com.br\/#organization","name":"Sindban","url":"https:\/\/bancariosdepiracicaba.com.br\/","sameAs":[],"logo":{"@type":"ImageObject","@id":"https:\/\/bancariosdepiracicaba.com.br\/#logo","inLanguage":"pt-BR","url":"https:\/\/site.bancariosdepiracicaba.com.br\/wp-content\/uploads\/2021\/04\/cropped-Asset-2.png","contentUrl":"https:\/\/site.bancariosdepiracicaba.com.br\/wp-content\/uploads\/2021\/04\/cropped-Asset-2.png","width":512,"height":512,"caption":"Sindban"},"image":{"@id":"https:\/\/bancariosdepiracicaba.com.br\/#logo"}},{"@type":"WebSite","@id":"https:\/\/bancariosdepiracicaba.com.br\/#website","url":"https:\/\/bancariosdepiracicaba.com.br\/","name":"Sindban","description":"Desenvolvimento","publisher":{"@id":"https:\/\/bancariosdepiracicaba.com.br\/#organization"},"potentialAction":[{"@type":"SearchAction","target":{"@type":"EntryPoint","urlTemplate":"https:\/\/bancariosdepiracicaba.com.br\/?s={search_term_string}"},"query-input":"required name=search_term_string"}],"inLanguage":"pt-BR"},{"@type":"WebPage","@id":"https:\/\/bancariosdepiracicaba.com.br\/?p=8437#webpage","url":"https:\/\/bancariosdepiracicaba.com.br\/?p=8437","name":"M\u00eas da Consci\u00eancia Negra: comemorar conquistas e avaliar desafios - Sindban","isPartOf":{"@id":"https:\/\/bancariosdepiracicaba.com.br\/#website"},"datePublished":"2021-07-23T21:01:11+00:00","dateModified":"2021-08-12T01:04:49+00:00","breadcrumb":{"@id":"https:\/\/bancariosdepiracicaba.com.br\/?p=8437#breadcrumb"},"inLanguage":"pt-BR","potentialAction":[{"@type":"ReadAction","target":["https:\/\/bancariosdepiracicaba.com.br\/?p=8437"]}]},{"@type":"BreadcrumbList","@id":"https:\/\/bancariosdepiracicaba.com.br\/?p=8437#breadcrumb","itemListElement":[{"@type":"ListItem","position":1,"name":"Home","item":"https:\/\/bancariosdepiracicaba.com.br\/"},{"@type":"ListItem","position":2,"name":"M\u00eas da Consci\u00eancia Negra: comemorar conquistas e avaliar desafios"}]},{"@type":"Article","@id":"https:\/\/bancariosdepiracicaba.com.br\/?p=8437#article","isPartOf":{"@id":"https:\/\/bancariosdepiracicaba.com.br\/?p=8437#webpage"},"author":{"@id":"https:\/\/bancariosdepiracicaba.com.br\/#\/schema\/person\/6a12c780fc145ea2c9af09989ee600b0"},"headline":"M\u00eas da Consci\u00eancia Negra: comemorar conquistas e avaliar desafios","datePublished":"2021-07-23T21:01:11+00:00","dateModified":"2021-08-12T01:04:49+00:00","mainEntityOfPage":{"@id":"https:\/\/bancariosdepiracicaba.com.br\/?p=8437#webpage"},"wordCount":339,"commentCount":0,"publisher":{"@id":"https:\/\/bancariosdepiracicaba.com.br\/#organization"},"articleSection":["Consci\u00eancia Negra","Racismo","Uncategorized"],"inLanguage":"pt-BR","potentialAction":[{"@type":"CommentAction","name":"Comment","target":["https:\/\/bancariosdepiracicaba.com.br\/?p=8437#respond"]}]},{"@type":"Person","@id":"https:\/\/bancariosdepiracicaba.com.br\/#\/schema\/person\/6a12c780fc145ea2c9af09989ee600b0","name":"admin","image":{"@type":"ImageObject","@id":"https:\/\/bancariosdepiracicaba.com.br\/#personlogo","inLanguage":"pt-BR","url":"https:\/\/secure.gravatar.com\/avatar\/3a05e74c6579e68209676cb5cb64e0918f288da7a49210fa18d6e9cac1189840?s=96&d=mm&r=g","contentUrl":"https:\/\/secure.gravatar.com\/avatar\/3a05e74c6579e68209676cb5cb64e0918f288da7a49210fa18d6e9cac1189840?s=96&d=mm&r=g","caption":"admin"},"sameAs":["https:\/\/site.bancariosdepiracicaba.com.br"],"url":"https:\/\/bancariosdepiracicaba.com.br\/?author=1"}]}},"_links":{"self":[{"href":"https:\/\/bancariosdepiracicaba.com.br\/index.php?rest_route=\/wp\/v2\/posts\/8437","targetHints":{"allow":["GET"]}}],"collection":[{"href":"https:\/\/bancariosdepiracicaba.com.br\/index.php?rest_route=\/wp\/v2\/posts"}],"about":[{"href":"https:\/\/bancariosdepiracicaba.com.br\/index.php?rest_route=\/wp\/v2\/types\/post"}],"author":[{"embeddable":true,"href":"https:\/\/bancariosdepiracicaba.com.br\/index.php?rest_route=\/wp\/v2\/users\/1"}],"replies":[{"embeddable":true,"href":"https:\/\/bancariosdepiracicaba.com.br\/index.php?rest_route=%2Fwp%2Fv2%2Fcomments&post=8437"}],"version-history":[{"count":1,"href":"https:\/\/bancariosdepiracicaba.com.br\/index.php?rest_route=\/wp\/v2\/posts\/8437\/revisions"}],"predecessor-version":[{"id":14366,"href":"https:\/\/bancariosdepiracicaba.com.br\/index.php?rest_route=\/wp\/v2\/posts\/8437\/revisions\/14366"}],"wp:attachment":[{"href":"https:\/\/bancariosdepiracicaba.com.br\/index.php?rest_route=%2Fwp%2Fv2%2Fmedia&parent=8437"}],"wp:term":[{"taxonomy":"category","embeddable":true,"href":"https:\/\/bancariosdepiracicaba.com.br\/index.php?rest_route=%2Fwp%2Fv2%2Fcategories&post=8437"},{"taxonomy":"post_tag","embeddable":true,"href":"https:\/\/bancariosdepiracicaba.com.br\/index.php?rest_route=%2Fwp%2Fv2%2Ftags&post=8437"}],"curies":[{"name":"wp","href":"https:\/\/api.w.org\/{rel}","templated":true}]}}