{"id":8398,"date":"2021-07-23T21:00:17","date_gmt":"2021-07-23T21:00:17","guid":{"rendered":"https:\/\/site.bancariosdepiracicaba.com.br\/2021\/07\/23\/grevistas-nao-devem-assinar-termo-no-bb\/"},"modified":"2021-08-02T16:29:19","modified_gmt":"2021-08-02T19:29:19","slug":"grevistas-nao-devem-assinar-termo-no-bb","status":"publish","type":"post","link":"https:\/\/bancariosdepiracicaba.com.br\/?p=8398","title":{"rendered":"Grevistas n\u00e3o devem assinar termo no BB"},"content":{"rendered":"<p>V\u00e1rias den\u00fancia t\u00eam sido feitas de que gestores do Banco do Brasil est\u00e3o, mais uma vez, pressionando funcion\u00e1rios que participaram da greve a assinar termos pessoais com compromissos de compensa\u00e7\u00e3o.<br \/>\nA orienta\u00e7\u00e3o \u00e9 para que os funcion\u00e1rios do Banco do Brasil n\u00e3o assinem termo pessoal algum sobre compensa\u00e7\u00e3o de horas de greve. Tanto a conven\u00e7\u00e3o coletiva da categoria quanto o acordo aditivo espec \u00edfico foram assinados na sexta-feira, 18, e n\u00e3o h\u00e1 mais nenhum documento para regular o tema.<br \/>\nF\u00e9RIAS -; No evento de assinatura dos acordos coletivos, inclusive, os representantes dos funcion\u00e1rios cobraram da dire\u00e7\u00e3o do banco postura diferente da adotada em 2012, quando passou cerca de dois meses assediando violentamente os banc\u00e1rios que participaram da greve.<br \/>\nNaquele ano, ap\u00f3s cancelamentos de f\u00e9rias e outros tipos de pr\u00e1ticas antissindicais, os funcion\u00e1rios encaminharam den\u00fancia ao Minist\u00e9rio P\u00fablico do Trabalho, que, ap\u00f3s duas audi\u00eancias, resolveu abrir processo investigat\u00f3rio que est\u00e1 em curso.<br \/>\nAp\u00f3s a cobran\u00e7a, por\u00e9m, j\u00e1 aparecem den\u00fancias de gestores mandando banc\u00e1rios adiarem e cancelarem o per \u00edodo de descanso.<br \/>\nSegundo William Mendes, coordenador da Comiss\u00e3o de Empresa dos Funcion\u00e1rios do BB, os gestores do banco tentam expor e coagir os funcion\u00e1rios que participaram do processo da greve.  \u201c;\u00e9 uma maneira de n\u00e3o encerrar o conflito da campanha nacional para esses banc\u00e1rios lutadores. N\u00e3o vamos aceitar isso e os sindicatos estar\u00e3o atentos a essas pr\u00e1ticas antissindicais. Se o desejo do BB \u00e9 n\u00e3o terminar o conflito da greve iniciado por parte dele (banco), n\u00e3o tem problema, vamos para o embate \u201c;, ressaltou.<br \/>\nPara o dirigente sindical, isso \u00e9 muito ruim e mostra falta de seriedade por parte da dire\u00e7\u00e3o do banco ou de alguns administradores.  \u201c;N\u00e3o sabemos ainda de onde partiu a ordem de assediar os grevistas \u201c;, afirmou.<br \/>\nOs representantes dos funcion\u00e1rios entraram em contato com a dire\u00e7\u00e3o da empresa na segunda-feira, 21, e esperam resposta.<br \/>\n \u201c;Esperamos que a dire\u00e7\u00e3o do banco tenha a grandeza de virar a p\u00e1gina da Campanha 2013 e permitir que a vida dos banc\u00e1rios volte \u00e0 normalidade. Ser\u00e1 &lsquo;Bom Pra Todos&rsquo; isso. Os banc\u00e1rios n\u00e3o est\u00e3o se negando a cumprir a Conven\u00e7\u00e3o Coletiva, que prev\u00ea a compensa\u00e7\u00e3o de at\u00e9 uma hora por dia at\u00e9 15 de dezembro, mas n\u00e3o aceitaremos que o banco crie regras que n\u00e3o est\u00e3o previstas na CCT nem cometa abusos contra os banc\u00e1rios. Se for preciso, os sindicatos far\u00e3o a defesa dos banc\u00e1rios com a\u00e7\u00f5es sindicais \u201c;, alertou o diretor da Contraf-CUT.<br \/>\nAl\u00e9m de n\u00e3o assinar nenhum termo de compensa\u00e7\u00e3o, os banc\u00e1rios devem avisar imediatamente qualquer caso de cancelamento de f\u00e9rias.<br \/>\nFonte: Sindicato dos Banc\u00e1rios de SP<\/p>\n","protected":false},"excerpt":{"rendered":"<p>V\u00e1rias den\u00fancia t\u00eam sido feitas de que gestores do Banco do Brasil est\u00e3o, mais uma vez, pressionando funcion\u00e1rios que participaram da greve a assinar termos pessoais com compromissos de compensa\u00e7\u00e3o. A orienta\u00e7\u00e3o \u00e9 para que os funcion\u00e1rios do Banco do Brasil n\u00e3o assinem termo pessoal algum sobre compensa\u00e7\u00e3o de horas de greve. Tanto a conven\u00e7\u00e3o &hellip;<\/p>\n<p class=\"read-more\"> <a class=\"\" href=\"https:\/\/bancariosdepiracicaba.com.br\/?p=8398\"> <span class=\"screen-reader-text\">Grevistas n\u00e3o devem assinar termo no BB<\/span> Leia mais &raquo;<\/a><\/p>\n","protected":false},"author":1,"featured_media":0,"comment_status":"open","ping_status":"open","sticky":false,"template":"","format":"standard","meta":{"site-sidebar-layout":"default","site-content-layout":"default","ast-main-header-display":"","ast-hfb-above-header-display":"","ast-hfb-below-header-display":"","ast-hfb-mobile-header-display":"","site-post-title":"","ast-breadcrumbs-content":"","ast-featured-img":"","footer-sml-layout":"","theme-transparent-header-meta":"","adv-header-id-meta":"","stick-header-meta":"","header-above-stick-meta":"","header-main-stick-meta":"","header-below-stick-meta":"","footnotes":""},"categories":[22,1],"tags":[],"class_list":["post-8398","post","type-post","status-publish","format-standard","hentry","category-acordo-coletivo-noticias","category-uncategorized"],"yoast_head":"<!-- This site is optimized with the Yoast SEO Premium plugin v16.1 (Yoast SEO v18.0) - https:\/\/yoast.com\/wordpress\/plugins\/seo\/ -->\n<title>Grevistas n\u00e3o devem assinar termo no BB - Sindban<\/title>\n<meta name=\"robots\" content=\"index, follow, max-snippet:-1, max-image-preview:large, max-video-preview:-1\" \/>\n<link rel=\"canonical\" href=\"https:\/\/bancariosdepiracicaba.com.br\/?p=8398\" \/>\n<meta property=\"og:locale\" content=\"pt_BR\" \/>\n<meta property=\"og:type\" content=\"article\" \/>\n<meta property=\"og:title\" content=\"Grevistas n\u00e3o devem assinar termo no BB - Sindban\" \/>\n<meta property=\"og:description\" content=\"V\u00e1rias den\u00fancia t\u00eam sido feitas de que gestores do Banco do Brasil est\u00e3o, mais uma vez, pressionando funcion\u00e1rios que participaram da greve a assinar termos pessoais com compromissos de compensa\u00e7\u00e3o. A orienta\u00e7\u00e3o \u00e9 para que os funcion\u00e1rios do Banco do Brasil n\u00e3o assinem termo pessoal algum sobre compensa\u00e7\u00e3o de horas de greve. Tanto a conven\u00e7\u00e3o &hellip; Grevistas n\u00e3o devem assinar termo no BB Leia mais &raquo;\" \/>\n<meta property=\"og:url\" content=\"https:\/\/bancariosdepiracicaba.com.br\/?p=8398\" \/>\n<meta property=\"og:site_name\" content=\"Sindban\" \/>\n<meta property=\"article:published_time\" content=\"2021-07-23T21:00:17+00:00\" \/>\n<meta property=\"article:modified_time\" content=\"2021-08-02T19:29:19+00:00\" \/>\n<meta name=\"twitter:card\" content=\"summary_large_image\" \/>\n<meta name=\"twitter:label1\" content=\"Escrito por\" \/>\n\t<meta name=\"twitter:data1\" content=\"admin\" \/>\n\t<meta name=\"twitter:label2\" content=\"Est. tempo de leitura\" \/>\n\t<meta name=\"twitter:data2\" content=\"2 minutos\" \/>\n<script type=\"application\/ld+json\" class=\"yoast-schema-graph\">{\"@context\":\"https:\/\/schema.org\",\"@graph\":[{\"@type\":\"Organization\",\"@id\":\"https:\/\/bancariosdepiracicaba.com.br\/#organization\",\"name\":\"Sindban\",\"url\":\"https:\/\/bancariosdepiracicaba.com.br\/\",\"sameAs\":[],\"logo\":{\"@type\":\"ImageObject\",\"@id\":\"https:\/\/bancariosdepiracicaba.com.br\/#logo\",\"inLanguage\":\"pt-BR\",\"url\":\"https:\/\/site.bancariosdepiracicaba.com.br\/wp-content\/uploads\/2021\/04\/cropped-Asset-2.png\",\"contentUrl\":\"https:\/\/site.bancariosdepiracicaba.com.br\/wp-content\/uploads\/2021\/04\/cropped-Asset-2.png\",\"width\":512,\"height\":512,\"caption\":\"Sindban\"},\"image\":{\"@id\":\"https:\/\/bancariosdepiracicaba.com.br\/#logo\"}},{\"@type\":\"WebSite\",\"@id\":\"https:\/\/bancariosdepiracicaba.com.br\/#website\",\"url\":\"https:\/\/bancariosdepiracicaba.com.br\/\",\"name\":\"Sindban\",\"description\":\"Desenvolvimento\",\"publisher\":{\"@id\":\"https:\/\/bancariosdepiracicaba.com.br\/#organization\"},\"potentialAction\":[{\"@type\":\"SearchAction\",\"target\":{\"@type\":\"EntryPoint\",\"urlTemplate\":\"https:\/\/bancariosdepiracicaba.com.br\/?s={search_term_string}\"},\"query-input\":\"required name=search_term_string\"}],\"inLanguage\":\"pt-BR\"},{\"@type\":\"WebPage\",\"@id\":\"https:\/\/bancariosdepiracicaba.com.br\/?p=8398#webpage\",\"url\":\"https:\/\/bancariosdepiracicaba.com.br\/?p=8398\",\"name\":\"Grevistas n\u00e3o devem assinar termo no BB - Sindban\",\"isPartOf\":{\"@id\":\"https:\/\/bancariosdepiracicaba.com.br\/#website\"},\"datePublished\":\"2021-07-23T21:00:17+00:00\",\"dateModified\":\"2021-08-02T19:29:19+00:00\",\"breadcrumb\":{\"@id\":\"https:\/\/bancariosdepiracicaba.com.br\/?p=8398#breadcrumb\"},\"inLanguage\":\"pt-BR\",\"potentialAction\":[{\"@type\":\"ReadAction\",\"target\":[\"https:\/\/bancariosdepiracicaba.com.br\/?p=8398\"]}]},{\"@type\":\"BreadcrumbList\",\"@id\":\"https:\/\/bancariosdepiracicaba.com.br\/?p=8398#breadcrumb\",\"itemListElement\":[{\"@type\":\"ListItem\",\"position\":1,\"name\":\"Home\",\"item\":\"https:\/\/bancariosdepiracicaba.com.br\/\"},{\"@type\":\"ListItem\",\"position\":2,\"name\":\"Grevistas n\u00e3o devem assinar termo no BB\"}]},{\"@type\":\"Article\",\"@id\":\"https:\/\/bancariosdepiracicaba.com.br\/?p=8398#article\",\"isPartOf\":{\"@id\":\"https:\/\/bancariosdepiracicaba.com.br\/?p=8398#webpage\"},\"author\":{\"@id\":\"https:\/\/bancariosdepiracicaba.com.br\/#\/schema\/person\/6a12c780fc145ea2c9af09989ee600b0\"},\"headline\":\"Grevistas n\u00e3o devem assinar termo no BB\",\"datePublished\":\"2021-07-23T21:00:17+00:00\",\"dateModified\":\"2021-08-02T19:29:19+00:00\",\"mainEntityOfPage\":{\"@id\":\"https:\/\/bancariosdepiracicaba.com.br\/?p=8398#webpage\"},\"wordCount\":490,\"commentCount\":0,\"publisher\":{\"@id\":\"https:\/\/bancariosdepiracicaba.com.br\/#organization\"},\"articleSection\":[\"Acordo Coletivo Not\u00edcias\",\"Uncategorized\"],\"inLanguage\":\"pt-BR\",\"potentialAction\":[{\"@type\":\"CommentAction\",\"name\":\"Comment\",\"target\":[\"https:\/\/bancariosdepiracicaba.com.br\/?p=8398#respond\"]}]},{\"@type\":\"Person\",\"@id\":\"https:\/\/bancariosdepiracicaba.com.br\/#\/schema\/person\/6a12c780fc145ea2c9af09989ee600b0\",\"name\":\"admin\",\"image\":{\"@type\":\"ImageObject\",\"@id\":\"https:\/\/bancariosdepiracicaba.com.br\/#personlogo\",\"inLanguage\":\"pt-BR\",\"url\":\"https:\/\/secure.gravatar.com\/avatar\/3a05e74c6579e68209676cb5cb64e0918f288da7a49210fa18d6e9cac1189840?s=96&d=mm&r=g\",\"contentUrl\":\"https:\/\/secure.gravatar.com\/avatar\/3a05e74c6579e68209676cb5cb64e0918f288da7a49210fa18d6e9cac1189840?s=96&d=mm&r=g\",\"caption\":\"admin\"},\"sameAs\":[\"https:\/\/site.bancariosdepiracicaba.com.br\"],\"url\":\"https:\/\/bancariosdepiracicaba.com.br\/?author=1\"}]}<\/script>\n<!-- \/ Yoast SEO Premium plugin. -->","yoast_head_json":{"title":"Grevistas n\u00e3o devem assinar termo no BB - Sindban","robots":{"index":"index","follow":"follow","max-snippet":"max-snippet:-1","max-image-preview":"max-image-preview:large","max-video-preview":"max-video-preview:-1"},"canonical":"https:\/\/bancariosdepiracicaba.com.br\/?p=8398","og_locale":"pt_BR","og_type":"article","og_title":"Grevistas n\u00e3o devem assinar termo no BB - Sindban","og_description":"V\u00e1rias den\u00fancia t\u00eam sido feitas de que gestores do Banco do Brasil est\u00e3o, mais uma vez, pressionando funcion\u00e1rios que participaram da greve a assinar termos pessoais com compromissos de compensa\u00e7\u00e3o. A orienta\u00e7\u00e3o \u00e9 para que os funcion\u00e1rios do Banco do Brasil n\u00e3o assinem termo pessoal algum sobre compensa\u00e7\u00e3o de horas de greve. Tanto a conven\u00e7\u00e3o &hellip; Grevistas n\u00e3o devem assinar termo no BB Leia mais &raquo;","og_url":"https:\/\/bancariosdepiracicaba.com.br\/?p=8398","og_site_name":"Sindban","article_published_time":"2021-07-23T21:00:17+00:00","article_modified_time":"2021-08-02T19:29:19+00:00","twitter_card":"summary_large_image","twitter_misc":{"Escrito por":"admin","Est. tempo de leitura":"2 minutos"},"schema":{"@context":"https:\/\/schema.org","@graph":[{"@type":"Organization","@id":"https:\/\/bancariosdepiracicaba.com.br\/#organization","name":"Sindban","url":"https:\/\/bancariosdepiracicaba.com.br\/","sameAs":[],"logo":{"@type":"ImageObject","@id":"https:\/\/bancariosdepiracicaba.com.br\/#logo","inLanguage":"pt-BR","url":"https:\/\/site.bancariosdepiracicaba.com.br\/wp-content\/uploads\/2021\/04\/cropped-Asset-2.png","contentUrl":"https:\/\/site.bancariosdepiracicaba.com.br\/wp-content\/uploads\/2021\/04\/cropped-Asset-2.png","width":512,"height":512,"caption":"Sindban"},"image":{"@id":"https:\/\/bancariosdepiracicaba.com.br\/#logo"}},{"@type":"WebSite","@id":"https:\/\/bancariosdepiracicaba.com.br\/#website","url":"https:\/\/bancariosdepiracicaba.com.br\/","name":"Sindban","description":"Desenvolvimento","publisher":{"@id":"https:\/\/bancariosdepiracicaba.com.br\/#organization"},"potentialAction":[{"@type":"SearchAction","target":{"@type":"EntryPoint","urlTemplate":"https:\/\/bancariosdepiracicaba.com.br\/?s={search_term_string}"},"query-input":"required name=search_term_string"}],"inLanguage":"pt-BR"},{"@type":"WebPage","@id":"https:\/\/bancariosdepiracicaba.com.br\/?p=8398#webpage","url":"https:\/\/bancariosdepiracicaba.com.br\/?p=8398","name":"Grevistas n\u00e3o devem assinar termo no BB - Sindban","isPartOf":{"@id":"https:\/\/bancariosdepiracicaba.com.br\/#website"},"datePublished":"2021-07-23T21:00:17+00:00","dateModified":"2021-08-02T19:29:19+00:00","breadcrumb":{"@id":"https:\/\/bancariosdepiracicaba.com.br\/?p=8398#breadcrumb"},"inLanguage":"pt-BR","potentialAction":[{"@type":"ReadAction","target":["https:\/\/bancariosdepiracicaba.com.br\/?p=8398"]}]},{"@type":"BreadcrumbList","@id":"https:\/\/bancariosdepiracicaba.com.br\/?p=8398#breadcrumb","itemListElement":[{"@type":"ListItem","position":1,"name":"Home","item":"https:\/\/bancariosdepiracicaba.com.br\/"},{"@type":"ListItem","position":2,"name":"Grevistas n\u00e3o devem assinar termo no BB"}]},{"@type":"Article","@id":"https:\/\/bancariosdepiracicaba.com.br\/?p=8398#article","isPartOf":{"@id":"https:\/\/bancariosdepiracicaba.com.br\/?p=8398#webpage"},"author":{"@id":"https:\/\/bancariosdepiracicaba.com.br\/#\/schema\/person\/6a12c780fc145ea2c9af09989ee600b0"},"headline":"Grevistas n\u00e3o devem assinar termo no BB","datePublished":"2021-07-23T21:00:17+00:00","dateModified":"2021-08-02T19:29:19+00:00","mainEntityOfPage":{"@id":"https:\/\/bancariosdepiracicaba.com.br\/?p=8398#webpage"},"wordCount":490,"commentCount":0,"publisher":{"@id":"https:\/\/bancariosdepiracicaba.com.br\/#organization"},"articleSection":["Acordo Coletivo Not\u00edcias","Uncategorized"],"inLanguage":"pt-BR","potentialAction":[{"@type":"CommentAction","name":"Comment","target":["https:\/\/bancariosdepiracicaba.com.br\/?p=8398#respond"]}]},{"@type":"Person","@id":"https:\/\/bancariosdepiracicaba.com.br\/#\/schema\/person\/6a12c780fc145ea2c9af09989ee600b0","name":"admin","image":{"@type":"ImageObject","@id":"https:\/\/bancariosdepiracicaba.com.br\/#personlogo","inLanguage":"pt-BR","url":"https:\/\/secure.gravatar.com\/avatar\/3a05e74c6579e68209676cb5cb64e0918f288da7a49210fa18d6e9cac1189840?s=96&d=mm&r=g","contentUrl":"https:\/\/secure.gravatar.com\/avatar\/3a05e74c6579e68209676cb5cb64e0918f288da7a49210fa18d6e9cac1189840?s=96&d=mm&r=g","caption":"admin"},"sameAs":["https:\/\/site.bancariosdepiracicaba.com.br"],"url":"https:\/\/bancariosdepiracicaba.com.br\/?author=1"}]}},"_links":{"self":[{"href":"https:\/\/bancariosdepiracicaba.com.br\/index.php?rest_route=\/wp\/v2\/posts\/8398","targetHints":{"allow":["GET"]}}],"collection":[{"href":"https:\/\/bancariosdepiracicaba.com.br\/index.php?rest_route=\/wp\/v2\/posts"}],"about":[{"href":"https:\/\/bancariosdepiracicaba.com.br\/index.php?rest_route=\/wp\/v2\/types\/post"}],"author":[{"embeddable":true,"href":"https:\/\/bancariosdepiracicaba.com.br\/index.php?rest_route=\/wp\/v2\/users\/1"}],"replies":[{"embeddable":true,"href":"https:\/\/bancariosdepiracicaba.com.br\/index.php?rest_route=%2Fwp%2Fv2%2Fcomments&post=8398"}],"version-history":[{"count":1,"href":"https:\/\/bancariosdepiracicaba.com.br\/index.php?rest_route=\/wp\/v2\/posts\/8398\/revisions"}],"predecessor-version":[{"id":11730,"href":"https:\/\/bancariosdepiracicaba.com.br\/index.php?rest_route=\/wp\/v2\/posts\/8398\/revisions\/11730"}],"wp:attachment":[{"href":"https:\/\/bancariosdepiracicaba.com.br\/index.php?rest_route=%2Fwp%2Fv2%2Fmedia&parent=8398"}],"wp:term":[{"taxonomy":"category","embeddable":true,"href":"https:\/\/bancariosdepiracicaba.com.br\/index.php?rest_route=%2Fwp%2Fv2%2Fcategories&post=8398"},{"taxonomy":"post_tag","embeddable":true,"href":"https:\/\/bancariosdepiracicaba.com.br\/index.php?rest_route=%2Fwp%2Fv2%2Ftags&post=8398"}],"curies":[{"name":"wp","href":"https:\/\/api.w.org\/{rel}","templated":true}]}}