{"id":8246,"date":"2021-07-23T20:57:08","date_gmt":"2021-07-23T20:57:08","guid":{"rendered":"https:\/\/site.bancariosdepiracicaba.com.br\/2021\/07\/23\/bradesco-se-compromete-a-solucionar-caso-de-assedio-moral-em-piracicaba\/"},"modified":"2021-07-26T17:04:48","modified_gmt":"2021-07-26T17:04:48","slug":"bradesco-se-compromete-a-solucionar-caso-de-assedio-moral-em-piracicaba","status":"publish","type":"post","link":"https:\/\/bancariosdepiracicaba.com.br\/?p=8246","title":{"rendered":"Bradesco se compromete a solucionar caso de ass\u00e9dio moral em Piracicaba"},"content":{"rendered":"<p>Em reuni\u00e3o realizada no final da tarde desta quinta-feira, 22, na sede do SINDBAN (Sindicato dos Banc\u00e1rios de Piracicaba e Regi\u00e3o), representantes da Regional do Bradesco em Piracicaba se comprometeram a solucionar o problema de ass\u00e9dio moral que vem ocorrendo na ag\u00eancia do Banco na Vila Paulista. Estiveram presentes na reuni\u00e3o o gerente Regional do Bradesco, Luis Francisco da Silva Junior, e o assessor da Regional, Matheus Corr\u00eaa de Oliveira.<br \/>\nO presidente do SINDBAN e vereador do PT em Piracicaba, Jos\u00e9 Antonio Fernandes Paiva, com os diretores do Sindicato Olivia Brossi, Teresinha Altarugio, Aldo Rocha, Ubiratam Campos do Amaral, Francisca Pires e Iraci Correr Alves conversou com a Regional e explicou o que vem acontecendo na ag\u00eancia. As reclama\u00e7\u00f5es por parte dos funcion\u00e1rios e tamb\u00e9m dos clientes.  \u201c;Foi um momento oportuno, pois o Regional veio at\u00e9 o Sindicato para uma conversa e ouviu todos os dados t\u00e9cnicos repassados quanto ao problema que vem se arrastando na ag\u00eancia \u201c;, afirmou. Paiva acrescentou ainda que o gerente Regional recebeu com preocupa\u00e7\u00e3o as reclama\u00e7\u00f5es e se comprometeu em solucionar o caso, fazendo com que o gerente acusado de assediador procure ajuda e os funcion\u00e1rios possam trabalhar com dignidade.<br \/>\nLuis Francisco afirmou estar surpreso com as den\u00fancias, mas afirmou que vai se reunir com a diretoria e o RH da empresa e repassar a posi\u00e7\u00e3o do Sindicato quanto as den\u00fancias, e com o profissional que est\u00e1 sendo acusado de ass\u00e9dio para que o mesmo aceite o problema e um tratamento.<br \/>\nCASO -; Ap\u00f3s diretores, funcion\u00e1rios e assessores do SINDBAN realizarem um manifesto em frente \u00e0 ag\u00eancia da Paulista, na manh\u00e3 desta quinta, a regional do Bradesco abriu um canal para negocia\u00e7\u00e3o e uma reuni\u00e3o entre diretoria do Sindicato e a Regional foi marcada para o per \u00edodo da tarde. A solicita\u00e7\u00e3o da diretoria do Sindicato era que o gerente fosse transferido para outra ag\u00eancia, por\u00e9m, que ele passe por tratamento psicol\u00f3gico ou por uma assistente social antes para que o problema n\u00e3o seja transferido para outra ag\u00eancia.<br \/>\nTexto: Michelle Bottin<\/p>\n","protected":false},"excerpt":{"rendered":"<p>Em reuni\u00e3o realizada no final da tarde desta quinta-feira, 22, na sede do SINDBAN (Sindicato dos Banc\u00e1rios de Piracicaba e Regi\u00e3o), representantes da Regional do Bradesco em Piracicaba se comprometeram a solucionar o problema de ass\u00e9dio moral que vem ocorrendo na ag\u00eancia do Banco na Vila Paulista. Estiveram presentes na reuni\u00e3o o gerente Regional do &hellip;<\/p>\n<p class=\"read-more\"> <a class=\"\" href=\"https:\/\/bancariosdepiracicaba.com.br\/?p=8246\"> <span class=\"screen-reader-text\">Bradesco se compromete a solucionar caso de ass\u00e9dio moral em Piracicaba<\/span> Leia mais &raquo;<\/a><\/p>\n","protected":false},"author":1,"featured_media":0,"comment_status":"open","ping_status":"open","sticky":false,"template":"","format":"standard","meta":{"site-sidebar-layout":"default","site-content-layout":"default","ast-main-header-display":"","ast-hfb-above-header-display":"","ast-hfb-below-header-display":"","ast-hfb-mobile-header-display":"","site-post-title":"","ast-breadcrumbs-content":"","ast-featured-img":"","footer-sml-layout":"","theme-transparent-header-meta":"","adv-header-id-meta":"","stick-header-meta":"","header-above-stick-meta":"","header-main-stick-meta":"","header-below-stick-meta":"","footnotes":""},"categories":[12,1],"tags":[],"class_list":["post-8246","post","type-post","status-publish","format-standard","hentry","category-bradesco","category-uncategorized"],"yoast_head":"<!-- This site is optimized with the Yoast SEO Premium plugin v16.1 (Yoast SEO v18.0) - https:\/\/yoast.com\/wordpress\/plugins\/seo\/ -->\n<title>Bradesco se compromete a solucionar caso de ass\u00e9dio moral em Piracicaba - Sindban<\/title>\n<meta name=\"robots\" content=\"index, follow, max-snippet:-1, max-image-preview:large, max-video-preview:-1\" \/>\n<link rel=\"canonical\" href=\"https:\/\/bancariosdepiracicaba.com.br\/?p=8246\" \/>\n<meta property=\"og:locale\" content=\"pt_BR\" \/>\n<meta property=\"og:type\" content=\"article\" \/>\n<meta property=\"og:title\" content=\"Bradesco se compromete a solucionar caso de ass\u00e9dio moral em Piracicaba - Sindban\" \/>\n<meta property=\"og:description\" content=\"Em reuni\u00e3o realizada no final da tarde desta quinta-feira, 22, na sede do SINDBAN (Sindicato dos Banc\u00e1rios de Piracicaba e Regi\u00e3o), representantes da Regional do Bradesco em Piracicaba se comprometeram a solucionar o problema de ass\u00e9dio moral que vem ocorrendo na ag\u00eancia do Banco na Vila Paulista. Estiveram presentes na reuni\u00e3o o gerente Regional do &hellip; Bradesco se compromete a solucionar caso de ass\u00e9dio moral em Piracicaba Leia mais &raquo;\" \/>\n<meta property=\"og:url\" content=\"https:\/\/bancariosdepiracicaba.com.br\/?p=8246\" \/>\n<meta property=\"og:site_name\" content=\"Sindban\" \/>\n<meta property=\"article:published_time\" content=\"2021-07-23T20:57:08+00:00\" \/>\n<meta property=\"article:modified_time\" content=\"2021-07-26T17:04:48+00:00\" \/>\n<meta name=\"twitter:card\" content=\"summary_large_image\" \/>\n<meta name=\"twitter:label1\" content=\"Escrito por\" \/>\n\t<meta name=\"twitter:data1\" content=\"admin\" \/>\n\t<meta name=\"twitter:label2\" content=\"Est. tempo de leitura\" \/>\n\t<meta name=\"twitter:data2\" content=\"2 minutos\" \/>\n<script type=\"application\/ld+json\" class=\"yoast-schema-graph\">{\"@context\":\"https:\/\/schema.org\",\"@graph\":[{\"@type\":\"Organization\",\"@id\":\"https:\/\/bancariosdepiracicaba.com.br\/#organization\",\"name\":\"Sindban\",\"url\":\"https:\/\/bancariosdepiracicaba.com.br\/\",\"sameAs\":[],\"logo\":{\"@type\":\"ImageObject\",\"@id\":\"https:\/\/bancariosdepiracicaba.com.br\/#logo\",\"inLanguage\":\"pt-BR\",\"url\":\"https:\/\/site.bancariosdepiracicaba.com.br\/wp-content\/uploads\/2021\/04\/cropped-Asset-2.png\",\"contentUrl\":\"https:\/\/site.bancariosdepiracicaba.com.br\/wp-content\/uploads\/2021\/04\/cropped-Asset-2.png\",\"width\":512,\"height\":512,\"caption\":\"Sindban\"},\"image\":{\"@id\":\"https:\/\/bancariosdepiracicaba.com.br\/#logo\"}},{\"@type\":\"WebSite\",\"@id\":\"https:\/\/bancariosdepiracicaba.com.br\/#website\",\"url\":\"https:\/\/bancariosdepiracicaba.com.br\/\",\"name\":\"Sindban\",\"description\":\"Desenvolvimento\",\"publisher\":{\"@id\":\"https:\/\/bancariosdepiracicaba.com.br\/#organization\"},\"potentialAction\":[{\"@type\":\"SearchAction\",\"target\":{\"@type\":\"EntryPoint\",\"urlTemplate\":\"https:\/\/bancariosdepiracicaba.com.br\/?s={search_term_string}\"},\"query-input\":\"required name=search_term_string\"}],\"inLanguage\":\"pt-BR\"},{\"@type\":\"WebPage\",\"@id\":\"https:\/\/bancariosdepiracicaba.com.br\/?p=8246#webpage\",\"url\":\"https:\/\/bancariosdepiracicaba.com.br\/?p=8246\",\"name\":\"Bradesco se compromete a solucionar caso de ass\u00e9dio moral em Piracicaba - Sindban\",\"isPartOf\":{\"@id\":\"https:\/\/bancariosdepiracicaba.com.br\/#website\"},\"datePublished\":\"2021-07-23T20:57:08+00:00\",\"dateModified\":\"2021-07-26T17:04:48+00:00\",\"breadcrumb\":{\"@id\":\"https:\/\/bancariosdepiracicaba.com.br\/?p=8246#breadcrumb\"},\"inLanguage\":\"pt-BR\",\"potentialAction\":[{\"@type\":\"ReadAction\",\"target\":[\"https:\/\/bancariosdepiracicaba.com.br\/?p=8246\"]}]},{\"@type\":\"BreadcrumbList\",\"@id\":\"https:\/\/bancariosdepiracicaba.com.br\/?p=8246#breadcrumb\",\"itemListElement\":[{\"@type\":\"ListItem\",\"position\":1,\"name\":\"Home\",\"item\":\"https:\/\/bancariosdepiracicaba.com.br\/\"},{\"@type\":\"ListItem\",\"position\":2,\"name\":\"Bradesco se compromete a solucionar caso de ass\u00e9dio moral em Piracicaba\"}]},{\"@type\":\"Article\",\"@id\":\"https:\/\/bancariosdepiracicaba.com.br\/?p=8246#article\",\"isPartOf\":{\"@id\":\"https:\/\/bancariosdepiracicaba.com.br\/?p=8246#webpage\"},\"author\":{\"@id\":\"https:\/\/bancariosdepiracicaba.com.br\/#\/schema\/person\/6a12c780fc145ea2c9af09989ee600b0\"},\"headline\":\"Bradesco se compromete a solucionar caso de ass\u00e9dio moral em Piracicaba\",\"datePublished\":\"2021-07-23T20:57:08+00:00\",\"dateModified\":\"2021-07-26T17:04:48+00:00\",\"mainEntityOfPage\":{\"@id\":\"https:\/\/bancariosdepiracicaba.com.br\/?p=8246#webpage\"},\"wordCount\":376,\"commentCount\":0,\"publisher\":{\"@id\":\"https:\/\/bancariosdepiracicaba.com.br\/#organization\"},\"articleSection\":[\"Bradesco\",\"Uncategorized\"],\"inLanguage\":\"pt-BR\",\"potentialAction\":[{\"@type\":\"CommentAction\",\"name\":\"Comment\",\"target\":[\"https:\/\/bancariosdepiracicaba.com.br\/?p=8246#respond\"]}]},{\"@type\":\"Person\",\"@id\":\"https:\/\/bancariosdepiracicaba.com.br\/#\/schema\/person\/6a12c780fc145ea2c9af09989ee600b0\",\"name\":\"admin\",\"image\":{\"@type\":\"ImageObject\",\"@id\":\"https:\/\/bancariosdepiracicaba.com.br\/#personlogo\",\"inLanguage\":\"pt-BR\",\"url\":\"https:\/\/secure.gravatar.com\/avatar\/3a05e74c6579e68209676cb5cb64e0918f288da7a49210fa18d6e9cac1189840?s=96&d=mm&r=g\",\"contentUrl\":\"https:\/\/secure.gravatar.com\/avatar\/3a05e74c6579e68209676cb5cb64e0918f288da7a49210fa18d6e9cac1189840?s=96&d=mm&r=g\",\"caption\":\"admin\"},\"sameAs\":[\"https:\/\/site.bancariosdepiracicaba.com.br\"],\"url\":\"https:\/\/bancariosdepiracicaba.com.br\/?author=1\"}]}<\/script>\n<!-- \/ Yoast SEO Premium plugin. -->","yoast_head_json":{"title":"Bradesco se compromete a solucionar caso de ass\u00e9dio moral em Piracicaba - Sindban","robots":{"index":"index","follow":"follow","max-snippet":"max-snippet:-1","max-image-preview":"max-image-preview:large","max-video-preview":"max-video-preview:-1"},"canonical":"https:\/\/bancariosdepiracicaba.com.br\/?p=8246","og_locale":"pt_BR","og_type":"article","og_title":"Bradesco se compromete a solucionar caso de ass\u00e9dio moral em Piracicaba - Sindban","og_description":"Em reuni\u00e3o realizada no final da tarde desta quinta-feira, 22, na sede do SINDBAN (Sindicato dos Banc\u00e1rios de Piracicaba e Regi\u00e3o), representantes da Regional do Bradesco em Piracicaba se comprometeram a solucionar o problema de ass\u00e9dio moral que vem ocorrendo na ag\u00eancia do Banco na Vila Paulista. Estiveram presentes na reuni\u00e3o o gerente Regional do &hellip; Bradesco se compromete a solucionar caso de ass\u00e9dio moral em Piracicaba Leia mais &raquo;","og_url":"https:\/\/bancariosdepiracicaba.com.br\/?p=8246","og_site_name":"Sindban","article_published_time":"2021-07-23T20:57:08+00:00","article_modified_time":"2021-07-26T17:04:48+00:00","twitter_card":"summary_large_image","twitter_misc":{"Escrito por":"admin","Est. tempo de leitura":"2 minutos"},"schema":{"@context":"https:\/\/schema.org","@graph":[{"@type":"Organization","@id":"https:\/\/bancariosdepiracicaba.com.br\/#organization","name":"Sindban","url":"https:\/\/bancariosdepiracicaba.com.br\/","sameAs":[],"logo":{"@type":"ImageObject","@id":"https:\/\/bancariosdepiracicaba.com.br\/#logo","inLanguage":"pt-BR","url":"https:\/\/site.bancariosdepiracicaba.com.br\/wp-content\/uploads\/2021\/04\/cropped-Asset-2.png","contentUrl":"https:\/\/site.bancariosdepiracicaba.com.br\/wp-content\/uploads\/2021\/04\/cropped-Asset-2.png","width":512,"height":512,"caption":"Sindban"},"image":{"@id":"https:\/\/bancariosdepiracicaba.com.br\/#logo"}},{"@type":"WebSite","@id":"https:\/\/bancariosdepiracicaba.com.br\/#website","url":"https:\/\/bancariosdepiracicaba.com.br\/","name":"Sindban","description":"Desenvolvimento","publisher":{"@id":"https:\/\/bancariosdepiracicaba.com.br\/#organization"},"potentialAction":[{"@type":"SearchAction","target":{"@type":"EntryPoint","urlTemplate":"https:\/\/bancariosdepiracicaba.com.br\/?s={search_term_string}"},"query-input":"required name=search_term_string"}],"inLanguage":"pt-BR"},{"@type":"WebPage","@id":"https:\/\/bancariosdepiracicaba.com.br\/?p=8246#webpage","url":"https:\/\/bancariosdepiracicaba.com.br\/?p=8246","name":"Bradesco se compromete a solucionar caso de ass\u00e9dio moral em Piracicaba - Sindban","isPartOf":{"@id":"https:\/\/bancariosdepiracicaba.com.br\/#website"},"datePublished":"2021-07-23T20:57:08+00:00","dateModified":"2021-07-26T17:04:48+00:00","breadcrumb":{"@id":"https:\/\/bancariosdepiracicaba.com.br\/?p=8246#breadcrumb"},"inLanguage":"pt-BR","potentialAction":[{"@type":"ReadAction","target":["https:\/\/bancariosdepiracicaba.com.br\/?p=8246"]}]},{"@type":"BreadcrumbList","@id":"https:\/\/bancariosdepiracicaba.com.br\/?p=8246#breadcrumb","itemListElement":[{"@type":"ListItem","position":1,"name":"Home","item":"https:\/\/bancariosdepiracicaba.com.br\/"},{"@type":"ListItem","position":2,"name":"Bradesco se compromete a solucionar caso de ass\u00e9dio moral em Piracicaba"}]},{"@type":"Article","@id":"https:\/\/bancariosdepiracicaba.com.br\/?p=8246#article","isPartOf":{"@id":"https:\/\/bancariosdepiracicaba.com.br\/?p=8246#webpage"},"author":{"@id":"https:\/\/bancariosdepiracicaba.com.br\/#\/schema\/person\/6a12c780fc145ea2c9af09989ee600b0"},"headline":"Bradesco se compromete a solucionar caso de ass\u00e9dio moral em Piracicaba","datePublished":"2021-07-23T20:57:08+00:00","dateModified":"2021-07-26T17:04:48+00:00","mainEntityOfPage":{"@id":"https:\/\/bancariosdepiracicaba.com.br\/?p=8246#webpage"},"wordCount":376,"commentCount":0,"publisher":{"@id":"https:\/\/bancariosdepiracicaba.com.br\/#organization"},"articleSection":["Bradesco","Uncategorized"],"inLanguage":"pt-BR","potentialAction":[{"@type":"CommentAction","name":"Comment","target":["https:\/\/bancariosdepiracicaba.com.br\/?p=8246#respond"]}]},{"@type":"Person","@id":"https:\/\/bancariosdepiracicaba.com.br\/#\/schema\/person\/6a12c780fc145ea2c9af09989ee600b0","name":"admin","image":{"@type":"ImageObject","@id":"https:\/\/bancariosdepiracicaba.com.br\/#personlogo","inLanguage":"pt-BR","url":"https:\/\/secure.gravatar.com\/avatar\/3a05e74c6579e68209676cb5cb64e0918f288da7a49210fa18d6e9cac1189840?s=96&d=mm&r=g","contentUrl":"https:\/\/secure.gravatar.com\/avatar\/3a05e74c6579e68209676cb5cb64e0918f288da7a49210fa18d6e9cac1189840?s=96&d=mm&r=g","caption":"admin"},"sameAs":["https:\/\/site.bancariosdepiracicaba.com.br"],"url":"https:\/\/bancariosdepiracicaba.com.br\/?author=1"}]}},"_links":{"self":[{"href":"https:\/\/bancariosdepiracicaba.com.br\/index.php?rest_route=\/wp\/v2\/posts\/8246","targetHints":{"allow":["GET"]}}],"collection":[{"href":"https:\/\/bancariosdepiracicaba.com.br\/index.php?rest_route=\/wp\/v2\/posts"}],"about":[{"href":"https:\/\/bancariosdepiracicaba.com.br\/index.php?rest_route=\/wp\/v2\/types\/post"}],"author":[{"embeddable":true,"href":"https:\/\/bancariosdepiracicaba.com.br\/index.php?rest_route=\/wp\/v2\/users\/1"}],"replies":[{"embeddable":true,"href":"https:\/\/bancariosdepiracicaba.com.br\/index.php?rest_route=%2Fwp%2Fv2%2Fcomments&post=8246"}],"version-history":[{"count":1,"href":"https:\/\/bancariosdepiracicaba.com.br\/index.php?rest_route=\/wp\/v2\/posts\/8246\/revisions"}],"predecessor-version":[{"id":12116,"href":"https:\/\/bancariosdepiracicaba.com.br\/index.php?rest_route=\/wp\/v2\/posts\/8246\/revisions\/12116"}],"wp:attachment":[{"href":"https:\/\/bancariosdepiracicaba.com.br\/index.php?rest_route=%2Fwp%2Fv2%2Fmedia&parent=8246"}],"wp:term":[{"taxonomy":"category","embeddable":true,"href":"https:\/\/bancariosdepiracicaba.com.br\/index.php?rest_route=%2Fwp%2Fv2%2Fcategories&post=8246"},{"taxonomy":"post_tag","embeddable":true,"href":"https:\/\/bancariosdepiracicaba.com.br\/index.php?rest_route=%2Fwp%2Fv2%2Ftags&post=8246"}],"curies":[{"name":"wp","href":"https:\/\/api.w.org\/{rel}","templated":true}]}}