{"id":8240,"date":"2021-07-23T20:57:01","date_gmt":"2021-07-23T20:57:01","guid":{"rendered":"https:\/\/site.bancariosdepiracicaba.com.br\/2021\/07\/23\/paralisacao-abre-negociacao-com-regional-do-bradesco\/"},"modified":"2021-08-11T21:43:46","modified_gmt":"2021-08-12T00:43:46","slug":"paralisacao-abre-negociacao-com-regional-do-bradesco","status":"publish","type":"post","link":"https:\/\/bancariosdepiracicaba.com.br\/?p=8240","title":{"rendered":"Paralisa\u00e7\u00e3o abre negocia\u00e7\u00e3o com Regional do Bradesco"},"content":{"rendered":"<p>O manifesto realizado na manh\u00e3 desta quinta-feira, 22, em frente \u00e0 ag\u00eancia do Bradesco da Paulista, em Piracicaba, rendeu resultados positivos para os banc\u00e1rios e clientes da ag\u00eancia. Ap\u00f3s diretores, funcion\u00e1rios e assessores do SINDBAN (Sindicato dos Banc\u00e1rios de Piracicaba e Regi\u00e3o) iniciarem o ato em frente \u00e0 ag\u00eancia, a regional do Bradesco abriu um canal para negocia\u00e7\u00e3o e uma reuni\u00e3o entre diretoria do Sindicato e a Regional ser\u00e1 realizada ainda na tarde desta quinta. O SINDBAN quer a transfer\u00eancia do gerente para outra ag\u00eancia e, se n\u00e3o houver negocia\u00e7\u00e3o, a ag\u00eancia do Bradesco da Paulista ser\u00e1 novamente fechada nesta sexta-feira, 23, at\u00e9 que o pedido seja acatado.<br \/>\nO manifesto faz parte do Dia Nacional de Luta contra o abuso dos bancos e foi a forma da categoria manifestar sua indigna\u00e7\u00e3o diante da intransig\u00eancia dos bancos, que nas duas rodadas duplas de negocia\u00e7\u00e3o realizadas at\u00e9 agora na Campanha Salarial rejeitaram todas as propostas sobre sa\u00fade, condi\u00e7\u00f5es de trabalho, seguran\u00e7a, emprego e igualdade de oportunidades. A ag\u00eancia do Bradesco na Paulista foi escolhida como ponto de manifesto em Piracicaba em fun\u00e7\u00e3o das reclama\u00e7\u00f5es de funcion\u00e1rios quanto ao ass\u00e9dio moral do gerente geral e de clientes sobre o seu comportamento. Esta \u00e9 a segunda vez que a ag\u00eancia foi paralisada pelo mesmo motivo, sendo a primeira no dia 31 de julho deste ano.<br \/>\n  \u201c;O primeiro manifesto que fizemos foi de advert\u00eancia em fun\u00e7\u00e3o da quest\u00e3o comportamental do gerente. N\u00e3o quer \u00edamos sua demiss\u00e3o, pelo contr\u00e1rio, oferecemos ajuda a ele, tratamento psicol\u00f3gico gratuito do Sindicato para que pudesse ser tratado. S\u00f3 queremos que ele respeite seus subordinados e os clientes \u201c;, afirmou o presidente do SINDBAN e vereador pelo PT, Jos\u00e9 Antonio Fernandes Paiva.<br \/>\nDurante o discurso em frente a ag\u00eancia para os banc\u00e1rios e comerciantes da regi\u00e3o, Paiva acrescentou que tanto no trabalho quanto no \u00e2mbito familiar conquista-se mais com o respeito e o convencimento, n\u00e3o impondo formas de trabalho, metas e desafios.  \u201c;Um gestor tem que estar preparado para isso, para lidar com os funcion\u00e1rios, com os clientes, e n\u00e3o expor a sa\u00fade dos banc\u00e1rios. Por isso estamos aqui hoje, lutando pela categoria. O Sindicato \u00e9 contra a explora\u00e7\u00e3o e \u00e9 pago para defender os trabalhadores e tamb\u00e9m os clientes que reclamam do atendimento grosseiro que lhes \u00e9 prestado, e fazemos isso com muito orgulho \u201c;, salientou.<br \/>\nAp\u00f3s conversar com funcion\u00e1rios e clientes do Banco, Paiva foi contatado pela Regional do Bradesco para que a ag\u00eancia fosse aberta e uma reuni\u00e3o entre diretoria de ambas as partes fosse realizada ainda nesta quinta para uma negocia\u00e7\u00e3o. A diretoria se reuniu no mesmo instante e decidiu aceitar a proposta, j\u00e1 que a Regional abriu essa negocia\u00e7\u00e3o. O hor\u00e1rio de abertura da ag\u00eancia foi retardado em uma hora e, no final da tarde de hoje, uma reuni\u00e3o a portas fechadas ser\u00e1 realizada para definir a melhor alternativa para banc\u00e1rios e clientes.<br \/>\nRECLAMA\u00e7\u00f5ES -; Clientes da ag\u00eancia, empres\u00e1rios e correspondentes banc\u00e1rios procuraram os diretores do Sindicato para reclamarem do atendimento prestado pelo gerente, por meio de reclama\u00e7\u00f5es telef\u00f4nicas e durante o ato, realizado nesta quinta.<br \/>\nA maioria fazia o mesmo apelo: que o gerente geral fosse afastado da ag\u00eancia, pois atende com falta de educa\u00e7\u00e3o e de maneira grosseira.  \u201c;Ele foi v\u00e1rias vezes grosso comigo, n\u00e3o me atendeu quando solicitei e ainda fazia amea\u00e7a para gerente que pediu demiss\u00e3o. Amea\u00e7ou ainda, na frente de v\u00e1rios clientes, que iria at\u00e9 a minha empresa fazer uma cobran\u00e7a e um esc\u00e2ndalo por causa de uma duplicata que estava vencida h\u00e1 dois dias \u201c;, afirmou uma cliente.<br \/>\nOutra cliente alegou que o gerente a destratou e disse que transferiu sua conta para esta ag\u00eancia, pois fica mais perto do seu trabalho, por\u00e9m, j\u00e1 est\u00e1 arrependida.  \u201c;Eu fiquei horrorizada com a forma que ele atende os clientes. Uma falta de educa\u00e7\u00e3o e grosseria absurdos \u201c;, acrescentou.<br \/>\nTexto: Michelle Bottin<\/p>\n","protected":false},"excerpt":{"rendered":"<p>O manifesto realizado na manh\u00e3 desta quinta-feira, 22, em frente \u00e0 ag\u00eancia do Bradesco da Paulista, em Piracicaba, rendeu resultados positivos para os banc\u00e1rios e clientes da ag\u00eancia. Ap\u00f3s diretores, funcion\u00e1rios e assessores do SINDBAN (Sindicato dos Banc\u00e1rios de Piracicaba e Regi\u00e3o) iniciarem o ato em frente \u00e0 ag\u00eancia, a regional do Bradesco abriu um &hellip;<\/p>\n<p class=\"read-more\"> <a class=\"\" href=\"https:\/\/bancariosdepiracicaba.com.br\/?p=8240\"> <span class=\"screen-reader-text\">Paralisa\u00e7\u00e3o abre negocia\u00e7\u00e3o com Regional do Bradesco<\/span> Leia mais &raquo;<\/a><\/p>\n","protected":false},"author":1,"featured_media":0,"comment_status":"open","ping_status":"open","sticky":false,"template":"","format":"standard","meta":{"site-sidebar-layout":"default","site-content-layout":"default","ast-main-header-display":"","ast-hfb-above-header-display":"","ast-hfb-below-header-display":"","ast-hfb-mobile-header-display":"","site-post-title":"","ast-breadcrumbs-content":"","ast-featured-img":"","footer-sml-layout":"","theme-transparent-header-meta":"","adv-header-id-meta":"","stick-header-meta":"","header-above-stick-meta":"","header-main-stick-meta":"","header-below-stick-meta":"","footnotes":""},"categories":[12,52,1],"tags":[],"class_list":["post-8240","post","type-post","status-publish","format-standard","hentry","category-bradesco","category-campanha-salarial","category-uncategorized"],"yoast_head":"<!-- This site is optimized with the Yoast SEO Premium plugin v16.1 (Yoast SEO v18.0) - https:\/\/yoast.com\/wordpress\/plugins\/seo\/ -->\n<title>Paralisa\u00e7\u00e3o abre negocia\u00e7\u00e3o com Regional do Bradesco - Sindban<\/title>\n<meta name=\"robots\" content=\"index, follow, max-snippet:-1, max-image-preview:large, max-video-preview:-1\" \/>\n<link rel=\"canonical\" href=\"https:\/\/bancariosdepiracicaba.com.br\/?p=8240\" \/>\n<meta property=\"og:locale\" content=\"pt_BR\" \/>\n<meta property=\"og:type\" content=\"article\" \/>\n<meta property=\"og:title\" content=\"Paralisa\u00e7\u00e3o abre negocia\u00e7\u00e3o com Regional do Bradesco - Sindban\" \/>\n<meta property=\"og:description\" content=\"O manifesto realizado na manh\u00e3 desta quinta-feira, 22, em frente \u00e0 ag\u00eancia do Bradesco da Paulista, em Piracicaba, rendeu resultados positivos para os banc\u00e1rios e clientes da ag\u00eancia. Ap\u00f3s diretores, funcion\u00e1rios e assessores do SINDBAN (Sindicato dos Banc\u00e1rios de Piracicaba e Regi\u00e3o) iniciarem o ato em frente \u00e0 ag\u00eancia, a regional do Bradesco abriu um &hellip; Paralisa\u00e7\u00e3o abre negocia\u00e7\u00e3o com Regional do Bradesco Leia mais &raquo;\" \/>\n<meta property=\"og:url\" content=\"https:\/\/bancariosdepiracicaba.com.br\/?p=8240\" \/>\n<meta property=\"og:site_name\" content=\"Sindban\" \/>\n<meta property=\"article:published_time\" content=\"2021-07-23T20:57:01+00:00\" \/>\n<meta property=\"article:modified_time\" content=\"2021-08-12T00:43:46+00:00\" \/>\n<meta name=\"twitter:card\" content=\"summary_large_image\" \/>\n<meta name=\"twitter:label1\" content=\"Escrito por\" \/>\n\t<meta name=\"twitter:data1\" content=\"admin\" \/>\n\t<meta name=\"twitter:label2\" content=\"Est. tempo de leitura\" \/>\n\t<meta name=\"twitter:data2\" content=\"3 minutos\" \/>\n<script type=\"application\/ld+json\" class=\"yoast-schema-graph\">{\"@context\":\"https:\/\/schema.org\",\"@graph\":[{\"@type\":\"Organization\",\"@id\":\"https:\/\/bancariosdepiracicaba.com.br\/#organization\",\"name\":\"Sindban\",\"url\":\"https:\/\/bancariosdepiracicaba.com.br\/\",\"sameAs\":[],\"logo\":{\"@type\":\"ImageObject\",\"@id\":\"https:\/\/bancariosdepiracicaba.com.br\/#logo\",\"inLanguage\":\"pt-BR\",\"url\":\"https:\/\/site.bancariosdepiracicaba.com.br\/wp-content\/uploads\/2021\/04\/cropped-Asset-2.png\",\"contentUrl\":\"https:\/\/site.bancariosdepiracicaba.com.br\/wp-content\/uploads\/2021\/04\/cropped-Asset-2.png\",\"width\":512,\"height\":512,\"caption\":\"Sindban\"},\"image\":{\"@id\":\"https:\/\/bancariosdepiracicaba.com.br\/#logo\"}},{\"@type\":\"WebSite\",\"@id\":\"https:\/\/bancariosdepiracicaba.com.br\/#website\",\"url\":\"https:\/\/bancariosdepiracicaba.com.br\/\",\"name\":\"Sindban\",\"description\":\"Desenvolvimento\",\"publisher\":{\"@id\":\"https:\/\/bancariosdepiracicaba.com.br\/#organization\"},\"potentialAction\":[{\"@type\":\"SearchAction\",\"target\":{\"@type\":\"EntryPoint\",\"urlTemplate\":\"https:\/\/bancariosdepiracicaba.com.br\/?s={search_term_string}\"},\"query-input\":\"required name=search_term_string\"}],\"inLanguage\":\"pt-BR\"},{\"@type\":\"WebPage\",\"@id\":\"https:\/\/bancariosdepiracicaba.com.br\/?p=8240#webpage\",\"url\":\"https:\/\/bancariosdepiracicaba.com.br\/?p=8240\",\"name\":\"Paralisa\u00e7\u00e3o abre negocia\u00e7\u00e3o com Regional do Bradesco - Sindban\",\"isPartOf\":{\"@id\":\"https:\/\/bancariosdepiracicaba.com.br\/#website\"},\"datePublished\":\"2021-07-23T20:57:01+00:00\",\"dateModified\":\"2021-08-12T00:43:46+00:00\",\"breadcrumb\":{\"@id\":\"https:\/\/bancariosdepiracicaba.com.br\/?p=8240#breadcrumb\"},\"inLanguage\":\"pt-BR\",\"potentialAction\":[{\"@type\":\"ReadAction\",\"target\":[\"https:\/\/bancariosdepiracicaba.com.br\/?p=8240\"]}]},{\"@type\":\"BreadcrumbList\",\"@id\":\"https:\/\/bancariosdepiracicaba.com.br\/?p=8240#breadcrumb\",\"itemListElement\":[{\"@type\":\"ListItem\",\"position\":1,\"name\":\"Home\",\"item\":\"https:\/\/bancariosdepiracicaba.com.br\/\"},{\"@type\":\"ListItem\",\"position\":2,\"name\":\"Paralisa\u00e7\u00e3o abre negocia\u00e7\u00e3o com Regional do Bradesco\"}]},{\"@type\":\"Article\",\"@id\":\"https:\/\/bancariosdepiracicaba.com.br\/?p=8240#article\",\"isPartOf\":{\"@id\":\"https:\/\/bancariosdepiracicaba.com.br\/?p=8240#webpage\"},\"author\":{\"@id\":\"https:\/\/bancariosdepiracicaba.com.br\/#\/schema\/person\/6a12c780fc145ea2c9af09989ee600b0\"},\"headline\":\"Paralisa\u00e7\u00e3o abre negocia\u00e7\u00e3o com Regional do Bradesco\",\"datePublished\":\"2021-07-23T20:57:01+00:00\",\"dateModified\":\"2021-08-12T00:43:46+00:00\",\"mainEntityOfPage\":{\"@id\":\"https:\/\/bancariosdepiracicaba.com.br\/?p=8240#webpage\"},\"wordCount\":708,\"commentCount\":0,\"publisher\":{\"@id\":\"https:\/\/bancariosdepiracicaba.com.br\/#organization\"},\"articleSection\":[\"Bradesco\",\"Campanha Salarial\",\"Uncategorized\"],\"inLanguage\":\"pt-BR\",\"potentialAction\":[{\"@type\":\"CommentAction\",\"name\":\"Comment\",\"target\":[\"https:\/\/bancariosdepiracicaba.com.br\/?p=8240#respond\"]}]},{\"@type\":\"Person\",\"@id\":\"https:\/\/bancariosdepiracicaba.com.br\/#\/schema\/person\/6a12c780fc145ea2c9af09989ee600b0\",\"name\":\"admin\",\"image\":{\"@type\":\"ImageObject\",\"@id\":\"https:\/\/bancariosdepiracicaba.com.br\/#personlogo\",\"inLanguage\":\"pt-BR\",\"url\":\"https:\/\/secure.gravatar.com\/avatar\/3a05e74c6579e68209676cb5cb64e0918f288da7a49210fa18d6e9cac1189840?s=96&d=mm&r=g\",\"contentUrl\":\"https:\/\/secure.gravatar.com\/avatar\/3a05e74c6579e68209676cb5cb64e0918f288da7a49210fa18d6e9cac1189840?s=96&d=mm&r=g\",\"caption\":\"admin\"},\"sameAs\":[\"https:\/\/site.bancariosdepiracicaba.com.br\"],\"url\":\"https:\/\/bancariosdepiracicaba.com.br\/?author=1\"}]}<\/script>\n<!-- \/ Yoast SEO Premium plugin. -->","yoast_head_json":{"title":"Paralisa\u00e7\u00e3o abre negocia\u00e7\u00e3o com Regional do Bradesco - Sindban","robots":{"index":"index","follow":"follow","max-snippet":"max-snippet:-1","max-image-preview":"max-image-preview:large","max-video-preview":"max-video-preview:-1"},"canonical":"https:\/\/bancariosdepiracicaba.com.br\/?p=8240","og_locale":"pt_BR","og_type":"article","og_title":"Paralisa\u00e7\u00e3o abre negocia\u00e7\u00e3o com Regional do Bradesco - Sindban","og_description":"O manifesto realizado na manh\u00e3 desta quinta-feira, 22, em frente \u00e0 ag\u00eancia do Bradesco da Paulista, em Piracicaba, rendeu resultados positivos para os banc\u00e1rios e clientes da ag\u00eancia. Ap\u00f3s diretores, funcion\u00e1rios e assessores do SINDBAN (Sindicato dos Banc\u00e1rios de Piracicaba e Regi\u00e3o) iniciarem o ato em frente \u00e0 ag\u00eancia, a regional do Bradesco abriu um &hellip; Paralisa\u00e7\u00e3o abre negocia\u00e7\u00e3o com Regional do Bradesco Leia mais &raquo;","og_url":"https:\/\/bancariosdepiracicaba.com.br\/?p=8240","og_site_name":"Sindban","article_published_time":"2021-07-23T20:57:01+00:00","article_modified_time":"2021-08-12T00:43:46+00:00","twitter_card":"summary_large_image","twitter_misc":{"Escrito por":"admin","Est. tempo de leitura":"3 minutos"},"schema":{"@context":"https:\/\/schema.org","@graph":[{"@type":"Organization","@id":"https:\/\/bancariosdepiracicaba.com.br\/#organization","name":"Sindban","url":"https:\/\/bancariosdepiracicaba.com.br\/","sameAs":[],"logo":{"@type":"ImageObject","@id":"https:\/\/bancariosdepiracicaba.com.br\/#logo","inLanguage":"pt-BR","url":"https:\/\/site.bancariosdepiracicaba.com.br\/wp-content\/uploads\/2021\/04\/cropped-Asset-2.png","contentUrl":"https:\/\/site.bancariosdepiracicaba.com.br\/wp-content\/uploads\/2021\/04\/cropped-Asset-2.png","width":512,"height":512,"caption":"Sindban"},"image":{"@id":"https:\/\/bancariosdepiracicaba.com.br\/#logo"}},{"@type":"WebSite","@id":"https:\/\/bancariosdepiracicaba.com.br\/#website","url":"https:\/\/bancariosdepiracicaba.com.br\/","name":"Sindban","description":"Desenvolvimento","publisher":{"@id":"https:\/\/bancariosdepiracicaba.com.br\/#organization"},"potentialAction":[{"@type":"SearchAction","target":{"@type":"EntryPoint","urlTemplate":"https:\/\/bancariosdepiracicaba.com.br\/?s={search_term_string}"},"query-input":"required name=search_term_string"}],"inLanguage":"pt-BR"},{"@type":"WebPage","@id":"https:\/\/bancariosdepiracicaba.com.br\/?p=8240#webpage","url":"https:\/\/bancariosdepiracicaba.com.br\/?p=8240","name":"Paralisa\u00e7\u00e3o abre negocia\u00e7\u00e3o com Regional do Bradesco - Sindban","isPartOf":{"@id":"https:\/\/bancariosdepiracicaba.com.br\/#website"},"datePublished":"2021-07-23T20:57:01+00:00","dateModified":"2021-08-12T00:43:46+00:00","breadcrumb":{"@id":"https:\/\/bancariosdepiracicaba.com.br\/?p=8240#breadcrumb"},"inLanguage":"pt-BR","potentialAction":[{"@type":"ReadAction","target":["https:\/\/bancariosdepiracicaba.com.br\/?p=8240"]}]},{"@type":"BreadcrumbList","@id":"https:\/\/bancariosdepiracicaba.com.br\/?p=8240#breadcrumb","itemListElement":[{"@type":"ListItem","position":1,"name":"Home","item":"https:\/\/bancariosdepiracicaba.com.br\/"},{"@type":"ListItem","position":2,"name":"Paralisa\u00e7\u00e3o abre negocia\u00e7\u00e3o com Regional do Bradesco"}]},{"@type":"Article","@id":"https:\/\/bancariosdepiracicaba.com.br\/?p=8240#article","isPartOf":{"@id":"https:\/\/bancariosdepiracicaba.com.br\/?p=8240#webpage"},"author":{"@id":"https:\/\/bancariosdepiracicaba.com.br\/#\/schema\/person\/6a12c780fc145ea2c9af09989ee600b0"},"headline":"Paralisa\u00e7\u00e3o abre negocia\u00e7\u00e3o com Regional do Bradesco","datePublished":"2021-07-23T20:57:01+00:00","dateModified":"2021-08-12T00:43:46+00:00","mainEntityOfPage":{"@id":"https:\/\/bancariosdepiracicaba.com.br\/?p=8240#webpage"},"wordCount":708,"commentCount":0,"publisher":{"@id":"https:\/\/bancariosdepiracicaba.com.br\/#organization"},"articleSection":["Bradesco","Campanha Salarial","Uncategorized"],"inLanguage":"pt-BR","potentialAction":[{"@type":"CommentAction","name":"Comment","target":["https:\/\/bancariosdepiracicaba.com.br\/?p=8240#respond"]}]},{"@type":"Person","@id":"https:\/\/bancariosdepiracicaba.com.br\/#\/schema\/person\/6a12c780fc145ea2c9af09989ee600b0","name":"admin","image":{"@type":"ImageObject","@id":"https:\/\/bancariosdepiracicaba.com.br\/#personlogo","inLanguage":"pt-BR","url":"https:\/\/secure.gravatar.com\/avatar\/3a05e74c6579e68209676cb5cb64e0918f288da7a49210fa18d6e9cac1189840?s=96&d=mm&r=g","contentUrl":"https:\/\/secure.gravatar.com\/avatar\/3a05e74c6579e68209676cb5cb64e0918f288da7a49210fa18d6e9cac1189840?s=96&d=mm&r=g","caption":"admin"},"sameAs":["https:\/\/site.bancariosdepiracicaba.com.br"],"url":"https:\/\/bancariosdepiracicaba.com.br\/?author=1"}]}},"_links":{"self":[{"href":"https:\/\/bancariosdepiracicaba.com.br\/index.php?rest_route=\/wp\/v2\/posts\/8240","targetHints":{"allow":["GET"]}}],"collection":[{"href":"https:\/\/bancariosdepiracicaba.com.br\/index.php?rest_route=\/wp\/v2\/posts"}],"about":[{"href":"https:\/\/bancariosdepiracicaba.com.br\/index.php?rest_route=\/wp\/v2\/types\/post"}],"author":[{"embeddable":true,"href":"https:\/\/bancariosdepiracicaba.com.br\/index.php?rest_route=\/wp\/v2\/users\/1"}],"replies":[{"embeddable":true,"href":"https:\/\/bancariosdepiracicaba.com.br\/index.php?rest_route=%2Fwp%2Fv2%2Fcomments&post=8240"}],"version-history":[{"count":1,"href":"https:\/\/bancariosdepiracicaba.com.br\/index.php?rest_route=\/wp\/v2\/posts\/8240\/revisions"}],"predecessor-version":[{"id":12117,"href":"https:\/\/bancariosdepiracicaba.com.br\/index.php?rest_route=\/wp\/v2\/posts\/8240\/revisions\/12117"}],"wp:attachment":[{"href":"https:\/\/bancariosdepiracicaba.com.br\/index.php?rest_route=%2Fwp%2Fv2%2Fmedia&parent=8240"}],"wp:term":[{"taxonomy":"category","embeddable":true,"href":"https:\/\/bancariosdepiracicaba.com.br\/index.php?rest_route=%2Fwp%2Fv2%2Fcategories&post=8240"},{"taxonomy":"post_tag","embeddable":true,"href":"https:\/\/bancariosdepiracicaba.com.br\/index.php?rest_route=%2Fwp%2Fv2%2Ftags&post=8240"}],"curies":[{"name":"wp","href":"https:\/\/api.w.org\/{rel}","templated":true}]}}