{"id":8226,"date":"2021-07-23T20:56:43","date_gmt":"2021-07-23T20:56:43","guid":{"rendered":"https:\/\/site.bancariosdepiracicaba.com.br\/2021\/07\/23\/negociacao-com-bancos-nao-avanca-e-comando-reforca-mobilizacao\/"},"modified":"2021-08-11T21:59:33","modified_gmt":"2021-08-12T00:59:33","slug":"negociacao-com-bancos-nao-avanca-e-comando-reforca-mobilizacao","status":"publish","type":"post","link":"https:\/\/bancariosdepiracicaba.com.br\/?p=8226","title":{"rendered":"Negocia\u00e7\u00e3o com bancos n\u00e3o avan\u00e7a e Comando refor\u00e7a mobiliza\u00e7\u00e3o"},"content":{"rendered":"<p>A segunda rodada de negocia\u00e7\u00f5es da Campanha 2013, que tratou de sa\u00fade e condi\u00e7\u00f5es de trabalho, emprego e igualdade de oportunidades, terminou na sexta-feira, 16, como come\u00e7ou na quinta: com os bancos rejeitando todas as reivindica\u00e7\u00f5es dos banc\u00e1rios apresentadas pelo Comando Nacional.<br \/>\n \u201c;Como acontece todos os anos, os banqueiros s\u00f3 agem sob press\u00e3o. Na pr\u00f3xima semana n\u00e3o haver\u00e1 negocia\u00e7\u00e3o. Por isso \u00e9 importante que todas as nossas entidades intensifiquem a prepara\u00e7\u00e3o do Dia Nacional de Luta no dia 22, com passeatas em todo o pa \u00eds, e da greve geral do dia 30 convocada pelas centrais sindicais \u201c;, afirmou Carlos Cordeiro, presidente da Contraf-CUT e coordenador do Comando Nacional dos Banc\u00e1rios.<br \/>\nOs bancos, que na quinta-feira j\u00e1 haviam rejeitado as reivindica\u00e7\u00f5es sobre o fim das demiss\u00f5es imotivadas e da rotatividade e sobre o respeito \u00e0 jornada de 6 horas, nesta sexta-feira recusaram tamb\u00e9m as demandas relativas \u00e0s terceiriza\u00e7\u00f5es, aos correspondentes banc\u00e1rios, \u00e0 cria\u00e7\u00e3o de comiss\u00e3o para acompanhar mudan\u00e7as tecnol\u00f3gicas e ao projeto dos banc\u00e1rios sobre amplia\u00e7\u00e3o do hor\u00e1rio de atendimento ao p\u00fablico, al\u00e9m da implementa\u00e7\u00e3o de medidas pr\u00e1ticas para coibir discrimina\u00e7\u00f5es e promover a igualdade de oportunidades.<br \/>\nBASTA DE TERCEIRIZA\u00e7\u00e3O -; A reivindica\u00e7\u00e3o dos banc\u00e1rios \u00e9 que os bancos suspendam a implanta\u00e7\u00e3o de quaisquer projetos de terceiriza\u00e7\u00e3o e recontratem como banc\u00e1rios os terceirizados dos setores de recursos humanos, compensa\u00e7\u00e3o, tesouraria, caixa r\u00e1pido, home banking, autoatendimento, teleatendimento, cobran\u00e7a, cart\u00e3o de cr\u00e9dito, retaguarda, concess\u00e3o de cr\u00e9dito e atendimento direto ao cliente com produtos e servi\u00e7os banc\u00e1rios.<br \/>\nOs bancos rejeitaram a proposta. A Fenaban, ao contr\u00e1rio, quer terceirizar todo o servi\u00e7o banc\u00e1rio. S\u00e3o os bancos que est\u00e3o coordenando a bancada empresarial na mesa quadripartite (que inclui ainda trabalhadores, governo e parlamentares) que est\u00e1 discutindo o PL 4330 que regulamenta a terceiriza\u00e7\u00e3o e precariza o trabalho. Se o PL for aprovado, o sistema financeiro estar\u00e1 livre para terceirizar os caixas e gerentes.<br \/>\nCORRESPONDENTES BANC\u00e1RIOS -; Os representantes patronais tamb\u00e9m recusaram a demanda para que os bancos universalizem o atendimento banc\u00e1rio para todos os munic \u00edpios do pa \u00eds, dentro de um processo de inclus\u00e3o banc\u00e1ria, assegurando indistintamente a presta\u00e7\u00e3o de todos os servi\u00e7os, que devem prestados por banc\u00e1rios em ag\u00eancias e PABs, visando garantir qualidade de atendimento, seguran\u00e7a e proteger o sigilo banc\u00e1rio.<br \/>\nCOMISS\u00e3O SOBRE MUDAN\u00e7AS TECNOL\u00f3GICAS -; Com o objetivo de impedir demiss\u00f5es, os banc\u00e1rios querem criar comiss\u00e3o bipartite sobre mudan\u00e7as tecnol\u00f3gicas para debater, acompanhar e apresentar propostas diante de projetos de mudan\u00e7a tecnol\u00f3gica e organizacional das empresas, reestrutura\u00e7\u00e3o administrativa e introdu\u00e7\u00e3o de novos equipamentos.<br \/>\nOs negociadores dos bancos recusaram a cria\u00e7\u00e3o da comiss\u00e3o, alegando que cada institui\u00e7\u00e3o tem sua pr\u00f3pria pol \u00edtica tecnol\u00f3gica, e propuseram a realiza\u00e7\u00e3o de um semin\u00e1rio sobre o tema.<br \/>\nATENDIMENTO E FILAS -; Os bancos recusaram tanto a reivindica\u00e7\u00e3o para a cria\u00e7\u00e3o de dois turnos de trabalho, a fim de viabilizar o cumprimento do hor\u00e1rio de atendimento ao p\u00fablico das 9h \u00e0s 17h &#8211; com proibi\u00e7\u00e3o de abertura das ag\u00eancias aos s\u00e1bados, domingos, feriados e per \u00edodo noturno &#8211; quanto a demanda para que tomem medidas para diminuir o tempo de espera dos clientes e usu\u00e1rios nas filas, inclusive com contrata\u00e7\u00e3o de pessoal, evitando que o tempo de espera ultrapasse a 15 minutos.<br \/>\nPROMO\u00e7\u00e3O DA IGUALDADE DE OPORTUNIDADES -; A reivindica\u00e7\u00e3o dos banc\u00e1rios \u00e9 que os bancos tomem medidas concretas para democratizar o acesso e as promo\u00e7\u00f5es nas empresas, garantindo que mulheres, negras, ind \u00edgenas, homoafetivos e deficientes tenham igualdade de condi\u00e7\u00f5es de contrata\u00e7\u00e3o, independente de idade e condi\u00e7\u00f5es socioecon\u00f4mica. A ascens\u00e3o profissional deve ser a partir de crit\u00e9rios objetivos, transparentes e democr\u00e1ticos.<br \/>\nAs empresas, al\u00e9m disso, precisam incorporar o respeito \u00e0 igualdade de tratamento entre mulheres e homens como um valor organizacional, devendo, para tanto, adotar medidas preventivas e planos de a\u00e7\u00e3o para a elimina\u00e7\u00e3o de quaisquer pr\u00e1ticas discriminat\u00f3rias nos locais de trabalho.<br \/>\nE pela primeira vez, os banc\u00e1rios inclu \u00edram na pauta cl\u00e1usula reivindicando que seja assegurado no quadro de empregados de cada banco o percentual m \u00ednimo de 20% de negros e negras.<br \/>\nOs negociadores da Fenaban concordam em geral com os diagn\u00f3sticos sobre a necessidade de promo\u00e7\u00e3o da igualdade de oportunidades, mas argumentam que isso deve acontecer naturalmente e se recusam a adotar medidas objetivas e concretas.<br \/>\nCALEND\u00e1RIO DE LUTA<br \/>\nAgosto<br \/>\n19 &#8211; Segunda rodada de negocia\u00e7\u00e3o entre Comando e Caixa<br \/>\n19 e 20 &#8211; Primeira rodada de negocia\u00e7\u00e3o entre Comando e Banco da Amaz\u00f4nia<br \/>\n22 &#8211; Dia Nacional de Luta, com passeatas dos banc\u00e1rios<br \/>\n23 &#8211; Segunda rodada das negocia\u00e7\u00f5es espec \u00edficas do Banco do Brasil<br \/>\n26 e 27 &#8211; Terceira rodada de negocia\u00e7\u00f5es entre Comando e Fenaban<br \/>\n28 &#8211; Dia do Banc\u00e1rio, com atos de comemora\u00e7\u00e3o e de mobiliza\u00e7\u00e3o<br \/>\n29 &#8211; Terceira rodada de negocia\u00e7\u00e3o espec \u00edfica entre Comando e BB<br \/>\n30 &#8211; Paralisa\u00e7\u00e3o nacional das centrais sindicais pela pauta da classe trabalhadora<br \/>\nSetembro<br \/>\n3 &#8211; Previs\u00e3o de vota\u00e7\u00e3o do PL 4330 da terceiriza\u00e7\u00e3o na CCJC da C\u00e2mara<br \/>\nFonte: Contraf-CUT\/ Foto: Jailton Garcia\/Contraf-CUT<\/p>\n","protected":false},"excerpt":{"rendered":"<p>A segunda rodada de negocia\u00e7\u00f5es da Campanha 2013, que tratou de sa\u00fade e condi\u00e7\u00f5es de trabalho, emprego e igualdade de oportunidades, terminou na sexta-feira, 16, como come\u00e7ou na quinta: com os bancos rejeitando todas as reivindica\u00e7\u00f5es dos banc\u00e1rios apresentadas pelo Comando Nacional. \u201c;Como acontece todos os anos, os banqueiros s\u00f3 agem sob press\u00e3o. Na pr\u00f3xima &hellip;<\/p>\n<p class=\"read-more\"> <a class=\"\" href=\"https:\/\/bancariosdepiracicaba.com.br\/?p=8226\"> <span class=\"screen-reader-text\">Negocia\u00e7\u00e3o com bancos n\u00e3o avan\u00e7a e Comando refor\u00e7a mobiliza\u00e7\u00e3o<\/span> Leia mais &raquo;<\/a><\/p>\n","protected":false},"author":1,"featured_media":0,"comment_status":"open","ping_status":"open","sticky":false,"template":"","format":"standard","meta":{"site-sidebar-layout":"default","site-content-layout":"default","ast-main-header-display":"","ast-hfb-above-header-display":"","ast-hfb-below-header-display":"","ast-hfb-mobile-header-display":"","site-post-title":"","ast-breadcrumbs-content":"","ast-featured-img":"","footer-sml-layout":"","theme-transparent-header-meta":"","adv-header-id-meta":"","stick-header-meta":"","header-above-stick-meta":"","header-main-stick-meta":"","header-below-stick-meta":"","footnotes":""},"categories":[44,1],"tags":[],"class_list":["post-8226","post","type-post","status-publish","format-standard","hentry","category-mulher","category-uncategorized"],"yoast_head":"<!-- This site is optimized with the Yoast SEO Premium plugin v16.1 (Yoast SEO v18.0) - https:\/\/yoast.com\/wordpress\/plugins\/seo\/ -->\n<title>Negocia\u00e7\u00e3o com bancos n\u00e3o avan\u00e7a e Comando refor\u00e7a mobiliza\u00e7\u00e3o - Sindban<\/title>\n<meta name=\"robots\" content=\"index, follow, max-snippet:-1, max-image-preview:large, max-video-preview:-1\" \/>\n<link rel=\"canonical\" href=\"https:\/\/bancariosdepiracicaba.com.br\/?p=8226\" \/>\n<meta property=\"og:locale\" content=\"pt_BR\" \/>\n<meta property=\"og:type\" content=\"article\" \/>\n<meta property=\"og:title\" content=\"Negocia\u00e7\u00e3o com bancos n\u00e3o avan\u00e7a e Comando refor\u00e7a mobiliza\u00e7\u00e3o - Sindban\" \/>\n<meta property=\"og:description\" content=\"A segunda rodada de negocia\u00e7\u00f5es da Campanha 2013, que tratou de sa\u00fade e condi\u00e7\u00f5es de trabalho, emprego e igualdade de oportunidades, terminou na sexta-feira, 16, como come\u00e7ou na quinta: com os bancos rejeitando todas as reivindica\u00e7\u00f5es dos banc\u00e1rios apresentadas pelo Comando Nacional. \u201c;Como acontece todos os anos, os banqueiros s\u00f3 agem sob press\u00e3o. Na pr\u00f3xima &hellip; Negocia\u00e7\u00e3o com bancos n\u00e3o avan\u00e7a e Comando refor\u00e7a mobiliza\u00e7\u00e3o Leia mais &raquo;\" \/>\n<meta property=\"og:url\" content=\"https:\/\/bancariosdepiracicaba.com.br\/?p=8226\" \/>\n<meta property=\"og:site_name\" content=\"Sindban\" \/>\n<meta property=\"article:published_time\" content=\"2021-07-23T20:56:43+00:00\" \/>\n<meta property=\"article:modified_time\" content=\"2021-08-12T00:59:33+00:00\" \/>\n<meta name=\"twitter:card\" content=\"summary_large_image\" \/>\n<meta name=\"twitter:label1\" content=\"Escrito por\" \/>\n\t<meta name=\"twitter:data1\" content=\"admin\" \/>\n\t<meta name=\"twitter:label2\" content=\"Est. tempo de leitura\" \/>\n\t<meta name=\"twitter:data2\" content=\"5 minutos\" \/>\n<script type=\"application\/ld+json\" class=\"yoast-schema-graph\">{\"@context\":\"https:\/\/schema.org\",\"@graph\":[{\"@type\":\"Organization\",\"@id\":\"https:\/\/bancariosdepiracicaba.com.br\/#organization\",\"name\":\"Sindban\",\"url\":\"https:\/\/bancariosdepiracicaba.com.br\/\",\"sameAs\":[],\"logo\":{\"@type\":\"ImageObject\",\"@id\":\"https:\/\/bancariosdepiracicaba.com.br\/#logo\",\"inLanguage\":\"pt-BR\",\"url\":\"https:\/\/site.bancariosdepiracicaba.com.br\/wp-content\/uploads\/2021\/04\/cropped-Asset-2.png\",\"contentUrl\":\"https:\/\/site.bancariosdepiracicaba.com.br\/wp-content\/uploads\/2021\/04\/cropped-Asset-2.png\",\"width\":512,\"height\":512,\"caption\":\"Sindban\"},\"image\":{\"@id\":\"https:\/\/bancariosdepiracicaba.com.br\/#logo\"}},{\"@type\":\"WebSite\",\"@id\":\"https:\/\/bancariosdepiracicaba.com.br\/#website\",\"url\":\"https:\/\/bancariosdepiracicaba.com.br\/\",\"name\":\"Sindban\",\"description\":\"Desenvolvimento\",\"publisher\":{\"@id\":\"https:\/\/bancariosdepiracicaba.com.br\/#organization\"},\"potentialAction\":[{\"@type\":\"SearchAction\",\"target\":{\"@type\":\"EntryPoint\",\"urlTemplate\":\"https:\/\/bancariosdepiracicaba.com.br\/?s={search_term_string}\"},\"query-input\":\"required name=search_term_string\"}],\"inLanguage\":\"pt-BR\"},{\"@type\":\"WebPage\",\"@id\":\"https:\/\/bancariosdepiracicaba.com.br\/?p=8226#webpage\",\"url\":\"https:\/\/bancariosdepiracicaba.com.br\/?p=8226\",\"name\":\"Negocia\u00e7\u00e3o com bancos n\u00e3o avan\u00e7a e Comando refor\u00e7a mobiliza\u00e7\u00e3o - Sindban\",\"isPartOf\":{\"@id\":\"https:\/\/bancariosdepiracicaba.com.br\/#website\"},\"datePublished\":\"2021-07-23T20:56:43+00:00\",\"dateModified\":\"2021-08-12T00:59:33+00:00\",\"breadcrumb\":{\"@id\":\"https:\/\/bancariosdepiracicaba.com.br\/?p=8226#breadcrumb\"},\"inLanguage\":\"pt-BR\",\"potentialAction\":[{\"@type\":\"ReadAction\",\"target\":[\"https:\/\/bancariosdepiracicaba.com.br\/?p=8226\"]}]},{\"@type\":\"BreadcrumbList\",\"@id\":\"https:\/\/bancariosdepiracicaba.com.br\/?p=8226#breadcrumb\",\"itemListElement\":[{\"@type\":\"ListItem\",\"position\":1,\"name\":\"Home\",\"item\":\"https:\/\/bancariosdepiracicaba.com.br\/\"},{\"@type\":\"ListItem\",\"position\":2,\"name\":\"Negocia\u00e7\u00e3o com bancos n\u00e3o avan\u00e7a e Comando refor\u00e7a mobiliza\u00e7\u00e3o\"}]},{\"@type\":\"Article\",\"@id\":\"https:\/\/bancariosdepiracicaba.com.br\/?p=8226#article\",\"isPartOf\":{\"@id\":\"https:\/\/bancariosdepiracicaba.com.br\/?p=8226#webpage\"},\"author\":{\"@id\":\"https:\/\/bancariosdepiracicaba.com.br\/#\/schema\/person\/6a12c780fc145ea2c9af09989ee600b0\"},\"headline\":\"Negocia\u00e7\u00e3o com bancos n\u00e3o avan\u00e7a e Comando refor\u00e7a mobiliza\u00e7\u00e3o\",\"datePublished\":\"2021-07-23T20:56:43+00:00\",\"dateModified\":\"2021-08-12T00:59:33+00:00\",\"mainEntityOfPage\":{\"@id\":\"https:\/\/bancariosdepiracicaba.com.br\/?p=8226#webpage\"},\"wordCount\":924,\"commentCount\":0,\"publisher\":{\"@id\":\"https:\/\/bancariosdepiracicaba.com.br\/#organization\"},\"articleSection\":[\"Mulher\",\"Uncategorized\"],\"inLanguage\":\"pt-BR\",\"potentialAction\":[{\"@type\":\"CommentAction\",\"name\":\"Comment\",\"target\":[\"https:\/\/bancariosdepiracicaba.com.br\/?p=8226#respond\"]}]},{\"@type\":\"Person\",\"@id\":\"https:\/\/bancariosdepiracicaba.com.br\/#\/schema\/person\/6a12c780fc145ea2c9af09989ee600b0\",\"name\":\"admin\",\"image\":{\"@type\":\"ImageObject\",\"@id\":\"https:\/\/bancariosdepiracicaba.com.br\/#personlogo\",\"inLanguage\":\"pt-BR\",\"url\":\"https:\/\/secure.gravatar.com\/avatar\/3a05e74c6579e68209676cb5cb64e0918f288da7a49210fa18d6e9cac1189840?s=96&d=mm&r=g\",\"contentUrl\":\"https:\/\/secure.gravatar.com\/avatar\/3a05e74c6579e68209676cb5cb64e0918f288da7a49210fa18d6e9cac1189840?s=96&d=mm&r=g\",\"caption\":\"admin\"},\"sameAs\":[\"https:\/\/site.bancariosdepiracicaba.com.br\"],\"url\":\"https:\/\/bancariosdepiracicaba.com.br\/?author=1\"}]}<\/script>\n<!-- \/ Yoast SEO Premium plugin. -->","yoast_head_json":{"title":"Negocia\u00e7\u00e3o com bancos n\u00e3o avan\u00e7a e Comando refor\u00e7a mobiliza\u00e7\u00e3o - Sindban","robots":{"index":"index","follow":"follow","max-snippet":"max-snippet:-1","max-image-preview":"max-image-preview:large","max-video-preview":"max-video-preview:-1"},"canonical":"https:\/\/bancariosdepiracicaba.com.br\/?p=8226","og_locale":"pt_BR","og_type":"article","og_title":"Negocia\u00e7\u00e3o com bancos n\u00e3o avan\u00e7a e Comando refor\u00e7a mobiliza\u00e7\u00e3o - Sindban","og_description":"A segunda rodada de negocia\u00e7\u00f5es da Campanha 2013, que tratou de sa\u00fade e condi\u00e7\u00f5es de trabalho, emprego e igualdade de oportunidades, terminou na sexta-feira, 16, como come\u00e7ou na quinta: com os bancos rejeitando todas as reivindica\u00e7\u00f5es dos banc\u00e1rios apresentadas pelo Comando Nacional. \u201c;Como acontece todos os anos, os banqueiros s\u00f3 agem sob press\u00e3o. Na pr\u00f3xima &hellip; Negocia\u00e7\u00e3o com bancos n\u00e3o avan\u00e7a e Comando refor\u00e7a mobiliza\u00e7\u00e3o Leia mais &raquo;","og_url":"https:\/\/bancariosdepiracicaba.com.br\/?p=8226","og_site_name":"Sindban","article_published_time":"2021-07-23T20:56:43+00:00","article_modified_time":"2021-08-12T00:59:33+00:00","twitter_card":"summary_large_image","twitter_misc":{"Escrito por":"admin","Est. tempo de leitura":"5 minutos"},"schema":{"@context":"https:\/\/schema.org","@graph":[{"@type":"Organization","@id":"https:\/\/bancariosdepiracicaba.com.br\/#organization","name":"Sindban","url":"https:\/\/bancariosdepiracicaba.com.br\/","sameAs":[],"logo":{"@type":"ImageObject","@id":"https:\/\/bancariosdepiracicaba.com.br\/#logo","inLanguage":"pt-BR","url":"https:\/\/site.bancariosdepiracicaba.com.br\/wp-content\/uploads\/2021\/04\/cropped-Asset-2.png","contentUrl":"https:\/\/site.bancariosdepiracicaba.com.br\/wp-content\/uploads\/2021\/04\/cropped-Asset-2.png","width":512,"height":512,"caption":"Sindban"},"image":{"@id":"https:\/\/bancariosdepiracicaba.com.br\/#logo"}},{"@type":"WebSite","@id":"https:\/\/bancariosdepiracicaba.com.br\/#website","url":"https:\/\/bancariosdepiracicaba.com.br\/","name":"Sindban","description":"Desenvolvimento","publisher":{"@id":"https:\/\/bancariosdepiracicaba.com.br\/#organization"},"potentialAction":[{"@type":"SearchAction","target":{"@type":"EntryPoint","urlTemplate":"https:\/\/bancariosdepiracicaba.com.br\/?s={search_term_string}"},"query-input":"required name=search_term_string"}],"inLanguage":"pt-BR"},{"@type":"WebPage","@id":"https:\/\/bancariosdepiracicaba.com.br\/?p=8226#webpage","url":"https:\/\/bancariosdepiracicaba.com.br\/?p=8226","name":"Negocia\u00e7\u00e3o com bancos n\u00e3o avan\u00e7a e Comando refor\u00e7a mobiliza\u00e7\u00e3o - Sindban","isPartOf":{"@id":"https:\/\/bancariosdepiracicaba.com.br\/#website"},"datePublished":"2021-07-23T20:56:43+00:00","dateModified":"2021-08-12T00:59:33+00:00","breadcrumb":{"@id":"https:\/\/bancariosdepiracicaba.com.br\/?p=8226#breadcrumb"},"inLanguage":"pt-BR","potentialAction":[{"@type":"ReadAction","target":["https:\/\/bancariosdepiracicaba.com.br\/?p=8226"]}]},{"@type":"BreadcrumbList","@id":"https:\/\/bancariosdepiracicaba.com.br\/?p=8226#breadcrumb","itemListElement":[{"@type":"ListItem","position":1,"name":"Home","item":"https:\/\/bancariosdepiracicaba.com.br\/"},{"@type":"ListItem","position":2,"name":"Negocia\u00e7\u00e3o com bancos n\u00e3o avan\u00e7a e Comando refor\u00e7a mobiliza\u00e7\u00e3o"}]},{"@type":"Article","@id":"https:\/\/bancariosdepiracicaba.com.br\/?p=8226#article","isPartOf":{"@id":"https:\/\/bancariosdepiracicaba.com.br\/?p=8226#webpage"},"author":{"@id":"https:\/\/bancariosdepiracicaba.com.br\/#\/schema\/person\/6a12c780fc145ea2c9af09989ee600b0"},"headline":"Negocia\u00e7\u00e3o com bancos n\u00e3o avan\u00e7a e Comando refor\u00e7a mobiliza\u00e7\u00e3o","datePublished":"2021-07-23T20:56:43+00:00","dateModified":"2021-08-12T00:59:33+00:00","mainEntityOfPage":{"@id":"https:\/\/bancariosdepiracicaba.com.br\/?p=8226#webpage"},"wordCount":924,"commentCount":0,"publisher":{"@id":"https:\/\/bancariosdepiracicaba.com.br\/#organization"},"articleSection":["Mulher","Uncategorized"],"inLanguage":"pt-BR","potentialAction":[{"@type":"CommentAction","name":"Comment","target":["https:\/\/bancariosdepiracicaba.com.br\/?p=8226#respond"]}]},{"@type":"Person","@id":"https:\/\/bancariosdepiracicaba.com.br\/#\/schema\/person\/6a12c780fc145ea2c9af09989ee600b0","name":"admin","image":{"@type":"ImageObject","@id":"https:\/\/bancariosdepiracicaba.com.br\/#personlogo","inLanguage":"pt-BR","url":"https:\/\/secure.gravatar.com\/avatar\/3a05e74c6579e68209676cb5cb64e0918f288da7a49210fa18d6e9cac1189840?s=96&d=mm&r=g","contentUrl":"https:\/\/secure.gravatar.com\/avatar\/3a05e74c6579e68209676cb5cb64e0918f288da7a49210fa18d6e9cac1189840?s=96&d=mm&r=g","caption":"admin"},"sameAs":["https:\/\/site.bancariosdepiracicaba.com.br"],"url":"https:\/\/bancariosdepiracicaba.com.br\/?author=1"}]}},"_links":{"self":[{"href":"https:\/\/bancariosdepiracicaba.com.br\/index.php?rest_route=\/wp\/v2\/posts\/8226","targetHints":{"allow":["GET"]}}],"collection":[{"href":"https:\/\/bancariosdepiracicaba.com.br\/index.php?rest_route=\/wp\/v2\/posts"}],"about":[{"href":"https:\/\/bancariosdepiracicaba.com.br\/index.php?rest_route=\/wp\/v2\/types\/post"}],"author":[{"embeddable":true,"href":"https:\/\/bancariosdepiracicaba.com.br\/index.php?rest_route=\/wp\/v2\/users\/1"}],"replies":[{"embeddable":true,"href":"https:\/\/bancariosdepiracicaba.com.br\/index.php?rest_route=%2Fwp%2Fv2%2Fcomments&post=8226"}],"version-history":[{"count":1,"href":"https:\/\/bancariosdepiracicaba.com.br\/index.php?rest_route=\/wp\/v2\/posts\/8226\/revisions"}],"predecessor-version":[{"id":14260,"href":"https:\/\/bancariosdepiracicaba.com.br\/index.php?rest_route=\/wp\/v2\/posts\/8226\/revisions\/14260"}],"wp:attachment":[{"href":"https:\/\/bancariosdepiracicaba.com.br\/index.php?rest_route=%2Fwp%2Fv2%2Fmedia&parent=8226"}],"wp:term":[{"taxonomy":"category","embeddable":true,"href":"https:\/\/bancariosdepiracicaba.com.br\/index.php?rest_route=%2Fwp%2Fv2%2Fcategories&post=8226"},{"taxonomy":"post_tag","embeddable":true,"href":"https:\/\/bancariosdepiracicaba.com.br\/index.php?rest_route=%2Fwp%2Fv2%2Ftags&post=8226"}],"curies":[{"name":"wp","href":"https:\/\/api.w.org\/{rel}","templated":true}]}}