{"id":8220,"date":"2021-07-23T20:56:36","date_gmt":"2021-07-23T20:56:36","guid":{"rendered":"https:\/\/site.bancariosdepiracicaba.com.br\/2021\/07\/23\/paiva-defende-inclusao-e-esclarece-meta-relacionada-a-apae\/"},"modified":"2021-07-23T20:56:36","modified_gmt":"2021-07-23T20:56:36","slug":"paiva-defende-inclusao-e-esclarece-meta-relacionada-a-apae","status":"publish","type":"post","link":"https:\/\/bancariosdepiracicaba.com.br\/?p=8220","title":{"rendered":"Paiva defende inclus\u00e3o e esclarece meta relacionada \u00e0 APAE"},"content":{"rendered":"<p>O presidente do SINDBAN (Sindicato dos Banc\u00e1rios de Piracicaba e Regi\u00e3o) e l \u00edder do Partido dos Trabalhadores na C\u00e2mara, Jos\u00e9 Antonio Fernandes Paiva, usou a tribuna na sess\u00e3o ordin\u00e1ria de quinta-feira, 15, para defender a inclus\u00e3o e esclarecer meta relacionada \u00e0 APAE (Associa\u00e7\u00e3o dos Pais e Amigos dos Excepcionais) no Plano Nacional de Educa\u00e7\u00e3o que est\u00e1 no Congresso Nacional para aprecia\u00e7\u00e3o dos parlamentares. O projeto prev\u00ea a perman\u00eancia na escola de benefici\u00e1rios de programas de transfer\u00eancia de renda e do programa presta\u00e7\u00e3o continuada (BPC) destinado a pessoas com defici\u00eancia.<br \/>\nFomentar a educa\u00e7\u00e3o inclusiva, promovendo a articula\u00e7\u00e3o entre o ensino regular e o atendimento educacional especializado complementar ofertado em salas de recursos multifuncionais da pr\u00f3pria escola ou em institui\u00e7\u00f5es especializada \u00e9 uma das estrat\u00e9gias do Governo Federal na meta 4 do Plano Nacional de Educa\u00e7\u00e3o para se fazer a inclus\u00e3o da popula\u00e7\u00e3o de 4 a 17 anos que sobre qualquer tipo de defici\u00eancia, transtornos globais do desenvolvimento e altas habilidades ou superdota\u00e7\u00e3o na rede regular de ensino.<br \/>\nPaiva aproveitou para discutir a Mo\u00e7\u00e3o de Apelo ao Congresso Nacional para n\u00e3o aceita\u00e7\u00e3o da meta 4, no Plano Nacional de Educa\u00e7\u00e3o, de autoria do vereador Pedro Kawai. Paiva foi incisivo em dizer que o Governo Federal n\u00e3o tem inten\u00e7\u00e3o nenhuma de acabar com a APAE, e que o Plano Nacional de Educa\u00e7\u00e3o vem sendo debatido em f\u00f3runs espec \u00edficos com profissionais altamente qualificados.  \u201c;Pe\u00e7o que o vereador autor da iniciativa reveja esta Mo\u00e7\u00e3o de Apelo, e que se retire a urg\u00eancia da vota\u00e7\u00e3o, pois n\u00e3o podemos aprovar uma propositura que n\u00e3o esta clara. Para isso, sugiro que fa\u00e7amos uma reuni\u00e3o entre os vereadores, representantes da APAE, do Conselho Municipal dos Portadores de Defici\u00eancia e membros da sociedade civil para que seja esclarecida a posi\u00e7\u00e3o do Governo Federal em rela\u00e7\u00e3o \u00e0 educa\u00e7\u00e3o especial \u201c;, enfatizou. Apoiado por outros vereadores e com um discurso objetivo Paiva conseguiu o adiamento da urg\u00eancia, para que os parlamentares possam se reunir para analisar a mat\u00e9ria.<br \/>\nA Meta 4 do Plano Nacional de Educa\u00e7\u00e3o que vem gerando insatisfa\u00e7\u00e3o por parte da sociedade diz o seguinte: Universalizar, para a popula\u00e7\u00e3o de 4 a 17 anos, o atendimento escolar aos estudantes com defici\u00eancias, transtornos globais do desenvolvimento e altas habilidades ou superdota\u00e7\u00e3o na rede regular de ensino.<br \/>\nAs estrat\u00e9gias que ser\u00e3o usadas para atingir o objetivo da meta 4. Contabilizar, para fins do repasse do Fundo de Manuten\u00e7\u00e3o e Desenvolvimento da Educa\u00e7\u00e3o B\u00e1sica e de Valoriza\u00e7\u00e3o dos Profissionais da Educa\u00e7\u00e3o -; FUNDEB, as matr \u00edculas dos estudantes da educa\u00e7\u00e3o regular da rede p\u00fablica que recebem atendimento educacional especializado complementar, sem preju \u00edzo do c\u00f4mputo dessas matr \u00edculas na educa\u00e7\u00e3o b\u00e1sica regular. Implantar salas de recursos multifuncionais e fomentar a forma\u00e7\u00e3o continuada de professores para o atendimento educacional especializado complementar, nas escolas urbanas e rurais. Ampliar a oferta de o atendimento educacional especializado complementar aos estudantes matriculados na rede p\u00fablica de ensino regular. Manter e aprofundar o programa nacional de acessibilidade nas escolas p\u00fablicas para adequa\u00e7\u00e3o arquitet\u00f4nica, oferta de transporte acess \u00edvel, disponibiliza\u00e7\u00e3o de material did\u00e1tico acess \u00edvel e recursos de tecnologia assistiva, e oferta da educa\u00e7\u00e3o bil \u00edngue em l \u00edngua portuguesa e L \u00edngua Brasileira de Sinais (Libras). Fortalecer o acompanhamento e o monitoramento do acesso \u00e0 escola por parte dos benefici\u00e1rios do benef \u00edcio de presta\u00e7\u00e3o continuada, de maneira a garantir a amplia\u00e7\u00e3o do atendimento aos estudantes com defici\u00eancia na rede p\u00fablica regular de ensino.<br \/>\nPaiva disse tamb\u00e9m que desde 2006 o Plano esta sendo elaborado pelo Governo Federal e debatido com profissionais envolvidos na \u00e1rea de educa\u00e7\u00e3o.  \u201c;Desde 2006 estamos trabalhando no Plano Nacional de Educa\u00e7\u00e3o, e todas as entidades sabiam do conte\u00fado do projeto e teve tempo suficiente para se adaptar ao processo de inclus\u00e3o e valoriza\u00e7\u00e3o dos profissionais, por isso, tenho a convic\u00e7\u00e3o que o Plano Nacional de Educa\u00e7\u00e3o \u00e9 um projeto ousado do Governo Federal que amplia o investimento p\u00fablico em educa\u00e7\u00e3o de forma a atingir, no m \u00ednimo, o patamar de 7% do PIB (Produto Interno Bruto) e no final do dec\u00eanio, ou seja, em 2020, chegue a 10% do PIB \u201c;, finalizou.<br \/>\nTexto: Ronaldo Castilho -; MTB: 58.297<\/p>\n","protected":false},"excerpt":{"rendered":"<p>O presidente do SINDBAN (Sindicato dos Banc\u00e1rios de Piracicaba e Regi\u00e3o) e l \u00edder do Partido dos Trabalhadores na C\u00e2mara, Jos\u00e9 Antonio Fernandes Paiva, usou a tribuna na sess\u00e3o ordin\u00e1ria de quinta-feira, 15, para defender a inclus\u00e3o e esclarecer meta relacionada \u00e0 APAE (Associa\u00e7\u00e3o dos Pais e Amigos dos Excepcionais) no Plano Nacional de Educa\u00e7\u00e3o &hellip;<\/p>\n<p class=\"read-more\"> <a class=\"\" href=\"https:\/\/bancariosdepiracicaba.com.br\/?p=8220\"> <span class=\"screen-reader-text\">Paiva defende inclus\u00e3o e esclarece meta relacionada \u00e0 APAE<\/span> Leia mais &raquo;<\/a><\/p>\n","protected":false},"author":1,"featured_media":0,"comment_status":"open","ping_status":"open","sticky":false,"template":"","format":"standard","meta":{"site-sidebar-layout":"default","site-content-layout":"default","ast-main-header-display":"","ast-hfb-above-header-display":"","ast-hfb-below-header-display":"","ast-hfb-mobile-header-display":"","site-post-title":"","ast-breadcrumbs-content":"","ast-featured-img":"","footer-sml-layout":"","theme-transparent-header-meta":"","adv-header-id-meta":"","stick-header-meta":"","header-above-stick-meta":"","header-main-stick-meta":"","header-below-stick-meta":"","footnotes":""},"categories":[1],"tags":[],"class_list":["post-8220","post","type-post","status-publish","format-standard","hentry","category-uncategorized"],"yoast_head":"<!-- This site is optimized with the Yoast SEO Premium plugin v16.1 (Yoast SEO v18.0) - https:\/\/yoast.com\/wordpress\/plugins\/seo\/ -->\n<title>Paiva defende inclus\u00e3o e esclarece meta relacionada \u00e0 APAE - Sindban<\/title>\n<meta name=\"robots\" content=\"index, follow, max-snippet:-1, max-image-preview:large, max-video-preview:-1\" \/>\n<link rel=\"canonical\" href=\"https:\/\/bancariosdepiracicaba.com.br\/?p=8220\" \/>\n<meta property=\"og:locale\" content=\"pt_BR\" \/>\n<meta property=\"og:type\" content=\"article\" \/>\n<meta property=\"og:title\" content=\"Paiva defende inclus\u00e3o e esclarece meta relacionada \u00e0 APAE - Sindban\" \/>\n<meta property=\"og:description\" content=\"O presidente do SINDBAN (Sindicato dos Banc\u00e1rios de Piracicaba e Regi\u00e3o) e l \u00edder do Partido dos Trabalhadores na C\u00e2mara, Jos\u00e9 Antonio Fernandes Paiva, usou a tribuna na sess\u00e3o ordin\u00e1ria de quinta-feira, 15, para defender a inclus\u00e3o e esclarecer meta relacionada \u00e0 APAE (Associa\u00e7\u00e3o dos Pais e Amigos dos Excepcionais) no Plano Nacional de Educa\u00e7\u00e3o &hellip; Paiva defende inclus\u00e3o e esclarece meta relacionada \u00e0 APAE Leia mais &raquo;\" \/>\n<meta property=\"og:url\" content=\"https:\/\/bancariosdepiracicaba.com.br\/?p=8220\" \/>\n<meta property=\"og:site_name\" content=\"Sindban\" \/>\n<meta property=\"article:published_time\" content=\"2021-07-23T20:56:36+00:00\" \/>\n<meta name=\"twitter:card\" content=\"summary_large_image\" \/>\n<meta name=\"twitter:label1\" content=\"Escrito por\" \/>\n\t<meta name=\"twitter:data1\" content=\"admin\" \/>\n\t<meta name=\"twitter:label2\" content=\"Est. tempo de leitura\" \/>\n\t<meta name=\"twitter:data2\" content=\"4 minutos\" \/>\n<script type=\"application\/ld+json\" class=\"yoast-schema-graph\">{\"@context\":\"https:\/\/schema.org\",\"@graph\":[{\"@type\":\"Organization\",\"@id\":\"https:\/\/bancariosdepiracicaba.com.br\/#organization\",\"name\":\"Sindban\",\"url\":\"https:\/\/bancariosdepiracicaba.com.br\/\",\"sameAs\":[],\"logo\":{\"@type\":\"ImageObject\",\"@id\":\"https:\/\/bancariosdepiracicaba.com.br\/#logo\",\"inLanguage\":\"pt-BR\",\"url\":\"https:\/\/site.bancariosdepiracicaba.com.br\/wp-content\/uploads\/2021\/04\/cropped-Asset-2.png\",\"contentUrl\":\"https:\/\/site.bancariosdepiracicaba.com.br\/wp-content\/uploads\/2021\/04\/cropped-Asset-2.png\",\"width\":512,\"height\":512,\"caption\":\"Sindban\"},\"image\":{\"@id\":\"https:\/\/bancariosdepiracicaba.com.br\/#logo\"}},{\"@type\":\"WebSite\",\"@id\":\"https:\/\/bancariosdepiracicaba.com.br\/#website\",\"url\":\"https:\/\/bancariosdepiracicaba.com.br\/\",\"name\":\"Sindban\",\"description\":\"Desenvolvimento\",\"publisher\":{\"@id\":\"https:\/\/bancariosdepiracicaba.com.br\/#organization\"},\"potentialAction\":[{\"@type\":\"SearchAction\",\"target\":{\"@type\":\"EntryPoint\",\"urlTemplate\":\"https:\/\/bancariosdepiracicaba.com.br\/?s={search_term_string}\"},\"query-input\":\"required name=search_term_string\"}],\"inLanguage\":\"pt-BR\"},{\"@type\":\"WebPage\",\"@id\":\"https:\/\/bancariosdepiracicaba.com.br\/?p=8220#webpage\",\"url\":\"https:\/\/bancariosdepiracicaba.com.br\/?p=8220\",\"name\":\"Paiva defende inclus\u00e3o e esclarece meta relacionada \u00e0 APAE - Sindban\",\"isPartOf\":{\"@id\":\"https:\/\/bancariosdepiracicaba.com.br\/#website\"},\"datePublished\":\"2021-07-23T20:56:36+00:00\",\"dateModified\":\"2021-07-23T20:56:36+00:00\",\"breadcrumb\":{\"@id\":\"https:\/\/bancariosdepiracicaba.com.br\/?p=8220#breadcrumb\"},\"inLanguage\":\"pt-BR\",\"potentialAction\":[{\"@type\":\"ReadAction\",\"target\":[\"https:\/\/bancariosdepiracicaba.com.br\/?p=8220\"]}]},{\"@type\":\"BreadcrumbList\",\"@id\":\"https:\/\/bancariosdepiracicaba.com.br\/?p=8220#breadcrumb\",\"itemListElement\":[{\"@type\":\"ListItem\",\"position\":1,\"name\":\"Home\",\"item\":\"https:\/\/bancariosdepiracicaba.com.br\/\"},{\"@type\":\"ListItem\",\"position\":2,\"name\":\"Paiva defende inclus\u00e3o e esclarece meta relacionada \u00e0 APAE\"}]},{\"@type\":\"Article\",\"@id\":\"https:\/\/bancariosdepiracicaba.com.br\/?p=8220#article\",\"isPartOf\":{\"@id\":\"https:\/\/bancariosdepiracicaba.com.br\/?p=8220#webpage\"},\"author\":{\"@id\":\"https:\/\/bancariosdepiracicaba.com.br\/#\/schema\/person\/6a12c780fc145ea2c9af09989ee600b0\"},\"headline\":\"Paiva defende inclus\u00e3o e esclarece meta relacionada \u00e0 APAE\",\"datePublished\":\"2021-07-23T20:56:36+00:00\",\"dateModified\":\"2021-07-23T20:56:36+00:00\",\"mainEntityOfPage\":{\"@id\":\"https:\/\/bancariosdepiracicaba.com.br\/?p=8220#webpage\"},\"wordCount\":760,\"commentCount\":0,\"publisher\":{\"@id\":\"https:\/\/bancariosdepiracicaba.com.br\/#organization\"},\"articleSection\":[\"Uncategorized\"],\"inLanguage\":\"pt-BR\",\"potentialAction\":[{\"@type\":\"CommentAction\",\"name\":\"Comment\",\"target\":[\"https:\/\/bancariosdepiracicaba.com.br\/?p=8220#respond\"]}]},{\"@type\":\"Person\",\"@id\":\"https:\/\/bancariosdepiracicaba.com.br\/#\/schema\/person\/6a12c780fc145ea2c9af09989ee600b0\",\"name\":\"admin\",\"image\":{\"@type\":\"ImageObject\",\"@id\":\"https:\/\/bancariosdepiracicaba.com.br\/#personlogo\",\"inLanguage\":\"pt-BR\",\"url\":\"https:\/\/secure.gravatar.com\/avatar\/3a05e74c6579e68209676cb5cb64e0918f288da7a49210fa18d6e9cac1189840?s=96&d=mm&r=g\",\"contentUrl\":\"https:\/\/secure.gravatar.com\/avatar\/3a05e74c6579e68209676cb5cb64e0918f288da7a49210fa18d6e9cac1189840?s=96&d=mm&r=g\",\"caption\":\"admin\"},\"sameAs\":[\"https:\/\/site.bancariosdepiracicaba.com.br\"],\"url\":\"https:\/\/bancariosdepiracicaba.com.br\/?author=1\"}]}<\/script>\n<!-- \/ Yoast SEO Premium plugin. -->","yoast_head_json":{"title":"Paiva defende inclus\u00e3o e esclarece meta relacionada \u00e0 APAE - Sindban","robots":{"index":"index","follow":"follow","max-snippet":"max-snippet:-1","max-image-preview":"max-image-preview:large","max-video-preview":"max-video-preview:-1"},"canonical":"https:\/\/bancariosdepiracicaba.com.br\/?p=8220","og_locale":"pt_BR","og_type":"article","og_title":"Paiva defende inclus\u00e3o e esclarece meta relacionada \u00e0 APAE - Sindban","og_description":"O presidente do SINDBAN (Sindicato dos Banc\u00e1rios de Piracicaba e Regi\u00e3o) e l \u00edder do Partido dos Trabalhadores na C\u00e2mara, Jos\u00e9 Antonio Fernandes Paiva, usou a tribuna na sess\u00e3o ordin\u00e1ria de quinta-feira, 15, para defender a inclus\u00e3o e esclarecer meta relacionada \u00e0 APAE (Associa\u00e7\u00e3o dos Pais e Amigos dos Excepcionais) no Plano Nacional de Educa\u00e7\u00e3o &hellip; Paiva defende inclus\u00e3o e esclarece meta relacionada \u00e0 APAE Leia mais &raquo;","og_url":"https:\/\/bancariosdepiracicaba.com.br\/?p=8220","og_site_name":"Sindban","article_published_time":"2021-07-23T20:56:36+00:00","twitter_card":"summary_large_image","twitter_misc":{"Escrito por":"admin","Est. tempo de leitura":"4 minutos"},"schema":{"@context":"https:\/\/schema.org","@graph":[{"@type":"Organization","@id":"https:\/\/bancariosdepiracicaba.com.br\/#organization","name":"Sindban","url":"https:\/\/bancariosdepiracicaba.com.br\/","sameAs":[],"logo":{"@type":"ImageObject","@id":"https:\/\/bancariosdepiracicaba.com.br\/#logo","inLanguage":"pt-BR","url":"https:\/\/site.bancariosdepiracicaba.com.br\/wp-content\/uploads\/2021\/04\/cropped-Asset-2.png","contentUrl":"https:\/\/site.bancariosdepiracicaba.com.br\/wp-content\/uploads\/2021\/04\/cropped-Asset-2.png","width":512,"height":512,"caption":"Sindban"},"image":{"@id":"https:\/\/bancariosdepiracicaba.com.br\/#logo"}},{"@type":"WebSite","@id":"https:\/\/bancariosdepiracicaba.com.br\/#website","url":"https:\/\/bancariosdepiracicaba.com.br\/","name":"Sindban","description":"Desenvolvimento","publisher":{"@id":"https:\/\/bancariosdepiracicaba.com.br\/#organization"},"potentialAction":[{"@type":"SearchAction","target":{"@type":"EntryPoint","urlTemplate":"https:\/\/bancariosdepiracicaba.com.br\/?s={search_term_string}"},"query-input":"required name=search_term_string"}],"inLanguage":"pt-BR"},{"@type":"WebPage","@id":"https:\/\/bancariosdepiracicaba.com.br\/?p=8220#webpage","url":"https:\/\/bancariosdepiracicaba.com.br\/?p=8220","name":"Paiva defende inclus\u00e3o e esclarece meta relacionada \u00e0 APAE - Sindban","isPartOf":{"@id":"https:\/\/bancariosdepiracicaba.com.br\/#website"},"datePublished":"2021-07-23T20:56:36+00:00","dateModified":"2021-07-23T20:56:36+00:00","breadcrumb":{"@id":"https:\/\/bancariosdepiracicaba.com.br\/?p=8220#breadcrumb"},"inLanguage":"pt-BR","potentialAction":[{"@type":"ReadAction","target":["https:\/\/bancariosdepiracicaba.com.br\/?p=8220"]}]},{"@type":"BreadcrumbList","@id":"https:\/\/bancariosdepiracicaba.com.br\/?p=8220#breadcrumb","itemListElement":[{"@type":"ListItem","position":1,"name":"Home","item":"https:\/\/bancariosdepiracicaba.com.br\/"},{"@type":"ListItem","position":2,"name":"Paiva defende inclus\u00e3o e esclarece meta relacionada \u00e0 APAE"}]},{"@type":"Article","@id":"https:\/\/bancariosdepiracicaba.com.br\/?p=8220#article","isPartOf":{"@id":"https:\/\/bancariosdepiracicaba.com.br\/?p=8220#webpage"},"author":{"@id":"https:\/\/bancariosdepiracicaba.com.br\/#\/schema\/person\/6a12c780fc145ea2c9af09989ee600b0"},"headline":"Paiva defende inclus\u00e3o e esclarece meta relacionada \u00e0 APAE","datePublished":"2021-07-23T20:56:36+00:00","dateModified":"2021-07-23T20:56:36+00:00","mainEntityOfPage":{"@id":"https:\/\/bancariosdepiracicaba.com.br\/?p=8220#webpage"},"wordCount":760,"commentCount":0,"publisher":{"@id":"https:\/\/bancariosdepiracicaba.com.br\/#organization"},"articleSection":["Uncategorized"],"inLanguage":"pt-BR","potentialAction":[{"@type":"CommentAction","name":"Comment","target":["https:\/\/bancariosdepiracicaba.com.br\/?p=8220#respond"]}]},{"@type":"Person","@id":"https:\/\/bancariosdepiracicaba.com.br\/#\/schema\/person\/6a12c780fc145ea2c9af09989ee600b0","name":"admin","image":{"@type":"ImageObject","@id":"https:\/\/bancariosdepiracicaba.com.br\/#personlogo","inLanguage":"pt-BR","url":"https:\/\/secure.gravatar.com\/avatar\/3a05e74c6579e68209676cb5cb64e0918f288da7a49210fa18d6e9cac1189840?s=96&d=mm&r=g","contentUrl":"https:\/\/secure.gravatar.com\/avatar\/3a05e74c6579e68209676cb5cb64e0918f288da7a49210fa18d6e9cac1189840?s=96&d=mm&r=g","caption":"admin"},"sameAs":["https:\/\/site.bancariosdepiracicaba.com.br"],"url":"https:\/\/bancariosdepiracicaba.com.br\/?author=1"}]}},"_links":{"self":[{"href":"https:\/\/bancariosdepiracicaba.com.br\/index.php?rest_route=\/wp\/v2\/posts\/8220","targetHints":{"allow":["GET"]}}],"collection":[{"href":"https:\/\/bancariosdepiracicaba.com.br\/index.php?rest_route=\/wp\/v2\/posts"}],"about":[{"href":"https:\/\/bancariosdepiracicaba.com.br\/index.php?rest_route=\/wp\/v2\/types\/post"}],"author":[{"embeddable":true,"href":"https:\/\/bancariosdepiracicaba.com.br\/index.php?rest_route=\/wp\/v2\/users\/1"}],"replies":[{"embeddable":true,"href":"https:\/\/bancariosdepiracicaba.com.br\/index.php?rest_route=%2Fwp%2Fv2%2Fcomments&post=8220"}],"version-history":[{"count":0,"href":"https:\/\/bancariosdepiracicaba.com.br\/index.php?rest_route=\/wp\/v2\/posts\/8220\/revisions"}],"wp:attachment":[{"href":"https:\/\/bancariosdepiracicaba.com.br\/index.php?rest_route=%2Fwp%2Fv2%2Fmedia&parent=8220"}],"wp:term":[{"taxonomy":"category","embeddable":true,"href":"https:\/\/bancariosdepiracicaba.com.br\/index.php?rest_route=%2Fwp%2Fv2%2Fcategories&post=8220"},{"taxonomy":"post_tag","embeddable":true,"href":"https:\/\/bancariosdepiracicaba.com.br\/index.php?rest_route=%2Fwp%2Fv2%2Ftags&post=8220"}],"curies":[{"name":"wp","href":"https:\/\/api.w.org\/{rel}","templated":true}]}}