{"id":8219,"date":"2021-07-23T20:56:35","date_gmt":"2021-07-23T20:56:35","guid":{"rendered":"https:\/\/site.bancariosdepiracicaba.com.br\/2021\/07\/23\/banqueiros-rejeitam-reivindicacoes-e-comando-reforca-mobilizacao\/"},"modified":"2021-08-11T21:45:36","modified_gmt":"2021-08-12T00:45:36","slug":"banqueiros-rejeitam-reivindicacoes-e-comando-reforca-mobilizacao","status":"publish","type":"post","link":"https:\/\/bancariosdepiracicaba.com.br\/?p=8219","title":{"rendered":"Banqueiros rejeitam reivindica\u00e7\u00f5es e Comando refor\u00e7a mobiliza\u00e7\u00e3o"},"content":{"rendered":"<p>Na abertura da segunda rodada de negocia\u00e7\u00e3o da Campanha 2013, realizada nesta quinta-feira, 15, em S\u00e3o Paulo, antes de entrar na discuss\u00e3o do tema emprego o Comando Nacional dos Banc\u00e1rios cobrou respostas para as reivindica\u00e7\u00f5es sobre sa\u00fade e condi\u00e7\u00f5es de trabalho apresentadas na primeira rodada, mas a Fenaban rejeitou as demandas da categoria sobre o fim das metas abusivas e avan\u00e7os no combate ao ass\u00e9dio moral e \u00e0 inseguran\u00e7a. Em rela\u00e7\u00e3o ao emprego, os bancos recusaram o fim das demiss\u00f5es imotivadas e da rotatividade e o respeito \u00e0 jornada de 6 horas. As negocia\u00e7\u00f5es continuam nesta sexta-feira 16, incluindo as demandas sobre igualdade de oportunidades.<br \/>\nHouve apenas um avan\u00e7o na segunda rodada de negocia\u00e7\u00e3o, diante da proposta do Comando de fazer uma pesquisa sobre o adoecimento crescente da categoria. Os bancos propuseram criar, ao final da campanha deste ano, um grupo de trabalho bipartite com a participa\u00e7\u00e3o de especialistas para discutir o afastamento dos banc\u00e1rios por raz\u00f5es de sa\u00fade.<br \/>\nO Comando prop\u00f4s que o GT seja criado j\u00e1, com a realiza\u00e7\u00e3o da primeira reuni\u00e3o durante a campanha para come\u00e7ar a discuss\u00e3o e com prazo fixado para concluir os trabalhos, buscando solu\u00e7\u00f5es para acabar com o adoecimento. Os representantes dos bancos ficaram de dar resposta na terceira rodada de negocia\u00e7\u00f5es, a ser marcada nesta sexta-feira.<br \/>\nSA\u00faDE E CONDI\u00e7\u00f5ES DE TRABALHO -; O Comando Nacional insistiu nas reivindica\u00e7\u00f5es sobre sa\u00fade, condi\u00e7\u00f5es de trabalho e seguran\u00e7a para reiterar aos bancos que n\u00e3o fechar\u00e1 a campanha deste ano se n\u00e3o houver solu\u00e7\u00e3o para essas importantes demandas da categoria.<br \/>\nAs metas abusivas e o ass\u00e9dio moral est\u00e3o provocando uma epidemia de adoecimento na categoria. S\u00e3o os problemas mais graves que os banc\u00e1rios enfrentam hoje, que precisam ser equacionados, assim como o da falta de medidas de seguran\u00e7a.<br \/>\nPor isso, antes de entrar no tema emprego, que estava agendado para a segunda rodada de negocia\u00e7\u00f5es, os representantes dos banc\u00e1rios exigiram dos bancos respostas para as reivindica\u00e7\u00f5es apresentadas na primeira rodada, destacando: proibi\u00e7\u00e3o de torpedos e emails enviados pelos gestores aos banc\u00e1rios para cobran\u00e7a de metas; reduzir de 60 para 40 dias o prazo para os bancos responderem \u00e0s den\u00fancias de ass\u00e9dio moral encaminhadas pelos sindicatos; medidas de preven\u00e7\u00e3o contra sequestros; melhoria da assist\u00eancia \u00e0s v \u00edtimas de assaltos e sequestros; manuten\u00e7\u00e3o do plano de sa\u00fade e odontol\u00f3gico para aposentados; folga de cinco dias por ano (abono assiduidade); e acabar com o prazo de 120 dias para adiantamento de sal\u00e1rio aos banc\u00e1rios com alta do INSS, mas considerados inaptos pelos bancos.<br \/>\nOs representantes dos banqueiros n\u00e3o apresentaram respostas, dizendo que essas reivindica\u00e7\u00f5es n\u00e3o est\u00e3o  \u201c;no radar \u201c; dos bancos.<br \/>\nO Comando tamb\u00e9m denunciou o descumprimento da Conven\u00e7\u00e3o Coletiva de Trabalho (CCT) em rela\u00e7\u00e3o \u00e0s cl\u00e1usulas sobre proibi\u00e7\u00e3o de transporte de valores pelos banc\u00e1rios, n\u00e3o exposi\u00e7\u00e3o do ranking individual dos funcion\u00e1rios e n\u00e3o reabilita\u00e7\u00e3o de trabalhadores afastados por motivos de sa\u00fade. A Fenaban ficou de atuar junto aos bancos para que a CCT seja cumprida.<br \/>\nSEGURAN\u00e7A BANC\u00e1RIA -; Ap\u00f3s cobran\u00e7a do Comando Nacional, a Fenaban agendou uma reuni\u00e3o da mesa tem\u00e1tica de seguran\u00e7a banc\u00e1ria para a pr\u00f3xima ter\u00e7a-feira, dia 20, em S\u00e3o Paulo, para apresenta\u00e7\u00e3o da estat \u00edstica de assaltos a bancos do primeiro semestre de 2013, conforme estabelece a CCT.<br \/>\nFIM DAS DEMISS\u00f5ES E DA ROTATIVIDADE -; O Comando denunciou a estrat\u00e9gia principalmente dos bancos privados de melhorarem o  \u201c; \u00edndice de efici\u00eancia \u201c; reduzindo postos de trabalho e cortando custos com a pr\u00e1tica da rotatividade.<br \/>\nOs dados do Caged apontam uma redu\u00e7\u00e3o de 4.890 empregos no 1\u00ba semestre. Nos \u00faltimos 12 meses, entre os meses de junho de 2012 e 2013, houve corte de 10 mil empregos no sistema financeiro.<br \/>\nNos bancos m\u00faltiplos, houve 15 mil admiss\u00f5es e 20 mil desligamentos no primeiro semestre deste ano. A redu\u00e7\u00e3o da m\u00e9dia salarial entre os admitidos e os desligados foi de 36%, o que mostra a perversidade da rotatividade. Na economia como um todo, a diferen\u00e7a entre o sal\u00e1rio m\u00e9dio dos admitidos e dos desligados \u00e9 de 7%.<br \/>\nDepois de mostrar os n\u00fameros, o Comando cobrou o atendimento das reivindica\u00e7\u00f5es, como garantia de emprego, proibi\u00e7\u00e3o das demiss\u00f5es imotivadas conforme estabelece a Conven\u00e7\u00e3o 158 da Organiza\u00e7\u00e3o Internacional do Trabalho (OIT), fim da rotatividade, respeito \u00e0 jornada de 6 horas para todos e manuten\u00e7\u00e3o da remunera\u00e7\u00e3o em caso de descomissionamento ou perda de gratifica\u00e7\u00e3o. Os bancos, no entanto, rejeitaram todas essas demandas.<br \/>\nA segunda rodada de negocia\u00e7\u00f5es continua nesta sexta-feira com a discuss\u00e3o das demais reivindica\u00e7\u00f5es sobre emprego. Tamb\u00e9m ser\u00e3o debatidas as demandas sobre igualdade de oportunidades, como a cria\u00e7\u00e3o de uma cota de no m \u00ednimo 20% de negros e negras nos bancos.<br \/>\nFonte: Contraf-CUT<\/p>\n","protected":false},"excerpt":{"rendered":"<p>Na abertura da segunda rodada de negocia\u00e7\u00e3o da Campanha 2013, realizada nesta quinta-feira, 15, em S\u00e3o Paulo, antes de entrar na discuss\u00e3o do tema emprego o Comando Nacional dos Banc\u00e1rios cobrou respostas para as reivindica\u00e7\u00f5es sobre sa\u00fade e condi\u00e7\u00f5es de trabalho apresentadas na primeira rodada, mas a Fenaban rejeitou as demandas da categoria sobre o &hellip;<\/p>\n<p class=\"read-more\"> <a class=\"\" href=\"https:\/\/bancariosdepiracicaba.com.br\/?p=8219\"> <span class=\"screen-reader-text\">Banqueiros rejeitam reivindica\u00e7\u00f5es e Comando refor\u00e7a mobiliza\u00e7\u00e3o<\/span> Leia mais &raquo;<\/a><\/p>\n","protected":false},"author":1,"featured_media":0,"comment_status":"open","ping_status":"open","sticky":false,"template":"","format":"standard","meta":{"site-sidebar-layout":"default","site-content-layout":"default","ast-main-header-display":"","ast-hfb-above-header-display":"","ast-hfb-below-header-display":"","ast-hfb-mobile-header-display":"","site-post-title":"","ast-breadcrumbs-content":"","ast-featured-img":"","footer-sml-layout":"","theme-transparent-header-meta":"","adv-header-id-meta":"","stick-header-meta":"","header-above-stick-meta":"","header-main-stick-meta":"","header-below-stick-meta":"","footnotes":""},"categories":[52,1],"tags":[],"class_list":["post-8219","post","type-post","status-publish","format-standard","hentry","category-campanha-salarial","category-uncategorized"],"yoast_head":"<!-- This site is optimized with the Yoast SEO Premium plugin v16.1 (Yoast SEO v18.0) - https:\/\/yoast.com\/wordpress\/plugins\/seo\/ -->\n<title>Banqueiros rejeitam reivindica\u00e7\u00f5es e Comando refor\u00e7a mobiliza\u00e7\u00e3o - Sindban<\/title>\n<meta name=\"robots\" content=\"index, follow, max-snippet:-1, max-image-preview:large, max-video-preview:-1\" \/>\n<link rel=\"canonical\" href=\"https:\/\/bancariosdepiracicaba.com.br\/?p=8219\" \/>\n<meta property=\"og:locale\" content=\"pt_BR\" \/>\n<meta property=\"og:type\" content=\"article\" \/>\n<meta property=\"og:title\" content=\"Banqueiros rejeitam reivindica\u00e7\u00f5es e Comando refor\u00e7a mobiliza\u00e7\u00e3o - Sindban\" \/>\n<meta property=\"og:description\" content=\"Na abertura da segunda rodada de negocia\u00e7\u00e3o da Campanha 2013, realizada nesta quinta-feira, 15, em S\u00e3o Paulo, antes de entrar na discuss\u00e3o do tema emprego o Comando Nacional dos Banc\u00e1rios cobrou respostas para as reivindica\u00e7\u00f5es sobre sa\u00fade e condi\u00e7\u00f5es de trabalho apresentadas na primeira rodada, mas a Fenaban rejeitou as demandas da categoria sobre o &hellip; Banqueiros rejeitam reivindica\u00e7\u00f5es e Comando refor\u00e7a mobiliza\u00e7\u00e3o Leia mais &raquo;\" \/>\n<meta property=\"og:url\" content=\"https:\/\/bancariosdepiracicaba.com.br\/?p=8219\" \/>\n<meta property=\"og:site_name\" content=\"Sindban\" \/>\n<meta property=\"article:published_time\" content=\"2021-07-23T20:56:35+00:00\" \/>\n<meta property=\"article:modified_time\" content=\"2021-08-12T00:45:36+00:00\" \/>\n<meta name=\"twitter:card\" content=\"summary_large_image\" \/>\n<meta name=\"twitter:label1\" content=\"Escrito por\" \/>\n\t<meta name=\"twitter:data1\" content=\"admin\" \/>\n\t<meta name=\"twitter:label2\" content=\"Est. tempo de leitura\" \/>\n\t<meta name=\"twitter:data2\" content=\"4 minutos\" \/>\n<script type=\"application\/ld+json\" class=\"yoast-schema-graph\">{\"@context\":\"https:\/\/schema.org\",\"@graph\":[{\"@type\":\"Organization\",\"@id\":\"https:\/\/bancariosdepiracicaba.com.br\/#organization\",\"name\":\"Sindban\",\"url\":\"https:\/\/bancariosdepiracicaba.com.br\/\",\"sameAs\":[],\"logo\":{\"@type\":\"ImageObject\",\"@id\":\"https:\/\/bancariosdepiracicaba.com.br\/#logo\",\"inLanguage\":\"pt-BR\",\"url\":\"https:\/\/site.bancariosdepiracicaba.com.br\/wp-content\/uploads\/2021\/04\/cropped-Asset-2.png\",\"contentUrl\":\"https:\/\/site.bancariosdepiracicaba.com.br\/wp-content\/uploads\/2021\/04\/cropped-Asset-2.png\",\"width\":512,\"height\":512,\"caption\":\"Sindban\"},\"image\":{\"@id\":\"https:\/\/bancariosdepiracicaba.com.br\/#logo\"}},{\"@type\":\"WebSite\",\"@id\":\"https:\/\/bancariosdepiracicaba.com.br\/#website\",\"url\":\"https:\/\/bancariosdepiracicaba.com.br\/\",\"name\":\"Sindban\",\"description\":\"Desenvolvimento\",\"publisher\":{\"@id\":\"https:\/\/bancariosdepiracicaba.com.br\/#organization\"},\"potentialAction\":[{\"@type\":\"SearchAction\",\"target\":{\"@type\":\"EntryPoint\",\"urlTemplate\":\"https:\/\/bancariosdepiracicaba.com.br\/?s={search_term_string}\"},\"query-input\":\"required name=search_term_string\"}],\"inLanguage\":\"pt-BR\"},{\"@type\":\"WebPage\",\"@id\":\"https:\/\/bancariosdepiracicaba.com.br\/?p=8219#webpage\",\"url\":\"https:\/\/bancariosdepiracicaba.com.br\/?p=8219\",\"name\":\"Banqueiros rejeitam reivindica\u00e7\u00f5es e Comando refor\u00e7a mobiliza\u00e7\u00e3o - Sindban\",\"isPartOf\":{\"@id\":\"https:\/\/bancariosdepiracicaba.com.br\/#website\"},\"datePublished\":\"2021-07-23T20:56:35+00:00\",\"dateModified\":\"2021-08-12T00:45:36+00:00\",\"breadcrumb\":{\"@id\":\"https:\/\/bancariosdepiracicaba.com.br\/?p=8219#breadcrumb\"},\"inLanguage\":\"pt-BR\",\"potentialAction\":[{\"@type\":\"ReadAction\",\"target\":[\"https:\/\/bancariosdepiracicaba.com.br\/?p=8219\"]}]},{\"@type\":\"BreadcrumbList\",\"@id\":\"https:\/\/bancariosdepiracicaba.com.br\/?p=8219#breadcrumb\",\"itemListElement\":[{\"@type\":\"ListItem\",\"position\":1,\"name\":\"Home\",\"item\":\"https:\/\/bancariosdepiracicaba.com.br\/\"},{\"@type\":\"ListItem\",\"position\":2,\"name\":\"Banqueiros rejeitam reivindica\u00e7\u00f5es e Comando refor\u00e7a mobiliza\u00e7\u00e3o\"}]},{\"@type\":\"Article\",\"@id\":\"https:\/\/bancariosdepiracicaba.com.br\/?p=8219#article\",\"isPartOf\":{\"@id\":\"https:\/\/bancariosdepiracicaba.com.br\/?p=8219#webpage\"},\"author\":{\"@id\":\"https:\/\/bancariosdepiracicaba.com.br\/#\/schema\/person\/6a12c780fc145ea2c9af09989ee600b0\"},\"headline\":\"Banqueiros rejeitam reivindica\u00e7\u00f5es e Comando refor\u00e7a mobiliza\u00e7\u00e3o\",\"datePublished\":\"2021-07-23T20:56:35+00:00\",\"dateModified\":\"2021-08-12T00:45:36+00:00\",\"mainEntityOfPage\":{\"@id\":\"https:\/\/bancariosdepiracicaba.com.br\/?p=8219#webpage\"},\"wordCount\":857,\"commentCount\":0,\"publisher\":{\"@id\":\"https:\/\/bancariosdepiracicaba.com.br\/#organization\"},\"articleSection\":[\"Campanha Salarial\",\"Uncategorized\"],\"inLanguage\":\"pt-BR\",\"potentialAction\":[{\"@type\":\"CommentAction\",\"name\":\"Comment\",\"target\":[\"https:\/\/bancariosdepiracicaba.com.br\/?p=8219#respond\"]}]},{\"@type\":\"Person\",\"@id\":\"https:\/\/bancariosdepiracicaba.com.br\/#\/schema\/person\/6a12c780fc145ea2c9af09989ee600b0\",\"name\":\"admin\",\"image\":{\"@type\":\"ImageObject\",\"@id\":\"https:\/\/bancariosdepiracicaba.com.br\/#personlogo\",\"inLanguage\":\"pt-BR\",\"url\":\"https:\/\/secure.gravatar.com\/avatar\/3a05e74c6579e68209676cb5cb64e0918f288da7a49210fa18d6e9cac1189840?s=96&d=mm&r=g\",\"contentUrl\":\"https:\/\/secure.gravatar.com\/avatar\/3a05e74c6579e68209676cb5cb64e0918f288da7a49210fa18d6e9cac1189840?s=96&d=mm&r=g\",\"caption\":\"admin\"},\"sameAs\":[\"https:\/\/site.bancariosdepiracicaba.com.br\"],\"url\":\"https:\/\/bancariosdepiracicaba.com.br\/?author=1\"}]}<\/script>\n<!-- \/ Yoast SEO Premium plugin. -->","yoast_head_json":{"title":"Banqueiros rejeitam reivindica\u00e7\u00f5es e Comando refor\u00e7a mobiliza\u00e7\u00e3o - Sindban","robots":{"index":"index","follow":"follow","max-snippet":"max-snippet:-1","max-image-preview":"max-image-preview:large","max-video-preview":"max-video-preview:-1"},"canonical":"https:\/\/bancariosdepiracicaba.com.br\/?p=8219","og_locale":"pt_BR","og_type":"article","og_title":"Banqueiros rejeitam reivindica\u00e7\u00f5es e Comando refor\u00e7a mobiliza\u00e7\u00e3o - Sindban","og_description":"Na abertura da segunda rodada de negocia\u00e7\u00e3o da Campanha 2013, realizada nesta quinta-feira, 15, em S\u00e3o Paulo, antes de entrar na discuss\u00e3o do tema emprego o Comando Nacional dos Banc\u00e1rios cobrou respostas para as reivindica\u00e7\u00f5es sobre sa\u00fade e condi\u00e7\u00f5es de trabalho apresentadas na primeira rodada, mas a Fenaban rejeitou as demandas da categoria sobre o &hellip; Banqueiros rejeitam reivindica\u00e7\u00f5es e Comando refor\u00e7a mobiliza\u00e7\u00e3o Leia mais &raquo;","og_url":"https:\/\/bancariosdepiracicaba.com.br\/?p=8219","og_site_name":"Sindban","article_published_time":"2021-07-23T20:56:35+00:00","article_modified_time":"2021-08-12T00:45:36+00:00","twitter_card":"summary_large_image","twitter_misc":{"Escrito por":"admin","Est. tempo de leitura":"4 minutos"},"schema":{"@context":"https:\/\/schema.org","@graph":[{"@type":"Organization","@id":"https:\/\/bancariosdepiracicaba.com.br\/#organization","name":"Sindban","url":"https:\/\/bancariosdepiracicaba.com.br\/","sameAs":[],"logo":{"@type":"ImageObject","@id":"https:\/\/bancariosdepiracicaba.com.br\/#logo","inLanguage":"pt-BR","url":"https:\/\/site.bancariosdepiracicaba.com.br\/wp-content\/uploads\/2021\/04\/cropped-Asset-2.png","contentUrl":"https:\/\/site.bancariosdepiracicaba.com.br\/wp-content\/uploads\/2021\/04\/cropped-Asset-2.png","width":512,"height":512,"caption":"Sindban"},"image":{"@id":"https:\/\/bancariosdepiracicaba.com.br\/#logo"}},{"@type":"WebSite","@id":"https:\/\/bancariosdepiracicaba.com.br\/#website","url":"https:\/\/bancariosdepiracicaba.com.br\/","name":"Sindban","description":"Desenvolvimento","publisher":{"@id":"https:\/\/bancariosdepiracicaba.com.br\/#organization"},"potentialAction":[{"@type":"SearchAction","target":{"@type":"EntryPoint","urlTemplate":"https:\/\/bancariosdepiracicaba.com.br\/?s={search_term_string}"},"query-input":"required name=search_term_string"}],"inLanguage":"pt-BR"},{"@type":"WebPage","@id":"https:\/\/bancariosdepiracicaba.com.br\/?p=8219#webpage","url":"https:\/\/bancariosdepiracicaba.com.br\/?p=8219","name":"Banqueiros rejeitam reivindica\u00e7\u00f5es e Comando refor\u00e7a mobiliza\u00e7\u00e3o - Sindban","isPartOf":{"@id":"https:\/\/bancariosdepiracicaba.com.br\/#website"},"datePublished":"2021-07-23T20:56:35+00:00","dateModified":"2021-08-12T00:45:36+00:00","breadcrumb":{"@id":"https:\/\/bancariosdepiracicaba.com.br\/?p=8219#breadcrumb"},"inLanguage":"pt-BR","potentialAction":[{"@type":"ReadAction","target":["https:\/\/bancariosdepiracicaba.com.br\/?p=8219"]}]},{"@type":"BreadcrumbList","@id":"https:\/\/bancariosdepiracicaba.com.br\/?p=8219#breadcrumb","itemListElement":[{"@type":"ListItem","position":1,"name":"Home","item":"https:\/\/bancariosdepiracicaba.com.br\/"},{"@type":"ListItem","position":2,"name":"Banqueiros rejeitam reivindica\u00e7\u00f5es e Comando refor\u00e7a mobiliza\u00e7\u00e3o"}]},{"@type":"Article","@id":"https:\/\/bancariosdepiracicaba.com.br\/?p=8219#article","isPartOf":{"@id":"https:\/\/bancariosdepiracicaba.com.br\/?p=8219#webpage"},"author":{"@id":"https:\/\/bancariosdepiracicaba.com.br\/#\/schema\/person\/6a12c780fc145ea2c9af09989ee600b0"},"headline":"Banqueiros rejeitam reivindica\u00e7\u00f5es e Comando refor\u00e7a mobiliza\u00e7\u00e3o","datePublished":"2021-07-23T20:56:35+00:00","dateModified":"2021-08-12T00:45:36+00:00","mainEntityOfPage":{"@id":"https:\/\/bancariosdepiracicaba.com.br\/?p=8219#webpage"},"wordCount":857,"commentCount":0,"publisher":{"@id":"https:\/\/bancariosdepiracicaba.com.br\/#organization"},"articleSection":["Campanha Salarial","Uncategorized"],"inLanguage":"pt-BR","potentialAction":[{"@type":"CommentAction","name":"Comment","target":["https:\/\/bancariosdepiracicaba.com.br\/?p=8219#respond"]}]},{"@type":"Person","@id":"https:\/\/bancariosdepiracicaba.com.br\/#\/schema\/person\/6a12c780fc145ea2c9af09989ee600b0","name":"admin","image":{"@type":"ImageObject","@id":"https:\/\/bancariosdepiracicaba.com.br\/#personlogo","inLanguage":"pt-BR","url":"https:\/\/secure.gravatar.com\/avatar\/3a05e74c6579e68209676cb5cb64e0918f288da7a49210fa18d6e9cac1189840?s=96&d=mm&r=g","contentUrl":"https:\/\/secure.gravatar.com\/avatar\/3a05e74c6579e68209676cb5cb64e0918f288da7a49210fa18d6e9cac1189840?s=96&d=mm&r=g","caption":"admin"},"sameAs":["https:\/\/site.bancariosdepiracicaba.com.br"],"url":"https:\/\/bancariosdepiracicaba.com.br\/?author=1"}]}},"_links":{"self":[{"href":"https:\/\/bancariosdepiracicaba.com.br\/index.php?rest_route=\/wp\/v2\/posts\/8219","targetHints":{"allow":["GET"]}}],"collection":[{"href":"https:\/\/bancariosdepiracicaba.com.br\/index.php?rest_route=\/wp\/v2\/posts"}],"about":[{"href":"https:\/\/bancariosdepiracicaba.com.br\/index.php?rest_route=\/wp\/v2\/types\/post"}],"author":[{"embeddable":true,"href":"https:\/\/bancariosdepiracicaba.com.br\/index.php?rest_route=\/wp\/v2\/users\/1"}],"replies":[{"embeddable":true,"href":"https:\/\/bancariosdepiracicaba.com.br\/index.php?rest_route=%2Fwp%2Fv2%2Fcomments&post=8219"}],"version-history":[{"count":1,"href":"https:\/\/bancariosdepiracicaba.com.br\/index.php?rest_route=\/wp\/v2\/posts\/8219\/revisions"}],"predecessor-version":[{"id":13872,"href":"https:\/\/bancariosdepiracicaba.com.br\/index.php?rest_route=\/wp\/v2\/posts\/8219\/revisions\/13872"}],"wp:attachment":[{"href":"https:\/\/bancariosdepiracicaba.com.br\/index.php?rest_route=%2Fwp%2Fv2%2Fmedia&parent=8219"}],"wp:term":[{"taxonomy":"category","embeddable":true,"href":"https:\/\/bancariosdepiracicaba.com.br\/index.php?rest_route=%2Fwp%2Fv2%2Fcategories&post=8219"},{"taxonomy":"post_tag","embeddable":true,"href":"https:\/\/bancariosdepiracicaba.com.br\/index.php?rest_route=%2Fwp%2Fv2%2Ftags&post=8219"}],"curies":[{"name":"wp","href":"https:\/\/api.w.org\/{rel}","templated":true}]}}