{"id":8165,"date":"2021-07-23T20:55:29","date_gmt":"2021-07-23T20:55:29","guid":{"rendered":"https:\/\/site.bancariosdepiracicaba.com.br\/2021\/07\/23\/dedini-e-segundo-ponto-de-manifesto-no-dia-nacional-de-lutas\/"},"modified":"2021-07-23T20:55:29","modified_gmt":"2021-07-23T20:55:29","slug":"dedini-e-segundo-ponto-de-manifesto-no-dia-nacional-de-lutas","status":"publish","type":"post","link":"https:\/\/bancariosdepiracicaba.com.br\/?p=8165","title":{"rendered":"Dedini \u00e9 segundo ponto de manifesto no Dia Nacional de Lutas"},"content":{"rendered":"<p>O CONESPI (Conselho de Entidades Sindicais de Piracicaba), entidade que re\u00fane 28 sindicatos, esteve na manh\u00e3 desta quinta-feira, 11, na empresa Dedini para manifestar o apoio dos sindicatos aos trabalhadores da metal\u00fargica que est\u00e1 passando por crise. Metal\u00fargicos, banc\u00e1rios, papeleiros, representantes da alimenta\u00e7\u00e3o e comerci\u00e1rios fizeram uso da palavra e manifestaram o apoio as bandeiras defendidas pelo CONESPI e centrais sindicais neste Dia Nacional de Lutas.<br \/>\nOs sindicalistas defendem a redu\u00e7\u00e3o da jornada de trabalho para 40 horas semanais, sem redu\u00e7\u00e3o dos sal\u00e1rios; fim do fator previdenci\u00e1rio; que 10% do PIB (Produto Interno Bruto) sejam aplicados na educa\u00e7\u00e3o; 10% do or\u00e7amento da Uni\u00e3o para a sa\u00fade p\u00fablica; transporte p\u00fablico de qualidade; valoriza\u00e7\u00e3o das aposentadorias; reforma agr\u00e1ria; suspens\u00e3o dos leil\u00f5es de petr\u00f3leo; contra o PL 4330 sobre terceiriza\u00e7\u00e3o; reforma pol \u00edtica e realiza\u00e7\u00e3o de plebiscito popular; reforma urbana; democratiza\u00e7\u00e3o dos meios de comunica\u00e7\u00e3o; pelos direitos humanos; contra o genoc \u00eddio da juventude negra e dos povos ind \u00edgenas; contra a repress\u00e3o e a criminaliza\u00e7\u00e3o das lutas e dos movimentos sociais; contra a aprova\u00e7\u00e3o do estatuto do nascituro e pela puni\u00e7\u00e3o dos torturadores da ditadura.<br \/>\nO presidente do SINDBAN (Sindicato dos Banc\u00e1rios de Piracicaba e Regi\u00e3o) e diretor de Comunica\u00e7\u00e3o do CONESPI, Jos\u00e9 Antonio Fernandes Paiva, relatou aos trabalhadores da Dedini que na semana passada os banc\u00e1rios foram \u00e0s ruas para manifestar a sua indigna\u00e7\u00e3o com o tratamento dado aos funcion\u00e1rios do Banco Luso Brasileiro em Piracicaba. Segundo o parlamentar, o Banco Luso \u00e9 uma institui\u00e7\u00e3o financeira que tem prest \u00edgio e tradi\u00e7\u00e3o em Piracicaba e que n\u00e3o pode tratar os funcion\u00e1rios do banco como qualquer um.  \u201c;Fechamos a ag\u00eancia no dia 4 e come\u00e7amos um di\u00e1logo com os patr\u00f5es. J\u00e1 conseguimos avan\u00e7os. Os companheiros funcion\u00e1rios do Banco Luso Brasileiro j\u00e1 est\u00e3o tendo curso de requalifica\u00e7\u00e3o profissional. Por isso, reafirmo que os companheiros da Dedini podem contar com 28 sindicatos que pertencem ao Conespi, com o nosso mandato na C\u00e2mara de Vereadores, e vamos buscar nos bens dos patr\u00f5es respaldo para que os funcion\u00e1rios da Dedini recebam o que t\u00eam direito \u201c;, declarou.<br \/>\nPaiva falou tamb\u00e9m do Dia Nacional de Lutas.  \u201c;Hoje vamos parar cinco milh\u00f5es de trabalhadores em todo pa \u00eds para destravar uma trava no Congresso Nacional que discute o projeto da  \u201c;Cura Gay \u201c;, mas n\u00e3o discute a redu\u00e7\u00e3o de jornada de 40 horas semanais, sem redu\u00e7\u00e3o dos sal\u00e1rios que beneficiam os trabalhadores e trabalhadoras, n\u00e3o discute o Projeto de Lei 4330 que pretende terceirizar a m\u00e3o de obra do trabalhador, fazendo com que o trabalhador receba cada vez menos. Hoje paramos o transporte coletivo, em manifesta\u00e7\u00e3o a tarifa mais cara do pa \u00eds e as p\u00e9ssimas condi\u00e7\u00f5es do transporte coletivo, e que paga mal os trabalhadores \u201c;, enfatizou.<br \/>\nTexto: Ronaldo Castilho<\/p>\n","protected":false},"excerpt":{"rendered":"<p>O CONESPI (Conselho de Entidades Sindicais de Piracicaba), entidade que re\u00fane 28 sindicatos, esteve na manh\u00e3 desta quinta-feira, 11, na empresa Dedini para manifestar o apoio dos sindicatos aos trabalhadores da metal\u00fargica que est\u00e1 passando por crise. Metal\u00fargicos, banc\u00e1rios, papeleiros, representantes da alimenta\u00e7\u00e3o e comerci\u00e1rios fizeram uso da palavra e manifestaram o apoio as bandeiras &hellip;<\/p>\n<p class=\"read-more\"> <a class=\"\" href=\"https:\/\/bancariosdepiracicaba.com.br\/?p=8165\"> <span class=\"screen-reader-text\">Dedini \u00e9 segundo ponto de manifesto no Dia Nacional de Lutas<\/span> Leia mais &raquo;<\/a><\/p>\n","protected":false},"author":1,"featured_media":0,"comment_status":"open","ping_status":"open","sticky":false,"template":"","format":"standard","meta":{"site-sidebar-layout":"default","site-content-layout":"default","ast-main-header-display":"","ast-hfb-above-header-display":"","ast-hfb-below-header-display":"","ast-hfb-mobile-header-display":"","site-post-title":"","ast-breadcrumbs-content":"","ast-featured-img":"","footer-sml-layout":"","theme-transparent-header-meta":"","adv-header-id-meta":"","stick-header-meta":"","header-above-stick-meta":"","header-main-stick-meta":"","header-below-stick-meta":"","footnotes":""},"categories":[1],"tags":[],"class_list":["post-8165","post","type-post","status-publish","format-standard","hentry","category-uncategorized"],"yoast_head":"<!-- This site is optimized with the Yoast SEO Premium plugin v16.1 (Yoast SEO v18.0) - https:\/\/yoast.com\/wordpress\/plugins\/seo\/ -->\n<title>Dedini \u00e9 segundo ponto de manifesto no Dia Nacional de Lutas - Sindban<\/title>\n<meta name=\"robots\" content=\"index, follow, max-snippet:-1, max-image-preview:large, max-video-preview:-1\" \/>\n<link rel=\"canonical\" href=\"https:\/\/bancariosdepiracicaba.com.br\/?p=8165\" \/>\n<meta property=\"og:locale\" content=\"pt_BR\" \/>\n<meta property=\"og:type\" content=\"article\" \/>\n<meta property=\"og:title\" content=\"Dedini \u00e9 segundo ponto de manifesto no Dia Nacional de Lutas - Sindban\" \/>\n<meta property=\"og:description\" content=\"O CONESPI (Conselho de Entidades Sindicais de Piracicaba), entidade que re\u00fane 28 sindicatos, esteve na manh\u00e3 desta quinta-feira, 11, na empresa Dedini para manifestar o apoio dos sindicatos aos trabalhadores da metal\u00fargica que est\u00e1 passando por crise. Metal\u00fargicos, banc\u00e1rios, papeleiros, representantes da alimenta\u00e7\u00e3o e comerci\u00e1rios fizeram uso da palavra e manifestaram o apoio as bandeiras &hellip; Dedini \u00e9 segundo ponto de manifesto no Dia Nacional de Lutas Leia mais &raquo;\" \/>\n<meta property=\"og:url\" content=\"https:\/\/bancariosdepiracicaba.com.br\/?p=8165\" \/>\n<meta property=\"og:site_name\" content=\"Sindban\" \/>\n<meta property=\"article:published_time\" content=\"2021-07-23T20:55:29+00:00\" \/>\n<meta name=\"twitter:card\" content=\"summary_large_image\" \/>\n<meta name=\"twitter:label1\" content=\"Escrito por\" \/>\n\t<meta name=\"twitter:data1\" content=\"admin\" \/>\n\t<meta name=\"twitter:label2\" content=\"Est. tempo de leitura\" \/>\n\t<meta name=\"twitter:data2\" content=\"3 minutos\" \/>\n<script type=\"application\/ld+json\" class=\"yoast-schema-graph\">{\"@context\":\"https:\/\/schema.org\",\"@graph\":[{\"@type\":\"Organization\",\"@id\":\"https:\/\/bancariosdepiracicaba.com.br\/#organization\",\"name\":\"Sindban\",\"url\":\"https:\/\/bancariosdepiracicaba.com.br\/\",\"sameAs\":[],\"logo\":{\"@type\":\"ImageObject\",\"@id\":\"https:\/\/bancariosdepiracicaba.com.br\/#logo\",\"inLanguage\":\"pt-BR\",\"url\":\"https:\/\/site.bancariosdepiracicaba.com.br\/wp-content\/uploads\/2021\/04\/cropped-Asset-2.png\",\"contentUrl\":\"https:\/\/site.bancariosdepiracicaba.com.br\/wp-content\/uploads\/2021\/04\/cropped-Asset-2.png\",\"width\":512,\"height\":512,\"caption\":\"Sindban\"},\"image\":{\"@id\":\"https:\/\/bancariosdepiracicaba.com.br\/#logo\"}},{\"@type\":\"WebSite\",\"@id\":\"https:\/\/bancariosdepiracicaba.com.br\/#website\",\"url\":\"https:\/\/bancariosdepiracicaba.com.br\/\",\"name\":\"Sindban\",\"description\":\"Desenvolvimento\",\"publisher\":{\"@id\":\"https:\/\/bancariosdepiracicaba.com.br\/#organization\"},\"potentialAction\":[{\"@type\":\"SearchAction\",\"target\":{\"@type\":\"EntryPoint\",\"urlTemplate\":\"https:\/\/bancariosdepiracicaba.com.br\/?s={search_term_string}\"},\"query-input\":\"required name=search_term_string\"}],\"inLanguage\":\"pt-BR\"},{\"@type\":\"WebPage\",\"@id\":\"https:\/\/bancariosdepiracicaba.com.br\/?p=8165#webpage\",\"url\":\"https:\/\/bancariosdepiracicaba.com.br\/?p=8165\",\"name\":\"Dedini \u00e9 segundo ponto de manifesto no Dia Nacional de Lutas - Sindban\",\"isPartOf\":{\"@id\":\"https:\/\/bancariosdepiracicaba.com.br\/#website\"},\"datePublished\":\"2021-07-23T20:55:29+00:00\",\"dateModified\":\"2021-07-23T20:55:29+00:00\",\"breadcrumb\":{\"@id\":\"https:\/\/bancariosdepiracicaba.com.br\/?p=8165#breadcrumb\"},\"inLanguage\":\"pt-BR\",\"potentialAction\":[{\"@type\":\"ReadAction\",\"target\":[\"https:\/\/bancariosdepiracicaba.com.br\/?p=8165\"]}]},{\"@type\":\"BreadcrumbList\",\"@id\":\"https:\/\/bancariosdepiracicaba.com.br\/?p=8165#breadcrumb\",\"itemListElement\":[{\"@type\":\"ListItem\",\"position\":1,\"name\":\"Home\",\"item\":\"https:\/\/bancariosdepiracicaba.com.br\/\"},{\"@type\":\"ListItem\",\"position\":2,\"name\":\"Dedini \u00e9 segundo ponto de manifesto no Dia Nacional de Lutas\"}]},{\"@type\":\"Article\",\"@id\":\"https:\/\/bancariosdepiracicaba.com.br\/?p=8165#article\",\"isPartOf\":{\"@id\":\"https:\/\/bancariosdepiracicaba.com.br\/?p=8165#webpage\"},\"author\":{\"@id\":\"https:\/\/bancariosdepiracicaba.com.br\/#\/schema\/person\/6a12c780fc145ea2c9af09989ee600b0\"},\"headline\":\"Dedini \u00e9 segundo ponto de manifesto no Dia Nacional de Lutas\",\"datePublished\":\"2021-07-23T20:55:29+00:00\",\"dateModified\":\"2021-07-23T20:55:29+00:00\",\"mainEntityOfPage\":{\"@id\":\"https:\/\/bancariosdepiracicaba.com.br\/?p=8165#webpage\"},\"wordCount\":511,\"commentCount\":0,\"publisher\":{\"@id\":\"https:\/\/bancariosdepiracicaba.com.br\/#organization\"},\"articleSection\":[\"Uncategorized\"],\"inLanguage\":\"pt-BR\",\"potentialAction\":[{\"@type\":\"CommentAction\",\"name\":\"Comment\",\"target\":[\"https:\/\/bancariosdepiracicaba.com.br\/?p=8165#respond\"]}]},{\"@type\":\"Person\",\"@id\":\"https:\/\/bancariosdepiracicaba.com.br\/#\/schema\/person\/6a12c780fc145ea2c9af09989ee600b0\",\"name\":\"admin\",\"image\":{\"@type\":\"ImageObject\",\"@id\":\"https:\/\/bancariosdepiracicaba.com.br\/#personlogo\",\"inLanguage\":\"pt-BR\",\"url\":\"https:\/\/secure.gravatar.com\/avatar\/3a05e74c6579e68209676cb5cb64e0918f288da7a49210fa18d6e9cac1189840?s=96&d=mm&r=g\",\"contentUrl\":\"https:\/\/secure.gravatar.com\/avatar\/3a05e74c6579e68209676cb5cb64e0918f288da7a49210fa18d6e9cac1189840?s=96&d=mm&r=g\",\"caption\":\"admin\"},\"sameAs\":[\"https:\/\/site.bancariosdepiracicaba.com.br\"],\"url\":\"https:\/\/bancariosdepiracicaba.com.br\/?author=1\"}]}<\/script>\n<!-- \/ Yoast SEO Premium plugin. -->","yoast_head_json":{"title":"Dedini \u00e9 segundo ponto de manifesto no Dia Nacional de Lutas - Sindban","robots":{"index":"index","follow":"follow","max-snippet":"max-snippet:-1","max-image-preview":"max-image-preview:large","max-video-preview":"max-video-preview:-1"},"canonical":"https:\/\/bancariosdepiracicaba.com.br\/?p=8165","og_locale":"pt_BR","og_type":"article","og_title":"Dedini \u00e9 segundo ponto de manifesto no Dia Nacional de Lutas - Sindban","og_description":"O CONESPI (Conselho de Entidades Sindicais de Piracicaba), entidade que re\u00fane 28 sindicatos, esteve na manh\u00e3 desta quinta-feira, 11, na empresa Dedini para manifestar o apoio dos sindicatos aos trabalhadores da metal\u00fargica que est\u00e1 passando por crise. Metal\u00fargicos, banc\u00e1rios, papeleiros, representantes da alimenta\u00e7\u00e3o e comerci\u00e1rios fizeram uso da palavra e manifestaram o apoio as bandeiras &hellip; Dedini \u00e9 segundo ponto de manifesto no Dia Nacional de Lutas Leia mais &raquo;","og_url":"https:\/\/bancariosdepiracicaba.com.br\/?p=8165","og_site_name":"Sindban","article_published_time":"2021-07-23T20:55:29+00:00","twitter_card":"summary_large_image","twitter_misc":{"Escrito por":"admin","Est. tempo de leitura":"3 minutos"},"schema":{"@context":"https:\/\/schema.org","@graph":[{"@type":"Organization","@id":"https:\/\/bancariosdepiracicaba.com.br\/#organization","name":"Sindban","url":"https:\/\/bancariosdepiracicaba.com.br\/","sameAs":[],"logo":{"@type":"ImageObject","@id":"https:\/\/bancariosdepiracicaba.com.br\/#logo","inLanguage":"pt-BR","url":"https:\/\/site.bancariosdepiracicaba.com.br\/wp-content\/uploads\/2021\/04\/cropped-Asset-2.png","contentUrl":"https:\/\/site.bancariosdepiracicaba.com.br\/wp-content\/uploads\/2021\/04\/cropped-Asset-2.png","width":512,"height":512,"caption":"Sindban"},"image":{"@id":"https:\/\/bancariosdepiracicaba.com.br\/#logo"}},{"@type":"WebSite","@id":"https:\/\/bancariosdepiracicaba.com.br\/#website","url":"https:\/\/bancariosdepiracicaba.com.br\/","name":"Sindban","description":"Desenvolvimento","publisher":{"@id":"https:\/\/bancariosdepiracicaba.com.br\/#organization"},"potentialAction":[{"@type":"SearchAction","target":{"@type":"EntryPoint","urlTemplate":"https:\/\/bancariosdepiracicaba.com.br\/?s={search_term_string}"},"query-input":"required name=search_term_string"}],"inLanguage":"pt-BR"},{"@type":"WebPage","@id":"https:\/\/bancariosdepiracicaba.com.br\/?p=8165#webpage","url":"https:\/\/bancariosdepiracicaba.com.br\/?p=8165","name":"Dedini \u00e9 segundo ponto de manifesto no Dia Nacional de Lutas - Sindban","isPartOf":{"@id":"https:\/\/bancariosdepiracicaba.com.br\/#website"},"datePublished":"2021-07-23T20:55:29+00:00","dateModified":"2021-07-23T20:55:29+00:00","breadcrumb":{"@id":"https:\/\/bancariosdepiracicaba.com.br\/?p=8165#breadcrumb"},"inLanguage":"pt-BR","potentialAction":[{"@type":"ReadAction","target":["https:\/\/bancariosdepiracicaba.com.br\/?p=8165"]}]},{"@type":"BreadcrumbList","@id":"https:\/\/bancariosdepiracicaba.com.br\/?p=8165#breadcrumb","itemListElement":[{"@type":"ListItem","position":1,"name":"Home","item":"https:\/\/bancariosdepiracicaba.com.br\/"},{"@type":"ListItem","position":2,"name":"Dedini \u00e9 segundo ponto de manifesto no Dia Nacional de Lutas"}]},{"@type":"Article","@id":"https:\/\/bancariosdepiracicaba.com.br\/?p=8165#article","isPartOf":{"@id":"https:\/\/bancariosdepiracicaba.com.br\/?p=8165#webpage"},"author":{"@id":"https:\/\/bancariosdepiracicaba.com.br\/#\/schema\/person\/6a12c780fc145ea2c9af09989ee600b0"},"headline":"Dedini \u00e9 segundo ponto de manifesto no Dia Nacional de Lutas","datePublished":"2021-07-23T20:55:29+00:00","dateModified":"2021-07-23T20:55:29+00:00","mainEntityOfPage":{"@id":"https:\/\/bancariosdepiracicaba.com.br\/?p=8165#webpage"},"wordCount":511,"commentCount":0,"publisher":{"@id":"https:\/\/bancariosdepiracicaba.com.br\/#organization"},"articleSection":["Uncategorized"],"inLanguage":"pt-BR","potentialAction":[{"@type":"CommentAction","name":"Comment","target":["https:\/\/bancariosdepiracicaba.com.br\/?p=8165#respond"]}]},{"@type":"Person","@id":"https:\/\/bancariosdepiracicaba.com.br\/#\/schema\/person\/6a12c780fc145ea2c9af09989ee600b0","name":"admin","image":{"@type":"ImageObject","@id":"https:\/\/bancariosdepiracicaba.com.br\/#personlogo","inLanguage":"pt-BR","url":"https:\/\/secure.gravatar.com\/avatar\/3a05e74c6579e68209676cb5cb64e0918f288da7a49210fa18d6e9cac1189840?s=96&d=mm&r=g","contentUrl":"https:\/\/secure.gravatar.com\/avatar\/3a05e74c6579e68209676cb5cb64e0918f288da7a49210fa18d6e9cac1189840?s=96&d=mm&r=g","caption":"admin"},"sameAs":["https:\/\/site.bancariosdepiracicaba.com.br"],"url":"https:\/\/bancariosdepiracicaba.com.br\/?author=1"}]}},"_links":{"self":[{"href":"https:\/\/bancariosdepiracicaba.com.br\/index.php?rest_route=\/wp\/v2\/posts\/8165","targetHints":{"allow":["GET"]}}],"collection":[{"href":"https:\/\/bancariosdepiracicaba.com.br\/index.php?rest_route=\/wp\/v2\/posts"}],"about":[{"href":"https:\/\/bancariosdepiracicaba.com.br\/index.php?rest_route=\/wp\/v2\/types\/post"}],"author":[{"embeddable":true,"href":"https:\/\/bancariosdepiracicaba.com.br\/index.php?rest_route=\/wp\/v2\/users\/1"}],"replies":[{"embeddable":true,"href":"https:\/\/bancariosdepiracicaba.com.br\/index.php?rest_route=%2Fwp%2Fv2%2Fcomments&post=8165"}],"version-history":[{"count":0,"href":"https:\/\/bancariosdepiracicaba.com.br\/index.php?rest_route=\/wp\/v2\/posts\/8165\/revisions"}],"wp:attachment":[{"href":"https:\/\/bancariosdepiracicaba.com.br\/index.php?rest_route=%2Fwp%2Fv2%2Fmedia&parent=8165"}],"wp:term":[{"taxonomy":"category","embeddable":true,"href":"https:\/\/bancariosdepiracicaba.com.br\/index.php?rest_route=%2Fwp%2Fv2%2Fcategories&post=8165"},{"taxonomy":"post_tag","embeddable":true,"href":"https:\/\/bancariosdepiracicaba.com.br\/index.php?rest_route=%2Fwp%2Fv2%2Ftags&post=8165"}],"curies":[{"name":"wp","href":"https:\/\/api.w.org\/{rel}","templated":true}]}}