{"id":8139,"date":"2021-07-23T20:54:55","date_gmt":"2021-07-23T20:54:55","guid":{"rendered":"https:\/\/site.bancariosdepiracicaba.com.br\/2021\/07\/23\/sindicato-fecha-agencias-do-itau-em-dia-de-luta\/"},"modified":"2021-08-11T21:43:56","modified_gmt":"2021-08-12T00:43:56","slug":"sindicato-fecha-agencias-do-itau-em-dia-de-luta","status":"publish","type":"post","link":"https:\/\/bancariosdepiracicaba.com.br\/?p=8139","title":{"rendered":"Sindicato fecha ag\u00eancias do Ita\u00fa em Dia de Luta"},"content":{"rendered":"<p>As ag\u00eancias do Banco Ita\u00fa de Piracicaba que trabalham com hor\u00e1rio estendido n\u00e3o abriram nesta segunda-feira, 27. A paralisa\u00e7\u00e3o foi organizada pelo SINDBAN (Sindicato dos Banc\u00e1rios de Piracicaba e Regi\u00e3o) pelo fim do hor\u00e1rio estendido nas ag\u00eancias.<br \/>\nO dia 27 de maio foi definido como o Dia de Luta do Banco Ita\u00fa e a Contraf-CUT orientou sindicatos e federa\u00e7\u00f5es a fazer nesta segunda-feira paralisa\u00e7\u00f5es em todo pa \u00eds nas ag\u00eancias do Ita\u00fa. Mesmo com chuva, funcion\u00e1rios e diretores do SINDBAN foram at\u00e9 as ag\u00eancias antes do hor\u00e1rio de abertura das portas e informaram funcion\u00e1rios e gerentes sobre a paralisa\u00e7\u00e3o e que a ag\u00eancia n\u00e3o abriria durante o dia.<br \/>\nO protesto ocorreu por conta da extens\u00e3o do hor\u00e1rio de atendimento em diversas ag\u00eancias, sobrecarregando os funcion\u00e1rios e trazendo consequ\u00eancias diretas no emprego, jornada e organiza\u00e7\u00e3o de trabalho, afetando principalmente a qualidade de vida dos trabalhadores. O projeto, segundo a Contraf-CUT, foi implantado de forma unilateral e sem transpar\u00eancia, fragilizando ainda a seguran\u00e7a de banc\u00e1rios e clientes.<br \/>\nOs diretores repassaram aos funcion\u00e1rios das ag\u00eancias paralisadas a minuta aprovada no Encontro Nacional dos Dirigentes Sindicais, onde constam as propostas e a\u00e7\u00f5es para a Campanha Salarial 2013. Entre as principais reivindica\u00e7\u00f5es est\u00e1 a de contrata\u00e7\u00e3o de mais funcion\u00e1rios e a implanta\u00e7\u00e3o do segundo turno.  \u201c;N\u00e3o estamos protestando contra o hor\u00e1rio estendido destas ag\u00eancias, mas solicitando mais funcion\u00e1rios e o segundo turno para que n\u00e3o sobrecarregue os existentes, dando condi\u00e7\u00f5es dignas de trabalho a eles \u201c;, afirmou o vice-presidente do Sindicato, Marcelo Abrah\u00e3o.<br \/>\nBANCO -; O Ita\u00fa fechou 7.935 postos de trabalho somente no ano passado. Desde 2011, os cortes j\u00e1 chegam a 13.699 postos. Enquanto isso, o lucro l \u00edquido do Ita\u00fa em 2012 passou dos R$ 14 bilh\u00f5es.<br \/>\nEm 2013, o banco lucrou R$ 3,5 bilh\u00f5es no primeiro trimestre. J\u00e1 o emprego foi reduzido ainda mais, com o corte de 708 postos de trabalho.<br \/>\nTexto: Michelle Bottin<\/p>\n","protected":false},"excerpt":{"rendered":"<p>As ag\u00eancias do Banco Ita\u00fa de Piracicaba que trabalham com hor\u00e1rio estendido n\u00e3o abriram nesta segunda-feira, 27. A paralisa\u00e7\u00e3o foi organizada pelo SINDBAN (Sindicato dos Banc\u00e1rios de Piracicaba e Regi\u00e3o) pelo fim do hor\u00e1rio estendido nas ag\u00eancias. O dia 27 de maio foi definido como o Dia de Luta do Banco Ita\u00fa e a Contraf-CUT &hellip;<\/p>\n<p class=\"read-more\"> <a class=\"\" href=\"https:\/\/bancariosdepiracicaba.com.br\/?p=8139\"> <span class=\"screen-reader-text\">Sindicato fecha ag\u00eancias do Ita\u00fa em Dia de Luta<\/span> Leia mais &raquo;<\/a><\/p>\n","protected":false},"author":1,"featured_media":0,"comment_status":"open","ping_status":"open","sticky":false,"template":"","format":"standard","meta":{"site-sidebar-layout":"default","site-content-layout":"default","ast-main-header-display":"","ast-hfb-above-header-display":"","ast-hfb-below-header-display":"","ast-hfb-mobile-header-display":"","site-post-title":"","ast-breadcrumbs-content":"","ast-featured-img":"","footer-sml-layout":"","theme-transparent-header-meta":"","adv-header-id-meta":"","stick-header-meta":"","header-above-stick-meta":"","header-main-stick-meta":"","header-below-stick-meta":"","footnotes":""},"categories":[52,13,1],"tags":[],"class_list":["post-8139","post","type-post","status-publish","format-standard","hentry","category-campanha-salarial","category-itau","category-uncategorized"],"yoast_head":"<!-- This site is optimized with the Yoast SEO Premium plugin v16.1 (Yoast SEO v18.0) - https:\/\/yoast.com\/wordpress\/plugins\/seo\/ -->\n<title>Sindicato fecha ag\u00eancias do Ita\u00fa em Dia de Luta - Sindban<\/title>\n<meta name=\"robots\" content=\"index, follow, max-snippet:-1, max-image-preview:large, max-video-preview:-1\" \/>\n<link rel=\"canonical\" href=\"https:\/\/bancariosdepiracicaba.com.br\/?p=8139\" \/>\n<meta property=\"og:locale\" content=\"pt_BR\" \/>\n<meta property=\"og:type\" content=\"article\" \/>\n<meta property=\"og:title\" content=\"Sindicato fecha ag\u00eancias do Ita\u00fa em Dia de Luta - Sindban\" \/>\n<meta property=\"og:description\" content=\"As ag\u00eancias do Banco Ita\u00fa de Piracicaba que trabalham com hor\u00e1rio estendido n\u00e3o abriram nesta segunda-feira, 27. A paralisa\u00e7\u00e3o foi organizada pelo SINDBAN (Sindicato dos Banc\u00e1rios de Piracicaba e Regi\u00e3o) pelo fim do hor\u00e1rio estendido nas ag\u00eancias. O dia 27 de maio foi definido como o Dia de Luta do Banco Ita\u00fa e a Contraf-CUT &hellip; Sindicato fecha ag\u00eancias do Ita\u00fa em Dia de Luta Leia mais &raquo;\" \/>\n<meta property=\"og:url\" content=\"https:\/\/bancariosdepiracicaba.com.br\/?p=8139\" \/>\n<meta property=\"og:site_name\" content=\"Sindban\" \/>\n<meta property=\"article:published_time\" content=\"2021-07-23T20:54:55+00:00\" \/>\n<meta property=\"article:modified_time\" content=\"2021-08-12T00:43:56+00:00\" \/>\n<meta name=\"twitter:card\" content=\"summary_large_image\" \/>\n<meta name=\"twitter:label1\" content=\"Escrito por\" \/>\n\t<meta name=\"twitter:data1\" content=\"admin\" \/>\n\t<meta name=\"twitter:label2\" content=\"Est. tempo de leitura\" \/>\n\t<meta name=\"twitter:data2\" content=\"2 minutos\" \/>\n<script type=\"application\/ld+json\" class=\"yoast-schema-graph\">{\"@context\":\"https:\/\/schema.org\",\"@graph\":[{\"@type\":\"Organization\",\"@id\":\"https:\/\/bancariosdepiracicaba.com.br\/#organization\",\"name\":\"Sindban\",\"url\":\"https:\/\/bancariosdepiracicaba.com.br\/\",\"sameAs\":[],\"logo\":{\"@type\":\"ImageObject\",\"@id\":\"https:\/\/bancariosdepiracicaba.com.br\/#logo\",\"inLanguage\":\"pt-BR\",\"url\":\"https:\/\/site.bancariosdepiracicaba.com.br\/wp-content\/uploads\/2021\/04\/cropped-Asset-2.png\",\"contentUrl\":\"https:\/\/site.bancariosdepiracicaba.com.br\/wp-content\/uploads\/2021\/04\/cropped-Asset-2.png\",\"width\":512,\"height\":512,\"caption\":\"Sindban\"},\"image\":{\"@id\":\"https:\/\/bancariosdepiracicaba.com.br\/#logo\"}},{\"@type\":\"WebSite\",\"@id\":\"https:\/\/bancariosdepiracicaba.com.br\/#website\",\"url\":\"https:\/\/bancariosdepiracicaba.com.br\/\",\"name\":\"Sindban\",\"description\":\"Desenvolvimento\",\"publisher\":{\"@id\":\"https:\/\/bancariosdepiracicaba.com.br\/#organization\"},\"potentialAction\":[{\"@type\":\"SearchAction\",\"target\":{\"@type\":\"EntryPoint\",\"urlTemplate\":\"https:\/\/bancariosdepiracicaba.com.br\/?s={search_term_string}\"},\"query-input\":\"required name=search_term_string\"}],\"inLanguage\":\"pt-BR\"},{\"@type\":\"WebPage\",\"@id\":\"https:\/\/bancariosdepiracicaba.com.br\/?p=8139#webpage\",\"url\":\"https:\/\/bancariosdepiracicaba.com.br\/?p=8139\",\"name\":\"Sindicato fecha ag\u00eancias do Ita\u00fa em Dia de Luta - Sindban\",\"isPartOf\":{\"@id\":\"https:\/\/bancariosdepiracicaba.com.br\/#website\"},\"datePublished\":\"2021-07-23T20:54:55+00:00\",\"dateModified\":\"2021-08-12T00:43:56+00:00\",\"breadcrumb\":{\"@id\":\"https:\/\/bancariosdepiracicaba.com.br\/?p=8139#breadcrumb\"},\"inLanguage\":\"pt-BR\",\"potentialAction\":[{\"@type\":\"ReadAction\",\"target\":[\"https:\/\/bancariosdepiracicaba.com.br\/?p=8139\"]}]},{\"@type\":\"BreadcrumbList\",\"@id\":\"https:\/\/bancariosdepiracicaba.com.br\/?p=8139#breadcrumb\",\"itemListElement\":[{\"@type\":\"ListItem\",\"position\":1,\"name\":\"Home\",\"item\":\"https:\/\/bancariosdepiracicaba.com.br\/\"},{\"@type\":\"ListItem\",\"position\":2,\"name\":\"Sindicato fecha ag\u00eancias do Ita\u00fa em Dia de Luta\"}]},{\"@type\":\"Article\",\"@id\":\"https:\/\/bancariosdepiracicaba.com.br\/?p=8139#article\",\"isPartOf\":{\"@id\":\"https:\/\/bancariosdepiracicaba.com.br\/?p=8139#webpage\"},\"author\":{\"@id\":\"https:\/\/bancariosdepiracicaba.com.br\/#\/schema\/person\/6a12c780fc145ea2c9af09989ee600b0\"},\"headline\":\"Sindicato fecha ag\u00eancias do Ita\u00fa em Dia de Luta\",\"datePublished\":\"2021-07-23T20:54:55+00:00\",\"dateModified\":\"2021-08-12T00:43:56+00:00\",\"mainEntityOfPage\":{\"@id\":\"https:\/\/bancariosdepiracicaba.com.br\/?p=8139#webpage\"},\"wordCount\":355,\"commentCount\":0,\"publisher\":{\"@id\":\"https:\/\/bancariosdepiracicaba.com.br\/#organization\"},\"articleSection\":[\"Campanha Salarial\",\"Ita\u00fa\",\"Uncategorized\"],\"inLanguage\":\"pt-BR\",\"potentialAction\":[{\"@type\":\"CommentAction\",\"name\":\"Comment\",\"target\":[\"https:\/\/bancariosdepiracicaba.com.br\/?p=8139#respond\"]}]},{\"@type\":\"Person\",\"@id\":\"https:\/\/bancariosdepiracicaba.com.br\/#\/schema\/person\/6a12c780fc145ea2c9af09989ee600b0\",\"name\":\"admin\",\"image\":{\"@type\":\"ImageObject\",\"@id\":\"https:\/\/bancariosdepiracicaba.com.br\/#personlogo\",\"inLanguage\":\"pt-BR\",\"url\":\"https:\/\/secure.gravatar.com\/avatar\/3a05e74c6579e68209676cb5cb64e0918f288da7a49210fa18d6e9cac1189840?s=96&d=mm&r=g\",\"contentUrl\":\"https:\/\/secure.gravatar.com\/avatar\/3a05e74c6579e68209676cb5cb64e0918f288da7a49210fa18d6e9cac1189840?s=96&d=mm&r=g\",\"caption\":\"admin\"},\"sameAs\":[\"https:\/\/site.bancariosdepiracicaba.com.br\"],\"url\":\"https:\/\/bancariosdepiracicaba.com.br\/?author=1\"}]}<\/script>\n<!-- \/ Yoast SEO Premium plugin. -->","yoast_head_json":{"title":"Sindicato fecha ag\u00eancias do Ita\u00fa em Dia de Luta - Sindban","robots":{"index":"index","follow":"follow","max-snippet":"max-snippet:-1","max-image-preview":"max-image-preview:large","max-video-preview":"max-video-preview:-1"},"canonical":"https:\/\/bancariosdepiracicaba.com.br\/?p=8139","og_locale":"pt_BR","og_type":"article","og_title":"Sindicato fecha ag\u00eancias do Ita\u00fa em Dia de Luta - Sindban","og_description":"As ag\u00eancias do Banco Ita\u00fa de Piracicaba que trabalham com hor\u00e1rio estendido n\u00e3o abriram nesta segunda-feira, 27. A paralisa\u00e7\u00e3o foi organizada pelo SINDBAN (Sindicato dos Banc\u00e1rios de Piracicaba e Regi\u00e3o) pelo fim do hor\u00e1rio estendido nas ag\u00eancias. O dia 27 de maio foi definido como o Dia de Luta do Banco Ita\u00fa e a Contraf-CUT &hellip; Sindicato fecha ag\u00eancias do Ita\u00fa em Dia de Luta Leia mais &raquo;","og_url":"https:\/\/bancariosdepiracicaba.com.br\/?p=8139","og_site_name":"Sindban","article_published_time":"2021-07-23T20:54:55+00:00","article_modified_time":"2021-08-12T00:43:56+00:00","twitter_card":"summary_large_image","twitter_misc":{"Escrito por":"admin","Est. tempo de leitura":"2 minutos"},"schema":{"@context":"https:\/\/schema.org","@graph":[{"@type":"Organization","@id":"https:\/\/bancariosdepiracicaba.com.br\/#organization","name":"Sindban","url":"https:\/\/bancariosdepiracicaba.com.br\/","sameAs":[],"logo":{"@type":"ImageObject","@id":"https:\/\/bancariosdepiracicaba.com.br\/#logo","inLanguage":"pt-BR","url":"https:\/\/site.bancariosdepiracicaba.com.br\/wp-content\/uploads\/2021\/04\/cropped-Asset-2.png","contentUrl":"https:\/\/site.bancariosdepiracicaba.com.br\/wp-content\/uploads\/2021\/04\/cropped-Asset-2.png","width":512,"height":512,"caption":"Sindban"},"image":{"@id":"https:\/\/bancariosdepiracicaba.com.br\/#logo"}},{"@type":"WebSite","@id":"https:\/\/bancariosdepiracicaba.com.br\/#website","url":"https:\/\/bancariosdepiracicaba.com.br\/","name":"Sindban","description":"Desenvolvimento","publisher":{"@id":"https:\/\/bancariosdepiracicaba.com.br\/#organization"},"potentialAction":[{"@type":"SearchAction","target":{"@type":"EntryPoint","urlTemplate":"https:\/\/bancariosdepiracicaba.com.br\/?s={search_term_string}"},"query-input":"required name=search_term_string"}],"inLanguage":"pt-BR"},{"@type":"WebPage","@id":"https:\/\/bancariosdepiracicaba.com.br\/?p=8139#webpage","url":"https:\/\/bancariosdepiracicaba.com.br\/?p=8139","name":"Sindicato fecha ag\u00eancias do Ita\u00fa em Dia de Luta - Sindban","isPartOf":{"@id":"https:\/\/bancariosdepiracicaba.com.br\/#website"},"datePublished":"2021-07-23T20:54:55+00:00","dateModified":"2021-08-12T00:43:56+00:00","breadcrumb":{"@id":"https:\/\/bancariosdepiracicaba.com.br\/?p=8139#breadcrumb"},"inLanguage":"pt-BR","potentialAction":[{"@type":"ReadAction","target":["https:\/\/bancariosdepiracicaba.com.br\/?p=8139"]}]},{"@type":"BreadcrumbList","@id":"https:\/\/bancariosdepiracicaba.com.br\/?p=8139#breadcrumb","itemListElement":[{"@type":"ListItem","position":1,"name":"Home","item":"https:\/\/bancariosdepiracicaba.com.br\/"},{"@type":"ListItem","position":2,"name":"Sindicato fecha ag\u00eancias do Ita\u00fa em Dia de Luta"}]},{"@type":"Article","@id":"https:\/\/bancariosdepiracicaba.com.br\/?p=8139#article","isPartOf":{"@id":"https:\/\/bancariosdepiracicaba.com.br\/?p=8139#webpage"},"author":{"@id":"https:\/\/bancariosdepiracicaba.com.br\/#\/schema\/person\/6a12c780fc145ea2c9af09989ee600b0"},"headline":"Sindicato fecha ag\u00eancias do Ita\u00fa em Dia de Luta","datePublished":"2021-07-23T20:54:55+00:00","dateModified":"2021-08-12T00:43:56+00:00","mainEntityOfPage":{"@id":"https:\/\/bancariosdepiracicaba.com.br\/?p=8139#webpage"},"wordCount":355,"commentCount":0,"publisher":{"@id":"https:\/\/bancariosdepiracicaba.com.br\/#organization"},"articleSection":["Campanha Salarial","Ita\u00fa","Uncategorized"],"inLanguage":"pt-BR","potentialAction":[{"@type":"CommentAction","name":"Comment","target":["https:\/\/bancariosdepiracicaba.com.br\/?p=8139#respond"]}]},{"@type":"Person","@id":"https:\/\/bancariosdepiracicaba.com.br\/#\/schema\/person\/6a12c780fc145ea2c9af09989ee600b0","name":"admin","image":{"@type":"ImageObject","@id":"https:\/\/bancariosdepiracicaba.com.br\/#personlogo","inLanguage":"pt-BR","url":"https:\/\/secure.gravatar.com\/avatar\/3a05e74c6579e68209676cb5cb64e0918f288da7a49210fa18d6e9cac1189840?s=96&d=mm&r=g","contentUrl":"https:\/\/secure.gravatar.com\/avatar\/3a05e74c6579e68209676cb5cb64e0918f288da7a49210fa18d6e9cac1189840?s=96&d=mm&r=g","caption":"admin"},"sameAs":["https:\/\/site.bancariosdepiracicaba.com.br"],"url":"https:\/\/bancariosdepiracicaba.com.br\/?author=1"}]}},"_links":{"self":[{"href":"https:\/\/bancariosdepiracicaba.com.br\/index.php?rest_route=\/wp\/v2\/posts\/8139","targetHints":{"allow":["GET"]}}],"collection":[{"href":"https:\/\/bancariosdepiracicaba.com.br\/index.php?rest_route=\/wp\/v2\/posts"}],"about":[{"href":"https:\/\/bancariosdepiracicaba.com.br\/index.php?rest_route=\/wp\/v2\/types\/post"}],"author":[{"embeddable":true,"href":"https:\/\/bancariosdepiracicaba.com.br\/index.php?rest_route=\/wp\/v2\/users\/1"}],"replies":[{"embeddable":true,"href":"https:\/\/bancariosdepiracicaba.com.br\/index.php?rest_route=%2Fwp%2Fv2%2Fcomments&post=8139"}],"version-history":[{"count":1,"href":"https:\/\/bancariosdepiracicaba.com.br\/index.php?rest_route=\/wp\/v2\/posts\/8139\/revisions"}],"predecessor-version":[{"id":12794,"href":"https:\/\/bancariosdepiracicaba.com.br\/index.php?rest_route=\/wp\/v2\/posts\/8139\/revisions\/12794"}],"wp:attachment":[{"href":"https:\/\/bancariosdepiracicaba.com.br\/index.php?rest_route=%2Fwp%2Fv2%2Fmedia&parent=8139"}],"wp:term":[{"taxonomy":"category","embeddable":true,"href":"https:\/\/bancariosdepiracicaba.com.br\/index.php?rest_route=%2Fwp%2Fv2%2Fcategories&post=8139"},{"taxonomy":"post_tag","embeddable":true,"href":"https:\/\/bancariosdepiracicaba.com.br\/index.php?rest_route=%2Fwp%2Fv2%2Ftags&post=8139"}],"curies":[{"name":"wp","href":"https:\/\/api.w.org\/{rel}","templated":true}]}}