{"id":8047,"date":"2021-07-23T20:53:01","date_gmt":"2021-07-23T20:53:01","guid":{"rendered":"https:\/\/site.bancariosdepiracicaba.com.br\/2021\/07\/23\/santander-recusa-no-mpt-negociacao-sobre-formas-de-protecao-ao-emprego\/"},"modified":"2021-07-26T19:29:14","modified_gmt":"2021-07-26T19:29:14","slug":"santander-recusa-no-mpt-negociacao-sobre-formas-de-protecao-ao-emprego","status":"publish","type":"post","link":"https:\/\/bancariosdepiracicaba.com.br\/?p=8047","title":{"rendered":"Santander recusa no MPT negocia\u00e7\u00e3o sobre formas de prote\u00e7\u00e3o ao emprego"},"content":{"rendered":"<p>O Santander pretende continuar demitindo pais e m\u00e3es de fam \u00edlia em 2013. Em nova e ampliada audi\u00eancia de media\u00e7\u00e3o realizada ontem (17), no Minist\u00e9rio P\u00fablico do Trabalho (MPT), em Bras \u00edlia, o banco recusou a proposta da Contraf-CUT de reintegra\u00e7\u00e3o dos demitidos em dezembro de 2012 e de negocia\u00e7\u00e3o sobre formas de prote\u00e7\u00e3o ao emprego. <\/p>\n<p>Al\u00e9m da Contraf-CUT, participaram dirigentes de v\u00e1rias entidades sindicais de todo pa \u00eds, como os Sindicatos dos Banc\u00e1rios de Bras \u00edlia, Rio de Janeiro, Belo Horizonte, Pernambuco, Bahia, Para \u00edba, Alagoas, Campo Grande e Santos, al\u00e9m da Feeb Rio de Janeiro e Esp \u00edrito Santo, Fetec Paran\u00e1, Fetec Centro-Norte, Fetrafi Nordeste, Fetrafi Rio Grande do Sul e Feeb Bahia e Sergipe. Tamb\u00e9m esteve presente o assessor jur \u00eddico da Contraf-CUT, S\u00e1vio Lobato.<\/p>\n<p>Sem negocia\u00e7\u00e3o pr\u00e9via<\/p>\n<p>A Contraf-CUT prop\u00f4s o estabelecimento de uma cl\u00e1usula sobre redu\u00e7\u00e3o de quadros com demiss\u00f5es coletivas, diante do compromisso firmado pelo banco na ata da media\u00e7\u00e3o anterior, ocorrida no \u00faltimo dia 9, de que &#8220;n\u00e3o h\u00e1 nenhum plano de redu\u00e7\u00e3o de quadros, com dispensa coletiva&#8221; e que &#8220;o seu turn over encontra-se dentro da m\u00e9dia do segmento financeiro&#8221;. Pela proposta apresentada, o banco convocaria a Contraf-CUT para discuss\u00e3o de crit\u00e9rios quando esta ultrapasse a m\u00e9dia do setor banc\u00e1rio.<\/p>\n<p>No entanto, conforme registro em ata na media\u00e7\u00e3o desta quinta, &#8220;o banco recusou a proposta de discutir previamente quaisquer demiss\u00f5es, bem como a proposta de reintegra\u00e7\u00e3o. Reafirmou, ainda, que n\u00e3o efetuou demiss\u00e3o coletiva em dezembro e que n\u00e3o pretende iniciar processo de demiss\u00e3o coletiva&#8221;.<\/p>\n<p>O presidente da Contraf-CUT, Carlos Cordeiro, reiterou que o banco demitiu 1.280 funcion\u00e1rios em dezembro, o que representou o corte de 955 empregos. Ele denunciou que novas demiss\u00f5es est\u00e3o ocorrendo em janeiro. Em Campo Grande, 8 empregados j\u00e1 foram mandados embora, enquanto no mesmo m\u00eas do ano passado um havia sido demitido. <\/p>\n<p>Cordeiro salientou tamb\u00e9m que as liminares obtidas pelos Sindicatos dos Banc\u00e1rios da Bahia e da Para \u00edba continuam em vigor. A da Bahia garante a reintegra\u00e7\u00e3o dos demitidos desde o dia 22 de novembro de 2012 e a da Para \u00edba suspende as dispensas e impede demiss\u00f5es coletivas.<\/p>\n<p>L\u00e1 e aqui<\/p>\n<p>Cordeiro ficou indignado com o novo descaso do Santander diante do emprego, a exemplo do que ocorreu no dia anterior na audi\u00eancia de media\u00e7\u00e3o em conjunto com o Ita\u00fa no Minist\u00e9rio do Trabalho e Emprego (MTE), tamb\u00e9m em Bras \u00edlia. <\/p>\n<p>Ele informou ao MPT que na ter\u00e7a-feira (15) o banco assinou um acordo de emprego no processo de fus\u00e3o do Banesto com as entidades sindicais espanholas (CC.OO-Comfia, UGT-FES, FITC e SEB), em Madri. Os representantes do banco alegaram que &#8220;s\u00e3o realidades diferentes&#8221;.<\/p>\n<p>Para o dirigente da Contraf-CUT, a diferen\u00e7a est\u00e1 no tratamento do banco aos trabalhadores. &#8220;L\u00e1, na Espanha, em crise financeira, o Santander fecha acordo, garantindo mecanismos de informa\u00e7\u00e3o, di\u00e1logo e respeito aos direitos dos funcion\u00e1rios, sem medidas traum\u00e1ticas&#8221;, afirmou Cordeiro. <\/p>\n<p>&#8220;No Brasil, onde sai 26% do lucro mundial, o banco demitiu em massa antes do Natal, pratica rotatividade, age sem transpar\u00eancia e recha\u00e7ou negocia\u00e7\u00e3o pr\u00e9via sobre demiss\u00f5es&#8221;, comparou. &#8220;A diferen\u00e7a \u00e9 que o banco trata os trabalhadores brasileiros como se eles fossem de segunda categoria, o que \u00e9 inaceit\u00e1vel&#8221;, disse o dirigente sindical. <\/p>\n<p>D\u00favidas<\/p>\n<p>Os representantes do Santander reclamaram do levantamento do Dieese sobre rotatividade, feito a partir dos dados do Caged de 2011 e 2012 (exceto dezembro), conforme n\u00fameros fornecidos pelo banco para a Contraf-CUT ap\u00f3s determina\u00e7\u00e3o da procuradora do MPT, Ana Cristina Tostes Ribeiro. Eles disseram que n\u00e3o foram consideradas 11 mil transfer\u00eancias entre ag\u00eancias ocorridas no ano passado, o que no entanto n\u00e3o havia sido informado pelo banco.<\/p>\n<p>A Contraf-CUT explicou tamb\u00e9m que o banco tinha enviado os dados sem informar os tipos de desligamentos e que o pedido de informa\u00e7\u00f5es remetido na \u00faltima sexta-feira (11) ainda n\u00e3o havia sido respondido, sendo que essa quest\u00e3o \u00e9 um dos esclarecimentos solicitados em conjunto com o Dieese. <\/p>\n<p>&#8220;O banco disse que ainda tinha prazo para responder, mas adiantou que v\u00e1rias d\u00favidas n\u00e3o ser\u00e3o elucidadas, revelando assim que n\u00e3o zela pela transpar\u00eancia e pelo direito \u00e0 informa\u00e7\u00e3o dos banc\u00e1rios e da sociedade&#8221;, critica o secret\u00e1rio de Organiza\u00e7\u00e3o do Ramo Financeiro da Contraf-CUT, Miguel Pereira.<\/p>\n<p>A procuradora do MPT determinou que o banco remeta detalhadamente por cada base sindical, at\u00e9 o meio-dia da pr\u00f3xima segunda-feira (21), os n\u00fameros de desligamentos sem justa causa, pedidos de demiss\u00e3o e aposentadoria ocorridos entre janeiro e dezembro de 2012. A Contraf-CUT pediu que fosse registrado em ata que a forma de envio dos dados n\u00e3o garantir\u00e1 a exatid\u00e3o das informa\u00e7\u00f5es &#8211; o que somente se dar\u00e1 com a entrega do Caged aberto.<\/p>\n<p>No mesmo prazo, o banco tamb\u00e9m dever\u00e1 enviar os dados do Caged de dezembro do ano passado, com o total de admitidos e desligados. <\/p>\n<p>&#8220;Com o acesso \u00e0s informa\u00e7\u00f5es, esperamos obter novos dados que permitem esclarecer o processo de demiss\u00f5es e refor\u00e7ar a luta pela reintegra\u00e7\u00e3o dos demitidos e pela constru\u00e7\u00e3o de mecanismos de combate \u00e0 rotatividade, essa jabuticaba que s\u00f3 existe no Brasil e que arrebenta com o emprego e a dignidade dos trabalhadores&#8221;, salienta o secret\u00e1rio de imprensa da Contraf-CUT, Ademir Wiederkehr.<\/p>\n<p>Nova media\u00e7\u00e3o dia 23<\/p>\n<p>Nova e ampliada audi\u00eancia de media\u00e7\u00e3o, aberta \u00e0 participa\u00e7\u00e3o de sindicatos e federa\u00e7\u00f5es, foi marcada pelo MPT para a pr\u00f3xima quarta-feira (23), \u00e0s 17h, em Bras \u00edlia.<\/p>\n<p>A funcion\u00e1ria do Santander e secret\u00e1ria de imprensa do Sindicato dos Banc\u00e1rios de Bras \u00edlia, Rosane Alaby, reafirmou a import\u00e2ncia do emprego. &#8220;O movimento sindical quer discutir a quest\u00e3o do emprego para que os banc\u00e1rios tenham condi\u00e7\u00f5es dignas de trabalho sem o fantasma das demiss\u00f5es. N\u00e3o queremos que os funcion\u00e1rios sejam demitidos de forma imotivada&#8221;, destacou.<\/p>\n<p>Reuni\u00e3o preparat\u00f3ria<\/p>\n<p>Antes da media\u00e7\u00e3o, nova reuni\u00e3o das entidades sindicais ser\u00e1 realizada no mesmo dia, \u00e0s 14h, na sede da Contraf-CUT, nas depend\u00eancias do Sindicato dos Banc\u00e1rios de Bras \u00edlia, para preparar os debates com o banco.<\/p>\n<p>Fonte: Contraf-CUT com Seeb Bras \u00edlia<\/p>\n","protected":false},"excerpt":{"rendered":"<p>O Santander pretende continuar demitindo pais e m\u00e3es de fam \u00edlia em 2013. Em nova e ampliada audi\u00eancia de media\u00e7\u00e3o realizada ontem (17), no Minist\u00e9rio P\u00fablico do Trabalho (MPT), em Bras \u00edlia, o banco recusou a proposta da Contraf-CUT de reintegra\u00e7\u00e3o dos demitidos em dezembro de 2012 e de negocia\u00e7\u00e3o sobre formas de prote\u00e7\u00e3o ao &hellip;<\/p>\n<p class=\"read-more\"> <a class=\"\" href=\"https:\/\/bancariosdepiracicaba.com.br\/?p=8047\"> <span class=\"screen-reader-text\">Santander recusa no MPT negocia\u00e7\u00e3o sobre formas de prote\u00e7\u00e3o ao emprego<\/span> Leia mais &raquo;<\/a><\/p>\n","protected":false},"author":1,"featured_media":0,"comment_status":"open","ping_status":"open","sticky":false,"template":"","format":"standard","meta":{"site-sidebar-layout":"default","site-content-layout":"default","ast-main-header-display":"","ast-hfb-above-header-display":"","ast-hfb-below-header-display":"","ast-hfb-mobile-header-display":"","site-post-title":"","ast-breadcrumbs-content":"","ast-featured-img":"","footer-sml-layout":"","theme-transparent-header-meta":"","adv-header-id-meta":"","stick-header-meta":"","header-above-stick-meta":"","header-main-stick-meta":"","header-below-stick-meta":"","footnotes":""},"categories":[16,1],"tags":[],"class_list":["post-8047","post","type-post","status-publish","format-standard","hentry","category-santander","category-uncategorized"],"yoast_head":"<!-- This site is optimized with the Yoast SEO Premium plugin v16.1 (Yoast SEO v18.0) - https:\/\/yoast.com\/wordpress\/plugins\/seo\/ -->\n<title>Santander recusa no MPT negocia\u00e7\u00e3o sobre formas de prote\u00e7\u00e3o ao emprego - Sindban<\/title>\n<meta name=\"robots\" content=\"index, follow, max-snippet:-1, max-image-preview:large, max-video-preview:-1\" \/>\n<link rel=\"canonical\" href=\"https:\/\/bancariosdepiracicaba.com.br\/?p=8047\" \/>\n<meta property=\"og:locale\" content=\"pt_BR\" \/>\n<meta property=\"og:type\" content=\"article\" \/>\n<meta property=\"og:title\" content=\"Santander recusa no MPT negocia\u00e7\u00e3o sobre formas de prote\u00e7\u00e3o ao emprego - Sindban\" \/>\n<meta property=\"og:description\" content=\"O Santander pretende continuar demitindo pais e m\u00e3es de fam \u00edlia em 2013. Em nova e ampliada audi\u00eancia de media\u00e7\u00e3o realizada ontem (17), no Minist\u00e9rio P\u00fablico do Trabalho (MPT), em Bras \u00edlia, o banco recusou a proposta da Contraf-CUT de reintegra\u00e7\u00e3o dos demitidos em dezembro de 2012 e de negocia\u00e7\u00e3o sobre formas de prote\u00e7\u00e3o ao &hellip; Santander recusa no MPT negocia\u00e7\u00e3o sobre formas de prote\u00e7\u00e3o ao emprego Leia mais &raquo;\" \/>\n<meta property=\"og:url\" content=\"https:\/\/bancariosdepiracicaba.com.br\/?p=8047\" \/>\n<meta property=\"og:site_name\" content=\"Sindban\" \/>\n<meta property=\"article:published_time\" content=\"2021-07-23T20:53:01+00:00\" \/>\n<meta property=\"article:modified_time\" content=\"2021-07-26T19:29:14+00:00\" \/>\n<meta name=\"twitter:card\" content=\"summary_large_image\" \/>\n<meta name=\"twitter:label1\" content=\"Escrito por\" \/>\n\t<meta name=\"twitter:data1\" content=\"admin\" \/>\n\t<meta name=\"twitter:label2\" content=\"Est. tempo de leitura\" \/>\n\t<meta name=\"twitter:data2\" content=\"5 minutos\" \/>\n<script type=\"application\/ld+json\" class=\"yoast-schema-graph\">{\"@context\":\"https:\/\/schema.org\",\"@graph\":[{\"@type\":\"Organization\",\"@id\":\"https:\/\/bancariosdepiracicaba.com.br\/#organization\",\"name\":\"Sindban\",\"url\":\"https:\/\/bancariosdepiracicaba.com.br\/\",\"sameAs\":[],\"logo\":{\"@type\":\"ImageObject\",\"@id\":\"https:\/\/bancariosdepiracicaba.com.br\/#logo\",\"inLanguage\":\"pt-BR\",\"url\":\"https:\/\/site.bancariosdepiracicaba.com.br\/wp-content\/uploads\/2021\/04\/cropped-Asset-2.png\",\"contentUrl\":\"https:\/\/site.bancariosdepiracicaba.com.br\/wp-content\/uploads\/2021\/04\/cropped-Asset-2.png\",\"width\":512,\"height\":512,\"caption\":\"Sindban\"},\"image\":{\"@id\":\"https:\/\/bancariosdepiracicaba.com.br\/#logo\"}},{\"@type\":\"WebSite\",\"@id\":\"https:\/\/bancariosdepiracicaba.com.br\/#website\",\"url\":\"https:\/\/bancariosdepiracicaba.com.br\/\",\"name\":\"Sindban\",\"description\":\"Desenvolvimento\",\"publisher\":{\"@id\":\"https:\/\/bancariosdepiracicaba.com.br\/#organization\"},\"potentialAction\":[{\"@type\":\"SearchAction\",\"target\":{\"@type\":\"EntryPoint\",\"urlTemplate\":\"https:\/\/bancariosdepiracicaba.com.br\/?s={search_term_string}\"},\"query-input\":\"required name=search_term_string\"}],\"inLanguage\":\"pt-BR\"},{\"@type\":\"WebPage\",\"@id\":\"https:\/\/bancariosdepiracicaba.com.br\/?p=8047#webpage\",\"url\":\"https:\/\/bancariosdepiracicaba.com.br\/?p=8047\",\"name\":\"Santander recusa no MPT negocia\u00e7\u00e3o sobre formas de prote\u00e7\u00e3o ao emprego - Sindban\",\"isPartOf\":{\"@id\":\"https:\/\/bancariosdepiracicaba.com.br\/#website\"},\"datePublished\":\"2021-07-23T20:53:01+00:00\",\"dateModified\":\"2021-07-26T19:29:14+00:00\",\"breadcrumb\":{\"@id\":\"https:\/\/bancariosdepiracicaba.com.br\/?p=8047#breadcrumb\"},\"inLanguage\":\"pt-BR\",\"potentialAction\":[{\"@type\":\"ReadAction\",\"target\":[\"https:\/\/bancariosdepiracicaba.com.br\/?p=8047\"]}]},{\"@type\":\"BreadcrumbList\",\"@id\":\"https:\/\/bancariosdepiracicaba.com.br\/?p=8047#breadcrumb\",\"itemListElement\":[{\"@type\":\"ListItem\",\"position\":1,\"name\":\"Home\",\"item\":\"https:\/\/bancariosdepiracicaba.com.br\/\"},{\"@type\":\"ListItem\",\"position\":2,\"name\":\"Santander recusa no MPT negocia\u00e7\u00e3o sobre formas de prote\u00e7\u00e3o ao emprego\"}]},{\"@type\":\"Article\",\"@id\":\"https:\/\/bancariosdepiracicaba.com.br\/?p=8047#article\",\"isPartOf\":{\"@id\":\"https:\/\/bancariosdepiracicaba.com.br\/?p=8047#webpage\"},\"author\":{\"@id\":\"https:\/\/bancariosdepiracicaba.com.br\/#\/schema\/person\/6a12c780fc145ea2c9af09989ee600b0\"},\"headline\":\"Santander recusa no MPT negocia\u00e7\u00e3o sobre formas de prote\u00e7\u00e3o ao emprego\",\"datePublished\":\"2021-07-23T20:53:01+00:00\",\"dateModified\":\"2021-07-26T19:29:14+00:00\",\"mainEntityOfPage\":{\"@id\":\"https:\/\/bancariosdepiracicaba.com.br\/?p=8047#webpage\"},\"wordCount\":1086,\"commentCount\":0,\"publisher\":{\"@id\":\"https:\/\/bancariosdepiracicaba.com.br\/#organization\"},\"articleSection\":[\"Santander\",\"Uncategorized\"],\"inLanguage\":\"pt-BR\",\"potentialAction\":[{\"@type\":\"CommentAction\",\"name\":\"Comment\",\"target\":[\"https:\/\/bancariosdepiracicaba.com.br\/?p=8047#respond\"]}]},{\"@type\":\"Person\",\"@id\":\"https:\/\/bancariosdepiracicaba.com.br\/#\/schema\/person\/6a12c780fc145ea2c9af09989ee600b0\",\"name\":\"admin\",\"image\":{\"@type\":\"ImageObject\",\"@id\":\"https:\/\/bancariosdepiracicaba.com.br\/#personlogo\",\"inLanguage\":\"pt-BR\",\"url\":\"https:\/\/secure.gravatar.com\/avatar\/3a05e74c6579e68209676cb5cb64e0918f288da7a49210fa18d6e9cac1189840?s=96&d=mm&r=g\",\"contentUrl\":\"https:\/\/secure.gravatar.com\/avatar\/3a05e74c6579e68209676cb5cb64e0918f288da7a49210fa18d6e9cac1189840?s=96&d=mm&r=g\",\"caption\":\"admin\"},\"sameAs\":[\"https:\/\/site.bancariosdepiracicaba.com.br\"],\"url\":\"https:\/\/bancariosdepiracicaba.com.br\/?author=1\"}]}<\/script>\n<!-- \/ Yoast SEO Premium plugin. -->","yoast_head_json":{"title":"Santander recusa no MPT negocia\u00e7\u00e3o sobre formas de prote\u00e7\u00e3o ao emprego - Sindban","robots":{"index":"index","follow":"follow","max-snippet":"max-snippet:-1","max-image-preview":"max-image-preview:large","max-video-preview":"max-video-preview:-1"},"canonical":"https:\/\/bancariosdepiracicaba.com.br\/?p=8047","og_locale":"pt_BR","og_type":"article","og_title":"Santander recusa no MPT negocia\u00e7\u00e3o sobre formas de prote\u00e7\u00e3o ao emprego - Sindban","og_description":"O Santander pretende continuar demitindo pais e m\u00e3es de fam \u00edlia em 2013. Em nova e ampliada audi\u00eancia de media\u00e7\u00e3o realizada ontem (17), no Minist\u00e9rio P\u00fablico do Trabalho (MPT), em Bras \u00edlia, o banco recusou a proposta da Contraf-CUT de reintegra\u00e7\u00e3o dos demitidos em dezembro de 2012 e de negocia\u00e7\u00e3o sobre formas de prote\u00e7\u00e3o ao &hellip; Santander recusa no MPT negocia\u00e7\u00e3o sobre formas de prote\u00e7\u00e3o ao emprego Leia mais &raquo;","og_url":"https:\/\/bancariosdepiracicaba.com.br\/?p=8047","og_site_name":"Sindban","article_published_time":"2021-07-23T20:53:01+00:00","article_modified_time":"2021-07-26T19:29:14+00:00","twitter_card":"summary_large_image","twitter_misc":{"Escrito por":"admin","Est. tempo de leitura":"5 minutos"},"schema":{"@context":"https:\/\/schema.org","@graph":[{"@type":"Organization","@id":"https:\/\/bancariosdepiracicaba.com.br\/#organization","name":"Sindban","url":"https:\/\/bancariosdepiracicaba.com.br\/","sameAs":[],"logo":{"@type":"ImageObject","@id":"https:\/\/bancariosdepiracicaba.com.br\/#logo","inLanguage":"pt-BR","url":"https:\/\/site.bancariosdepiracicaba.com.br\/wp-content\/uploads\/2021\/04\/cropped-Asset-2.png","contentUrl":"https:\/\/site.bancariosdepiracicaba.com.br\/wp-content\/uploads\/2021\/04\/cropped-Asset-2.png","width":512,"height":512,"caption":"Sindban"},"image":{"@id":"https:\/\/bancariosdepiracicaba.com.br\/#logo"}},{"@type":"WebSite","@id":"https:\/\/bancariosdepiracicaba.com.br\/#website","url":"https:\/\/bancariosdepiracicaba.com.br\/","name":"Sindban","description":"Desenvolvimento","publisher":{"@id":"https:\/\/bancariosdepiracicaba.com.br\/#organization"},"potentialAction":[{"@type":"SearchAction","target":{"@type":"EntryPoint","urlTemplate":"https:\/\/bancariosdepiracicaba.com.br\/?s={search_term_string}"},"query-input":"required name=search_term_string"}],"inLanguage":"pt-BR"},{"@type":"WebPage","@id":"https:\/\/bancariosdepiracicaba.com.br\/?p=8047#webpage","url":"https:\/\/bancariosdepiracicaba.com.br\/?p=8047","name":"Santander recusa no MPT negocia\u00e7\u00e3o sobre formas de prote\u00e7\u00e3o ao emprego - Sindban","isPartOf":{"@id":"https:\/\/bancariosdepiracicaba.com.br\/#website"},"datePublished":"2021-07-23T20:53:01+00:00","dateModified":"2021-07-26T19:29:14+00:00","breadcrumb":{"@id":"https:\/\/bancariosdepiracicaba.com.br\/?p=8047#breadcrumb"},"inLanguage":"pt-BR","potentialAction":[{"@type":"ReadAction","target":["https:\/\/bancariosdepiracicaba.com.br\/?p=8047"]}]},{"@type":"BreadcrumbList","@id":"https:\/\/bancariosdepiracicaba.com.br\/?p=8047#breadcrumb","itemListElement":[{"@type":"ListItem","position":1,"name":"Home","item":"https:\/\/bancariosdepiracicaba.com.br\/"},{"@type":"ListItem","position":2,"name":"Santander recusa no MPT negocia\u00e7\u00e3o sobre formas de prote\u00e7\u00e3o ao emprego"}]},{"@type":"Article","@id":"https:\/\/bancariosdepiracicaba.com.br\/?p=8047#article","isPartOf":{"@id":"https:\/\/bancariosdepiracicaba.com.br\/?p=8047#webpage"},"author":{"@id":"https:\/\/bancariosdepiracicaba.com.br\/#\/schema\/person\/6a12c780fc145ea2c9af09989ee600b0"},"headline":"Santander recusa no MPT negocia\u00e7\u00e3o sobre formas de prote\u00e7\u00e3o ao emprego","datePublished":"2021-07-23T20:53:01+00:00","dateModified":"2021-07-26T19:29:14+00:00","mainEntityOfPage":{"@id":"https:\/\/bancariosdepiracicaba.com.br\/?p=8047#webpage"},"wordCount":1086,"commentCount":0,"publisher":{"@id":"https:\/\/bancariosdepiracicaba.com.br\/#organization"},"articleSection":["Santander","Uncategorized"],"inLanguage":"pt-BR","potentialAction":[{"@type":"CommentAction","name":"Comment","target":["https:\/\/bancariosdepiracicaba.com.br\/?p=8047#respond"]}]},{"@type":"Person","@id":"https:\/\/bancariosdepiracicaba.com.br\/#\/schema\/person\/6a12c780fc145ea2c9af09989ee600b0","name":"admin","image":{"@type":"ImageObject","@id":"https:\/\/bancariosdepiracicaba.com.br\/#personlogo","inLanguage":"pt-BR","url":"https:\/\/secure.gravatar.com\/avatar\/3a05e74c6579e68209676cb5cb64e0918f288da7a49210fa18d6e9cac1189840?s=96&d=mm&r=g","contentUrl":"https:\/\/secure.gravatar.com\/avatar\/3a05e74c6579e68209676cb5cb64e0918f288da7a49210fa18d6e9cac1189840?s=96&d=mm&r=g","caption":"admin"},"sameAs":["https:\/\/site.bancariosdepiracicaba.com.br"],"url":"https:\/\/bancariosdepiracicaba.com.br\/?author=1"}]}},"_links":{"self":[{"href":"https:\/\/bancariosdepiracicaba.com.br\/index.php?rest_route=\/wp\/v2\/posts\/8047","targetHints":{"allow":["GET"]}}],"collection":[{"href":"https:\/\/bancariosdepiracicaba.com.br\/index.php?rest_route=\/wp\/v2\/posts"}],"about":[{"href":"https:\/\/bancariosdepiracicaba.com.br\/index.php?rest_route=\/wp\/v2\/types\/post"}],"author":[{"embeddable":true,"href":"https:\/\/bancariosdepiracicaba.com.br\/index.php?rest_route=\/wp\/v2\/users\/1"}],"replies":[{"embeddable":true,"href":"https:\/\/bancariosdepiracicaba.com.br\/index.php?rest_route=%2Fwp%2Fv2%2Fcomments&post=8047"}],"version-history":[{"count":1,"href":"https:\/\/bancariosdepiracicaba.com.br\/index.php?rest_route=\/wp\/v2\/posts\/8047\/revisions"}],"predecessor-version":[{"id":13077,"href":"https:\/\/bancariosdepiracicaba.com.br\/index.php?rest_route=\/wp\/v2\/posts\/8047\/revisions\/13077"}],"wp:attachment":[{"href":"https:\/\/bancariosdepiracicaba.com.br\/index.php?rest_route=%2Fwp%2Fv2%2Fmedia&parent=8047"}],"wp:term":[{"taxonomy":"category","embeddable":true,"href":"https:\/\/bancariosdepiracicaba.com.br\/index.php?rest_route=%2Fwp%2Fv2%2Fcategories&post=8047"},{"taxonomy":"post_tag","embeddable":true,"href":"https:\/\/bancariosdepiracicaba.com.br\/index.php?rest_route=%2Fwp%2Fv2%2Ftags&post=8047"}],"curies":[{"name":"wp","href":"https:\/\/api.w.org\/{rel}","templated":true}]}}