{"id":8046,"date":"2021-07-23T20:53:01","date_gmt":"2021-07-23T20:53:01","guid":{"rendered":"https:\/\/site.bancariosdepiracicaba.com.br\/2021\/07\/23\/contraf-cut-completa-sete-anos-de-lutas-e-conquistas-no-proximo-dia-26\/"},"modified":"2021-07-23T20:53:01","modified_gmt":"2021-07-23T20:53:01","slug":"contraf-cut-completa-sete-anos-de-lutas-e-conquistas-no-proximo-dia-26","status":"publish","type":"post","link":"https:\/\/bancariosdepiracicaba.com.br\/?p=8046","title":{"rendered":"Contraf-CUT completa sete anos de lutas e conquistas no pr\u00f3ximo dia 26"},"content":{"rendered":"<p>A Confedera\u00e7\u00e3o Nacional dos Trabalhadores do Ramo Financeiro (Contraf-CUT) completa sete anos de lutas e conquistas no pr\u00f3ximo dia 26 de janeiro. A entidade foi fundada em 2006, durante uma assembleia hist\u00f3rica em Curitiba, ampliando o espa\u00e7o de atua\u00e7\u00e3o da extinta Confedera\u00e7\u00e3o Nacional dos Banc\u00e1rios (CNB-CUT), constru \u00edda em 1992, e assumindo a representa\u00e7\u00e3o dos trabalhadores do ramo financeiro. <\/p>\n<p>O primeiro presidente da Contraf-CUT foi o funcion\u00e1rio do Ita\u00fa, Luiz Cl\u00e1udio Marcolino, que tamb\u00e9m presidiu o Sindicato dos Banc\u00e1rios de S\u00e3o Paulo e hoje \u00e9 deputado estadual do PT de S\u00e3o Paulo. <\/p>\n<p>O 1\u00ba Congresso da Contraf-CUT foi realizado no dia 25 de abril de 2006, em Nazar\u00e9 Paulista (SP). Vagner Freitas, empregado do Bradesco e hoje presidente da CUT, foi eleito presidente.<\/p>\n<p>J\u00e1 o 2\u00ba Congresso da Contraf-CUT aconteceu nos dias 14 e 15 de abril de 2009, em S\u00e3o Paulo, que elegeu o banc\u00e1rio do Ita\u00fa e ex-secret\u00e1rio-geral Carlos Cordeiro para presidente. <\/p>\n<p>E o 3\u00ba Congresso da Contraf-CUT ocorreu nos dias 30 e 31 de mar\u00e7o e 1\u00ba de abril, em Guarulhos (SP), onde Carlos Cordeiro foi reeleito presidente. A entidade coordena o Comando Nacional dos Banc\u00e1rios e representa mais de 90% de todos os banc\u00e1rios do Brasil.<\/p>\n<p>A Contraf-CUT \u00e9 tamb\u00e9m refer\u00eancia internacional para os trabalhadores de todo mundo. \u00e9 filiada \u00e0 UNI Global Union, o sindicato mundial que representa cerca de dois milh\u00f5es de trabalhadores da \u00e1rea de servi\u00e7os. Carlos Cordeiro \u00e9 tamb\u00e9m o atual presidente da UNI Am\u00e9ricas Finan\u00e7as, que organiza os banc\u00e1rios do continente americano.<\/p>\n<p>Conquistas e desafios<\/p>\n<p>Ao longo desses sete anos, a Contraf-CUT fortaleceu a unidade nacional dos banc\u00e1rios e esteve \u00e0 frente de todas as campanhas salariais, coordenando o Comando Nacional dos Banc\u00e1rios e consolidando a conven\u00e7\u00e3o coletiva nacional de trabalho, que completou 20 anos em 2012, v\u00e1lida para funcion\u00e1rios de bancos p\u00fablicos e privados de todo pa \u00eds.<\/p>\n<p>Com a for\u00e7a da unidade nacional e da mobiliza\u00e7\u00e3o, os banc\u00e1rios concretizaram sonhos e ampliaram conquistas. Em 2012, os trabalhadores arrancaram aumento real pelo nono ano consecutivo, eleva\u00e7\u00e3o dos pisos e melhoria na participa\u00e7\u00e3o dos lucros, al\u00e9m de importantes avan\u00e7os sociais. <\/p>\n<p>&#8220;Apesar de todas as vit\u00f3rias, os desafios ainda s\u00e3o imensos, como o emprego decente, condi\u00e7\u00f5es dignas de sa\u00fade, seguran\u00e7a e trabalho, igualdade de oportunidades, a regulamenta\u00e7\u00e3o do sistema financeiro e uma inclus\u00e3o banc\u00e1ria sem precariza\u00e7\u00e3o e sem exclus\u00e3o&#8221;, destaca Carlos Cordeiro.<\/p>\n<p>Para ele, o desafio do movimento sindical \u00e9 sair do corporativismo e fazer o enfrentamento com os neoliberais e com os conservadores, que t\u00eam hoje a hegemonia nos grandes ve \u00edculos de comunica\u00e7\u00e3o. <\/p>\n<p>&#8220;\u00e9 importante tamb\u00e9m pautar a discuss\u00e3o dos temas que interessam aos trabalhadores e \u00e0 sociedade. A reforma tribut\u00e1ria \u00e9 um deles. Que reforma tribut\u00e1ria os trabalhadores querem? E dentro dela qual o papel do Estado, quem vai financiar o Estado, quais as pol \u00edticas p\u00fablicas, as pol \u00edticas sociais? N\u00f3s do movimento sindical, que somos a refer\u00eancia dos trabalhadores, precisamos entrar nesta disputa mais fortalecidos ainda, organizados e articulados&#8221;, aponta o presidente da Contraf-CUT. <\/p>\n<p>Fonte: Contraf-CUT<\/p>\n","protected":false},"excerpt":{"rendered":"<p>A Confedera\u00e7\u00e3o Nacional dos Trabalhadores do Ramo Financeiro (Contraf-CUT) completa sete anos de lutas e conquistas no pr\u00f3ximo dia 26 de janeiro. A entidade foi fundada em 2006, durante uma assembleia hist\u00f3rica em Curitiba, ampliando o espa\u00e7o de atua\u00e7\u00e3o da extinta Confedera\u00e7\u00e3o Nacional dos Banc\u00e1rios (CNB-CUT), constru \u00edda em 1992, e assumindo a representa\u00e7\u00e3o dos &hellip;<\/p>\n<p class=\"read-more\"> <a class=\"\" href=\"https:\/\/bancariosdepiracicaba.com.br\/?p=8046\"> <span class=\"screen-reader-text\">Contraf-CUT completa sete anos de lutas e conquistas no pr\u00f3ximo dia 26<\/span> Leia mais &raquo;<\/a><\/p>\n","protected":false},"author":1,"featured_media":0,"comment_status":"open","ping_status":"open","sticky":false,"template":"","format":"standard","meta":{"site-sidebar-layout":"default","site-content-layout":"default","ast-main-header-display":"","ast-hfb-above-header-display":"","ast-hfb-below-header-display":"","ast-hfb-mobile-header-display":"","site-post-title":"","ast-breadcrumbs-content":"","ast-featured-img":"","footer-sml-layout":"","theme-transparent-header-meta":"","adv-header-id-meta":"","stick-header-meta":"","header-above-stick-meta":"","header-main-stick-meta":"","header-below-stick-meta":"","footnotes":""},"categories":[1],"tags":[],"class_list":["post-8046","post","type-post","status-publish","format-standard","hentry","category-uncategorized"],"yoast_head":"<!-- This site is optimized with the Yoast SEO Premium plugin v16.1 (Yoast SEO v18.0) - https:\/\/yoast.com\/wordpress\/plugins\/seo\/ -->\n<title>Contraf-CUT completa sete anos de lutas e conquistas no pr\u00f3ximo dia 26 - Sindban<\/title>\n<meta name=\"robots\" content=\"index, follow, max-snippet:-1, max-image-preview:large, max-video-preview:-1\" \/>\n<link rel=\"canonical\" href=\"https:\/\/bancariosdepiracicaba.com.br\/?p=8046\" \/>\n<meta property=\"og:locale\" content=\"pt_BR\" \/>\n<meta property=\"og:type\" content=\"article\" \/>\n<meta property=\"og:title\" content=\"Contraf-CUT completa sete anos de lutas e conquistas no pr\u00f3ximo dia 26 - Sindban\" \/>\n<meta property=\"og:description\" content=\"A Confedera\u00e7\u00e3o Nacional dos Trabalhadores do Ramo Financeiro (Contraf-CUT) completa sete anos de lutas e conquistas no pr\u00f3ximo dia 26 de janeiro. A entidade foi fundada em 2006, durante uma assembleia hist\u00f3rica em Curitiba, ampliando o espa\u00e7o de atua\u00e7\u00e3o da extinta Confedera\u00e7\u00e3o Nacional dos Banc\u00e1rios (CNB-CUT), constru \u00edda em 1992, e assumindo a representa\u00e7\u00e3o dos &hellip; Contraf-CUT completa sete anos de lutas e conquistas no pr\u00f3ximo dia 26 Leia mais &raquo;\" \/>\n<meta property=\"og:url\" content=\"https:\/\/bancariosdepiracicaba.com.br\/?p=8046\" \/>\n<meta property=\"og:site_name\" content=\"Sindban\" \/>\n<meta property=\"article:published_time\" content=\"2021-07-23T20:53:01+00:00\" \/>\n<meta name=\"twitter:card\" content=\"summary_large_image\" \/>\n<meta name=\"twitter:label1\" content=\"Escrito por\" \/>\n\t<meta name=\"twitter:data1\" content=\"admin\" \/>\n\t<meta name=\"twitter:label2\" content=\"Est. tempo de leitura\" \/>\n\t<meta name=\"twitter:data2\" content=\"3 minutos\" \/>\n<script type=\"application\/ld+json\" class=\"yoast-schema-graph\">{\"@context\":\"https:\/\/schema.org\",\"@graph\":[{\"@type\":\"Organization\",\"@id\":\"https:\/\/bancariosdepiracicaba.com.br\/#organization\",\"name\":\"Sindban\",\"url\":\"https:\/\/bancariosdepiracicaba.com.br\/\",\"sameAs\":[],\"logo\":{\"@type\":\"ImageObject\",\"@id\":\"https:\/\/bancariosdepiracicaba.com.br\/#logo\",\"inLanguage\":\"pt-BR\",\"url\":\"https:\/\/site.bancariosdepiracicaba.com.br\/wp-content\/uploads\/2021\/04\/cropped-Asset-2.png\",\"contentUrl\":\"https:\/\/site.bancariosdepiracicaba.com.br\/wp-content\/uploads\/2021\/04\/cropped-Asset-2.png\",\"width\":512,\"height\":512,\"caption\":\"Sindban\"},\"image\":{\"@id\":\"https:\/\/bancariosdepiracicaba.com.br\/#logo\"}},{\"@type\":\"WebSite\",\"@id\":\"https:\/\/bancariosdepiracicaba.com.br\/#website\",\"url\":\"https:\/\/bancariosdepiracicaba.com.br\/\",\"name\":\"Sindban\",\"description\":\"Desenvolvimento\",\"publisher\":{\"@id\":\"https:\/\/bancariosdepiracicaba.com.br\/#organization\"},\"potentialAction\":[{\"@type\":\"SearchAction\",\"target\":{\"@type\":\"EntryPoint\",\"urlTemplate\":\"https:\/\/bancariosdepiracicaba.com.br\/?s={search_term_string}\"},\"query-input\":\"required name=search_term_string\"}],\"inLanguage\":\"pt-BR\"},{\"@type\":\"WebPage\",\"@id\":\"https:\/\/bancariosdepiracicaba.com.br\/?p=8046#webpage\",\"url\":\"https:\/\/bancariosdepiracicaba.com.br\/?p=8046\",\"name\":\"Contraf-CUT completa sete anos de lutas e conquistas no pr\u00f3ximo dia 26 - Sindban\",\"isPartOf\":{\"@id\":\"https:\/\/bancariosdepiracicaba.com.br\/#website\"},\"datePublished\":\"2021-07-23T20:53:01+00:00\",\"dateModified\":\"2021-07-23T20:53:01+00:00\",\"breadcrumb\":{\"@id\":\"https:\/\/bancariosdepiracicaba.com.br\/?p=8046#breadcrumb\"},\"inLanguage\":\"pt-BR\",\"potentialAction\":[{\"@type\":\"ReadAction\",\"target\":[\"https:\/\/bancariosdepiracicaba.com.br\/?p=8046\"]}]},{\"@type\":\"BreadcrumbList\",\"@id\":\"https:\/\/bancariosdepiracicaba.com.br\/?p=8046#breadcrumb\",\"itemListElement\":[{\"@type\":\"ListItem\",\"position\":1,\"name\":\"Home\",\"item\":\"https:\/\/bancariosdepiracicaba.com.br\/\"},{\"@type\":\"ListItem\",\"position\":2,\"name\":\"Contraf-CUT completa sete anos de lutas e conquistas no pr\u00f3ximo dia 26\"}]},{\"@type\":\"Article\",\"@id\":\"https:\/\/bancariosdepiracicaba.com.br\/?p=8046#article\",\"isPartOf\":{\"@id\":\"https:\/\/bancariosdepiracicaba.com.br\/?p=8046#webpage\"},\"author\":{\"@id\":\"https:\/\/bancariosdepiracicaba.com.br\/#\/schema\/person\/6a12c780fc145ea2c9af09989ee600b0\"},\"headline\":\"Contraf-CUT completa sete anos de lutas e conquistas no pr\u00f3ximo dia 26\",\"datePublished\":\"2021-07-23T20:53:01+00:00\",\"dateModified\":\"2021-07-23T20:53:01+00:00\",\"mainEntityOfPage\":{\"@id\":\"https:\/\/bancariosdepiracicaba.com.br\/?p=8046#webpage\"},\"wordCount\":543,\"commentCount\":0,\"publisher\":{\"@id\":\"https:\/\/bancariosdepiracicaba.com.br\/#organization\"},\"articleSection\":[\"Uncategorized\"],\"inLanguage\":\"pt-BR\",\"potentialAction\":[{\"@type\":\"CommentAction\",\"name\":\"Comment\",\"target\":[\"https:\/\/bancariosdepiracicaba.com.br\/?p=8046#respond\"]}]},{\"@type\":\"Person\",\"@id\":\"https:\/\/bancariosdepiracicaba.com.br\/#\/schema\/person\/6a12c780fc145ea2c9af09989ee600b0\",\"name\":\"admin\",\"image\":{\"@type\":\"ImageObject\",\"@id\":\"https:\/\/bancariosdepiracicaba.com.br\/#personlogo\",\"inLanguage\":\"pt-BR\",\"url\":\"https:\/\/secure.gravatar.com\/avatar\/3a05e74c6579e68209676cb5cb64e0918f288da7a49210fa18d6e9cac1189840?s=96&d=mm&r=g\",\"contentUrl\":\"https:\/\/secure.gravatar.com\/avatar\/3a05e74c6579e68209676cb5cb64e0918f288da7a49210fa18d6e9cac1189840?s=96&d=mm&r=g\",\"caption\":\"admin\"},\"sameAs\":[\"https:\/\/site.bancariosdepiracicaba.com.br\"],\"url\":\"https:\/\/bancariosdepiracicaba.com.br\/?author=1\"}]}<\/script>\n<!-- \/ Yoast SEO Premium plugin. -->","yoast_head_json":{"title":"Contraf-CUT completa sete anos de lutas e conquistas no pr\u00f3ximo dia 26 - Sindban","robots":{"index":"index","follow":"follow","max-snippet":"max-snippet:-1","max-image-preview":"max-image-preview:large","max-video-preview":"max-video-preview:-1"},"canonical":"https:\/\/bancariosdepiracicaba.com.br\/?p=8046","og_locale":"pt_BR","og_type":"article","og_title":"Contraf-CUT completa sete anos de lutas e conquistas no pr\u00f3ximo dia 26 - Sindban","og_description":"A Confedera\u00e7\u00e3o Nacional dos Trabalhadores do Ramo Financeiro (Contraf-CUT) completa sete anos de lutas e conquistas no pr\u00f3ximo dia 26 de janeiro. A entidade foi fundada em 2006, durante uma assembleia hist\u00f3rica em Curitiba, ampliando o espa\u00e7o de atua\u00e7\u00e3o da extinta Confedera\u00e7\u00e3o Nacional dos Banc\u00e1rios (CNB-CUT), constru \u00edda em 1992, e assumindo a representa\u00e7\u00e3o dos &hellip; Contraf-CUT completa sete anos de lutas e conquistas no pr\u00f3ximo dia 26 Leia mais &raquo;","og_url":"https:\/\/bancariosdepiracicaba.com.br\/?p=8046","og_site_name":"Sindban","article_published_time":"2021-07-23T20:53:01+00:00","twitter_card":"summary_large_image","twitter_misc":{"Escrito por":"admin","Est. tempo de leitura":"3 minutos"},"schema":{"@context":"https:\/\/schema.org","@graph":[{"@type":"Organization","@id":"https:\/\/bancariosdepiracicaba.com.br\/#organization","name":"Sindban","url":"https:\/\/bancariosdepiracicaba.com.br\/","sameAs":[],"logo":{"@type":"ImageObject","@id":"https:\/\/bancariosdepiracicaba.com.br\/#logo","inLanguage":"pt-BR","url":"https:\/\/site.bancariosdepiracicaba.com.br\/wp-content\/uploads\/2021\/04\/cropped-Asset-2.png","contentUrl":"https:\/\/site.bancariosdepiracicaba.com.br\/wp-content\/uploads\/2021\/04\/cropped-Asset-2.png","width":512,"height":512,"caption":"Sindban"},"image":{"@id":"https:\/\/bancariosdepiracicaba.com.br\/#logo"}},{"@type":"WebSite","@id":"https:\/\/bancariosdepiracicaba.com.br\/#website","url":"https:\/\/bancariosdepiracicaba.com.br\/","name":"Sindban","description":"Desenvolvimento","publisher":{"@id":"https:\/\/bancariosdepiracicaba.com.br\/#organization"},"potentialAction":[{"@type":"SearchAction","target":{"@type":"EntryPoint","urlTemplate":"https:\/\/bancariosdepiracicaba.com.br\/?s={search_term_string}"},"query-input":"required name=search_term_string"}],"inLanguage":"pt-BR"},{"@type":"WebPage","@id":"https:\/\/bancariosdepiracicaba.com.br\/?p=8046#webpage","url":"https:\/\/bancariosdepiracicaba.com.br\/?p=8046","name":"Contraf-CUT completa sete anos de lutas e conquistas no pr\u00f3ximo dia 26 - Sindban","isPartOf":{"@id":"https:\/\/bancariosdepiracicaba.com.br\/#website"},"datePublished":"2021-07-23T20:53:01+00:00","dateModified":"2021-07-23T20:53:01+00:00","breadcrumb":{"@id":"https:\/\/bancariosdepiracicaba.com.br\/?p=8046#breadcrumb"},"inLanguage":"pt-BR","potentialAction":[{"@type":"ReadAction","target":["https:\/\/bancariosdepiracicaba.com.br\/?p=8046"]}]},{"@type":"BreadcrumbList","@id":"https:\/\/bancariosdepiracicaba.com.br\/?p=8046#breadcrumb","itemListElement":[{"@type":"ListItem","position":1,"name":"Home","item":"https:\/\/bancariosdepiracicaba.com.br\/"},{"@type":"ListItem","position":2,"name":"Contraf-CUT completa sete anos de lutas e conquistas no pr\u00f3ximo dia 26"}]},{"@type":"Article","@id":"https:\/\/bancariosdepiracicaba.com.br\/?p=8046#article","isPartOf":{"@id":"https:\/\/bancariosdepiracicaba.com.br\/?p=8046#webpage"},"author":{"@id":"https:\/\/bancariosdepiracicaba.com.br\/#\/schema\/person\/6a12c780fc145ea2c9af09989ee600b0"},"headline":"Contraf-CUT completa sete anos de lutas e conquistas no pr\u00f3ximo dia 26","datePublished":"2021-07-23T20:53:01+00:00","dateModified":"2021-07-23T20:53:01+00:00","mainEntityOfPage":{"@id":"https:\/\/bancariosdepiracicaba.com.br\/?p=8046#webpage"},"wordCount":543,"commentCount":0,"publisher":{"@id":"https:\/\/bancariosdepiracicaba.com.br\/#organization"},"articleSection":["Uncategorized"],"inLanguage":"pt-BR","potentialAction":[{"@type":"CommentAction","name":"Comment","target":["https:\/\/bancariosdepiracicaba.com.br\/?p=8046#respond"]}]},{"@type":"Person","@id":"https:\/\/bancariosdepiracicaba.com.br\/#\/schema\/person\/6a12c780fc145ea2c9af09989ee600b0","name":"admin","image":{"@type":"ImageObject","@id":"https:\/\/bancariosdepiracicaba.com.br\/#personlogo","inLanguage":"pt-BR","url":"https:\/\/secure.gravatar.com\/avatar\/3a05e74c6579e68209676cb5cb64e0918f288da7a49210fa18d6e9cac1189840?s=96&d=mm&r=g","contentUrl":"https:\/\/secure.gravatar.com\/avatar\/3a05e74c6579e68209676cb5cb64e0918f288da7a49210fa18d6e9cac1189840?s=96&d=mm&r=g","caption":"admin"},"sameAs":["https:\/\/site.bancariosdepiracicaba.com.br"],"url":"https:\/\/bancariosdepiracicaba.com.br\/?author=1"}]}},"_links":{"self":[{"href":"https:\/\/bancariosdepiracicaba.com.br\/index.php?rest_route=\/wp\/v2\/posts\/8046","targetHints":{"allow":["GET"]}}],"collection":[{"href":"https:\/\/bancariosdepiracicaba.com.br\/index.php?rest_route=\/wp\/v2\/posts"}],"about":[{"href":"https:\/\/bancariosdepiracicaba.com.br\/index.php?rest_route=\/wp\/v2\/types\/post"}],"author":[{"embeddable":true,"href":"https:\/\/bancariosdepiracicaba.com.br\/index.php?rest_route=\/wp\/v2\/users\/1"}],"replies":[{"embeddable":true,"href":"https:\/\/bancariosdepiracicaba.com.br\/index.php?rest_route=%2Fwp%2Fv2%2Fcomments&post=8046"}],"version-history":[{"count":0,"href":"https:\/\/bancariosdepiracicaba.com.br\/index.php?rest_route=\/wp\/v2\/posts\/8046\/revisions"}],"wp:attachment":[{"href":"https:\/\/bancariosdepiracicaba.com.br\/index.php?rest_route=%2Fwp%2Fv2%2Fmedia&parent=8046"}],"wp:term":[{"taxonomy":"category","embeddable":true,"href":"https:\/\/bancariosdepiracicaba.com.br\/index.php?rest_route=%2Fwp%2Fv2%2Fcategories&post=8046"},{"taxonomy":"post_tag","embeddable":true,"href":"https:\/\/bancariosdepiracicaba.com.br\/index.php?rest_route=%2Fwp%2Fv2%2Ftags&post=8046"}],"curies":[{"name":"wp","href":"https:\/\/api.w.org\/{rel}","templated":true}]}}