{"id":7991,"date":"2021-07-23T20:51:51","date_gmt":"2021-07-23T20:51:51","guid":{"rendered":"https:\/\/site.bancariosdepiracicaba.com.br\/2021\/07\/23\/maioria-so-sentira-aumento-do-minimo-no-fim-do-mes-ou-inicio-de-fevereiro\/"},"modified":"2021-07-23T20:51:51","modified_gmt":"2021-07-23T20:51:51","slug":"maioria-so-sentira-aumento-do-minimo-no-fim-do-mes-ou-inicio-de-fevereiro","status":"publish","type":"post","link":"https:\/\/bancariosdepiracicaba.com.br\/?p=7991","title":{"rendered":"Maioria s\u00f3 sentir\u00e1 aumento do m\u00ednimo no fim do m\u00eas ou in\u00edcio de fevereiro"},"content":{"rendered":"<p>O novo sal\u00e1rio m \u00ednimo de R$ 678, em vigor desde ter\u00e7a-feira (1\u00ba), s\u00f3 ter\u00e1 efeito na renda do trabalhador, na maioria dos casos, no final de janeiro ou em fevereiro, quando efetivamente ser\u00e1 depositada a quantia referente ao m\u00eas de dezembro. A exce\u00e7\u00e3o \u00e9 o trabalhador que recebe o sal\u00e1rio em duas parcelas, geralmente depositadas a cada quinzena.<\/p>\n<p>&#8220;\u00e9 importante observar que o sal\u00e1rio que ser\u00e1 pago \u00e9 referente ao m\u00eas de dezembro, quando o m \u00ednimo era R$ 622. Quem recebe no dia 30 ou no in \u00edcio de cada m\u00eas s\u00f3 sentir\u00e1 a diferen\u00e7a quando receber o sal\u00e1rio de janeiro, informou Jos\u00e9 Silvestre Prado de Oliveira, coordenador de Rela\u00e7\u00f5es Sindicais do Departamento Intersindical de Estat \u00edstica e Estudos Socioecon\u00f4micos (Dieese).<\/p>\n<p>O reajuste de 9% foi definido com base na Lei n&deg; 12.382, de 25 de fevereiro de 2011. O objetivo do governo \u00e9 valorizar o sal\u00e1rio m \u00ednimo em longo prazo.<\/p>\n<p>Pela regra, o valor foi definido com base na varia\u00e7\u00e3o do Produto Interno Bruto (PIB) de 2011, de 2,73%, mais a infla\u00e7\u00e3o anual medida pelo\u00edndice Nacional de Pre\u00e7os ao Consumidor (INPC), calculado pelo Instituto Brasileiro de Geografia e Estat \u00edstica (IBGE), estimada em 6,10%.<\/p>\n<p>O novo valor acresce R$ 56 \u00e0 renda de quem ganha um sal\u00e1rio m \u00ednimo e gera um impacto estimado nas contas da Previd\u00eancia Social de mais de R$ 12,3 bilh\u00f5es, em 12 meses. O aumento representa, segundo os c\u00e1lculos do Dieese, uma inje\u00e7\u00e3o anual de renda na economia de R$ 32,7 bilh\u00f5es. O departamento informou tamb\u00e9m que o novo valor aumentar\u00e1 a arrecada\u00e7\u00e3o tribut\u00e1ria em R$ 15,9 bilh\u00f5es sobre o consumo, na mesma compara\u00e7\u00e3o, j\u00e1 que atualmente 45,5 milh\u00f5es de pessoas t\u00eam rendimento referenciado no sal\u00e1rio m \u00ednimo.<\/p>\n<p>Com o novo valor do sal\u00e1rio m \u00ednimo fixado em R$ 678, segurados do INSS que recebem at\u00e9 o piso previdenci\u00e1rio ter\u00e3o os benef \u00edcios corrigidos na folha de janeiro, que come\u00e7a a ser paga no dia 25 deste m\u00eas e vai at\u00e9 o dia 7 de fevereiro. Ao todo, mais de 20 milh\u00f5es de pessoas ter\u00e3o os benef \u00edcios reajustados.<\/p>\n<p>Fonte: Ag\u00eancia Brasil<\/p>\n","protected":false},"excerpt":{"rendered":"<p>O novo sal\u00e1rio m \u00ednimo de R$ 678, em vigor desde ter\u00e7a-feira (1\u00ba), s\u00f3 ter\u00e1 efeito na renda do trabalhador, na maioria dos casos, no final de janeiro ou em fevereiro, quando efetivamente ser\u00e1 depositada a quantia referente ao m\u00eas de dezembro. A exce\u00e7\u00e3o \u00e9 o trabalhador que recebe o sal\u00e1rio em duas parcelas, geralmente &hellip;<\/p>\n<p class=\"read-more\"> <a class=\"\" href=\"https:\/\/bancariosdepiracicaba.com.br\/?p=7991\"> <span class=\"screen-reader-text\">Maioria s\u00f3 sentir\u00e1 aumento do m\u00ednimo no fim do m\u00eas ou in\u00edcio de fevereiro<\/span> Leia mais &raquo;<\/a><\/p>\n","protected":false},"author":1,"featured_media":0,"comment_status":"open","ping_status":"open","sticky":false,"template":"","format":"standard","meta":{"site-sidebar-layout":"default","site-content-layout":"default","ast-main-header-display":"","ast-hfb-above-header-display":"","ast-hfb-below-header-display":"","ast-hfb-mobile-header-display":"","site-post-title":"","ast-breadcrumbs-content":"","ast-featured-img":"","footer-sml-layout":"","theme-transparent-header-meta":"","adv-header-id-meta":"","stick-header-meta":"","header-above-stick-meta":"","header-main-stick-meta":"","header-below-stick-meta":"","footnotes":""},"categories":[1],"tags":[],"class_list":["post-7991","post","type-post","status-publish","format-standard","hentry","category-uncategorized"],"yoast_head":"<!-- This site is optimized with the Yoast SEO Premium plugin v16.1 (Yoast SEO v18.0) - https:\/\/yoast.com\/wordpress\/plugins\/seo\/ -->\n<title>Maioria s\u00f3 sentir\u00e1 aumento do m\u00ednimo no fim do m\u00eas ou in\u00edcio de fevereiro - Sindban<\/title>\n<meta name=\"robots\" content=\"index, follow, max-snippet:-1, max-image-preview:large, max-video-preview:-1\" \/>\n<link rel=\"canonical\" href=\"https:\/\/bancariosdepiracicaba.com.br\/?p=7991\" \/>\n<meta property=\"og:locale\" content=\"pt_BR\" \/>\n<meta property=\"og:type\" content=\"article\" \/>\n<meta property=\"og:title\" content=\"Maioria s\u00f3 sentir\u00e1 aumento do m\u00ednimo no fim do m\u00eas ou in\u00edcio de fevereiro - Sindban\" \/>\n<meta property=\"og:description\" content=\"O novo sal\u00e1rio m \u00ednimo de R$ 678, em vigor desde ter\u00e7a-feira (1\u00ba), s\u00f3 ter\u00e1 efeito na renda do trabalhador, na maioria dos casos, no final de janeiro ou em fevereiro, quando efetivamente ser\u00e1 depositada a quantia referente ao m\u00eas de dezembro. A exce\u00e7\u00e3o \u00e9 o trabalhador que recebe o sal\u00e1rio em duas parcelas, geralmente &hellip; Maioria s\u00f3 sentir\u00e1 aumento do m\u00ednimo no fim do m\u00eas ou in\u00edcio de fevereiro Leia mais &raquo;\" \/>\n<meta property=\"og:url\" content=\"https:\/\/bancariosdepiracicaba.com.br\/?p=7991\" \/>\n<meta property=\"og:site_name\" content=\"Sindban\" \/>\n<meta property=\"article:published_time\" content=\"2021-07-23T20:51:51+00:00\" \/>\n<meta name=\"twitter:card\" content=\"summary_large_image\" \/>\n<meta name=\"twitter:label1\" content=\"Escrito por\" \/>\n\t<meta name=\"twitter:data1\" content=\"admin\" \/>\n\t<meta name=\"twitter:label2\" content=\"Est. tempo de leitura\" \/>\n\t<meta name=\"twitter:data2\" content=\"2 minutos\" \/>\n<script type=\"application\/ld+json\" class=\"yoast-schema-graph\">{\"@context\":\"https:\/\/schema.org\",\"@graph\":[{\"@type\":\"Organization\",\"@id\":\"https:\/\/bancariosdepiracicaba.com.br\/#organization\",\"name\":\"Sindban\",\"url\":\"https:\/\/bancariosdepiracicaba.com.br\/\",\"sameAs\":[],\"logo\":{\"@type\":\"ImageObject\",\"@id\":\"https:\/\/bancariosdepiracicaba.com.br\/#logo\",\"inLanguage\":\"pt-BR\",\"url\":\"https:\/\/site.bancariosdepiracicaba.com.br\/wp-content\/uploads\/2021\/04\/cropped-Asset-2.png\",\"contentUrl\":\"https:\/\/site.bancariosdepiracicaba.com.br\/wp-content\/uploads\/2021\/04\/cropped-Asset-2.png\",\"width\":512,\"height\":512,\"caption\":\"Sindban\"},\"image\":{\"@id\":\"https:\/\/bancariosdepiracicaba.com.br\/#logo\"}},{\"@type\":\"WebSite\",\"@id\":\"https:\/\/bancariosdepiracicaba.com.br\/#website\",\"url\":\"https:\/\/bancariosdepiracicaba.com.br\/\",\"name\":\"Sindban\",\"description\":\"Desenvolvimento\",\"publisher\":{\"@id\":\"https:\/\/bancariosdepiracicaba.com.br\/#organization\"},\"potentialAction\":[{\"@type\":\"SearchAction\",\"target\":{\"@type\":\"EntryPoint\",\"urlTemplate\":\"https:\/\/bancariosdepiracicaba.com.br\/?s={search_term_string}\"},\"query-input\":\"required name=search_term_string\"}],\"inLanguage\":\"pt-BR\"},{\"@type\":\"WebPage\",\"@id\":\"https:\/\/bancariosdepiracicaba.com.br\/?p=7991#webpage\",\"url\":\"https:\/\/bancariosdepiracicaba.com.br\/?p=7991\",\"name\":\"Maioria s\u00f3 sentir\u00e1 aumento do m\u00ednimo no fim do m\u00eas ou in\u00edcio de fevereiro - Sindban\",\"isPartOf\":{\"@id\":\"https:\/\/bancariosdepiracicaba.com.br\/#website\"},\"datePublished\":\"2021-07-23T20:51:51+00:00\",\"dateModified\":\"2021-07-23T20:51:51+00:00\",\"breadcrumb\":{\"@id\":\"https:\/\/bancariosdepiracicaba.com.br\/?p=7991#breadcrumb\"},\"inLanguage\":\"pt-BR\",\"potentialAction\":[{\"@type\":\"ReadAction\",\"target\":[\"https:\/\/bancariosdepiracicaba.com.br\/?p=7991\"]}]},{\"@type\":\"BreadcrumbList\",\"@id\":\"https:\/\/bancariosdepiracicaba.com.br\/?p=7991#breadcrumb\",\"itemListElement\":[{\"@type\":\"ListItem\",\"position\":1,\"name\":\"Home\",\"item\":\"https:\/\/bancariosdepiracicaba.com.br\/\"},{\"@type\":\"ListItem\",\"position\":2,\"name\":\"Maioria s\u00f3 sentir\u00e1 aumento do m\u00ednimo no fim do m\u00eas ou in\u00edcio de fevereiro\"}]},{\"@type\":\"Article\",\"@id\":\"https:\/\/bancariosdepiracicaba.com.br\/?p=7991#article\",\"isPartOf\":{\"@id\":\"https:\/\/bancariosdepiracicaba.com.br\/?p=7991#webpage\"},\"author\":{\"@id\":\"https:\/\/bancariosdepiracicaba.com.br\/#\/schema\/person\/6a12c780fc145ea2c9af09989ee600b0\"},\"headline\":\"Maioria s\u00f3 sentir\u00e1 aumento do m\u00ednimo no fim do m\u00eas ou in\u00edcio de fevereiro\",\"datePublished\":\"2021-07-23T20:51:51+00:00\",\"dateModified\":\"2021-07-23T20:51:51+00:00\",\"mainEntityOfPage\":{\"@id\":\"https:\/\/bancariosdepiracicaba.com.br\/?p=7991#webpage\"},\"wordCount\":382,\"commentCount\":0,\"publisher\":{\"@id\":\"https:\/\/bancariosdepiracicaba.com.br\/#organization\"},\"articleSection\":[\"Uncategorized\"],\"inLanguage\":\"pt-BR\",\"potentialAction\":[{\"@type\":\"CommentAction\",\"name\":\"Comment\",\"target\":[\"https:\/\/bancariosdepiracicaba.com.br\/?p=7991#respond\"]}]},{\"@type\":\"Person\",\"@id\":\"https:\/\/bancariosdepiracicaba.com.br\/#\/schema\/person\/6a12c780fc145ea2c9af09989ee600b0\",\"name\":\"admin\",\"image\":{\"@type\":\"ImageObject\",\"@id\":\"https:\/\/bancariosdepiracicaba.com.br\/#personlogo\",\"inLanguage\":\"pt-BR\",\"url\":\"https:\/\/secure.gravatar.com\/avatar\/3a05e74c6579e68209676cb5cb64e0918f288da7a49210fa18d6e9cac1189840?s=96&d=mm&r=g\",\"contentUrl\":\"https:\/\/secure.gravatar.com\/avatar\/3a05e74c6579e68209676cb5cb64e0918f288da7a49210fa18d6e9cac1189840?s=96&d=mm&r=g\",\"caption\":\"admin\"},\"sameAs\":[\"https:\/\/site.bancariosdepiracicaba.com.br\"],\"url\":\"https:\/\/bancariosdepiracicaba.com.br\/?author=1\"}]}<\/script>\n<!-- \/ Yoast SEO Premium plugin. -->","yoast_head_json":{"title":"Maioria s\u00f3 sentir\u00e1 aumento do m\u00ednimo no fim do m\u00eas ou in\u00edcio de fevereiro - Sindban","robots":{"index":"index","follow":"follow","max-snippet":"max-snippet:-1","max-image-preview":"max-image-preview:large","max-video-preview":"max-video-preview:-1"},"canonical":"https:\/\/bancariosdepiracicaba.com.br\/?p=7991","og_locale":"pt_BR","og_type":"article","og_title":"Maioria s\u00f3 sentir\u00e1 aumento do m\u00ednimo no fim do m\u00eas ou in\u00edcio de fevereiro - Sindban","og_description":"O novo sal\u00e1rio m \u00ednimo de R$ 678, em vigor desde ter\u00e7a-feira (1\u00ba), s\u00f3 ter\u00e1 efeito na renda do trabalhador, na maioria dos casos, no final de janeiro ou em fevereiro, quando efetivamente ser\u00e1 depositada a quantia referente ao m\u00eas de dezembro. A exce\u00e7\u00e3o \u00e9 o trabalhador que recebe o sal\u00e1rio em duas parcelas, geralmente &hellip; Maioria s\u00f3 sentir\u00e1 aumento do m\u00ednimo no fim do m\u00eas ou in\u00edcio de fevereiro Leia mais &raquo;","og_url":"https:\/\/bancariosdepiracicaba.com.br\/?p=7991","og_site_name":"Sindban","article_published_time":"2021-07-23T20:51:51+00:00","twitter_card":"summary_large_image","twitter_misc":{"Escrito por":"admin","Est. tempo de leitura":"2 minutos"},"schema":{"@context":"https:\/\/schema.org","@graph":[{"@type":"Organization","@id":"https:\/\/bancariosdepiracicaba.com.br\/#organization","name":"Sindban","url":"https:\/\/bancariosdepiracicaba.com.br\/","sameAs":[],"logo":{"@type":"ImageObject","@id":"https:\/\/bancariosdepiracicaba.com.br\/#logo","inLanguage":"pt-BR","url":"https:\/\/site.bancariosdepiracicaba.com.br\/wp-content\/uploads\/2021\/04\/cropped-Asset-2.png","contentUrl":"https:\/\/site.bancariosdepiracicaba.com.br\/wp-content\/uploads\/2021\/04\/cropped-Asset-2.png","width":512,"height":512,"caption":"Sindban"},"image":{"@id":"https:\/\/bancariosdepiracicaba.com.br\/#logo"}},{"@type":"WebSite","@id":"https:\/\/bancariosdepiracicaba.com.br\/#website","url":"https:\/\/bancariosdepiracicaba.com.br\/","name":"Sindban","description":"Desenvolvimento","publisher":{"@id":"https:\/\/bancariosdepiracicaba.com.br\/#organization"},"potentialAction":[{"@type":"SearchAction","target":{"@type":"EntryPoint","urlTemplate":"https:\/\/bancariosdepiracicaba.com.br\/?s={search_term_string}"},"query-input":"required name=search_term_string"}],"inLanguage":"pt-BR"},{"@type":"WebPage","@id":"https:\/\/bancariosdepiracicaba.com.br\/?p=7991#webpage","url":"https:\/\/bancariosdepiracicaba.com.br\/?p=7991","name":"Maioria s\u00f3 sentir\u00e1 aumento do m\u00ednimo no fim do m\u00eas ou in\u00edcio de fevereiro - Sindban","isPartOf":{"@id":"https:\/\/bancariosdepiracicaba.com.br\/#website"},"datePublished":"2021-07-23T20:51:51+00:00","dateModified":"2021-07-23T20:51:51+00:00","breadcrumb":{"@id":"https:\/\/bancariosdepiracicaba.com.br\/?p=7991#breadcrumb"},"inLanguage":"pt-BR","potentialAction":[{"@type":"ReadAction","target":["https:\/\/bancariosdepiracicaba.com.br\/?p=7991"]}]},{"@type":"BreadcrumbList","@id":"https:\/\/bancariosdepiracicaba.com.br\/?p=7991#breadcrumb","itemListElement":[{"@type":"ListItem","position":1,"name":"Home","item":"https:\/\/bancariosdepiracicaba.com.br\/"},{"@type":"ListItem","position":2,"name":"Maioria s\u00f3 sentir\u00e1 aumento do m\u00ednimo no fim do m\u00eas ou in\u00edcio de fevereiro"}]},{"@type":"Article","@id":"https:\/\/bancariosdepiracicaba.com.br\/?p=7991#article","isPartOf":{"@id":"https:\/\/bancariosdepiracicaba.com.br\/?p=7991#webpage"},"author":{"@id":"https:\/\/bancariosdepiracicaba.com.br\/#\/schema\/person\/6a12c780fc145ea2c9af09989ee600b0"},"headline":"Maioria s\u00f3 sentir\u00e1 aumento do m\u00ednimo no fim do m\u00eas ou in\u00edcio de fevereiro","datePublished":"2021-07-23T20:51:51+00:00","dateModified":"2021-07-23T20:51:51+00:00","mainEntityOfPage":{"@id":"https:\/\/bancariosdepiracicaba.com.br\/?p=7991#webpage"},"wordCount":382,"commentCount":0,"publisher":{"@id":"https:\/\/bancariosdepiracicaba.com.br\/#organization"},"articleSection":["Uncategorized"],"inLanguage":"pt-BR","potentialAction":[{"@type":"CommentAction","name":"Comment","target":["https:\/\/bancariosdepiracicaba.com.br\/?p=7991#respond"]}]},{"@type":"Person","@id":"https:\/\/bancariosdepiracicaba.com.br\/#\/schema\/person\/6a12c780fc145ea2c9af09989ee600b0","name":"admin","image":{"@type":"ImageObject","@id":"https:\/\/bancariosdepiracicaba.com.br\/#personlogo","inLanguage":"pt-BR","url":"https:\/\/secure.gravatar.com\/avatar\/3a05e74c6579e68209676cb5cb64e0918f288da7a49210fa18d6e9cac1189840?s=96&d=mm&r=g","contentUrl":"https:\/\/secure.gravatar.com\/avatar\/3a05e74c6579e68209676cb5cb64e0918f288da7a49210fa18d6e9cac1189840?s=96&d=mm&r=g","caption":"admin"},"sameAs":["https:\/\/site.bancariosdepiracicaba.com.br"],"url":"https:\/\/bancariosdepiracicaba.com.br\/?author=1"}]}},"_links":{"self":[{"href":"https:\/\/bancariosdepiracicaba.com.br\/index.php?rest_route=\/wp\/v2\/posts\/7991","targetHints":{"allow":["GET"]}}],"collection":[{"href":"https:\/\/bancariosdepiracicaba.com.br\/index.php?rest_route=\/wp\/v2\/posts"}],"about":[{"href":"https:\/\/bancariosdepiracicaba.com.br\/index.php?rest_route=\/wp\/v2\/types\/post"}],"author":[{"embeddable":true,"href":"https:\/\/bancariosdepiracicaba.com.br\/index.php?rest_route=\/wp\/v2\/users\/1"}],"replies":[{"embeddable":true,"href":"https:\/\/bancariosdepiracicaba.com.br\/index.php?rest_route=%2Fwp%2Fv2%2Fcomments&post=7991"}],"version-history":[{"count":0,"href":"https:\/\/bancariosdepiracicaba.com.br\/index.php?rest_route=\/wp\/v2\/posts\/7991\/revisions"}],"wp:attachment":[{"href":"https:\/\/bancariosdepiracicaba.com.br\/index.php?rest_route=%2Fwp%2Fv2%2Fmedia&parent=7991"}],"wp:term":[{"taxonomy":"category","embeddable":true,"href":"https:\/\/bancariosdepiracicaba.com.br\/index.php?rest_route=%2Fwp%2Fv2%2Fcategories&post=7991"},{"taxonomy":"post_tag","embeddable":true,"href":"https:\/\/bancariosdepiracicaba.com.br\/index.php?rest_route=%2Fwp%2Fv2%2Ftags&post=7991"}],"curies":[{"name":"wp","href":"https:\/\/api.w.org\/{rel}","templated":true}]}}