{"id":7966,"date":"2021-07-23T20:51:18","date_gmt":"2021-07-23T20:51:18","guid":{"rendered":"https:\/\/site.bancariosdepiracicaba.com.br\/2021\/07\/23\/mulher-na-politica-e-no-terceiro-setor-foi-o-tema-abordado-no-primeiro-dia-do-ciclo-de-palestras\/"},"modified":"2021-08-11T21:54:35","modified_gmt":"2021-08-12T00:54:35","slug":"mulher-na-politica-e-no-terceiro-setor-foi-o-tema-abordado-no-primeiro-dia-do-ciclo-de-palestras","status":"publish","type":"post","link":"https:\/\/bancariosdepiracicaba.com.br\/?p=7966","title":{"rendered":"Mulher na Pol\u00edtica e no Terceiro Setor foi o tema abordado no primeiro dia do ciclo de palestras"},"content":{"rendered":"<p>A Semana da Mulher organizada pelo vereador do Partido dos Trabalhadores e presidente do Sindicato dos Banc\u00e1rios de Piracicaba e regi\u00e3o, Jos\u00e9 Antonio Fernandes Paiva, come\u00e7ou intensa de atividades. Ontem (4) a tarde foi realizada palestra com o tema Mulher na Pol \u00edtica e no Terceiro Setor que contou com a presen\u00e7a da deputada estadual Ana Perugini (PT), a chefe de gabinete da deputada federal Luiza Erundina (PSB), Muna Zeyn, a m\u00e9dica e diretora do projeto Ilumina, Adriana Brasil e a fundadora da ONG Vira Lata Vira Vida, Miriam  Miranda. <\/p>\n<p>A viol\u00eancia contra a mulher \u00e9 decorrente de uma sociedade sexista e se d\u00e1 de in\u00fameros aspectos. F \u00edsico, moral, psicol\u00f3gico, social e patrimonial. No entanto, a deputada estadual Ana Perugini acrescenta ainda que a mulher \u00e9 v \u00edtima da &#8220;viol\u00eancia institucional&#8221;, ou seja, exercida pelo pr\u00f3prio Estado de Direito, como uma forma de agress\u00e3o aos direitos das mulheres. E, igual a todas as outras, tamb\u00e9m precisa ser combatida. <\/p>\n<p>A deputada apontou n\u00fameros da participa\u00e7\u00e3o pol \u00edtica no Brasil. Na C\u00e2mara dos Deputados, de 513 deputados apenas 45 s\u00e3o mulheres; assim como na Assembleia Legislativa, de 94 s\u00f3 11 s\u00e3o do sexo feminino. Mas, ao inv\u00e9s de concordar com a m\u00e1xima de que &#8220;mulher n\u00e3o vota em mulher&#8221;, a deputada critica o apoio dos partidos \u00e0s mulheres. &#8220;Enquanto os homens t\u00eam milhares de panfletos, a mulher candidata tem apenas um&#8221;, disse a deputada ao exemplificar o que chamou de &#8220;viol\u00eancia institucional&#8221;.<\/p>\n<p>A inser\u00e7\u00e3o das mulheres nas institui\u00e7\u00f5es governamentais, por\u00e9m, n\u00e3o reflete diretamente a realidade da atua\u00e7\u00e3o na sociedade de forma geral. Como apontou Adriana Brasil, diretora da Associa\u00e7\u00e3o Ilumina, de 77 entidades ligadas ao Grupo de Institutos Funda\u00e7\u00f5es e Empresas (GIFE), pelo menos 51% s\u00e3o comandadas por mulheres. Ela pr\u00f3pria, m\u00e9dica por forma\u00e7\u00e3o, est\u00e1 desde o in \u00edcio da Ilumina com uma participa\u00e7\u00e3o de comando. &#8220;O cuidado (que a mulher) tinha apenas com o marido\/filho hoje tamb\u00e9m est\u00e1 no outro&#8221;, acredita, sobre o estilo de comando das mulheres.<\/p>\n<p>De acordo com Muna Zeyn, n\u00e3o h\u00e1 uma sociedade justa sem o equil \u00edbrio entre homem e mulher.  \u201c;\u00e9 preciso descontruir uma cultura milenar de que o homem se acha o ser superior. \u00e9 preciso criar pol \u00edticas p\u00fablicas de prote\u00e7\u00e3o \u00e0s mulheres, que vivem em condi\u00e7\u00e3o de exclus\u00e3o e viol\u00eancia. Houve significativo aumento de viol\u00eancia contra mulher. Na d\u00e9cada de 80 havia um \u00f3bito a cada oito minutos. Hoje \u00e9 registrado um \u00f3bito a casa seis minutos. \u00e9 preciso colocar realmente em pr\u00e1tica a Lei Maria da Penha \u201c;, ressalta.<\/p>\n<p>Miriam Miranda, diretora-presidente da ONG Vira Lata Vira Vida, citou a ex-primeira-dama e soci\u00f3loga Ruth Cardoso, para demonstrar os valores das mulheres no terceiro setor e lembrar que \u00e9 preciso saber se impor para tamb\u00e9m abrir espa\u00e7o na sociedade. &#8220;Se o primeiro setor, a l\u00f3gica \u00e9 governamental; o segundo, uma l\u00f3gica de mercado; e o terceiro, de volunt\u00e1rios, onde entra a capacidade da mulher em ser solid\u00e1ria&#8221;, refletiu.<\/p>\n<p>Ap\u00f3s as palestras foi realizado debate com media\u00e7\u00e3o da jornalista Tereza Blasco. As atividades da Semana da Mulher continuam at\u00e9 sexta-feira, dia 8 de mar\u00e7o, quando \u00e9 celebrado o Dia Internacional da Mulher. Hoje, 5, \u00e0s 13h30, estar\u00e3o em pauta os temas &#8216;Sa\u00fade e Idosos&#8217;.<\/p>\n<p>Fernanda Moraes (28.535)<br \/>\nSindicato dos Banc\u00e1rios de Piracicaba e regi\u00e3o<\/p>\n","protected":false},"excerpt":{"rendered":"<p>A Semana da Mulher organizada pelo vereador do Partido dos Trabalhadores e presidente do Sindicato dos Banc\u00e1rios de Piracicaba e regi\u00e3o, Jos\u00e9 Antonio Fernandes Paiva, come\u00e7ou intensa de atividades. Ontem (4) a tarde foi realizada palestra com o tema Mulher na Pol \u00edtica e no Terceiro Setor que contou com a presen\u00e7a da deputada estadual &hellip;<\/p>\n<p class=\"read-more\"> <a class=\"\" href=\"https:\/\/bancariosdepiracicaba.com.br\/?p=7966\"> <span class=\"screen-reader-text\">Mulher na Pol\u00edtica e no Terceiro Setor foi o tema abordado no primeiro dia do ciclo de palestras<\/span> Leia mais &raquo;<\/a><\/p>\n","protected":false},"author":1,"featured_media":0,"comment_status":"open","ping_status":"open","sticky":false,"template":"","format":"standard","meta":{"site-sidebar-layout":"default","site-content-layout":"default","ast-main-header-display":"","ast-hfb-above-header-display":"","ast-hfb-below-header-display":"","ast-hfb-mobile-header-display":"","site-post-title":"","ast-breadcrumbs-content":"","ast-featured-img":"","footer-sml-layout":"","theme-transparent-header-meta":"","adv-header-id-meta":"","stick-header-meta":"","header-above-stick-meta":"","header-main-stick-meta":"","header-below-stick-meta":"","footnotes":""},"categories":[44,1],"tags":[],"class_list":["post-7966","post","type-post","status-publish","format-standard","hentry","category-mulher","category-uncategorized"],"yoast_head":"<!-- This site is optimized with the Yoast SEO Premium plugin v16.1 (Yoast SEO v18.0) - https:\/\/yoast.com\/wordpress\/plugins\/seo\/ -->\n<title>Mulher na Pol\u00edtica e no Terceiro Setor foi o tema abordado no primeiro dia do ciclo de palestras - Sindban<\/title>\n<meta name=\"robots\" content=\"index, follow, max-snippet:-1, max-image-preview:large, max-video-preview:-1\" \/>\n<link rel=\"canonical\" href=\"https:\/\/bancariosdepiracicaba.com.br\/?p=7966\" \/>\n<meta property=\"og:locale\" content=\"pt_BR\" \/>\n<meta property=\"og:type\" content=\"article\" \/>\n<meta property=\"og:title\" content=\"Mulher na Pol\u00edtica e no Terceiro Setor foi o tema abordado no primeiro dia do ciclo de palestras - Sindban\" \/>\n<meta property=\"og:description\" content=\"A Semana da Mulher organizada pelo vereador do Partido dos Trabalhadores e presidente do Sindicato dos Banc\u00e1rios de Piracicaba e regi\u00e3o, Jos\u00e9 Antonio Fernandes Paiva, come\u00e7ou intensa de atividades. Ontem (4) a tarde foi realizada palestra com o tema Mulher na Pol \u00edtica e no Terceiro Setor que contou com a presen\u00e7a da deputada estadual &hellip; Mulher na Pol\u00edtica e no Terceiro Setor foi o tema abordado no primeiro dia do ciclo de palestras Leia mais &raquo;\" \/>\n<meta property=\"og:url\" content=\"https:\/\/bancariosdepiracicaba.com.br\/?p=7966\" \/>\n<meta property=\"og:site_name\" content=\"Sindban\" \/>\n<meta property=\"article:published_time\" content=\"2021-07-23T20:51:18+00:00\" \/>\n<meta property=\"article:modified_time\" content=\"2021-08-12T00:54:35+00:00\" \/>\n<meta name=\"twitter:card\" content=\"summary_large_image\" \/>\n<meta name=\"twitter:label1\" content=\"Escrito por\" \/>\n\t<meta name=\"twitter:data1\" content=\"admin\" \/>\n\t<meta name=\"twitter:label2\" content=\"Est. tempo de leitura\" \/>\n\t<meta name=\"twitter:data2\" content=\"3 minutos\" \/>\n<script type=\"application\/ld+json\" class=\"yoast-schema-graph\">{\"@context\":\"https:\/\/schema.org\",\"@graph\":[{\"@type\":\"Organization\",\"@id\":\"https:\/\/bancariosdepiracicaba.com.br\/#organization\",\"name\":\"Sindban\",\"url\":\"https:\/\/bancariosdepiracicaba.com.br\/\",\"sameAs\":[],\"logo\":{\"@type\":\"ImageObject\",\"@id\":\"https:\/\/bancariosdepiracicaba.com.br\/#logo\",\"inLanguage\":\"pt-BR\",\"url\":\"https:\/\/site.bancariosdepiracicaba.com.br\/wp-content\/uploads\/2021\/04\/cropped-Asset-2.png\",\"contentUrl\":\"https:\/\/site.bancariosdepiracicaba.com.br\/wp-content\/uploads\/2021\/04\/cropped-Asset-2.png\",\"width\":512,\"height\":512,\"caption\":\"Sindban\"},\"image\":{\"@id\":\"https:\/\/bancariosdepiracicaba.com.br\/#logo\"}},{\"@type\":\"WebSite\",\"@id\":\"https:\/\/bancariosdepiracicaba.com.br\/#website\",\"url\":\"https:\/\/bancariosdepiracicaba.com.br\/\",\"name\":\"Sindban\",\"description\":\"Desenvolvimento\",\"publisher\":{\"@id\":\"https:\/\/bancariosdepiracicaba.com.br\/#organization\"},\"potentialAction\":[{\"@type\":\"SearchAction\",\"target\":{\"@type\":\"EntryPoint\",\"urlTemplate\":\"https:\/\/bancariosdepiracicaba.com.br\/?s={search_term_string}\"},\"query-input\":\"required name=search_term_string\"}],\"inLanguage\":\"pt-BR\"},{\"@type\":\"WebPage\",\"@id\":\"https:\/\/bancariosdepiracicaba.com.br\/?p=7966#webpage\",\"url\":\"https:\/\/bancariosdepiracicaba.com.br\/?p=7966\",\"name\":\"Mulher na Pol\u00edtica e no Terceiro Setor foi o tema abordado no primeiro dia do ciclo de palestras - Sindban\",\"isPartOf\":{\"@id\":\"https:\/\/bancariosdepiracicaba.com.br\/#website\"},\"datePublished\":\"2021-07-23T20:51:18+00:00\",\"dateModified\":\"2021-08-12T00:54:35+00:00\",\"breadcrumb\":{\"@id\":\"https:\/\/bancariosdepiracicaba.com.br\/?p=7966#breadcrumb\"},\"inLanguage\":\"pt-BR\",\"potentialAction\":[{\"@type\":\"ReadAction\",\"target\":[\"https:\/\/bancariosdepiracicaba.com.br\/?p=7966\"]}]},{\"@type\":\"BreadcrumbList\",\"@id\":\"https:\/\/bancariosdepiracicaba.com.br\/?p=7966#breadcrumb\",\"itemListElement\":[{\"@type\":\"ListItem\",\"position\":1,\"name\":\"Home\",\"item\":\"https:\/\/bancariosdepiracicaba.com.br\/\"},{\"@type\":\"ListItem\",\"position\":2,\"name\":\"Mulher na Pol\u00edtica e no Terceiro Setor foi o tema abordado no primeiro dia do ciclo de palestras\"}]},{\"@type\":\"Article\",\"@id\":\"https:\/\/bancariosdepiracicaba.com.br\/?p=7966#article\",\"isPartOf\":{\"@id\":\"https:\/\/bancariosdepiracicaba.com.br\/?p=7966#webpage\"},\"author\":{\"@id\":\"https:\/\/bancariosdepiracicaba.com.br\/#\/schema\/person\/6a12c780fc145ea2c9af09989ee600b0\"},\"headline\":\"Mulher na Pol\u00edtica e no Terceiro Setor foi o tema abordado no primeiro dia do ciclo de palestras\",\"datePublished\":\"2021-07-23T20:51:18+00:00\",\"dateModified\":\"2021-08-12T00:54:35+00:00\",\"mainEntityOfPage\":{\"@id\":\"https:\/\/bancariosdepiracicaba.com.br\/?p=7966#webpage\"},\"wordCount\":599,\"commentCount\":0,\"publisher\":{\"@id\":\"https:\/\/bancariosdepiracicaba.com.br\/#organization\"},\"articleSection\":[\"Mulher\",\"Uncategorized\"],\"inLanguage\":\"pt-BR\",\"potentialAction\":[{\"@type\":\"CommentAction\",\"name\":\"Comment\",\"target\":[\"https:\/\/bancariosdepiracicaba.com.br\/?p=7966#respond\"]}]},{\"@type\":\"Person\",\"@id\":\"https:\/\/bancariosdepiracicaba.com.br\/#\/schema\/person\/6a12c780fc145ea2c9af09989ee600b0\",\"name\":\"admin\",\"image\":{\"@type\":\"ImageObject\",\"@id\":\"https:\/\/bancariosdepiracicaba.com.br\/#personlogo\",\"inLanguage\":\"pt-BR\",\"url\":\"https:\/\/secure.gravatar.com\/avatar\/3a05e74c6579e68209676cb5cb64e0918f288da7a49210fa18d6e9cac1189840?s=96&d=mm&r=g\",\"contentUrl\":\"https:\/\/secure.gravatar.com\/avatar\/3a05e74c6579e68209676cb5cb64e0918f288da7a49210fa18d6e9cac1189840?s=96&d=mm&r=g\",\"caption\":\"admin\"},\"sameAs\":[\"https:\/\/site.bancariosdepiracicaba.com.br\"],\"url\":\"https:\/\/bancariosdepiracicaba.com.br\/?author=1\"}]}<\/script>\n<!-- \/ Yoast SEO Premium plugin. -->","yoast_head_json":{"title":"Mulher na Pol\u00edtica e no Terceiro Setor foi o tema abordado no primeiro dia do ciclo de palestras - Sindban","robots":{"index":"index","follow":"follow","max-snippet":"max-snippet:-1","max-image-preview":"max-image-preview:large","max-video-preview":"max-video-preview:-1"},"canonical":"https:\/\/bancariosdepiracicaba.com.br\/?p=7966","og_locale":"pt_BR","og_type":"article","og_title":"Mulher na Pol\u00edtica e no Terceiro Setor foi o tema abordado no primeiro dia do ciclo de palestras - Sindban","og_description":"A Semana da Mulher organizada pelo vereador do Partido dos Trabalhadores e presidente do Sindicato dos Banc\u00e1rios de Piracicaba e regi\u00e3o, Jos\u00e9 Antonio Fernandes Paiva, come\u00e7ou intensa de atividades. Ontem (4) a tarde foi realizada palestra com o tema Mulher na Pol \u00edtica e no Terceiro Setor que contou com a presen\u00e7a da deputada estadual &hellip; Mulher na Pol\u00edtica e no Terceiro Setor foi o tema abordado no primeiro dia do ciclo de palestras Leia mais &raquo;","og_url":"https:\/\/bancariosdepiracicaba.com.br\/?p=7966","og_site_name":"Sindban","article_published_time":"2021-07-23T20:51:18+00:00","article_modified_time":"2021-08-12T00:54:35+00:00","twitter_card":"summary_large_image","twitter_misc":{"Escrito por":"admin","Est. tempo de leitura":"3 minutos"},"schema":{"@context":"https:\/\/schema.org","@graph":[{"@type":"Organization","@id":"https:\/\/bancariosdepiracicaba.com.br\/#organization","name":"Sindban","url":"https:\/\/bancariosdepiracicaba.com.br\/","sameAs":[],"logo":{"@type":"ImageObject","@id":"https:\/\/bancariosdepiracicaba.com.br\/#logo","inLanguage":"pt-BR","url":"https:\/\/site.bancariosdepiracicaba.com.br\/wp-content\/uploads\/2021\/04\/cropped-Asset-2.png","contentUrl":"https:\/\/site.bancariosdepiracicaba.com.br\/wp-content\/uploads\/2021\/04\/cropped-Asset-2.png","width":512,"height":512,"caption":"Sindban"},"image":{"@id":"https:\/\/bancariosdepiracicaba.com.br\/#logo"}},{"@type":"WebSite","@id":"https:\/\/bancariosdepiracicaba.com.br\/#website","url":"https:\/\/bancariosdepiracicaba.com.br\/","name":"Sindban","description":"Desenvolvimento","publisher":{"@id":"https:\/\/bancariosdepiracicaba.com.br\/#organization"},"potentialAction":[{"@type":"SearchAction","target":{"@type":"EntryPoint","urlTemplate":"https:\/\/bancariosdepiracicaba.com.br\/?s={search_term_string}"},"query-input":"required name=search_term_string"}],"inLanguage":"pt-BR"},{"@type":"WebPage","@id":"https:\/\/bancariosdepiracicaba.com.br\/?p=7966#webpage","url":"https:\/\/bancariosdepiracicaba.com.br\/?p=7966","name":"Mulher na Pol\u00edtica e no Terceiro Setor foi o tema abordado no primeiro dia do ciclo de palestras - Sindban","isPartOf":{"@id":"https:\/\/bancariosdepiracicaba.com.br\/#website"},"datePublished":"2021-07-23T20:51:18+00:00","dateModified":"2021-08-12T00:54:35+00:00","breadcrumb":{"@id":"https:\/\/bancariosdepiracicaba.com.br\/?p=7966#breadcrumb"},"inLanguage":"pt-BR","potentialAction":[{"@type":"ReadAction","target":["https:\/\/bancariosdepiracicaba.com.br\/?p=7966"]}]},{"@type":"BreadcrumbList","@id":"https:\/\/bancariosdepiracicaba.com.br\/?p=7966#breadcrumb","itemListElement":[{"@type":"ListItem","position":1,"name":"Home","item":"https:\/\/bancariosdepiracicaba.com.br\/"},{"@type":"ListItem","position":2,"name":"Mulher na Pol\u00edtica e no Terceiro Setor foi o tema abordado no primeiro dia do ciclo de palestras"}]},{"@type":"Article","@id":"https:\/\/bancariosdepiracicaba.com.br\/?p=7966#article","isPartOf":{"@id":"https:\/\/bancariosdepiracicaba.com.br\/?p=7966#webpage"},"author":{"@id":"https:\/\/bancariosdepiracicaba.com.br\/#\/schema\/person\/6a12c780fc145ea2c9af09989ee600b0"},"headline":"Mulher na Pol\u00edtica e no Terceiro Setor foi o tema abordado no primeiro dia do ciclo de palestras","datePublished":"2021-07-23T20:51:18+00:00","dateModified":"2021-08-12T00:54:35+00:00","mainEntityOfPage":{"@id":"https:\/\/bancariosdepiracicaba.com.br\/?p=7966#webpage"},"wordCount":599,"commentCount":0,"publisher":{"@id":"https:\/\/bancariosdepiracicaba.com.br\/#organization"},"articleSection":["Mulher","Uncategorized"],"inLanguage":"pt-BR","potentialAction":[{"@type":"CommentAction","name":"Comment","target":["https:\/\/bancariosdepiracicaba.com.br\/?p=7966#respond"]}]},{"@type":"Person","@id":"https:\/\/bancariosdepiracicaba.com.br\/#\/schema\/person\/6a12c780fc145ea2c9af09989ee600b0","name":"admin","image":{"@type":"ImageObject","@id":"https:\/\/bancariosdepiracicaba.com.br\/#personlogo","inLanguage":"pt-BR","url":"https:\/\/secure.gravatar.com\/avatar\/3a05e74c6579e68209676cb5cb64e0918f288da7a49210fa18d6e9cac1189840?s=96&d=mm&r=g","contentUrl":"https:\/\/secure.gravatar.com\/avatar\/3a05e74c6579e68209676cb5cb64e0918f288da7a49210fa18d6e9cac1189840?s=96&d=mm&r=g","caption":"admin"},"sameAs":["https:\/\/site.bancariosdepiracicaba.com.br"],"url":"https:\/\/bancariosdepiracicaba.com.br\/?author=1"}]}},"_links":{"self":[{"href":"https:\/\/bancariosdepiracicaba.com.br\/index.php?rest_route=\/wp\/v2\/posts\/7966","targetHints":{"allow":["GET"]}}],"collection":[{"href":"https:\/\/bancariosdepiracicaba.com.br\/index.php?rest_route=\/wp\/v2\/posts"}],"about":[{"href":"https:\/\/bancariosdepiracicaba.com.br\/index.php?rest_route=\/wp\/v2\/types\/post"}],"author":[{"embeddable":true,"href":"https:\/\/bancariosdepiracicaba.com.br\/index.php?rest_route=\/wp\/v2\/users\/1"}],"replies":[{"embeddable":true,"href":"https:\/\/bancariosdepiracicaba.com.br\/index.php?rest_route=%2Fwp%2Fv2%2Fcomments&post=7966"}],"version-history":[{"count":1,"href":"https:\/\/bancariosdepiracicaba.com.br\/index.php?rest_route=\/wp\/v2\/posts\/7966\/revisions"}],"predecessor-version":[{"id":14043,"href":"https:\/\/bancariosdepiracicaba.com.br\/index.php?rest_route=\/wp\/v2\/posts\/7966\/revisions\/14043"}],"wp:attachment":[{"href":"https:\/\/bancariosdepiracicaba.com.br\/index.php?rest_route=%2Fwp%2Fv2%2Fmedia&parent=7966"}],"wp:term":[{"taxonomy":"category","embeddable":true,"href":"https:\/\/bancariosdepiracicaba.com.br\/index.php?rest_route=%2Fwp%2Fv2%2Fcategories&post=7966"},{"taxonomy":"post_tag","embeddable":true,"href":"https:\/\/bancariosdepiracicaba.com.br\/index.php?rest_route=%2Fwp%2Fv2%2Ftags&post=7966"}],"curies":[{"name":"wp","href":"https:\/\/api.w.org\/{rel}","templated":true}]}}