{"id":7954,"date":"2021-07-23T20:51:04","date_gmt":"2021-07-23T20:51:04","guid":{"rendered":"https:\/\/site.bancariosdepiracicaba.com.br\/2021\/07\/23\/ministerio-do-trabalho-propoe-suspender-demissoes-do-santander-em-todo-pais\/"},"modified":"2021-08-11T21:59:48","modified_gmt":"2021-08-12T00:59:48","slug":"ministerio-do-trabalho-propoe-suspender-demissoes-do-santander-em-todo-pais","status":"publish","type":"post","link":"https:\/\/bancariosdepiracicaba.com.br\/?p=7954","title":{"rendered":"Minist\u00e9rio do Trabalho prop\u00f5e suspender demiss\u00f5es do Santander em todo pa\u00eds"},"content":{"rendered":"<p>Em audi\u00eancia de media\u00e7\u00e3o ocorrida na manh\u00e3 desta quinta-feira (13) entre a Contraf-CUT e o Sindicato dos Banc\u00e1rios de S\u00e3o Paulo com o Santander, em Bras \u00edlia, o secret\u00e1rio de Rela\u00e7\u00f5es de Trabalho do Minist\u00e9rio do Trabalho e Emprego (MTE), Manoel Messias, prop\u00f4s a suspens\u00e3o das demiss\u00f5es efetuadas em dezembro, conforme liminar concedida no TRT-SP, e abrir um processo de di\u00e1logo e negocia\u00e7\u00e3o coletiva, resguardando as medidas j\u00e1 tomadas pelas entidades sindicais. <\/p>\n<p>O advogado Alencar Rossi, representante do banco espanhol, ficou de consultar a institui\u00e7\u00e3o sobre a proposta apresentada e encaminhar uma resposta ao MTE. A partir da manifesta\u00e7\u00e3o do banco, o Minist\u00e9rio convocar\u00e1 uma nova audi\u00eancia entre as partes nos pr\u00f3ximos dias.<\/p>\n<p>A reuni\u00e3o foi realizada ap\u00f3s carta enviada no \u00faltimo dia 5 pela Contraf-CUT ao ministro do Trabalho e Emprego. O Sindicato tamb\u00e9m fez contatos.<\/p>\n<p>Clique aqui para ler a\u00edntegra da carta.<\/p>\n<p>Participaram do encontro o secret\u00e1rio de Organiza\u00e7\u00e3o do Ramo Financeiro da Contraf-CUT, Miguel Pereira, e a presidente e a secret\u00e1ria de finan\u00e7as do Sindicato, Juvandia Moreira e Rita Berlofa, respectivamente. Tamb\u00e9m esteve presente o assessor jur \u00eddico da Confedera\u00e7\u00e3o, S\u00e1vio Lobato.<\/p>\n<p>Demiss\u00f5es em massa<\/p>\n<p>Os dirigentes sindicais ressaltaram que ocorreram demiss\u00f5es em massa em todo pa \u00eds, sem qualquer discuss\u00e3o pr\u00e9via e sem nenhuma justificativa, sobretudo diante do lucro gerencial de R$ 4,7 bilh\u00f5es at\u00e9 setembro, que representa 26% do resultado mundial do banco. <\/p>\n<p>&#8220;Mais de mil funcion\u00e1rios foram dispensados \u00e0s v\u00e9speras do Natal, muitos com mais de 10 anos de casa, oriundos de bancos adquiridos e pr\u00f3ximos da aposentadoria&#8221;, denuncia Miguel. O representante do Santander disse que n\u00e3o \u00e9 poss \u00edvel reverter as dispensas.<\/p>\n<p>O diretor da Contraf-CUT solicitou acesso aos dados informados pelo Santander ao Cadastro Geral de Empregados e Desempregados (Caged) do MTE. O banco concordou e as informa\u00e7\u00f5es ser\u00e3o disponibilizadas at\u00e9 esta sexta-feira (14).<\/p>\n<p>Messias salientou o esfor\u00e7o do MTE para combater a rotatividade, reafirmado o compromisso assumido pelo ministro Brizola Neto, durante a 14&ordf; Confer\u00eancia Nacional dos Banc\u00e1rios, em Curitiba. &#8220;O secret\u00e1rio do Minist\u00e9rio anunciou que as demiss\u00f5es do Santander foram denunciadas ao Ponto de Contato Nacional (PCN)&#8221;, destaca Miguel.<\/p>\n<p>Pesquisa<\/p>\n<p>O dirigente da Contraf-CUT entregou para Messias a 15&ordf; Pesquisa do Emprego Banc\u00e1rio, elaborada pela Contraf-CUT e Dieese e divulgada nesta quinta, mostrando que o sistema financeiro nacional gerou 2.876 novos empregos entre janeiro e setembro deste ano, o que representa uma queda de 84,2% em compara\u00e7\u00e3o com o mesmo per \u00edodo do ano passado. Embora pequeno, o saldo positivo deve-se \u00e0s contrata\u00e7\u00f5es dos bancos p\u00fablicos. Nas institui\u00e7\u00f5es privadas, houve fechamento de 7.286 postos de trabalho nos primeiros nove meses do ano.<\/p>\n<p>&#8220;A pesquisa revela mais uma vez que a rotatividade de m\u00e3o-de-obra continua sendo utilizada pelos bancos para reduzir os sal\u00e1rios&#8221;, frisou Miguel. At\u00e9 setembro, o sal\u00e1rio m\u00e9dio dos trabalhadores contratados foi 38,65% inferior ao dos desligados. &#8220;E as mulheres continuam ganhando menos que os homens nas institui\u00e7\u00f5es financeiras&#8221;, completou.<\/p>\n<p>Responsabilidade social<\/p>\n<p>Para o diretor da Contraf-CUT, &#8220;apesar dos lucros bilion\u00e1rios, o sistema financeiro contribui muito pouco para a gera\u00e7\u00e3o de empregos e, como se n\u00e3o bastasse, os bancos privados est\u00e3o cortando postos de trabalho, na contram\u00e3o do crescimento da economia e do desenvolvimento do pa \u00eds com distribui\u00e7\u00e3o de renda e inclus\u00e3o social&#8221;. <\/p>\n<p>Miguel refor\u00e7a que &#8220;se o Santander n\u00e3o demite na Espanha onde h\u00e1 crise, nem corta vagas em outros pa \u00edses da Am\u00e9rica Latina, n\u00e3o h\u00e1 por que colocar trabalhadores brasileiros no olho da rua&#8221;. <\/p>\n<p>Ele lembra ainda que &#8220;n\u00e3o falta dinheiro ao banco para gastar com propaganda na TV e patroc \u00ednio de futebol e F\u00f3rmula 1&#8221;. Por isso, &#8220;\u00e9 preciso reverter as demiss\u00f5es, negociar com o movimento social e botar a responsabilidade social em pr\u00e1tica&#8221;.<\/p>\n<p>Fonte: Contraf-CUT<\/p>\n","protected":false},"excerpt":{"rendered":"<p>Em audi\u00eancia de media\u00e7\u00e3o ocorrida na manh\u00e3 desta quinta-feira (13) entre a Contraf-CUT e o Sindicato dos Banc\u00e1rios de S\u00e3o Paulo com o Santander, em Bras \u00edlia, o secret\u00e1rio de Rela\u00e7\u00f5es de Trabalho do Minist\u00e9rio do Trabalho e Emprego (MTE), Manoel Messias, prop\u00f4s a suspens\u00e3o das demiss\u00f5es efetuadas em dezembro, conforme liminar concedida no TRT-SP, &hellip;<\/p>\n<p class=\"read-more\"> <a class=\"\" href=\"https:\/\/bancariosdepiracicaba.com.br\/?p=7954\"> <span class=\"screen-reader-text\">Minist\u00e9rio do Trabalho prop\u00f5e suspender demiss\u00f5es do Santander em todo pa\u00eds<\/span> Leia mais &raquo;<\/a><\/p>\n","protected":false},"author":1,"featured_media":0,"comment_status":"open","ping_status":"open","sticky":false,"template":"","format":"standard","meta":{"site-sidebar-layout":"default","site-content-layout":"default","ast-main-header-display":"","ast-hfb-above-header-display":"","ast-hfb-below-header-display":"","ast-hfb-mobile-header-display":"","site-post-title":"","ast-breadcrumbs-content":"","ast-featured-img":"","footer-sml-layout":"","theme-transparent-header-meta":"","adv-header-id-meta":"","stick-header-meta":"","header-above-stick-meta":"","header-main-stick-meta":"","header-below-stick-meta":"","footnotes":""},"categories":[17,44,16,1],"tags":[],"class_list":["post-7954","post","type-post","status-publish","format-standard","hentry","category-financeiras","category-mulher","category-santander","category-uncategorized"],"yoast_head":"<!-- This site is optimized with the Yoast SEO Premium plugin v16.1 (Yoast SEO v18.0) - https:\/\/yoast.com\/wordpress\/plugins\/seo\/ -->\n<title>Minist\u00e9rio do Trabalho prop\u00f5e suspender demiss\u00f5es do Santander em todo pa\u00eds - Sindban<\/title>\n<meta name=\"robots\" content=\"index, follow, max-snippet:-1, max-image-preview:large, max-video-preview:-1\" \/>\n<link rel=\"canonical\" href=\"https:\/\/bancariosdepiracicaba.com.br\/?p=7954\" \/>\n<meta property=\"og:locale\" content=\"pt_BR\" \/>\n<meta property=\"og:type\" content=\"article\" \/>\n<meta property=\"og:title\" content=\"Minist\u00e9rio do Trabalho prop\u00f5e suspender demiss\u00f5es do Santander em todo pa\u00eds - Sindban\" \/>\n<meta property=\"og:description\" content=\"Em audi\u00eancia de media\u00e7\u00e3o ocorrida na manh\u00e3 desta quinta-feira (13) entre a Contraf-CUT e o Sindicato dos Banc\u00e1rios de S\u00e3o Paulo com o Santander, em Bras \u00edlia, o secret\u00e1rio de Rela\u00e7\u00f5es de Trabalho do Minist\u00e9rio do Trabalho e Emprego (MTE), Manoel Messias, prop\u00f4s a suspens\u00e3o das demiss\u00f5es efetuadas em dezembro, conforme liminar concedida no TRT-SP, &hellip; Minist\u00e9rio do Trabalho prop\u00f5e suspender demiss\u00f5es do Santander em todo pa\u00eds Leia mais &raquo;\" \/>\n<meta property=\"og:url\" content=\"https:\/\/bancariosdepiracicaba.com.br\/?p=7954\" \/>\n<meta property=\"og:site_name\" content=\"Sindban\" \/>\n<meta property=\"article:published_time\" content=\"2021-07-23T20:51:04+00:00\" \/>\n<meta property=\"article:modified_time\" content=\"2021-08-12T00:59:48+00:00\" \/>\n<meta name=\"twitter:card\" content=\"summary_large_image\" \/>\n<meta name=\"twitter:label1\" content=\"Escrito por\" \/>\n\t<meta name=\"twitter:data1\" content=\"admin\" \/>\n\t<meta name=\"twitter:label2\" content=\"Est. tempo de leitura\" \/>\n\t<meta name=\"twitter:data2\" content=\"3 minutos\" \/>\n<script type=\"application\/ld+json\" class=\"yoast-schema-graph\">{\"@context\":\"https:\/\/schema.org\",\"@graph\":[{\"@type\":\"Organization\",\"@id\":\"https:\/\/bancariosdepiracicaba.com.br\/#organization\",\"name\":\"Sindban\",\"url\":\"https:\/\/bancariosdepiracicaba.com.br\/\",\"sameAs\":[],\"logo\":{\"@type\":\"ImageObject\",\"@id\":\"https:\/\/bancariosdepiracicaba.com.br\/#logo\",\"inLanguage\":\"pt-BR\",\"url\":\"https:\/\/site.bancariosdepiracicaba.com.br\/wp-content\/uploads\/2021\/04\/cropped-Asset-2.png\",\"contentUrl\":\"https:\/\/site.bancariosdepiracicaba.com.br\/wp-content\/uploads\/2021\/04\/cropped-Asset-2.png\",\"width\":512,\"height\":512,\"caption\":\"Sindban\"},\"image\":{\"@id\":\"https:\/\/bancariosdepiracicaba.com.br\/#logo\"}},{\"@type\":\"WebSite\",\"@id\":\"https:\/\/bancariosdepiracicaba.com.br\/#website\",\"url\":\"https:\/\/bancariosdepiracicaba.com.br\/\",\"name\":\"Sindban\",\"description\":\"Desenvolvimento\",\"publisher\":{\"@id\":\"https:\/\/bancariosdepiracicaba.com.br\/#organization\"},\"potentialAction\":[{\"@type\":\"SearchAction\",\"target\":{\"@type\":\"EntryPoint\",\"urlTemplate\":\"https:\/\/bancariosdepiracicaba.com.br\/?s={search_term_string}\"},\"query-input\":\"required name=search_term_string\"}],\"inLanguage\":\"pt-BR\"},{\"@type\":\"WebPage\",\"@id\":\"https:\/\/bancariosdepiracicaba.com.br\/?p=7954#webpage\",\"url\":\"https:\/\/bancariosdepiracicaba.com.br\/?p=7954\",\"name\":\"Minist\u00e9rio do Trabalho prop\u00f5e suspender demiss\u00f5es do Santander em todo pa\u00eds - Sindban\",\"isPartOf\":{\"@id\":\"https:\/\/bancariosdepiracicaba.com.br\/#website\"},\"datePublished\":\"2021-07-23T20:51:04+00:00\",\"dateModified\":\"2021-08-12T00:59:48+00:00\",\"breadcrumb\":{\"@id\":\"https:\/\/bancariosdepiracicaba.com.br\/?p=7954#breadcrumb\"},\"inLanguage\":\"pt-BR\",\"potentialAction\":[{\"@type\":\"ReadAction\",\"target\":[\"https:\/\/bancariosdepiracicaba.com.br\/?p=7954\"]}]},{\"@type\":\"BreadcrumbList\",\"@id\":\"https:\/\/bancariosdepiracicaba.com.br\/?p=7954#breadcrumb\",\"itemListElement\":[{\"@type\":\"ListItem\",\"position\":1,\"name\":\"Home\",\"item\":\"https:\/\/bancariosdepiracicaba.com.br\/\"},{\"@type\":\"ListItem\",\"position\":2,\"name\":\"Minist\u00e9rio do Trabalho prop\u00f5e suspender demiss\u00f5es do Santander em todo pa\u00eds\"}]},{\"@type\":\"Article\",\"@id\":\"https:\/\/bancariosdepiracicaba.com.br\/?p=7954#article\",\"isPartOf\":{\"@id\":\"https:\/\/bancariosdepiracicaba.com.br\/?p=7954#webpage\"},\"author\":{\"@id\":\"https:\/\/bancariosdepiracicaba.com.br\/#\/schema\/person\/6a12c780fc145ea2c9af09989ee600b0\"},\"headline\":\"Minist\u00e9rio do Trabalho prop\u00f5e suspender demiss\u00f5es do Santander em todo pa\u00eds\",\"datePublished\":\"2021-07-23T20:51:04+00:00\",\"dateModified\":\"2021-08-12T00:59:48+00:00\",\"mainEntityOfPage\":{\"@id\":\"https:\/\/bancariosdepiracicaba.com.br\/?p=7954#webpage\"},\"wordCount\":685,\"commentCount\":0,\"publisher\":{\"@id\":\"https:\/\/bancariosdepiracicaba.com.br\/#organization\"},\"articleSection\":[\"Financeiras\",\"Mulher\",\"Santander\",\"Uncategorized\"],\"inLanguage\":\"pt-BR\",\"potentialAction\":[{\"@type\":\"CommentAction\",\"name\":\"Comment\",\"target\":[\"https:\/\/bancariosdepiracicaba.com.br\/?p=7954#respond\"]}]},{\"@type\":\"Person\",\"@id\":\"https:\/\/bancariosdepiracicaba.com.br\/#\/schema\/person\/6a12c780fc145ea2c9af09989ee600b0\",\"name\":\"admin\",\"image\":{\"@type\":\"ImageObject\",\"@id\":\"https:\/\/bancariosdepiracicaba.com.br\/#personlogo\",\"inLanguage\":\"pt-BR\",\"url\":\"https:\/\/secure.gravatar.com\/avatar\/3a05e74c6579e68209676cb5cb64e0918f288da7a49210fa18d6e9cac1189840?s=96&d=mm&r=g\",\"contentUrl\":\"https:\/\/secure.gravatar.com\/avatar\/3a05e74c6579e68209676cb5cb64e0918f288da7a49210fa18d6e9cac1189840?s=96&d=mm&r=g\",\"caption\":\"admin\"},\"sameAs\":[\"https:\/\/site.bancariosdepiracicaba.com.br\"],\"url\":\"https:\/\/bancariosdepiracicaba.com.br\/?author=1\"}]}<\/script>\n<!-- \/ Yoast SEO Premium plugin. -->","yoast_head_json":{"title":"Minist\u00e9rio do Trabalho prop\u00f5e suspender demiss\u00f5es do Santander em todo pa\u00eds - Sindban","robots":{"index":"index","follow":"follow","max-snippet":"max-snippet:-1","max-image-preview":"max-image-preview:large","max-video-preview":"max-video-preview:-1"},"canonical":"https:\/\/bancariosdepiracicaba.com.br\/?p=7954","og_locale":"pt_BR","og_type":"article","og_title":"Minist\u00e9rio do Trabalho prop\u00f5e suspender demiss\u00f5es do Santander em todo pa\u00eds - Sindban","og_description":"Em audi\u00eancia de media\u00e7\u00e3o ocorrida na manh\u00e3 desta quinta-feira (13) entre a Contraf-CUT e o Sindicato dos Banc\u00e1rios de S\u00e3o Paulo com o Santander, em Bras \u00edlia, o secret\u00e1rio de Rela\u00e7\u00f5es de Trabalho do Minist\u00e9rio do Trabalho e Emprego (MTE), Manoel Messias, prop\u00f4s a suspens\u00e3o das demiss\u00f5es efetuadas em dezembro, conforme liminar concedida no TRT-SP, &hellip; Minist\u00e9rio do Trabalho prop\u00f5e suspender demiss\u00f5es do Santander em todo pa\u00eds Leia mais &raquo;","og_url":"https:\/\/bancariosdepiracicaba.com.br\/?p=7954","og_site_name":"Sindban","article_published_time":"2021-07-23T20:51:04+00:00","article_modified_time":"2021-08-12T00:59:48+00:00","twitter_card":"summary_large_image","twitter_misc":{"Escrito por":"admin","Est. tempo de leitura":"3 minutos"},"schema":{"@context":"https:\/\/schema.org","@graph":[{"@type":"Organization","@id":"https:\/\/bancariosdepiracicaba.com.br\/#organization","name":"Sindban","url":"https:\/\/bancariosdepiracicaba.com.br\/","sameAs":[],"logo":{"@type":"ImageObject","@id":"https:\/\/bancariosdepiracicaba.com.br\/#logo","inLanguage":"pt-BR","url":"https:\/\/site.bancariosdepiracicaba.com.br\/wp-content\/uploads\/2021\/04\/cropped-Asset-2.png","contentUrl":"https:\/\/site.bancariosdepiracicaba.com.br\/wp-content\/uploads\/2021\/04\/cropped-Asset-2.png","width":512,"height":512,"caption":"Sindban"},"image":{"@id":"https:\/\/bancariosdepiracicaba.com.br\/#logo"}},{"@type":"WebSite","@id":"https:\/\/bancariosdepiracicaba.com.br\/#website","url":"https:\/\/bancariosdepiracicaba.com.br\/","name":"Sindban","description":"Desenvolvimento","publisher":{"@id":"https:\/\/bancariosdepiracicaba.com.br\/#organization"},"potentialAction":[{"@type":"SearchAction","target":{"@type":"EntryPoint","urlTemplate":"https:\/\/bancariosdepiracicaba.com.br\/?s={search_term_string}"},"query-input":"required name=search_term_string"}],"inLanguage":"pt-BR"},{"@type":"WebPage","@id":"https:\/\/bancariosdepiracicaba.com.br\/?p=7954#webpage","url":"https:\/\/bancariosdepiracicaba.com.br\/?p=7954","name":"Minist\u00e9rio do Trabalho prop\u00f5e suspender demiss\u00f5es do Santander em todo pa\u00eds - Sindban","isPartOf":{"@id":"https:\/\/bancariosdepiracicaba.com.br\/#website"},"datePublished":"2021-07-23T20:51:04+00:00","dateModified":"2021-08-12T00:59:48+00:00","breadcrumb":{"@id":"https:\/\/bancariosdepiracicaba.com.br\/?p=7954#breadcrumb"},"inLanguage":"pt-BR","potentialAction":[{"@type":"ReadAction","target":["https:\/\/bancariosdepiracicaba.com.br\/?p=7954"]}]},{"@type":"BreadcrumbList","@id":"https:\/\/bancariosdepiracicaba.com.br\/?p=7954#breadcrumb","itemListElement":[{"@type":"ListItem","position":1,"name":"Home","item":"https:\/\/bancariosdepiracicaba.com.br\/"},{"@type":"ListItem","position":2,"name":"Minist\u00e9rio do Trabalho prop\u00f5e suspender demiss\u00f5es do Santander em todo pa\u00eds"}]},{"@type":"Article","@id":"https:\/\/bancariosdepiracicaba.com.br\/?p=7954#article","isPartOf":{"@id":"https:\/\/bancariosdepiracicaba.com.br\/?p=7954#webpage"},"author":{"@id":"https:\/\/bancariosdepiracicaba.com.br\/#\/schema\/person\/6a12c780fc145ea2c9af09989ee600b0"},"headline":"Minist\u00e9rio do Trabalho prop\u00f5e suspender demiss\u00f5es do Santander em todo pa\u00eds","datePublished":"2021-07-23T20:51:04+00:00","dateModified":"2021-08-12T00:59:48+00:00","mainEntityOfPage":{"@id":"https:\/\/bancariosdepiracicaba.com.br\/?p=7954#webpage"},"wordCount":685,"commentCount":0,"publisher":{"@id":"https:\/\/bancariosdepiracicaba.com.br\/#organization"},"articleSection":["Financeiras","Mulher","Santander","Uncategorized"],"inLanguage":"pt-BR","potentialAction":[{"@type":"CommentAction","name":"Comment","target":["https:\/\/bancariosdepiracicaba.com.br\/?p=7954#respond"]}]},{"@type":"Person","@id":"https:\/\/bancariosdepiracicaba.com.br\/#\/schema\/person\/6a12c780fc145ea2c9af09989ee600b0","name":"admin","image":{"@type":"ImageObject","@id":"https:\/\/bancariosdepiracicaba.com.br\/#personlogo","inLanguage":"pt-BR","url":"https:\/\/secure.gravatar.com\/avatar\/3a05e74c6579e68209676cb5cb64e0918f288da7a49210fa18d6e9cac1189840?s=96&d=mm&r=g","contentUrl":"https:\/\/secure.gravatar.com\/avatar\/3a05e74c6579e68209676cb5cb64e0918f288da7a49210fa18d6e9cac1189840?s=96&d=mm&r=g","caption":"admin"},"sameAs":["https:\/\/site.bancariosdepiracicaba.com.br"],"url":"https:\/\/bancariosdepiracicaba.com.br\/?author=1"}]}},"_links":{"self":[{"href":"https:\/\/bancariosdepiracicaba.com.br\/index.php?rest_route=\/wp\/v2\/posts\/7954","targetHints":{"allow":["GET"]}}],"collection":[{"href":"https:\/\/bancariosdepiracicaba.com.br\/index.php?rest_route=\/wp\/v2\/posts"}],"about":[{"href":"https:\/\/bancariosdepiracicaba.com.br\/index.php?rest_route=\/wp\/v2\/types\/post"}],"author":[{"embeddable":true,"href":"https:\/\/bancariosdepiracicaba.com.br\/index.php?rest_route=\/wp\/v2\/users\/1"}],"replies":[{"embeddable":true,"href":"https:\/\/bancariosdepiracicaba.com.br\/index.php?rest_route=%2Fwp%2Fv2%2Fcomments&post=7954"}],"version-history":[{"count":1,"href":"https:\/\/bancariosdepiracicaba.com.br\/index.php?rest_route=\/wp\/v2\/posts\/7954\/revisions"}],"predecessor-version":[{"id":12621,"href":"https:\/\/bancariosdepiracicaba.com.br\/index.php?rest_route=\/wp\/v2\/posts\/7954\/revisions\/12621"}],"wp:attachment":[{"href":"https:\/\/bancariosdepiracicaba.com.br\/index.php?rest_route=%2Fwp%2Fv2%2Fmedia&parent=7954"}],"wp:term":[{"taxonomy":"category","embeddable":true,"href":"https:\/\/bancariosdepiracicaba.com.br\/index.php?rest_route=%2Fwp%2Fv2%2Fcategories&post=7954"},{"taxonomy":"post_tag","embeddable":true,"href":"https:\/\/bancariosdepiracicaba.com.br\/index.php?rest_route=%2Fwp%2Fv2%2Ftags&post=7954"}],"curies":[{"name":"wp","href":"https:\/\/api.w.org\/{rel}","templated":true}]}}