{"id":7941,"date":"2021-07-23T20:50:50","date_gmt":"2021-07-23T20:50:50","guid":{"rendered":"https:\/\/site.bancariosdepiracicaba.com.br\/2021\/07\/23\/bancarios-de-piracicaba-se-mobilizam-contra-as-demissoes-do-santander\/"},"modified":"2021-07-26T19:29:23","modified_gmt":"2021-07-26T19:29:23","slug":"bancarios-de-piracicaba-se-mobilizam-contra-as-demissoes-do-santander","status":"publish","type":"post","link":"https:\/\/bancariosdepiracicaba.com.br\/?p=7941","title":{"rendered":"Banc\u00e1rios de Piracicaba se mobilizam contra as demiss\u00f5es do Santander"},"content":{"rendered":"<p>Dirigentes sindicais do Sindicato dos Banc\u00e1rios de Piracicaba e Regi\u00e3o realizaram na manh\u00e3 desta sexta-feira (7) manifesta\u00e7\u00e3o contra as demiss\u00f5es em massa que atingiram a rede de ag\u00eancias e os centros administrativos do Santander em pleno fim de ano, \u00e0s v\u00e9speras do Natal. A onda de dispensas foi deflagrada no in \u00edcio desta semana com o desligamento de 9 funcion\u00e1rios somente na base de Piracicaba. Durante toda esta semana foram mais de 1.000 demiss\u00f5es. Informa\u00e7\u00f5es extraoficiais s\u00e3o de que o banco pretende demitir cerca de 5.000 trabalhadores. <\/p>\n<p>A luta das entidades sindicais \u00e9 pela reintegra\u00e7\u00e3o de todos os funcion\u00e1rios desligados e a manuten\u00e7\u00e3o dos empregos. O Movimento Sindical j\u00e1 cobrou uma negocia\u00e7\u00e3o com o banco, mas at\u00e9 o momento n\u00e3o obteve retorno.<\/p>\n<p>&#8220;Queremos uma negocia\u00e7\u00e3o com o Santander para discutir a suspens\u00e3o imediata das dispensas e a manuten\u00e7\u00e3o dos empregos dos trabalhadores&#8221;, salientou o dirigente sindical Jos\u00e9 Jaime Perin.<\/p>\n<p>Os dispensados est\u00e3o empregados com mais de 20 anos de banco, muitos \u00e0s v\u00e9speras da aposentadoria, e at\u00e9 pessoas com defici\u00eancia. &#8220;Trabalhadores que dedicaram uma vida inteira \u00e0 institui\u00e7\u00e3o n\u00e3o podem ser descartados dessa forma. Al\u00e9m disso, essas dispensas s\u00f3 podem estar ocorrendo para que o banco economize com os funcion\u00e1rios e amplie suas remessas \u00e0 Espanha&#8221;, denuncia.<\/p>\n<p>Em Piracicaba, dos nove demitidos, quatro tinham cargo de coordenadores com 23, 24, 25 e 27,6 anos de banco; dois tinham cargo de gerente geral, com 24 e 32 anos de banco; um tinha o cargo de recupera\u00e7\u00e3o de cr\u00e9dito, com 30 anos de banco e um era superintendente, com 40 anos de banco.<\/p>\n<p>No entendimento do movimento sindical e dos funcion\u00e1rios do banco, n\u00e3o h\u00e1 motivos para cortar empregos, j\u00e1 que o banco n\u00e3o demite na Espanha onde h\u00e1 crise, nem em outros pa \u00edses da Am\u00e9rica Latina. <\/p>\n<p>De acordo com o dirigente sindical Marcelo Abrah\u00e3o,  nada justifica essas demiss\u00f5es. Nos nove primeiros meses do ano, o banco lucrou R$ 5,694 bilh\u00f5es no Brasil. &#8220;Ao inv\u00e9s de promover um Natal de demiss\u00f5es em massa, o Santander deveria fazer contrata\u00e7\u00f5es, acabar com a rotatividade, melhorar as condi\u00e7\u00f5es de trabalho e apostar no crescimento do pa \u00eds. Por isso, sindicatos e federa\u00e7\u00f5es est\u00e3o exigindo a reintegra\u00e7\u00e3o dos desligados e a manuten\u00e7\u00e3o dos empregos dos trabalhadores.<\/p>\n<p>Fernanda Moraes<br \/>\nSeeb Piracicaba<\/p>\n","protected":false},"excerpt":{"rendered":"<p>Dirigentes sindicais do Sindicato dos Banc\u00e1rios de Piracicaba e Regi\u00e3o realizaram na manh\u00e3 desta sexta-feira (7) manifesta\u00e7\u00e3o contra as demiss\u00f5es em massa que atingiram a rede de ag\u00eancias e os centros administrativos do Santander em pleno fim de ano, \u00e0s v\u00e9speras do Natal. A onda de dispensas foi deflagrada no in \u00edcio desta semana com &hellip;<\/p>\n<p class=\"read-more\"> <a class=\"\" href=\"https:\/\/bancariosdepiracicaba.com.br\/?p=7941\"> <span class=\"screen-reader-text\">Banc\u00e1rios de Piracicaba se mobilizam contra as demiss\u00f5es do Santander<\/span> Leia mais &raquo;<\/a><\/p>\n","protected":false},"author":1,"featured_media":0,"comment_status":"open","ping_status":"open","sticky":false,"template":"","format":"standard","meta":{"site-sidebar-layout":"default","site-content-layout":"default","ast-main-header-display":"","ast-hfb-above-header-display":"","ast-hfb-below-header-display":"","ast-hfb-mobile-header-display":"","site-post-title":"","ast-breadcrumbs-content":"","ast-featured-img":"","footer-sml-layout":"","theme-transparent-header-meta":"","adv-header-id-meta":"","stick-header-meta":"","header-above-stick-meta":"","header-main-stick-meta":"","header-below-stick-meta":"","footnotes":""},"categories":[16,1],"tags":[],"class_list":["post-7941","post","type-post","status-publish","format-standard","hentry","category-santander","category-uncategorized"],"yoast_head":"<!-- This site is optimized with the Yoast SEO Premium plugin v16.1 (Yoast SEO v18.0) - https:\/\/yoast.com\/wordpress\/plugins\/seo\/ -->\n<title>Banc\u00e1rios de Piracicaba se mobilizam contra as demiss\u00f5es do Santander - Sindban<\/title>\n<meta name=\"robots\" content=\"index, follow, max-snippet:-1, max-image-preview:large, max-video-preview:-1\" \/>\n<link rel=\"canonical\" href=\"https:\/\/bancariosdepiracicaba.com.br\/?p=7941\" \/>\n<meta property=\"og:locale\" content=\"pt_BR\" \/>\n<meta property=\"og:type\" content=\"article\" \/>\n<meta property=\"og:title\" content=\"Banc\u00e1rios de Piracicaba se mobilizam contra as demiss\u00f5es do Santander - Sindban\" \/>\n<meta property=\"og:description\" content=\"Dirigentes sindicais do Sindicato dos Banc\u00e1rios de Piracicaba e Regi\u00e3o realizaram na manh\u00e3 desta sexta-feira (7) manifesta\u00e7\u00e3o contra as demiss\u00f5es em massa que atingiram a rede de ag\u00eancias e os centros administrativos do Santander em pleno fim de ano, \u00e0s v\u00e9speras do Natal. A onda de dispensas foi deflagrada no in \u00edcio desta semana com &hellip; Banc\u00e1rios de Piracicaba se mobilizam contra as demiss\u00f5es do Santander Leia mais &raquo;\" \/>\n<meta property=\"og:url\" content=\"https:\/\/bancariosdepiracicaba.com.br\/?p=7941\" \/>\n<meta property=\"og:site_name\" content=\"Sindban\" \/>\n<meta property=\"article:published_time\" content=\"2021-07-23T20:50:50+00:00\" \/>\n<meta property=\"article:modified_time\" content=\"2021-07-26T19:29:23+00:00\" \/>\n<meta name=\"twitter:card\" content=\"summary_large_image\" \/>\n<meta name=\"twitter:label1\" content=\"Escrito por\" \/>\n\t<meta name=\"twitter:data1\" content=\"admin\" \/>\n\t<meta name=\"twitter:label2\" content=\"Est. tempo de leitura\" \/>\n\t<meta name=\"twitter:data2\" content=\"2 minutos\" \/>\n<script type=\"application\/ld+json\" class=\"yoast-schema-graph\">{\"@context\":\"https:\/\/schema.org\",\"@graph\":[{\"@type\":\"Organization\",\"@id\":\"https:\/\/bancariosdepiracicaba.com.br\/#organization\",\"name\":\"Sindban\",\"url\":\"https:\/\/bancariosdepiracicaba.com.br\/\",\"sameAs\":[],\"logo\":{\"@type\":\"ImageObject\",\"@id\":\"https:\/\/bancariosdepiracicaba.com.br\/#logo\",\"inLanguage\":\"pt-BR\",\"url\":\"https:\/\/site.bancariosdepiracicaba.com.br\/wp-content\/uploads\/2021\/04\/cropped-Asset-2.png\",\"contentUrl\":\"https:\/\/site.bancariosdepiracicaba.com.br\/wp-content\/uploads\/2021\/04\/cropped-Asset-2.png\",\"width\":512,\"height\":512,\"caption\":\"Sindban\"},\"image\":{\"@id\":\"https:\/\/bancariosdepiracicaba.com.br\/#logo\"}},{\"@type\":\"WebSite\",\"@id\":\"https:\/\/bancariosdepiracicaba.com.br\/#website\",\"url\":\"https:\/\/bancariosdepiracicaba.com.br\/\",\"name\":\"Sindban\",\"description\":\"Desenvolvimento\",\"publisher\":{\"@id\":\"https:\/\/bancariosdepiracicaba.com.br\/#organization\"},\"potentialAction\":[{\"@type\":\"SearchAction\",\"target\":{\"@type\":\"EntryPoint\",\"urlTemplate\":\"https:\/\/bancariosdepiracicaba.com.br\/?s={search_term_string}\"},\"query-input\":\"required name=search_term_string\"}],\"inLanguage\":\"pt-BR\"},{\"@type\":\"WebPage\",\"@id\":\"https:\/\/bancariosdepiracicaba.com.br\/?p=7941#webpage\",\"url\":\"https:\/\/bancariosdepiracicaba.com.br\/?p=7941\",\"name\":\"Banc\u00e1rios de Piracicaba se mobilizam contra as demiss\u00f5es do Santander - Sindban\",\"isPartOf\":{\"@id\":\"https:\/\/bancariosdepiracicaba.com.br\/#website\"},\"datePublished\":\"2021-07-23T20:50:50+00:00\",\"dateModified\":\"2021-07-26T19:29:23+00:00\",\"breadcrumb\":{\"@id\":\"https:\/\/bancariosdepiracicaba.com.br\/?p=7941#breadcrumb\"},\"inLanguage\":\"pt-BR\",\"potentialAction\":[{\"@type\":\"ReadAction\",\"target\":[\"https:\/\/bancariosdepiracicaba.com.br\/?p=7941\"]}]},{\"@type\":\"BreadcrumbList\",\"@id\":\"https:\/\/bancariosdepiracicaba.com.br\/?p=7941#breadcrumb\",\"itemListElement\":[{\"@type\":\"ListItem\",\"position\":1,\"name\":\"Home\",\"item\":\"https:\/\/bancariosdepiracicaba.com.br\/\"},{\"@type\":\"ListItem\",\"position\":2,\"name\":\"Banc\u00e1rios de Piracicaba se mobilizam contra as demiss\u00f5es do Santander\"}]},{\"@type\":\"Article\",\"@id\":\"https:\/\/bancariosdepiracicaba.com.br\/?p=7941#article\",\"isPartOf\":{\"@id\":\"https:\/\/bancariosdepiracicaba.com.br\/?p=7941#webpage\"},\"author\":{\"@id\":\"https:\/\/bancariosdepiracicaba.com.br\/#\/schema\/person\/6a12c780fc145ea2c9af09989ee600b0\"},\"headline\":\"Banc\u00e1rios de Piracicaba se mobilizam contra as demiss\u00f5es do Santander\",\"datePublished\":\"2021-07-23T20:50:50+00:00\",\"dateModified\":\"2021-07-26T19:29:23+00:00\",\"mainEntityOfPage\":{\"@id\":\"https:\/\/bancariosdepiracicaba.com.br\/?p=7941#webpage\"},\"wordCount\":412,\"commentCount\":0,\"publisher\":{\"@id\":\"https:\/\/bancariosdepiracicaba.com.br\/#organization\"},\"articleSection\":[\"Santander\",\"Uncategorized\"],\"inLanguage\":\"pt-BR\",\"potentialAction\":[{\"@type\":\"CommentAction\",\"name\":\"Comment\",\"target\":[\"https:\/\/bancariosdepiracicaba.com.br\/?p=7941#respond\"]}]},{\"@type\":\"Person\",\"@id\":\"https:\/\/bancariosdepiracicaba.com.br\/#\/schema\/person\/6a12c780fc145ea2c9af09989ee600b0\",\"name\":\"admin\",\"image\":{\"@type\":\"ImageObject\",\"@id\":\"https:\/\/bancariosdepiracicaba.com.br\/#personlogo\",\"inLanguage\":\"pt-BR\",\"url\":\"https:\/\/secure.gravatar.com\/avatar\/3a05e74c6579e68209676cb5cb64e0918f288da7a49210fa18d6e9cac1189840?s=96&d=mm&r=g\",\"contentUrl\":\"https:\/\/secure.gravatar.com\/avatar\/3a05e74c6579e68209676cb5cb64e0918f288da7a49210fa18d6e9cac1189840?s=96&d=mm&r=g\",\"caption\":\"admin\"},\"sameAs\":[\"https:\/\/site.bancariosdepiracicaba.com.br\"],\"url\":\"https:\/\/bancariosdepiracicaba.com.br\/?author=1\"}]}<\/script>\n<!-- \/ Yoast SEO Premium plugin. -->","yoast_head_json":{"title":"Banc\u00e1rios de Piracicaba se mobilizam contra as demiss\u00f5es do Santander - Sindban","robots":{"index":"index","follow":"follow","max-snippet":"max-snippet:-1","max-image-preview":"max-image-preview:large","max-video-preview":"max-video-preview:-1"},"canonical":"https:\/\/bancariosdepiracicaba.com.br\/?p=7941","og_locale":"pt_BR","og_type":"article","og_title":"Banc\u00e1rios de Piracicaba se mobilizam contra as demiss\u00f5es do Santander - Sindban","og_description":"Dirigentes sindicais do Sindicato dos Banc\u00e1rios de Piracicaba e Regi\u00e3o realizaram na manh\u00e3 desta sexta-feira (7) manifesta\u00e7\u00e3o contra as demiss\u00f5es em massa que atingiram a rede de ag\u00eancias e os centros administrativos do Santander em pleno fim de ano, \u00e0s v\u00e9speras do Natal. A onda de dispensas foi deflagrada no in \u00edcio desta semana com &hellip; Banc\u00e1rios de Piracicaba se mobilizam contra as demiss\u00f5es do Santander Leia mais &raquo;","og_url":"https:\/\/bancariosdepiracicaba.com.br\/?p=7941","og_site_name":"Sindban","article_published_time":"2021-07-23T20:50:50+00:00","article_modified_time":"2021-07-26T19:29:23+00:00","twitter_card":"summary_large_image","twitter_misc":{"Escrito por":"admin","Est. tempo de leitura":"2 minutos"},"schema":{"@context":"https:\/\/schema.org","@graph":[{"@type":"Organization","@id":"https:\/\/bancariosdepiracicaba.com.br\/#organization","name":"Sindban","url":"https:\/\/bancariosdepiracicaba.com.br\/","sameAs":[],"logo":{"@type":"ImageObject","@id":"https:\/\/bancariosdepiracicaba.com.br\/#logo","inLanguage":"pt-BR","url":"https:\/\/site.bancariosdepiracicaba.com.br\/wp-content\/uploads\/2021\/04\/cropped-Asset-2.png","contentUrl":"https:\/\/site.bancariosdepiracicaba.com.br\/wp-content\/uploads\/2021\/04\/cropped-Asset-2.png","width":512,"height":512,"caption":"Sindban"},"image":{"@id":"https:\/\/bancariosdepiracicaba.com.br\/#logo"}},{"@type":"WebSite","@id":"https:\/\/bancariosdepiracicaba.com.br\/#website","url":"https:\/\/bancariosdepiracicaba.com.br\/","name":"Sindban","description":"Desenvolvimento","publisher":{"@id":"https:\/\/bancariosdepiracicaba.com.br\/#organization"},"potentialAction":[{"@type":"SearchAction","target":{"@type":"EntryPoint","urlTemplate":"https:\/\/bancariosdepiracicaba.com.br\/?s={search_term_string}"},"query-input":"required name=search_term_string"}],"inLanguage":"pt-BR"},{"@type":"WebPage","@id":"https:\/\/bancariosdepiracicaba.com.br\/?p=7941#webpage","url":"https:\/\/bancariosdepiracicaba.com.br\/?p=7941","name":"Banc\u00e1rios de Piracicaba se mobilizam contra as demiss\u00f5es do Santander - Sindban","isPartOf":{"@id":"https:\/\/bancariosdepiracicaba.com.br\/#website"},"datePublished":"2021-07-23T20:50:50+00:00","dateModified":"2021-07-26T19:29:23+00:00","breadcrumb":{"@id":"https:\/\/bancariosdepiracicaba.com.br\/?p=7941#breadcrumb"},"inLanguage":"pt-BR","potentialAction":[{"@type":"ReadAction","target":["https:\/\/bancariosdepiracicaba.com.br\/?p=7941"]}]},{"@type":"BreadcrumbList","@id":"https:\/\/bancariosdepiracicaba.com.br\/?p=7941#breadcrumb","itemListElement":[{"@type":"ListItem","position":1,"name":"Home","item":"https:\/\/bancariosdepiracicaba.com.br\/"},{"@type":"ListItem","position":2,"name":"Banc\u00e1rios de Piracicaba se mobilizam contra as demiss\u00f5es do Santander"}]},{"@type":"Article","@id":"https:\/\/bancariosdepiracicaba.com.br\/?p=7941#article","isPartOf":{"@id":"https:\/\/bancariosdepiracicaba.com.br\/?p=7941#webpage"},"author":{"@id":"https:\/\/bancariosdepiracicaba.com.br\/#\/schema\/person\/6a12c780fc145ea2c9af09989ee600b0"},"headline":"Banc\u00e1rios de Piracicaba se mobilizam contra as demiss\u00f5es do Santander","datePublished":"2021-07-23T20:50:50+00:00","dateModified":"2021-07-26T19:29:23+00:00","mainEntityOfPage":{"@id":"https:\/\/bancariosdepiracicaba.com.br\/?p=7941#webpage"},"wordCount":412,"commentCount":0,"publisher":{"@id":"https:\/\/bancariosdepiracicaba.com.br\/#organization"},"articleSection":["Santander","Uncategorized"],"inLanguage":"pt-BR","potentialAction":[{"@type":"CommentAction","name":"Comment","target":["https:\/\/bancariosdepiracicaba.com.br\/?p=7941#respond"]}]},{"@type":"Person","@id":"https:\/\/bancariosdepiracicaba.com.br\/#\/schema\/person\/6a12c780fc145ea2c9af09989ee600b0","name":"admin","image":{"@type":"ImageObject","@id":"https:\/\/bancariosdepiracicaba.com.br\/#personlogo","inLanguage":"pt-BR","url":"https:\/\/secure.gravatar.com\/avatar\/3a05e74c6579e68209676cb5cb64e0918f288da7a49210fa18d6e9cac1189840?s=96&d=mm&r=g","contentUrl":"https:\/\/secure.gravatar.com\/avatar\/3a05e74c6579e68209676cb5cb64e0918f288da7a49210fa18d6e9cac1189840?s=96&d=mm&r=g","caption":"admin"},"sameAs":["https:\/\/site.bancariosdepiracicaba.com.br"],"url":"https:\/\/bancariosdepiracicaba.com.br\/?author=1"}]}},"_links":{"self":[{"href":"https:\/\/bancariosdepiracicaba.com.br\/index.php?rest_route=\/wp\/v2\/posts\/7941","targetHints":{"allow":["GET"]}}],"collection":[{"href":"https:\/\/bancariosdepiracicaba.com.br\/index.php?rest_route=\/wp\/v2\/posts"}],"about":[{"href":"https:\/\/bancariosdepiracicaba.com.br\/index.php?rest_route=\/wp\/v2\/types\/post"}],"author":[{"embeddable":true,"href":"https:\/\/bancariosdepiracicaba.com.br\/index.php?rest_route=\/wp\/v2\/users\/1"}],"replies":[{"embeddable":true,"href":"https:\/\/bancariosdepiracicaba.com.br\/index.php?rest_route=%2Fwp%2Fv2%2Fcomments&post=7941"}],"version-history":[{"count":1,"href":"https:\/\/bancariosdepiracicaba.com.br\/index.php?rest_route=\/wp\/v2\/posts\/7941\/revisions"}],"predecessor-version":[{"id":13083,"href":"https:\/\/bancariosdepiracicaba.com.br\/index.php?rest_route=\/wp\/v2\/posts\/7941\/revisions\/13083"}],"wp:attachment":[{"href":"https:\/\/bancariosdepiracicaba.com.br\/index.php?rest_route=%2Fwp%2Fv2%2Fmedia&parent=7941"}],"wp:term":[{"taxonomy":"category","embeddable":true,"href":"https:\/\/bancariosdepiracicaba.com.br\/index.php?rest_route=%2Fwp%2Fv2%2Fcategories&post=7941"},{"taxonomy":"post_tag","embeddable":true,"href":"https:\/\/bancariosdepiracicaba.com.br\/index.php?rest_route=%2Fwp%2Fv2%2Ftags&post=7941"}],"curies":[{"name":"wp","href":"https:\/\/api.w.org\/{rel}","templated":true}]}}