{"id":7906,"date":"2021-07-23T20:50:08","date_gmt":"2021-07-23T20:50:08","guid":{"rendered":"https:\/\/site.bancariosdepiracicaba.com.br\/2021\/07\/23\/banco-do-brasil-burla-cct-ao-obrigar-funcionario-a-assinar-termo-sobre-compensacao-de-dias-parados\/"},"modified":"2021-07-26T16:51:38","modified_gmt":"2021-07-26T16:51:38","slug":"banco-do-brasil-burla-cct-ao-obrigar-funcionario-a-assinar-termo-sobre-compensacao-de-dias-parados","status":"publish","type":"post","link":"https:\/\/bancariosdepiracicaba.com.br\/?p=7906","title":{"rendered":"Banco do Brasil burla CCT ao obrigar funcion\u00e1rio a assinar termo sobre compensa\u00e7\u00e3o de dias parados"},"content":{"rendered":"<p>Em comunicado ao funcion\u00e1rio, intitulado  \u201c;Compensa\u00e7\u00e3o das Horas de Greve \u201c;, enviado recentemente, o Banco do Brasil informa que os dias parados em setembro \u00faltimo devem ser compensados at\u00e9 o dia 15 de dezembro deste ano, como prev\u00ea a Conven\u00e7\u00e3o Coletiva de Trabalho (CCT), assinada pelos sindicatos e Fenaban. At\u00e9 a \u00ed, digamos assim, nenhuma novidade. Por\u00e9m, a Diretoria de Gest\u00e3o de Pessoas (Dipes) obriga os gestores a exigirem visto do funcion\u00e1rio dando ci\u00eancia \u00e0  \u201c;correspond\u00eancia \u201c;, enviada a todos que participaram da greve. <\/p>\n<p>Al\u00e9m de ser personalizado, o citado comunicado, emitido em duas vias, informa as  \u201c;horas de greve \u201c; a serem compensadas. Segundo orienta\u00e7\u00e3o interna aos administradores, a primeira via deve ser  \u201c;arquivada em dossi\u00ea pr\u00f3prio \u201c;; a segunda, entregue ao funcion\u00e1rio. Neste ponto, o BB transforma uma quest\u00e3o coletiva em individual, sinalizando claramente sua inten\u00e7\u00e3o de punir, amedrontar e at\u00e9 amea\u00e7ar aqueles trabalhadores banc\u00e1rios que exerceram o direito de greve, previsto na Constitui\u00e7\u00e3o Federal.<\/p>\n<p>Para o presidente do Sindicato dos Banc\u00e1rios de Piracicaba e regi\u00e3o, Jos\u00e9 Antonio Fernandes Paiva, o comunicado do BB \u00e9 um claro exemplo de pr\u00e1tica antissindical, t\u00e3o combatida pelos sindicatos de trabalhadores e pela Organiza\u00e7\u00e3o Internacional do Trabalho (OIT).  \u201c;Apesar de comentar, no pen\u00faltimo par\u00e1grafo do comunicado, o compromisso assumido entre as partes (sindicatos e bancos) no fechamento da negocia\u00e7\u00e3o coletiva, em compensar os dias parados, o Banco do Brasil rasga a CCT ao exigir no mesmo documento o comprometimento de cada funcion\u00e1rio que participou da greve em cumprir o que foi acordado entre os representantes dos trabalhadores e dos banqueiros. Uma exig\u00eancia desnecess\u00e1ria. A CCT \u00e9 um instrumento coletivo de trabalho. Qualquer conflito deve ser remetido ao sindicato, leg \u00edtimo representante dos trabalhadores. Diga-se, de passagem, n\u00e3o \u00e9 o caso. Sem falar que n\u00e3o \u00e9 o primeiro ano que a compensa\u00e7\u00e3o dos dias parados figura na CCT. Na verdade, ao individualizar a quest\u00e3o, o Banco visa intimidar o banc\u00e1rio, desmobilizar as a\u00e7\u00f5es coletivas. O que \u00e9 muito grave. Ali\u00e1s, \u00e9 pura coa\u00e7\u00e3o, coer\u00e7\u00e3o, repress\u00e3o mesmo. Vamos denunciar esse desrespeito a todos os funcion\u00e1rios em todas as esferas. E mais: os funcion\u00e1rios que participaram da greve merecem apoio, solidariedade de todo o corpo funcional. As conquistas da greve, cabe destacar, s\u00e3o v\u00e1lidas para todos os funcion\u00e1rios, sem distin\u00e7\u00e3o \u201c;, enfatiza Paiva.<\/p>\n<p>N\u00e3o assine<\/p>\n<p>O Sindicato reafirma orienta\u00e7\u00e3o repassada aos funcion\u00e1rios na \u00faltima semana, logo ap\u00f3s vir \u00e0 tona o amea\u00e7ador comunicado: n\u00e3o assine nenhum documento versando sobre a compensa\u00e7\u00e3o das  \u201c;Horas de Greve \u201c;.<\/p>\n<p>Audi\u00eancia no MPT dia 3<\/p>\n<p>O Minist\u00e9rio P\u00fablico do Trabalho (MPT) realiza audi\u00eancia com os representantes dos trabalhadores e o Banco do Brasil, no dia 3 de dezembro. Em pauta, as pr\u00e1ticas antissindicais do BB e a discrimina\u00e7\u00e3o p\u00f3s Campanha 2012 em rela\u00e7\u00e3o aos banc\u00e1rios que exerceram o leg \u00edtimo direito de greve. Entre os abusos cometidos pelo BB, altera\u00e7\u00e3o de f\u00e9rias e licen\u00e7as pr\u00e9-agendadas e exig\u00eancia de assinatura do comunicado intitulado  \u201c;Compensa\u00e7\u00e3o das Horas de Greve \u201c;.  A audi\u00eancia foi marcada pelo MPT ap\u00f3s ingresso de representa\u00e7\u00e3o pela Contraf-CUT.<\/p>\n<p>Fonte: Feeb MS\/SP<\/p>\n","protected":false},"excerpt":{"rendered":"<p>Em comunicado ao funcion\u00e1rio, intitulado \u201c;Compensa\u00e7\u00e3o das Horas de Greve \u201c;, enviado recentemente, o Banco do Brasil informa que os dias parados em setembro \u00faltimo devem ser compensados at\u00e9 o dia 15 de dezembro deste ano, como prev\u00ea a Conven\u00e7\u00e3o Coletiva de Trabalho (CCT), assinada pelos sindicatos e Fenaban. At\u00e9 a \u00ed, digamos assim, nenhuma &hellip;<\/p>\n<p class=\"read-more\"> <a class=\"\" href=\"https:\/\/bancariosdepiracicaba.com.br\/?p=7906\"> <span class=\"screen-reader-text\">Banco do Brasil burla CCT ao obrigar funcion\u00e1rio a assinar termo sobre compensa\u00e7\u00e3o de dias parados<\/span> Leia mais &raquo;<\/a><\/p>\n","protected":false},"author":1,"featured_media":0,"comment_status":"open","ping_status":"open","sticky":false,"template":"","format":"standard","meta":{"site-sidebar-layout":"default","site-content-layout":"default","ast-main-header-display":"","ast-hfb-above-header-display":"","ast-hfb-below-header-display":"","ast-hfb-mobile-header-display":"","site-post-title":"","ast-breadcrumbs-content":"","ast-featured-img":"","footer-sml-layout":"","theme-transparent-header-meta":"","adv-header-id-meta":"","stick-header-meta":"","header-above-stick-meta":"","header-main-stick-meta":"","header-below-stick-meta":"","footnotes":""},"categories":[10,1],"tags":[],"class_list":["post-7906","post","type-post","status-publish","format-standard","hentry","category-banco-do-brasil","category-uncategorized"],"yoast_head":"<!-- This site is optimized with the Yoast SEO Premium plugin v16.1 (Yoast SEO v18.0) - https:\/\/yoast.com\/wordpress\/plugins\/seo\/ -->\n<title>Banco do Brasil burla CCT ao obrigar funcion\u00e1rio a assinar termo sobre compensa\u00e7\u00e3o de dias parados - Sindban<\/title>\n<meta name=\"robots\" content=\"index, follow, max-snippet:-1, max-image-preview:large, max-video-preview:-1\" \/>\n<link rel=\"canonical\" href=\"https:\/\/bancariosdepiracicaba.com.br\/?p=7906\" \/>\n<meta property=\"og:locale\" content=\"pt_BR\" \/>\n<meta property=\"og:type\" content=\"article\" \/>\n<meta property=\"og:title\" content=\"Banco do Brasil burla CCT ao obrigar funcion\u00e1rio a assinar termo sobre compensa\u00e7\u00e3o de dias parados - Sindban\" \/>\n<meta property=\"og:description\" content=\"Em comunicado ao funcion\u00e1rio, intitulado \u201c;Compensa\u00e7\u00e3o das Horas de Greve \u201c;, enviado recentemente, o Banco do Brasil informa que os dias parados em setembro \u00faltimo devem ser compensados at\u00e9 o dia 15 de dezembro deste ano, como prev\u00ea a Conven\u00e7\u00e3o Coletiva de Trabalho (CCT), assinada pelos sindicatos e Fenaban. At\u00e9 a \u00ed, digamos assim, nenhuma &hellip; Banco do Brasil burla CCT ao obrigar funcion\u00e1rio a assinar termo sobre compensa\u00e7\u00e3o de dias parados Leia mais &raquo;\" \/>\n<meta property=\"og:url\" content=\"https:\/\/bancariosdepiracicaba.com.br\/?p=7906\" \/>\n<meta property=\"og:site_name\" content=\"Sindban\" \/>\n<meta property=\"article:published_time\" content=\"2021-07-23T20:50:08+00:00\" \/>\n<meta property=\"article:modified_time\" content=\"2021-07-26T16:51:38+00:00\" \/>\n<meta name=\"twitter:card\" content=\"summary_large_image\" \/>\n<meta name=\"twitter:label1\" content=\"Escrito por\" \/>\n\t<meta name=\"twitter:data1\" content=\"admin\" \/>\n\t<meta name=\"twitter:label2\" content=\"Est. tempo de leitura\" \/>\n\t<meta name=\"twitter:data2\" content=\"3 minutos\" \/>\n<script type=\"application\/ld+json\" class=\"yoast-schema-graph\">{\"@context\":\"https:\/\/schema.org\",\"@graph\":[{\"@type\":\"Organization\",\"@id\":\"https:\/\/bancariosdepiracicaba.com.br\/#organization\",\"name\":\"Sindban\",\"url\":\"https:\/\/bancariosdepiracicaba.com.br\/\",\"sameAs\":[],\"logo\":{\"@type\":\"ImageObject\",\"@id\":\"https:\/\/bancariosdepiracicaba.com.br\/#logo\",\"inLanguage\":\"pt-BR\",\"url\":\"https:\/\/site.bancariosdepiracicaba.com.br\/wp-content\/uploads\/2021\/04\/cropped-Asset-2.png\",\"contentUrl\":\"https:\/\/site.bancariosdepiracicaba.com.br\/wp-content\/uploads\/2021\/04\/cropped-Asset-2.png\",\"width\":512,\"height\":512,\"caption\":\"Sindban\"},\"image\":{\"@id\":\"https:\/\/bancariosdepiracicaba.com.br\/#logo\"}},{\"@type\":\"WebSite\",\"@id\":\"https:\/\/bancariosdepiracicaba.com.br\/#website\",\"url\":\"https:\/\/bancariosdepiracicaba.com.br\/\",\"name\":\"Sindban\",\"description\":\"Desenvolvimento\",\"publisher\":{\"@id\":\"https:\/\/bancariosdepiracicaba.com.br\/#organization\"},\"potentialAction\":[{\"@type\":\"SearchAction\",\"target\":{\"@type\":\"EntryPoint\",\"urlTemplate\":\"https:\/\/bancariosdepiracicaba.com.br\/?s={search_term_string}\"},\"query-input\":\"required name=search_term_string\"}],\"inLanguage\":\"pt-BR\"},{\"@type\":\"WebPage\",\"@id\":\"https:\/\/bancariosdepiracicaba.com.br\/?p=7906#webpage\",\"url\":\"https:\/\/bancariosdepiracicaba.com.br\/?p=7906\",\"name\":\"Banco do Brasil burla CCT ao obrigar funcion\u00e1rio a assinar termo sobre compensa\u00e7\u00e3o de dias parados - Sindban\",\"isPartOf\":{\"@id\":\"https:\/\/bancariosdepiracicaba.com.br\/#website\"},\"datePublished\":\"2021-07-23T20:50:08+00:00\",\"dateModified\":\"2021-07-26T16:51:38+00:00\",\"breadcrumb\":{\"@id\":\"https:\/\/bancariosdepiracicaba.com.br\/?p=7906#breadcrumb\"},\"inLanguage\":\"pt-BR\",\"potentialAction\":[{\"@type\":\"ReadAction\",\"target\":[\"https:\/\/bancariosdepiracicaba.com.br\/?p=7906\"]}]},{\"@type\":\"BreadcrumbList\",\"@id\":\"https:\/\/bancariosdepiracicaba.com.br\/?p=7906#breadcrumb\",\"itemListElement\":[{\"@type\":\"ListItem\",\"position\":1,\"name\":\"Home\",\"item\":\"https:\/\/bancariosdepiracicaba.com.br\/\"},{\"@type\":\"ListItem\",\"position\":2,\"name\":\"Banco do Brasil burla CCT ao obrigar funcion\u00e1rio a assinar termo sobre compensa\u00e7\u00e3o de dias parados\"}]},{\"@type\":\"Article\",\"@id\":\"https:\/\/bancariosdepiracicaba.com.br\/?p=7906#article\",\"isPartOf\":{\"@id\":\"https:\/\/bancariosdepiracicaba.com.br\/?p=7906#webpage\"},\"author\":{\"@id\":\"https:\/\/bancariosdepiracicaba.com.br\/#\/schema\/person\/6a12c780fc145ea2c9af09989ee600b0\"},\"headline\":\"Banco do Brasil burla CCT ao obrigar funcion\u00e1rio a assinar termo sobre compensa\u00e7\u00e3o de dias parados\",\"datePublished\":\"2021-07-23T20:50:08+00:00\",\"dateModified\":\"2021-07-26T16:51:38+00:00\",\"mainEntityOfPage\":{\"@id\":\"https:\/\/bancariosdepiracicaba.com.br\/?p=7906#webpage\"},\"wordCount\":572,\"commentCount\":0,\"publisher\":{\"@id\":\"https:\/\/bancariosdepiracicaba.com.br\/#organization\"},\"articleSection\":[\"Banco do Brasil\",\"Uncategorized\"],\"inLanguage\":\"pt-BR\",\"potentialAction\":[{\"@type\":\"CommentAction\",\"name\":\"Comment\",\"target\":[\"https:\/\/bancariosdepiracicaba.com.br\/?p=7906#respond\"]}]},{\"@type\":\"Person\",\"@id\":\"https:\/\/bancariosdepiracicaba.com.br\/#\/schema\/person\/6a12c780fc145ea2c9af09989ee600b0\",\"name\":\"admin\",\"image\":{\"@type\":\"ImageObject\",\"@id\":\"https:\/\/bancariosdepiracicaba.com.br\/#personlogo\",\"inLanguage\":\"pt-BR\",\"url\":\"https:\/\/secure.gravatar.com\/avatar\/3a05e74c6579e68209676cb5cb64e0918f288da7a49210fa18d6e9cac1189840?s=96&d=mm&r=g\",\"contentUrl\":\"https:\/\/secure.gravatar.com\/avatar\/3a05e74c6579e68209676cb5cb64e0918f288da7a49210fa18d6e9cac1189840?s=96&d=mm&r=g\",\"caption\":\"admin\"},\"sameAs\":[\"https:\/\/site.bancariosdepiracicaba.com.br\"],\"url\":\"https:\/\/bancariosdepiracicaba.com.br\/?author=1\"}]}<\/script>\n<!-- \/ Yoast SEO Premium plugin. -->","yoast_head_json":{"title":"Banco do Brasil burla CCT ao obrigar funcion\u00e1rio a assinar termo sobre compensa\u00e7\u00e3o de dias parados - Sindban","robots":{"index":"index","follow":"follow","max-snippet":"max-snippet:-1","max-image-preview":"max-image-preview:large","max-video-preview":"max-video-preview:-1"},"canonical":"https:\/\/bancariosdepiracicaba.com.br\/?p=7906","og_locale":"pt_BR","og_type":"article","og_title":"Banco do Brasil burla CCT ao obrigar funcion\u00e1rio a assinar termo sobre compensa\u00e7\u00e3o de dias parados - Sindban","og_description":"Em comunicado ao funcion\u00e1rio, intitulado \u201c;Compensa\u00e7\u00e3o das Horas de Greve \u201c;, enviado recentemente, o Banco do Brasil informa que os dias parados em setembro \u00faltimo devem ser compensados at\u00e9 o dia 15 de dezembro deste ano, como prev\u00ea a Conven\u00e7\u00e3o Coletiva de Trabalho (CCT), assinada pelos sindicatos e Fenaban. At\u00e9 a \u00ed, digamos assim, nenhuma &hellip; Banco do Brasil burla CCT ao obrigar funcion\u00e1rio a assinar termo sobre compensa\u00e7\u00e3o de dias parados Leia mais &raquo;","og_url":"https:\/\/bancariosdepiracicaba.com.br\/?p=7906","og_site_name":"Sindban","article_published_time":"2021-07-23T20:50:08+00:00","article_modified_time":"2021-07-26T16:51:38+00:00","twitter_card":"summary_large_image","twitter_misc":{"Escrito por":"admin","Est. tempo de leitura":"3 minutos"},"schema":{"@context":"https:\/\/schema.org","@graph":[{"@type":"Organization","@id":"https:\/\/bancariosdepiracicaba.com.br\/#organization","name":"Sindban","url":"https:\/\/bancariosdepiracicaba.com.br\/","sameAs":[],"logo":{"@type":"ImageObject","@id":"https:\/\/bancariosdepiracicaba.com.br\/#logo","inLanguage":"pt-BR","url":"https:\/\/site.bancariosdepiracicaba.com.br\/wp-content\/uploads\/2021\/04\/cropped-Asset-2.png","contentUrl":"https:\/\/site.bancariosdepiracicaba.com.br\/wp-content\/uploads\/2021\/04\/cropped-Asset-2.png","width":512,"height":512,"caption":"Sindban"},"image":{"@id":"https:\/\/bancariosdepiracicaba.com.br\/#logo"}},{"@type":"WebSite","@id":"https:\/\/bancariosdepiracicaba.com.br\/#website","url":"https:\/\/bancariosdepiracicaba.com.br\/","name":"Sindban","description":"Desenvolvimento","publisher":{"@id":"https:\/\/bancariosdepiracicaba.com.br\/#organization"},"potentialAction":[{"@type":"SearchAction","target":{"@type":"EntryPoint","urlTemplate":"https:\/\/bancariosdepiracicaba.com.br\/?s={search_term_string}"},"query-input":"required name=search_term_string"}],"inLanguage":"pt-BR"},{"@type":"WebPage","@id":"https:\/\/bancariosdepiracicaba.com.br\/?p=7906#webpage","url":"https:\/\/bancariosdepiracicaba.com.br\/?p=7906","name":"Banco do Brasil burla CCT ao obrigar funcion\u00e1rio a assinar termo sobre compensa\u00e7\u00e3o de dias parados - Sindban","isPartOf":{"@id":"https:\/\/bancariosdepiracicaba.com.br\/#website"},"datePublished":"2021-07-23T20:50:08+00:00","dateModified":"2021-07-26T16:51:38+00:00","breadcrumb":{"@id":"https:\/\/bancariosdepiracicaba.com.br\/?p=7906#breadcrumb"},"inLanguage":"pt-BR","potentialAction":[{"@type":"ReadAction","target":["https:\/\/bancariosdepiracicaba.com.br\/?p=7906"]}]},{"@type":"BreadcrumbList","@id":"https:\/\/bancariosdepiracicaba.com.br\/?p=7906#breadcrumb","itemListElement":[{"@type":"ListItem","position":1,"name":"Home","item":"https:\/\/bancariosdepiracicaba.com.br\/"},{"@type":"ListItem","position":2,"name":"Banco do Brasil burla CCT ao obrigar funcion\u00e1rio a assinar termo sobre compensa\u00e7\u00e3o de dias parados"}]},{"@type":"Article","@id":"https:\/\/bancariosdepiracicaba.com.br\/?p=7906#article","isPartOf":{"@id":"https:\/\/bancariosdepiracicaba.com.br\/?p=7906#webpage"},"author":{"@id":"https:\/\/bancariosdepiracicaba.com.br\/#\/schema\/person\/6a12c780fc145ea2c9af09989ee600b0"},"headline":"Banco do Brasil burla CCT ao obrigar funcion\u00e1rio a assinar termo sobre compensa\u00e7\u00e3o de dias parados","datePublished":"2021-07-23T20:50:08+00:00","dateModified":"2021-07-26T16:51:38+00:00","mainEntityOfPage":{"@id":"https:\/\/bancariosdepiracicaba.com.br\/?p=7906#webpage"},"wordCount":572,"commentCount":0,"publisher":{"@id":"https:\/\/bancariosdepiracicaba.com.br\/#organization"},"articleSection":["Banco do Brasil","Uncategorized"],"inLanguage":"pt-BR","potentialAction":[{"@type":"CommentAction","name":"Comment","target":["https:\/\/bancariosdepiracicaba.com.br\/?p=7906#respond"]}]},{"@type":"Person","@id":"https:\/\/bancariosdepiracicaba.com.br\/#\/schema\/person\/6a12c780fc145ea2c9af09989ee600b0","name":"admin","image":{"@type":"ImageObject","@id":"https:\/\/bancariosdepiracicaba.com.br\/#personlogo","inLanguage":"pt-BR","url":"https:\/\/secure.gravatar.com\/avatar\/3a05e74c6579e68209676cb5cb64e0918f288da7a49210fa18d6e9cac1189840?s=96&d=mm&r=g","contentUrl":"https:\/\/secure.gravatar.com\/avatar\/3a05e74c6579e68209676cb5cb64e0918f288da7a49210fa18d6e9cac1189840?s=96&d=mm&r=g","caption":"admin"},"sameAs":["https:\/\/site.bancariosdepiracicaba.com.br"],"url":"https:\/\/bancariosdepiracicaba.com.br\/?author=1"}]}},"_links":{"self":[{"href":"https:\/\/bancariosdepiracicaba.com.br\/index.php?rest_route=\/wp\/v2\/posts\/7906","targetHints":{"allow":["GET"]}}],"collection":[{"href":"https:\/\/bancariosdepiracicaba.com.br\/index.php?rest_route=\/wp\/v2\/posts"}],"about":[{"href":"https:\/\/bancariosdepiracicaba.com.br\/index.php?rest_route=\/wp\/v2\/types\/post"}],"author":[{"embeddable":true,"href":"https:\/\/bancariosdepiracicaba.com.br\/index.php?rest_route=\/wp\/v2\/users\/1"}],"replies":[{"embeddable":true,"href":"https:\/\/bancariosdepiracicaba.com.br\/index.php?rest_route=%2Fwp%2Fv2%2Fcomments&post=7906"}],"version-history":[{"count":1,"href":"https:\/\/bancariosdepiracicaba.com.br\/index.php?rest_route=\/wp\/v2\/posts\/7906\/revisions"}],"predecessor-version":[{"id":11870,"href":"https:\/\/bancariosdepiracicaba.com.br\/index.php?rest_route=\/wp\/v2\/posts\/7906\/revisions\/11870"}],"wp:attachment":[{"href":"https:\/\/bancariosdepiracicaba.com.br\/index.php?rest_route=%2Fwp%2Fv2%2Fmedia&parent=7906"}],"wp:term":[{"taxonomy":"category","embeddable":true,"href":"https:\/\/bancariosdepiracicaba.com.br\/index.php?rest_route=%2Fwp%2Fv2%2Fcategories&post=7906"},{"taxonomy":"post_tag","embeddable":true,"href":"https:\/\/bancariosdepiracicaba.com.br\/index.php?rest_route=%2Fwp%2Fv2%2Ftags&post=7906"}],"curies":[{"name":"wp","href":"https:\/\/api.w.org\/{rel}","templated":true}]}}