{"id":7903,"date":"2021-07-23T20:50:04","date_gmt":"2021-07-23T20:50:04","guid":{"rendered":"https:\/\/site.bancariosdepiracicaba.com.br\/2021\/07\/23\/acordo-de-combate-ao-assedio-moral-e-renovado-nesta-terca\/"},"modified":"2021-08-02T16:29:33","modified_gmt":"2021-08-02T19:29:33","slug":"acordo-de-combate-ao-assedio-moral-e-renovado-nesta-terca","status":"publish","type":"post","link":"https:\/\/bancariosdepiracicaba.com.br\/?p=7903","title":{"rendered":"Acordo de combate ao ass\u00e9dio moral \u00e9 renovado nesta ter\u00e7a"},"content":{"rendered":"<p>A Contraf-CUT assina nesta ter\u00e7a-feira (27), \u00e0s 11h, com diversos bancos novo acordo de combate ao ass\u00e9dio moral. O documento ser\u00e1 renovado na sede da Fenaban, em S\u00e3o Paulo. Os bancos que j\u00e1 confirmaram ades\u00e3o s\u00e3o: Ita\u00fa, Bradesco, Caixa Econ\u00f4mica Federal, Santander, HSBC, Safra, BIC, Votorantim, Citibank e pela primeira vez o Banco do Brasil.<\/p>\n<p>O acordo coletivo de trabalho aditivo &#8211; ades\u00e3o ao Protocolo para Preven\u00e7\u00e3o de Conflitos no Ambiente de Trabalho &#8211; tamb\u00e9m ser\u00e1 assinado por v\u00e1rios sindicatos e federa\u00e7\u00f5es que decidiram aderir ao instrumento, previsto na cl\u00e1usula 55&ordf; da conven\u00e7\u00e3o coletiva, que define um canal espec \u00edfico para apurar as den\u00fancias de ass\u00e9dio moral dos funcion\u00e1rios, que poder\u00e3o ser encaminhadas aos bancos sem identifica\u00e7\u00e3o do autor. Os bancos ter\u00e3o prazo de at\u00e9 60 dias para responder aos sindicatos.<\/p>\n<p>&#8220;Foi uma das principais conquistas da Campanha Nacional dos Banc\u00e1rios de 2010&#8221;, lembra Carlos Cordeiro, presidente da Contraf-CUT. O primeiro acordo foi assinado em janeiro de 2011. Desde ent\u00e3o, centenas de banc\u00e1rios utilizaram o instrumento, com v\u00e1rias den\u00fancias acolhidas pelos bancos e que resultaram em afastamento de assediadores e outras provid\u00eancias, enquanto outras foram julgadas improcedentes pelos bancos. Mas a utiliza\u00e7\u00e3o do canal ainda est\u00e1 baixa diante da imensid\u00e3o de casos de ass\u00e9dio moral que ocorrem nos locais de trabalho.<\/p>\n<p>&#8220;A gest\u00e3o dos bancos \u00e9 baseada em metas abusivas para a venda de produtos aos clientes, utilizando mecanismos de press\u00e3o, constrangimento e humilha\u00e7\u00e3o no trabalho que provocam adoecimento, estresse e depress\u00e3o&#8221;, aponta o dirigente sindical. &#8220;N\u00e3o \u00e9 \u00e0 toa que as doen\u00e7as mentais s\u00e3o uma das principais respons\u00e1veis pelo afastamento do trabalho e inclusive v\u00e1rios bancos j\u00e1 foram condenados em a\u00e7\u00f5es judiciais ao pagamento de pesadas indeniza\u00e7\u00f5es&#8221;, destaca Cordeiro.<\/p>\n<p>Instrumento para sair da passividade -; Para o secret\u00e1rio de Sa\u00fade do Trabalhador da Contraf-CUT, o acordo de combate ao ass\u00e9dio moral \u00e9 inovador e muito importante para os trabalhadores. &#8220;Esse instrumento permite que banc\u00e1rios e banc\u00e1rias saiam de uma situa\u00e7\u00e3o de passividade diante das pr\u00e1ticas de ass\u00e9dio moral e passem para uma situa\u00e7\u00e3o de agentes de mudan\u00e7as no ambiente de trabalho, pois, al\u00e9m da den\u00fancia partir por iniciativa do pr\u00f3prio trabalhador, ele vai acompanhar todos os desdobramentos do caso denunciado, inclusive as provid\u00eancias tomadas pelos bancos&#8221;.<\/p>\n<p>&#8220;O acordo tamb\u00e9m cria condi\u00e7\u00f5es para direcionar o nosso olhar para a organiza\u00e7\u00e3o do trabalho banc\u00e1rio. O modo de se trabalhar atualmente nos bancos precisa mudar. O modelo de gest\u00e3o, a cobran\u00e7a de metas cada vez mais abusivas, a polival\u00eancia e a cumulatividade de fun\u00e7\u00f5es, a falta de tempo para o cumprimento das tarefas, o ritmo intenso de trabalho, a extrapola\u00e7\u00e3o da jornada de trabalho, entre outros fatores, tudo isso v\u00eam a tona quando analisamos uma den\u00fancia de pr\u00e1tica de ass\u00e9dio moral. Logo, a nossa luta pelo combate ao ass\u00e9dio moral tamb\u00e9m \u00e9 uma luta por mudan\u00e7as na organiza\u00e7\u00e3o do trabalho banc\u00e1rio&#8221;, salienta Walcir.<\/p>\n<p>O que diz o acordo -; No acordo, os bancos se comprometem a declarar explicitamente condena\u00e7\u00e3o a qualquer ato de ass\u00e9dio e reconhecem que o objetivo \u00e9 alcan\u00e7ar a valoriza\u00e7\u00e3o de todos os empregados, promovendo o respeito \u00e0 diversidade, \u00e0 coopera\u00e7\u00e3o e ao trabalho em equipe, em um ambiente saud\u00e1vel. A Fenaban realiza uma avalia\u00e7\u00e3o semestral do programa, com a apresenta\u00e7\u00e3o de dados estat \u00edsticos setoriais.<\/p>\n<p>Os banc\u00e1rios podem fazer den\u00fancias nos sindicatos acordantes. O denunciante deve se identificar para que a entidade possa dar o devido retorno ao trabalhador. O sigilo ser\u00e1 mantido junto ao banco e o sindicato ter\u00e1 prazo de dez dias \u00fateis para formalizar a den\u00fancia ao banco. Ap\u00f3s receber a den\u00fancia, o banco ter\u00e1 60 dias corridos para apurar o caso e prestar esclarecimentos ao sindicato.<\/p>\n<p>As den\u00fancias apresentadas ao sindicato de forma an\u00f4nima continuar\u00e3o sendo apuradas pelas entidades, mas fora das regras desse programa.<\/p>\n<p>Fonte: Contraf-CUT<\/p>\n","protected":false},"excerpt":{"rendered":"<p>A Contraf-CUT assina nesta ter\u00e7a-feira (27), \u00e0s 11h, com diversos bancos novo acordo de combate ao ass\u00e9dio moral. O documento ser\u00e1 renovado na sede da Fenaban, em S\u00e3o Paulo. Os bancos que j\u00e1 confirmaram ades\u00e3o s\u00e3o: Ita\u00fa, Bradesco, Caixa Econ\u00f4mica Federal, Santander, HSBC, Safra, BIC, Votorantim, Citibank e pela primeira vez o Banco do Brasil. &hellip;<\/p>\n<p class=\"read-more\"> <a class=\"\" href=\"https:\/\/bancariosdepiracicaba.com.br\/?p=7903\"> <span class=\"screen-reader-text\">Acordo de combate ao ass\u00e9dio moral \u00e9 renovado nesta ter\u00e7a<\/span> Leia mais &raquo;<\/a><\/p>\n","protected":false},"author":1,"featured_media":0,"comment_status":"open","ping_status":"open","sticky":false,"template":"","format":"standard","meta":{"site-sidebar-layout":"default","site-content-layout":"default","ast-main-header-display":"","ast-hfb-above-header-display":"","ast-hfb-below-header-display":"","ast-hfb-mobile-header-display":"","site-post-title":"","ast-breadcrumbs-content":"","ast-featured-img":"","footer-sml-layout":"","theme-transparent-header-meta":"","adv-header-id-meta":"","stick-header-meta":"","header-above-stick-meta":"","header-main-stick-meta":"","header-below-stick-meta":"","footnotes":""},"categories":[22,15,1],"tags":[],"class_list":["post-7903","post","type-post","status-publish","format-standard","hentry","category-acordo-coletivo-noticias","category-safra","category-uncategorized"],"yoast_head":"<!-- This site is optimized with the Yoast SEO Premium plugin v16.1 (Yoast SEO v18.0) - https:\/\/yoast.com\/wordpress\/plugins\/seo\/ -->\n<title>Acordo de combate ao ass\u00e9dio moral \u00e9 renovado nesta ter\u00e7a - Sindban<\/title>\n<meta name=\"robots\" content=\"index, follow, max-snippet:-1, max-image-preview:large, max-video-preview:-1\" \/>\n<link rel=\"canonical\" href=\"https:\/\/bancariosdepiracicaba.com.br\/?p=7903\" \/>\n<meta property=\"og:locale\" content=\"pt_BR\" \/>\n<meta property=\"og:type\" content=\"article\" \/>\n<meta property=\"og:title\" content=\"Acordo de combate ao ass\u00e9dio moral \u00e9 renovado nesta ter\u00e7a - Sindban\" \/>\n<meta property=\"og:description\" content=\"A Contraf-CUT assina nesta ter\u00e7a-feira (27), \u00e0s 11h, com diversos bancos novo acordo de combate ao ass\u00e9dio moral. O documento ser\u00e1 renovado na sede da Fenaban, em S\u00e3o Paulo. Os bancos que j\u00e1 confirmaram ades\u00e3o s\u00e3o: Ita\u00fa, Bradesco, Caixa Econ\u00f4mica Federal, Santander, HSBC, Safra, BIC, Votorantim, Citibank e pela primeira vez o Banco do Brasil. &hellip; Acordo de combate ao ass\u00e9dio moral \u00e9 renovado nesta ter\u00e7a Leia mais &raquo;\" \/>\n<meta property=\"og:url\" content=\"https:\/\/bancariosdepiracicaba.com.br\/?p=7903\" \/>\n<meta property=\"og:site_name\" content=\"Sindban\" \/>\n<meta property=\"article:published_time\" content=\"2021-07-23T20:50:04+00:00\" \/>\n<meta property=\"article:modified_time\" content=\"2021-08-02T19:29:33+00:00\" \/>\n<meta name=\"twitter:card\" content=\"summary_large_image\" \/>\n<meta name=\"twitter:label1\" content=\"Escrito por\" \/>\n\t<meta name=\"twitter:data1\" content=\"admin\" \/>\n\t<meta name=\"twitter:label2\" content=\"Est. tempo de leitura\" \/>\n\t<meta name=\"twitter:data2\" content=\"3 minutos\" \/>\n<script type=\"application\/ld+json\" class=\"yoast-schema-graph\">{\"@context\":\"https:\/\/schema.org\",\"@graph\":[{\"@type\":\"Organization\",\"@id\":\"https:\/\/bancariosdepiracicaba.com.br\/#organization\",\"name\":\"Sindban\",\"url\":\"https:\/\/bancariosdepiracicaba.com.br\/\",\"sameAs\":[],\"logo\":{\"@type\":\"ImageObject\",\"@id\":\"https:\/\/bancariosdepiracicaba.com.br\/#logo\",\"inLanguage\":\"pt-BR\",\"url\":\"https:\/\/site.bancariosdepiracicaba.com.br\/wp-content\/uploads\/2021\/04\/cropped-Asset-2.png\",\"contentUrl\":\"https:\/\/site.bancariosdepiracicaba.com.br\/wp-content\/uploads\/2021\/04\/cropped-Asset-2.png\",\"width\":512,\"height\":512,\"caption\":\"Sindban\"},\"image\":{\"@id\":\"https:\/\/bancariosdepiracicaba.com.br\/#logo\"}},{\"@type\":\"WebSite\",\"@id\":\"https:\/\/bancariosdepiracicaba.com.br\/#website\",\"url\":\"https:\/\/bancariosdepiracicaba.com.br\/\",\"name\":\"Sindban\",\"description\":\"Desenvolvimento\",\"publisher\":{\"@id\":\"https:\/\/bancariosdepiracicaba.com.br\/#organization\"},\"potentialAction\":[{\"@type\":\"SearchAction\",\"target\":{\"@type\":\"EntryPoint\",\"urlTemplate\":\"https:\/\/bancariosdepiracicaba.com.br\/?s={search_term_string}\"},\"query-input\":\"required name=search_term_string\"}],\"inLanguage\":\"pt-BR\"},{\"@type\":\"WebPage\",\"@id\":\"https:\/\/bancariosdepiracicaba.com.br\/?p=7903#webpage\",\"url\":\"https:\/\/bancariosdepiracicaba.com.br\/?p=7903\",\"name\":\"Acordo de combate ao ass\u00e9dio moral \u00e9 renovado nesta ter\u00e7a - Sindban\",\"isPartOf\":{\"@id\":\"https:\/\/bancariosdepiracicaba.com.br\/#website\"},\"datePublished\":\"2021-07-23T20:50:04+00:00\",\"dateModified\":\"2021-08-02T19:29:33+00:00\",\"breadcrumb\":{\"@id\":\"https:\/\/bancariosdepiracicaba.com.br\/?p=7903#breadcrumb\"},\"inLanguage\":\"pt-BR\",\"potentialAction\":[{\"@type\":\"ReadAction\",\"target\":[\"https:\/\/bancariosdepiracicaba.com.br\/?p=7903\"]}]},{\"@type\":\"BreadcrumbList\",\"@id\":\"https:\/\/bancariosdepiracicaba.com.br\/?p=7903#breadcrumb\",\"itemListElement\":[{\"@type\":\"ListItem\",\"position\":1,\"name\":\"Home\",\"item\":\"https:\/\/bancariosdepiracicaba.com.br\/\"},{\"@type\":\"ListItem\",\"position\":2,\"name\":\"Acordo de combate ao ass\u00e9dio moral \u00e9 renovado nesta ter\u00e7a\"}]},{\"@type\":\"Article\",\"@id\":\"https:\/\/bancariosdepiracicaba.com.br\/?p=7903#article\",\"isPartOf\":{\"@id\":\"https:\/\/bancariosdepiracicaba.com.br\/?p=7903#webpage\"},\"author\":{\"@id\":\"https:\/\/bancariosdepiracicaba.com.br\/#\/schema\/person\/6a12c780fc145ea2c9af09989ee600b0\"},\"headline\":\"Acordo de combate ao ass\u00e9dio moral \u00e9 renovado nesta ter\u00e7a\",\"datePublished\":\"2021-07-23T20:50:04+00:00\",\"dateModified\":\"2021-08-02T19:29:33+00:00\",\"mainEntityOfPage\":{\"@id\":\"https:\/\/bancariosdepiracicaba.com.br\/?p=7903#webpage\"},\"wordCount\":708,\"commentCount\":0,\"publisher\":{\"@id\":\"https:\/\/bancariosdepiracicaba.com.br\/#organization\"},\"articleSection\":[\"Acordo Coletivo Not\u00edcias\",\"Safra\",\"Uncategorized\"],\"inLanguage\":\"pt-BR\",\"potentialAction\":[{\"@type\":\"CommentAction\",\"name\":\"Comment\",\"target\":[\"https:\/\/bancariosdepiracicaba.com.br\/?p=7903#respond\"]}]},{\"@type\":\"Person\",\"@id\":\"https:\/\/bancariosdepiracicaba.com.br\/#\/schema\/person\/6a12c780fc145ea2c9af09989ee600b0\",\"name\":\"admin\",\"image\":{\"@type\":\"ImageObject\",\"@id\":\"https:\/\/bancariosdepiracicaba.com.br\/#personlogo\",\"inLanguage\":\"pt-BR\",\"url\":\"https:\/\/secure.gravatar.com\/avatar\/3a05e74c6579e68209676cb5cb64e0918f288da7a49210fa18d6e9cac1189840?s=96&d=mm&r=g\",\"contentUrl\":\"https:\/\/secure.gravatar.com\/avatar\/3a05e74c6579e68209676cb5cb64e0918f288da7a49210fa18d6e9cac1189840?s=96&d=mm&r=g\",\"caption\":\"admin\"},\"sameAs\":[\"https:\/\/site.bancariosdepiracicaba.com.br\"],\"url\":\"https:\/\/bancariosdepiracicaba.com.br\/?author=1\"}]}<\/script>\n<!-- \/ Yoast SEO Premium plugin. -->","yoast_head_json":{"title":"Acordo de combate ao ass\u00e9dio moral \u00e9 renovado nesta ter\u00e7a - Sindban","robots":{"index":"index","follow":"follow","max-snippet":"max-snippet:-1","max-image-preview":"max-image-preview:large","max-video-preview":"max-video-preview:-1"},"canonical":"https:\/\/bancariosdepiracicaba.com.br\/?p=7903","og_locale":"pt_BR","og_type":"article","og_title":"Acordo de combate ao ass\u00e9dio moral \u00e9 renovado nesta ter\u00e7a - Sindban","og_description":"A Contraf-CUT assina nesta ter\u00e7a-feira (27), \u00e0s 11h, com diversos bancos novo acordo de combate ao ass\u00e9dio moral. O documento ser\u00e1 renovado na sede da Fenaban, em S\u00e3o Paulo. Os bancos que j\u00e1 confirmaram ades\u00e3o s\u00e3o: Ita\u00fa, Bradesco, Caixa Econ\u00f4mica Federal, Santander, HSBC, Safra, BIC, Votorantim, Citibank e pela primeira vez o Banco do Brasil. &hellip; Acordo de combate ao ass\u00e9dio moral \u00e9 renovado nesta ter\u00e7a Leia mais &raquo;","og_url":"https:\/\/bancariosdepiracicaba.com.br\/?p=7903","og_site_name":"Sindban","article_published_time":"2021-07-23T20:50:04+00:00","article_modified_time":"2021-08-02T19:29:33+00:00","twitter_card":"summary_large_image","twitter_misc":{"Escrito por":"admin","Est. tempo de leitura":"3 minutos"},"schema":{"@context":"https:\/\/schema.org","@graph":[{"@type":"Organization","@id":"https:\/\/bancariosdepiracicaba.com.br\/#organization","name":"Sindban","url":"https:\/\/bancariosdepiracicaba.com.br\/","sameAs":[],"logo":{"@type":"ImageObject","@id":"https:\/\/bancariosdepiracicaba.com.br\/#logo","inLanguage":"pt-BR","url":"https:\/\/site.bancariosdepiracicaba.com.br\/wp-content\/uploads\/2021\/04\/cropped-Asset-2.png","contentUrl":"https:\/\/site.bancariosdepiracicaba.com.br\/wp-content\/uploads\/2021\/04\/cropped-Asset-2.png","width":512,"height":512,"caption":"Sindban"},"image":{"@id":"https:\/\/bancariosdepiracicaba.com.br\/#logo"}},{"@type":"WebSite","@id":"https:\/\/bancariosdepiracicaba.com.br\/#website","url":"https:\/\/bancariosdepiracicaba.com.br\/","name":"Sindban","description":"Desenvolvimento","publisher":{"@id":"https:\/\/bancariosdepiracicaba.com.br\/#organization"},"potentialAction":[{"@type":"SearchAction","target":{"@type":"EntryPoint","urlTemplate":"https:\/\/bancariosdepiracicaba.com.br\/?s={search_term_string}"},"query-input":"required name=search_term_string"}],"inLanguage":"pt-BR"},{"@type":"WebPage","@id":"https:\/\/bancariosdepiracicaba.com.br\/?p=7903#webpage","url":"https:\/\/bancariosdepiracicaba.com.br\/?p=7903","name":"Acordo de combate ao ass\u00e9dio moral \u00e9 renovado nesta ter\u00e7a - Sindban","isPartOf":{"@id":"https:\/\/bancariosdepiracicaba.com.br\/#website"},"datePublished":"2021-07-23T20:50:04+00:00","dateModified":"2021-08-02T19:29:33+00:00","breadcrumb":{"@id":"https:\/\/bancariosdepiracicaba.com.br\/?p=7903#breadcrumb"},"inLanguage":"pt-BR","potentialAction":[{"@type":"ReadAction","target":["https:\/\/bancariosdepiracicaba.com.br\/?p=7903"]}]},{"@type":"BreadcrumbList","@id":"https:\/\/bancariosdepiracicaba.com.br\/?p=7903#breadcrumb","itemListElement":[{"@type":"ListItem","position":1,"name":"Home","item":"https:\/\/bancariosdepiracicaba.com.br\/"},{"@type":"ListItem","position":2,"name":"Acordo de combate ao ass\u00e9dio moral \u00e9 renovado nesta ter\u00e7a"}]},{"@type":"Article","@id":"https:\/\/bancariosdepiracicaba.com.br\/?p=7903#article","isPartOf":{"@id":"https:\/\/bancariosdepiracicaba.com.br\/?p=7903#webpage"},"author":{"@id":"https:\/\/bancariosdepiracicaba.com.br\/#\/schema\/person\/6a12c780fc145ea2c9af09989ee600b0"},"headline":"Acordo de combate ao ass\u00e9dio moral \u00e9 renovado nesta ter\u00e7a","datePublished":"2021-07-23T20:50:04+00:00","dateModified":"2021-08-02T19:29:33+00:00","mainEntityOfPage":{"@id":"https:\/\/bancariosdepiracicaba.com.br\/?p=7903#webpage"},"wordCount":708,"commentCount":0,"publisher":{"@id":"https:\/\/bancariosdepiracicaba.com.br\/#organization"},"articleSection":["Acordo Coletivo Not\u00edcias","Safra","Uncategorized"],"inLanguage":"pt-BR","potentialAction":[{"@type":"CommentAction","name":"Comment","target":["https:\/\/bancariosdepiracicaba.com.br\/?p=7903#respond"]}]},{"@type":"Person","@id":"https:\/\/bancariosdepiracicaba.com.br\/#\/schema\/person\/6a12c780fc145ea2c9af09989ee600b0","name":"admin","image":{"@type":"ImageObject","@id":"https:\/\/bancariosdepiracicaba.com.br\/#personlogo","inLanguage":"pt-BR","url":"https:\/\/secure.gravatar.com\/avatar\/3a05e74c6579e68209676cb5cb64e0918f288da7a49210fa18d6e9cac1189840?s=96&d=mm&r=g","contentUrl":"https:\/\/secure.gravatar.com\/avatar\/3a05e74c6579e68209676cb5cb64e0918f288da7a49210fa18d6e9cac1189840?s=96&d=mm&r=g","caption":"admin"},"sameAs":["https:\/\/site.bancariosdepiracicaba.com.br"],"url":"https:\/\/bancariosdepiracicaba.com.br\/?author=1"}]}},"_links":{"self":[{"href":"https:\/\/bancariosdepiracicaba.com.br\/index.php?rest_route=\/wp\/v2\/posts\/7903","targetHints":{"allow":["GET"]}}],"collection":[{"href":"https:\/\/bancariosdepiracicaba.com.br\/index.php?rest_route=\/wp\/v2\/posts"}],"about":[{"href":"https:\/\/bancariosdepiracicaba.com.br\/index.php?rest_route=\/wp\/v2\/types\/post"}],"author":[{"embeddable":true,"href":"https:\/\/bancariosdepiracicaba.com.br\/index.php?rest_route=\/wp\/v2\/users\/1"}],"replies":[{"embeddable":true,"href":"https:\/\/bancariosdepiracicaba.com.br\/index.php?rest_route=%2Fwp%2Fv2%2Fcomments&post=7903"}],"version-history":[{"count":1,"href":"https:\/\/bancariosdepiracicaba.com.br\/index.php?rest_route=\/wp\/v2\/posts\/7903\/revisions"}],"predecessor-version":[{"id":11478,"href":"https:\/\/bancariosdepiracicaba.com.br\/index.php?rest_route=\/wp\/v2\/posts\/7903\/revisions\/11478"}],"wp:attachment":[{"href":"https:\/\/bancariosdepiracicaba.com.br\/index.php?rest_route=%2Fwp%2Fv2%2Fmedia&parent=7903"}],"wp:term":[{"taxonomy":"category","embeddable":true,"href":"https:\/\/bancariosdepiracicaba.com.br\/index.php?rest_route=%2Fwp%2Fv2%2Fcategories&post=7903"},{"taxonomy":"post_tag","embeddable":true,"href":"https:\/\/bancariosdepiracicaba.com.br\/index.php?rest_route=%2Fwp%2Fv2%2Ftags&post=7903"}],"curies":[{"name":"wp","href":"https:\/\/api.w.org\/{rel}","templated":true}]}}