{"id":7842,"date":"2021-07-23T20:48:37","date_gmt":"2021-07-23T20:48:37","guid":{"rendered":"https:\/\/site.bancariosdepiracicaba.com.br\/2021\/07\/23\/frei-tito-e-recebido-por-dirigentes-no-sindicato\/"},"modified":"2021-07-26T18:44:44","modified_gmt":"2021-07-26T18:44:44","slug":"frei-tito-e-recebido-por-dirigentes-no-sindicato","status":"publish","type":"post","link":"https:\/\/bancariosdepiracicaba.com.br\/?p=7842","title":{"rendered":"Frei Tito \u00e9 recebido por dirigentes no Sindicato"},"content":{"rendered":"<p>O deputado estadual Francisco de Assis Pereira de Campos, o Frei Tito, que assume o mandato em janeiro de 2013, (devido \u00e0s elei\u00e7\u00f5es de Donizete Braga, em Mau\u00e1, com 57,14% e de Carlos Grana, em Santo Andr\u00e9, com 53,92% dos votos) foi recebido na tarde do dia 6, pelos dirigentes sindicais do Sindicato dos Banc\u00e1rios de Piracicaba e Regi\u00e3o.<\/p>\n<p>Durante sua visita \u00e0 sede da entidade, o novo deputado participou de uma coletiva \u00e0 imprensa e fez quest\u00e3o de agradecer o apoio dado pelo presidente do sindicato, Jos\u00e9 Antonio Fernandes Paiva que o apoiou nas elei\u00e7\u00f5es de 2010, agradecendo ainda os 3.517 votos que recebeu em Piracicaba.  \u201c;Todas as pessoas que nos apoiaram nas elei\u00e7\u00f5es s\u00e3o importantes, fazer 66.011 votos no Estado \u00e9 muito gratificante \u201c;, declarou Frei Tito.<\/p>\n<p>Tito ressaltou ainda que o foco de seu mandato ser\u00e1 voltado para \u00e1rea do desenvolvimento social. De acordo com ele, seu mandato vai trabalhar para trazer recursos para Piracicaba em diversas \u00e1reas que a cidade necessita.  \u201c;Hoje tenho duas pessoas da minha confian\u00e7a na Alesp (Assembleia Legislativa de S\u00e3o Paulo) para conhecer todos os tramites legais, saber sobre as comiss\u00f5es, prazos de entrega de emenda parlamentar, para que eu possa desenvolver o meu trabalho com deputado de uma maneira que a popula\u00e7\u00e3o que eu represento seja beneficiada \u201c;, disse.<\/p>\n<p>A inten\u00e7\u00e3o do deputado Frei Tito \u00e9 estreitar o relacionamento com os dois vereadores do PT em Piracicaba, Paiva e Francisco Almeida do Nascimento, e tamb\u00e9m com o vereador eleito pelo PV, Paulo Camolesi j\u00e1 que os parlamentares se conhecem h\u00e1 muito tempo.  \u201c;Quero estar sintonizado com os mandatos dos vereadores Paiva e Chico Almeida e fazer dos gabinetes uma extens\u00e3o do meu, em busca das demandas sociais que chegam todos os dias \u201c;, declarou.<\/p>\n<p>O deputado tamb\u00e9m falou sobre as a\u00e7\u00f5es na \u00e1rea de educa\u00e7\u00e3o, j\u00e1 que \u00e9 professor, e quer, como deputado, trabalhar em favor dos profissionais da \u00e1rea.  \u201c;A educa\u00e7\u00e3o no Estado de S\u00e3o Paulo n\u00e3o pode continuar da forma que est\u00e1, com salas de aulas repletas de alunos, professores totalmente estressados por n\u00e3o terem condi\u00e7\u00f5es f \u00edsicas e metais de trabalhar, e sem recursos did\u00e1ticos para desenvolver uma aula com qualidade \u201c;, salientou.<\/p>\n<p>O presidente do PT em Piracicaba, Jos\u00e9 Maria Teixeira falou sobre a import\u00e2ncia para Piracicaba de ter Frei Tito com representante da popula\u00e7\u00e3o na Alesp.  \u201c;Piracicaba s\u00f3 tem a ganhar com o Frei Tito na Assembleia, tenho certeza que ele desempenhar\u00e1 com excel\u00eancia o seu mandato, trabalhando para que as demanda sociais da nossa cidade sejam atendidas \u201c;.<\/p>\n<p>O vereador Paiva falou tamb\u00e9m sobre o crescimento do PT na regi\u00e3o e em Piracicaba com o aumento da bancada de vereadores e o crescimento na vota\u00e7\u00e3o nacional. Segundo o parlamentar o PT administrar\u00e1 a partir de 2013 um or\u00e7amento aproximado de R$ 77,6 bilh\u00f5es, um aumento significativo em rela\u00e7\u00e3o a 2008.<\/p>\n<p>Frei Tito encerrou a coletiva agradecendo \u00e0 imprensa piracicabana, que desde 28 de outubro, ap\u00f3s a apura\u00e7\u00e3o informou a popula\u00e7\u00e3o, que a cidade teria mais um deputado estadual, o \u00fanico nascido em Piracicaba,  \u201c;queria agradecer imensamente a imprensa piracicabana pelo carinho, e dizer que vou trabalhar para todos os piracicabanos \u201c;, finalizou o deputado.<\/p>\n<p>Paiva entrega emenda ao or\u00e7amento do Estado para o deputado Frei Tito<\/p>\n<p>Durante o evento, que contou com a participa\u00e7\u00e3o do presidente municipal do PT, Jos\u00e9 Maria Teixeira e tamb\u00e9m do vereador que ir\u00e1 compor a bancada do PT na C\u00e2mara a partir de 2013, Chico Almeida, o vereador Paiva entregou ao novo deputado, pedido de emenda parlamentar ao or\u00e7amento de 2013.  \u201c;Temos que captar as demandas sociais, resolver os problemas emergenciais nos gabinetes na C\u00e2mara de Vereadores, e projetar as pol \u00edticas p\u00fablicas para atender a popula\u00e7\u00e3o. N\u00f3s vamos entregar uma emenda de bancada do PT e n\u00e3o uma emenda para o deputado Frei Tito, o intuito que o novo deputado interaja com os demais deputados do PT para que haja uma coletividade na entrega da nossa solicita\u00e7\u00e3o \u201c;, enfatizou o vereador Paiva.<br \/>\n \u201c;Nossa solicita\u00e7\u00e3o \u00e9 para que sejam destinados R$ 2 milh\u00f5es aos projetos de urbaniza\u00e7\u00e3o das favelas Portelinha, Tr\u00eas Porquinhos e Cantagalo, pois n\u00e3o h\u00e1 como fazer a inclus\u00e3o social dessas comunidades se n\u00e3o dermos dignidade a elas \u201c;, salientou Paiva.<\/p>\n<p>Na justificativa, o documento registra que a cidade de Piracicaba tem intensa voca\u00e7\u00e3o para o desenvolvimento habitacional e uma car\u00eancia na \u00e1rea de desenvolvimento social, \u00e9 por isso, que ainda existem em nossa cidade alguns n\u00facleos populacionais vivendo abaixo da linha da pobreza. Como estes cidad\u00e3os n\u00e3o tem condi\u00e7\u00f5es financeiras para ter uma resid\u00eancia nos padr\u00f5es naturais passam a habitar em casa de madeira em p\u00e9ssimo estudo de uso, criando assim, as favelas.<\/p>\n<p>Texto: Ronaldo Castilho com Fernanda Moraes &#8211; Seeb Piracicaba<\/p>\n","protected":false},"excerpt":{"rendered":"<p>O deputado estadual Francisco de Assis Pereira de Campos, o Frei Tito, que assume o mandato em janeiro de 2013, (devido \u00e0s elei\u00e7\u00f5es de Donizete Braga, em Mau\u00e1, com 57,14% e de Carlos Grana, em Santo Andr\u00e9, com 53,92% dos votos) foi recebido na tarde do dia 6, pelos dirigentes sindicais do Sindicato dos Banc\u00e1rios &hellip;<\/p>\n<p class=\"read-more\"> <a class=\"\" href=\"https:\/\/bancariosdepiracicaba.com.br\/?p=7842\"> <span class=\"screen-reader-text\">Frei Tito \u00e9 recebido por dirigentes no Sindicato<\/span> Leia mais &raquo;<\/a><\/p>\n","protected":false},"author":1,"featured_media":0,"comment_status":"open","ping_status":"open","sticky":false,"template":"","format":"standard","meta":{"site-sidebar-layout":"default","site-content-layout":"default","ast-main-header-display":"","ast-hfb-above-header-display":"","ast-hfb-below-header-display":"","ast-hfb-mobile-header-display":"","site-post-title":"","ast-breadcrumbs-content":"","ast-featured-img":"","footer-sml-layout":"","theme-transparent-header-meta":"","adv-header-id-meta":"","stick-header-meta":"","header-above-stick-meta":"","header-main-stick-meta":"","header-below-stick-meta":"","footnotes":""},"categories":[17,1],"tags":[],"class_list":["post-7842","post","type-post","status-publish","format-standard","hentry","category-financeiras","category-uncategorized"],"yoast_head":"<!-- This site is optimized with the Yoast SEO Premium plugin v16.1 (Yoast SEO v18.0) - https:\/\/yoast.com\/wordpress\/plugins\/seo\/ -->\n<title>Frei Tito \u00e9 recebido por dirigentes no Sindicato - Sindban<\/title>\n<meta name=\"robots\" content=\"index, follow, max-snippet:-1, max-image-preview:large, max-video-preview:-1\" \/>\n<link rel=\"canonical\" href=\"https:\/\/bancariosdepiracicaba.com.br\/?p=7842\" \/>\n<meta property=\"og:locale\" content=\"pt_BR\" \/>\n<meta property=\"og:type\" content=\"article\" \/>\n<meta property=\"og:title\" content=\"Frei Tito \u00e9 recebido por dirigentes no Sindicato - Sindban\" \/>\n<meta property=\"og:description\" content=\"O deputado estadual Francisco de Assis Pereira de Campos, o Frei Tito, que assume o mandato em janeiro de 2013, (devido \u00e0s elei\u00e7\u00f5es de Donizete Braga, em Mau\u00e1, com 57,14% e de Carlos Grana, em Santo Andr\u00e9, com 53,92% dos votos) foi recebido na tarde do dia 6, pelos dirigentes sindicais do Sindicato dos Banc\u00e1rios &hellip; Frei Tito \u00e9 recebido por dirigentes no Sindicato Leia mais &raquo;\" \/>\n<meta property=\"og:url\" content=\"https:\/\/bancariosdepiracicaba.com.br\/?p=7842\" \/>\n<meta property=\"og:site_name\" content=\"Sindban\" \/>\n<meta property=\"article:published_time\" content=\"2021-07-23T20:48:37+00:00\" \/>\n<meta property=\"article:modified_time\" content=\"2021-07-26T18:44:44+00:00\" \/>\n<meta name=\"twitter:card\" content=\"summary_large_image\" \/>\n<meta name=\"twitter:label1\" content=\"Escrito por\" \/>\n\t<meta name=\"twitter:data1\" content=\"admin\" \/>\n\t<meta name=\"twitter:label2\" content=\"Est. tempo de leitura\" \/>\n\t<meta name=\"twitter:data2\" content=\"4 minutos\" \/>\n<script type=\"application\/ld+json\" class=\"yoast-schema-graph\">{\"@context\":\"https:\/\/schema.org\",\"@graph\":[{\"@type\":\"Organization\",\"@id\":\"https:\/\/bancariosdepiracicaba.com.br\/#organization\",\"name\":\"Sindban\",\"url\":\"https:\/\/bancariosdepiracicaba.com.br\/\",\"sameAs\":[],\"logo\":{\"@type\":\"ImageObject\",\"@id\":\"https:\/\/bancariosdepiracicaba.com.br\/#logo\",\"inLanguage\":\"pt-BR\",\"url\":\"https:\/\/site.bancariosdepiracicaba.com.br\/wp-content\/uploads\/2021\/04\/cropped-Asset-2.png\",\"contentUrl\":\"https:\/\/site.bancariosdepiracicaba.com.br\/wp-content\/uploads\/2021\/04\/cropped-Asset-2.png\",\"width\":512,\"height\":512,\"caption\":\"Sindban\"},\"image\":{\"@id\":\"https:\/\/bancariosdepiracicaba.com.br\/#logo\"}},{\"@type\":\"WebSite\",\"@id\":\"https:\/\/bancariosdepiracicaba.com.br\/#website\",\"url\":\"https:\/\/bancariosdepiracicaba.com.br\/\",\"name\":\"Sindban\",\"description\":\"Desenvolvimento\",\"publisher\":{\"@id\":\"https:\/\/bancariosdepiracicaba.com.br\/#organization\"},\"potentialAction\":[{\"@type\":\"SearchAction\",\"target\":{\"@type\":\"EntryPoint\",\"urlTemplate\":\"https:\/\/bancariosdepiracicaba.com.br\/?s={search_term_string}\"},\"query-input\":\"required name=search_term_string\"}],\"inLanguage\":\"pt-BR\"},{\"@type\":\"WebPage\",\"@id\":\"https:\/\/bancariosdepiracicaba.com.br\/?p=7842#webpage\",\"url\":\"https:\/\/bancariosdepiracicaba.com.br\/?p=7842\",\"name\":\"Frei Tito \u00e9 recebido por dirigentes no Sindicato - Sindban\",\"isPartOf\":{\"@id\":\"https:\/\/bancariosdepiracicaba.com.br\/#website\"},\"datePublished\":\"2021-07-23T20:48:37+00:00\",\"dateModified\":\"2021-07-26T18:44:44+00:00\",\"breadcrumb\":{\"@id\":\"https:\/\/bancariosdepiracicaba.com.br\/?p=7842#breadcrumb\"},\"inLanguage\":\"pt-BR\",\"potentialAction\":[{\"@type\":\"ReadAction\",\"target\":[\"https:\/\/bancariosdepiracicaba.com.br\/?p=7842\"]}]},{\"@type\":\"BreadcrumbList\",\"@id\":\"https:\/\/bancariosdepiracicaba.com.br\/?p=7842#breadcrumb\",\"itemListElement\":[{\"@type\":\"ListItem\",\"position\":1,\"name\":\"Home\",\"item\":\"https:\/\/bancariosdepiracicaba.com.br\/\"},{\"@type\":\"ListItem\",\"position\":2,\"name\":\"Frei Tito \u00e9 recebido por dirigentes no Sindicato\"}]},{\"@type\":\"Article\",\"@id\":\"https:\/\/bancariosdepiracicaba.com.br\/?p=7842#article\",\"isPartOf\":{\"@id\":\"https:\/\/bancariosdepiracicaba.com.br\/?p=7842#webpage\"},\"author\":{\"@id\":\"https:\/\/bancariosdepiracicaba.com.br\/#\/schema\/person\/6a12c780fc145ea2c9af09989ee600b0\"},\"headline\":\"Frei Tito \u00e9 recebido por dirigentes no Sindicato\",\"datePublished\":\"2021-07-23T20:48:37+00:00\",\"dateModified\":\"2021-07-26T18:44:44+00:00\",\"mainEntityOfPage\":{\"@id\":\"https:\/\/bancariosdepiracicaba.com.br\/?p=7842#webpage\"},\"wordCount\":824,\"commentCount\":0,\"publisher\":{\"@id\":\"https:\/\/bancariosdepiracicaba.com.br\/#organization\"},\"articleSection\":[\"Financeiras\",\"Uncategorized\"],\"inLanguage\":\"pt-BR\",\"potentialAction\":[{\"@type\":\"CommentAction\",\"name\":\"Comment\",\"target\":[\"https:\/\/bancariosdepiracicaba.com.br\/?p=7842#respond\"]}]},{\"@type\":\"Person\",\"@id\":\"https:\/\/bancariosdepiracicaba.com.br\/#\/schema\/person\/6a12c780fc145ea2c9af09989ee600b0\",\"name\":\"admin\",\"image\":{\"@type\":\"ImageObject\",\"@id\":\"https:\/\/bancariosdepiracicaba.com.br\/#personlogo\",\"inLanguage\":\"pt-BR\",\"url\":\"https:\/\/secure.gravatar.com\/avatar\/3a05e74c6579e68209676cb5cb64e0918f288da7a49210fa18d6e9cac1189840?s=96&d=mm&r=g\",\"contentUrl\":\"https:\/\/secure.gravatar.com\/avatar\/3a05e74c6579e68209676cb5cb64e0918f288da7a49210fa18d6e9cac1189840?s=96&d=mm&r=g\",\"caption\":\"admin\"},\"sameAs\":[\"https:\/\/site.bancariosdepiracicaba.com.br\"],\"url\":\"https:\/\/bancariosdepiracicaba.com.br\/?author=1\"}]}<\/script>\n<!-- \/ Yoast SEO Premium plugin. -->","yoast_head_json":{"title":"Frei Tito \u00e9 recebido por dirigentes no Sindicato - Sindban","robots":{"index":"index","follow":"follow","max-snippet":"max-snippet:-1","max-image-preview":"max-image-preview:large","max-video-preview":"max-video-preview:-1"},"canonical":"https:\/\/bancariosdepiracicaba.com.br\/?p=7842","og_locale":"pt_BR","og_type":"article","og_title":"Frei Tito \u00e9 recebido por dirigentes no Sindicato - Sindban","og_description":"O deputado estadual Francisco de Assis Pereira de Campos, o Frei Tito, que assume o mandato em janeiro de 2013, (devido \u00e0s elei\u00e7\u00f5es de Donizete Braga, em Mau\u00e1, com 57,14% e de Carlos Grana, em Santo Andr\u00e9, com 53,92% dos votos) foi recebido na tarde do dia 6, pelos dirigentes sindicais do Sindicato dos Banc\u00e1rios &hellip; Frei Tito \u00e9 recebido por dirigentes no Sindicato Leia mais &raquo;","og_url":"https:\/\/bancariosdepiracicaba.com.br\/?p=7842","og_site_name":"Sindban","article_published_time":"2021-07-23T20:48:37+00:00","article_modified_time":"2021-07-26T18:44:44+00:00","twitter_card":"summary_large_image","twitter_misc":{"Escrito por":"admin","Est. tempo de leitura":"4 minutos"},"schema":{"@context":"https:\/\/schema.org","@graph":[{"@type":"Organization","@id":"https:\/\/bancariosdepiracicaba.com.br\/#organization","name":"Sindban","url":"https:\/\/bancariosdepiracicaba.com.br\/","sameAs":[],"logo":{"@type":"ImageObject","@id":"https:\/\/bancariosdepiracicaba.com.br\/#logo","inLanguage":"pt-BR","url":"https:\/\/site.bancariosdepiracicaba.com.br\/wp-content\/uploads\/2021\/04\/cropped-Asset-2.png","contentUrl":"https:\/\/site.bancariosdepiracicaba.com.br\/wp-content\/uploads\/2021\/04\/cropped-Asset-2.png","width":512,"height":512,"caption":"Sindban"},"image":{"@id":"https:\/\/bancariosdepiracicaba.com.br\/#logo"}},{"@type":"WebSite","@id":"https:\/\/bancariosdepiracicaba.com.br\/#website","url":"https:\/\/bancariosdepiracicaba.com.br\/","name":"Sindban","description":"Desenvolvimento","publisher":{"@id":"https:\/\/bancariosdepiracicaba.com.br\/#organization"},"potentialAction":[{"@type":"SearchAction","target":{"@type":"EntryPoint","urlTemplate":"https:\/\/bancariosdepiracicaba.com.br\/?s={search_term_string}"},"query-input":"required name=search_term_string"}],"inLanguage":"pt-BR"},{"@type":"WebPage","@id":"https:\/\/bancariosdepiracicaba.com.br\/?p=7842#webpage","url":"https:\/\/bancariosdepiracicaba.com.br\/?p=7842","name":"Frei Tito \u00e9 recebido por dirigentes no Sindicato - Sindban","isPartOf":{"@id":"https:\/\/bancariosdepiracicaba.com.br\/#website"},"datePublished":"2021-07-23T20:48:37+00:00","dateModified":"2021-07-26T18:44:44+00:00","breadcrumb":{"@id":"https:\/\/bancariosdepiracicaba.com.br\/?p=7842#breadcrumb"},"inLanguage":"pt-BR","potentialAction":[{"@type":"ReadAction","target":["https:\/\/bancariosdepiracicaba.com.br\/?p=7842"]}]},{"@type":"BreadcrumbList","@id":"https:\/\/bancariosdepiracicaba.com.br\/?p=7842#breadcrumb","itemListElement":[{"@type":"ListItem","position":1,"name":"Home","item":"https:\/\/bancariosdepiracicaba.com.br\/"},{"@type":"ListItem","position":2,"name":"Frei Tito \u00e9 recebido por dirigentes no Sindicato"}]},{"@type":"Article","@id":"https:\/\/bancariosdepiracicaba.com.br\/?p=7842#article","isPartOf":{"@id":"https:\/\/bancariosdepiracicaba.com.br\/?p=7842#webpage"},"author":{"@id":"https:\/\/bancariosdepiracicaba.com.br\/#\/schema\/person\/6a12c780fc145ea2c9af09989ee600b0"},"headline":"Frei Tito \u00e9 recebido por dirigentes no Sindicato","datePublished":"2021-07-23T20:48:37+00:00","dateModified":"2021-07-26T18:44:44+00:00","mainEntityOfPage":{"@id":"https:\/\/bancariosdepiracicaba.com.br\/?p=7842#webpage"},"wordCount":824,"commentCount":0,"publisher":{"@id":"https:\/\/bancariosdepiracicaba.com.br\/#organization"},"articleSection":["Financeiras","Uncategorized"],"inLanguage":"pt-BR","potentialAction":[{"@type":"CommentAction","name":"Comment","target":["https:\/\/bancariosdepiracicaba.com.br\/?p=7842#respond"]}]},{"@type":"Person","@id":"https:\/\/bancariosdepiracicaba.com.br\/#\/schema\/person\/6a12c780fc145ea2c9af09989ee600b0","name":"admin","image":{"@type":"ImageObject","@id":"https:\/\/bancariosdepiracicaba.com.br\/#personlogo","inLanguage":"pt-BR","url":"https:\/\/secure.gravatar.com\/avatar\/3a05e74c6579e68209676cb5cb64e0918f288da7a49210fa18d6e9cac1189840?s=96&d=mm&r=g","contentUrl":"https:\/\/secure.gravatar.com\/avatar\/3a05e74c6579e68209676cb5cb64e0918f288da7a49210fa18d6e9cac1189840?s=96&d=mm&r=g","caption":"admin"},"sameAs":["https:\/\/site.bancariosdepiracicaba.com.br"],"url":"https:\/\/bancariosdepiracicaba.com.br\/?author=1"}]}},"_links":{"self":[{"href":"https:\/\/bancariosdepiracicaba.com.br\/index.php?rest_route=\/wp\/v2\/posts\/7842","targetHints":{"allow":["GET"]}}],"collection":[{"href":"https:\/\/bancariosdepiracicaba.com.br\/index.php?rest_route=\/wp\/v2\/posts"}],"about":[{"href":"https:\/\/bancariosdepiracicaba.com.br\/index.php?rest_route=\/wp\/v2\/types\/post"}],"author":[{"embeddable":true,"href":"https:\/\/bancariosdepiracicaba.com.br\/index.php?rest_route=\/wp\/v2\/users\/1"}],"replies":[{"embeddable":true,"href":"https:\/\/bancariosdepiracicaba.com.br\/index.php?rest_route=%2Fwp%2Fv2%2Fcomments&post=7842"}],"version-history":[{"count":1,"href":"https:\/\/bancariosdepiracicaba.com.br\/index.php?rest_route=\/wp\/v2\/posts\/7842\/revisions"}],"predecessor-version":[{"id":12636,"href":"https:\/\/bancariosdepiracicaba.com.br\/index.php?rest_route=\/wp\/v2\/posts\/7842\/revisions\/12636"}],"wp:attachment":[{"href":"https:\/\/bancariosdepiracicaba.com.br\/index.php?rest_route=%2Fwp%2Fv2%2Fmedia&parent=7842"}],"wp:term":[{"taxonomy":"category","embeddable":true,"href":"https:\/\/bancariosdepiracicaba.com.br\/index.php?rest_route=%2Fwp%2Fv2%2Fcategories&post=7842"},{"taxonomy":"post_tag","embeddable":true,"href":"https:\/\/bancariosdepiracicaba.com.br\/index.php?rest_route=%2Fwp%2Fv2%2Ftags&post=7842"}],"curies":[{"name":"wp","href":"https:\/\/api.w.org\/{rel}","templated":true}]}}