{"id":7841,"date":"2021-07-23T20:48:36","date_gmt":"2021-07-23T20:48:36","guid":{"rendered":"https:\/\/site.bancariosdepiracicaba.com.br\/2021\/07\/23\/contraf-cut-volta-a-criticar-horario-ampliado-e-cobra-empregos-do-itau\/"},"modified":"2021-07-26T19:03:36","modified_gmt":"2021-07-26T19:03:36","slug":"contraf-cut-volta-a-criticar-horario-ampliado-e-cobra-empregos-do-itau","status":"publish","type":"post","link":"https:\/\/bancariosdepiracicaba.com.br\/?p=7841","title":{"rendered":"Contraf-CUT volta a criticar hor\u00e1rio ampliado e cobra empregos do Ita\u00fa"},"content":{"rendered":"<p>A Contraf-CUT, federa\u00e7\u00f5es e sindicatos retomaram ontem (6) com o Ita\u00fa, em S\u00e3o Paulo, a discuss\u00e3o sobre o projeto de amplia\u00e7\u00e3o do hor\u00e1rio de atendimento ao p\u00fablico implantado pelo banco em v\u00e1rias ag\u00eancias do pa \u00eds. Na negocia\u00e7\u00e3o anterior, ocorrida no dia 13 de setembro, as entidades sindicais j\u00e1 haviam criticado a forma unilateral e sem transpar\u00eancia utilizada pelo banco na implementa\u00e7\u00e3o do projeto, no final de agosto.<\/p>\n<p>Segundo o banco, o chamado &#8220;projeto corredor&#8221; ir\u00e1 abranger cerca de 400 ag\u00eancias, que atender\u00e3o em dois hor\u00e1rios diferentes: uma metade das 9h \u00e0s 16h e a outra das 12h \u00e0s 19h. Al\u00e9m delas, 68 ag\u00eancias localizadas em shopping centers tamb\u00e9m passaram a abrir as portas das 12h \u00e0s 20h. <\/p>\n<p>Em Piracicaba as mudan\u00e7as j\u00e1 come\u00e7aram. De acordo com os dirigentes sindicais Marcelo Abrah\u00e3o e Jo\u00e3o Francisco Marchesine Eloy, que estiveram na reuni\u00e3o ontem em S\u00e3o Paulo,  quatro ag\u00eancias j\u00e1 atendem em hor\u00e1rios diferenciados desde o \u00faltimo dia 29 de outubro. Duas delas no Bairro Vila Rezende, em hor\u00e1rios que variam das 8h \u00e0s 16h (Ita\u00fa) e das 10h \u00e0s 18h (Ita\u00fa\/Unibanco). As outras duas ag\u00eancias funcionam na Prudente de Moraes (das 8h \u00e0s 16h) e na rua Governador Pedro de Toledo (das 10h \u00e0s 18h). <\/p>\n<p>&#8220;Deixamos claro para o banco que n\u00e3o concordamos com esse projeto. Ele tem gerado extrapola\u00e7\u00e3o de jornada e transtornos na vida dos funcion\u00e1rios, al\u00e9m de n\u00e3o aumentar o n\u00famero de empregos na institui\u00e7\u00e3o&#8221;, ressalta Abrah\u00e3o, integrante do COE (Comiss\u00e3o de Organiza\u00e7\u00e3o dos Empregados) do Ita\u00fa.<\/p>\n<p>Os representantes do Ita\u00fa trouxeram respostas sobre alguns itens que o movimento sindical cobrou na \u00faltima reuni\u00e3o. O banco reafirmou que os funcion\u00e1rios que n\u00e3o quiserem continuar lotados em ag\u00eancias envolvidas no projeto ser\u00e3o realocados, sem nenhum tipo de repres\u00e1lia por parte dos gestores. <\/p>\n<p>Em rela\u00e7\u00e3o \u00e0 orienta\u00e7\u00e3o sobre a movimenta\u00e7\u00e3o de numer\u00e1rio e cheques, ser\u00e1 mantido um limite de movimenta\u00e7\u00e3o para os clientes. O banco admitiu que vem ocorrendo extrapola\u00e7\u00e3o de jornada em algumas unidades.<\/p>\n<p>Proposta dos banc\u00e1rios<br \/>\n&#8220;Reafirmamos que a Contraf-CUT tem proposta sobre o hor\u00e1rio de atendimento nos bancos, que \u00e9 a abertura das ag\u00eancias das 9h \u00e0s 17h com dois turnos de trabalho, conforme consta h\u00e1 muitos anos na minuta nacional de reivindica\u00e7\u00f5es dos banc\u00e1rios para a Fenaban. Com isso, teremos mais contrata\u00e7\u00f5es e melhores condi\u00e7\u00f5es de trabalho e de atendimento aos clientes e \u00e0 popula\u00e7\u00e3o&#8221;, enfatiza o dirigente sindical. <\/p>\n<p>&#8220;Vamos continuar defendendo a proposta da categoria e mobilizar os funcion\u00e1rios do Ita\u00fa para combater esse projeto&#8221;, salienta.<\/p>\n<p>Mais empregos<\/p>\n<p>O Ita\u00fa lucrou at\u00e9 setembro de 2012 mais de R$ 10 bilh\u00f5es e cortou 7.831 postos de trabalho no mesmo per \u00edodo. O n\u00famero de trabalhadores recuou no \u00faltimo trimestre de 92.517 para 90.427, uma redu\u00e7\u00e3o de 2.090 empregos. Desde abril do ano passado, o Ita\u00fa extinguiu 13.595 vagas, conforme an\u00e1lise do Dieese.<\/p>\n<p>&#8220;O Ita\u00fa precisa gerar mais empregos, parar com a rotatividade e melhorar as condi\u00e7\u00f5es de trabalho dos funcion\u00e1rios. A amplia\u00e7\u00e3o do hor\u00e1rio de atendimento das ag\u00eancias das 9h \u00e0s 17h, com dois turnos de trabalho, seria um primeiro passo, ao inv\u00e9s da implanta\u00e7\u00e3o desse projeto que tem precarizado ainda mais as condi\u00e7\u00f5es de trabalho e n\u00e3o tem gerado empregos&#8221;, aponta Eloy.<\/p>\n<p>Mais seguran\u00e7a<\/p>\n<p>A Contraf-CUT criticou ainda a forma como est\u00e1 sendo feita a triagem de clientes para entrada nas ag\u00eancias depois do hor\u00e1rio externo. &#8220;Em muitos casos, devido \u00e0 falta de funcion\u00e1rios, a triagem est\u00e1 sendo feita por vigilantes, que acabam se desviando da sua fun\u00e7\u00e3o de garantir a seguran\u00e7a nos locais de trabalho&#8221;, alerta Abrah\u00e3o.<\/p>\n<p>A falta de condi\u00e7\u00f5es de seguran\u00e7a, denunciada pelo movimento sindical, j\u00e1 resultou na retirada de quatro ag\u00eancias do projeto de atendimento: duas em S\u00e3o Paulo e duas em Bras \u00edlia. &#8220;Exigimos mais seguran\u00e7a nas ag\u00eancias e postos de atendimento&#8221;, ressalta.<\/p>\n<p>CPA-10<br \/>\nDepois de den\u00fancias do movimento sindical de que os caixas estavam sendo amea\u00e7ados de demiss\u00e3o se n\u00e3o obtivessem a certifica\u00e7\u00e3o CPA-10 da Associa\u00e7\u00e3o Nacional dos Bancos de Investimentos (Anbid), os representantes do Ita\u00fa informaram que houve nova determina\u00e7\u00e3o por parte da \u00e1rea operacional aos seus gestores, deixando claro que essa n\u00e3o \u00e9 a pol \u00edtica do banco.<\/p>\n<p>Novas negocia\u00e7\u00f5es <\/p>\n<p>Ser\u00e3o agendadas pelo menos mais duas rodadas de negocia\u00e7\u00e3o at\u00e9 o final do ano. Uma para tratar de sa\u00fade, com foco principal no plano de sa\u00fade, e outra sobre os programas pr\u00f3prios de remunera\u00e7\u00e3o vari\u00e1vel do banco, como  PCR e outros. As datas, no entanto, ainda n\u00e3o foram definidas.<\/p>\n<p>Fonte: Fernanda Moraes &#8211; Seeb Piracicaba com Contraf-CUT<\/p>\n","protected":false},"excerpt":{"rendered":"<p>A Contraf-CUT, federa\u00e7\u00f5es e sindicatos retomaram ontem (6) com o Ita\u00fa, em S\u00e3o Paulo, a discuss\u00e3o sobre o projeto de amplia\u00e7\u00e3o do hor\u00e1rio de atendimento ao p\u00fablico implantado pelo banco em v\u00e1rias ag\u00eancias do pa \u00eds. Na negocia\u00e7\u00e3o anterior, ocorrida no dia 13 de setembro, as entidades sindicais j\u00e1 haviam criticado a forma unilateral e &hellip;<\/p>\n<p class=\"read-more\"> <a class=\"\" href=\"https:\/\/bancariosdepiracicaba.com.br\/?p=7841\"> <span class=\"screen-reader-text\">Contraf-CUT volta a criticar hor\u00e1rio ampliado e cobra empregos do Ita\u00fa<\/span> Leia mais &raquo;<\/a><\/p>\n","protected":false},"author":1,"featured_media":0,"comment_status":"open","ping_status":"open","sticky":false,"template":"","format":"standard","meta":{"site-sidebar-layout":"default","site-content-layout":"default","ast-main-header-display":"","ast-hfb-above-header-display":"","ast-hfb-below-header-display":"","ast-hfb-mobile-header-display":"","site-post-title":"","ast-breadcrumbs-content":"","ast-featured-img":"","footer-sml-layout":"","theme-transparent-header-meta":"","adv-header-id-meta":"","stick-header-meta":"","header-above-stick-meta":"","header-main-stick-meta":"","header-below-stick-meta":"","footnotes":""},"categories":[13,1],"tags":[],"class_list":["post-7841","post","type-post","status-publish","format-standard","hentry","category-itau","category-uncategorized"],"yoast_head":"<!-- This site is optimized with the Yoast SEO Premium plugin v16.1 (Yoast SEO v18.0) - https:\/\/yoast.com\/wordpress\/plugins\/seo\/ -->\n<title>Contraf-CUT volta a criticar hor\u00e1rio ampliado e cobra empregos do Ita\u00fa - Sindban<\/title>\n<meta name=\"robots\" content=\"index, follow, max-snippet:-1, max-image-preview:large, max-video-preview:-1\" \/>\n<link rel=\"canonical\" href=\"https:\/\/bancariosdepiracicaba.com.br\/?p=7841\" \/>\n<meta property=\"og:locale\" content=\"pt_BR\" \/>\n<meta property=\"og:type\" content=\"article\" \/>\n<meta property=\"og:title\" content=\"Contraf-CUT volta a criticar hor\u00e1rio ampliado e cobra empregos do Ita\u00fa - Sindban\" \/>\n<meta property=\"og:description\" content=\"A Contraf-CUT, federa\u00e7\u00f5es e sindicatos retomaram ontem (6) com o Ita\u00fa, em S\u00e3o Paulo, a discuss\u00e3o sobre o projeto de amplia\u00e7\u00e3o do hor\u00e1rio de atendimento ao p\u00fablico implantado pelo banco em v\u00e1rias ag\u00eancias do pa \u00eds. Na negocia\u00e7\u00e3o anterior, ocorrida no dia 13 de setembro, as entidades sindicais j\u00e1 haviam criticado a forma unilateral e &hellip; Contraf-CUT volta a criticar hor\u00e1rio ampliado e cobra empregos do Ita\u00fa Leia mais &raquo;\" \/>\n<meta property=\"og:url\" content=\"https:\/\/bancariosdepiracicaba.com.br\/?p=7841\" \/>\n<meta property=\"og:site_name\" content=\"Sindban\" \/>\n<meta property=\"article:published_time\" content=\"2021-07-23T20:48:36+00:00\" \/>\n<meta property=\"article:modified_time\" content=\"2021-07-26T19:03:36+00:00\" \/>\n<meta name=\"twitter:card\" content=\"summary_large_image\" \/>\n<meta name=\"twitter:label1\" content=\"Escrito por\" \/>\n\t<meta name=\"twitter:data1\" content=\"admin\" \/>\n\t<meta name=\"twitter:label2\" content=\"Est. tempo de leitura\" \/>\n\t<meta name=\"twitter:data2\" content=\"4 minutos\" \/>\n<script type=\"application\/ld+json\" class=\"yoast-schema-graph\">{\"@context\":\"https:\/\/schema.org\",\"@graph\":[{\"@type\":\"Organization\",\"@id\":\"https:\/\/bancariosdepiracicaba.com.br\/#organization\",\"name\":\"Sindban\",\"url\":\"https:\/\/bancariosdepiracicaba.com.br\/\",\"sameAs\":[],\"logo\":{\"@type\":\"ImageObject\",\"@id\":\"https:\/\/bancariosdepiracicaba.com.br\/#logo\",\"inLanguage\":\"pt-BR\",\"url\":\"https:\/\/site.bancariosdepiracicaba.com.br\/wp-content\/uploads\/2021\/04\/cropped-Asset-2.png\",\"contentUrl\":\"https:\/\/site.bancariosdepiracicaba.com.br\/wp-content\/uploads\/2021\/04\/cropped-Asset-2.png\",\"width\":512,\"height\":512,\"caption\":\"Sindban\"},\"image\":{\"@id\":\"https:\/\/bancariosdepiracicaba.com.br\/#logo\"}},{\"@type\":\"WebSite\",\"@id\":\"https:\/\/bancariosdepiracicaba.com.br\/#website\",\"url\":\"https:\/\/bancariosdepiracicaba.com.br\/\",\"name\":\"Sindban\",\"description\":\"Desenvolvimento\",\"publisher\":{\"@id\":\"https:\/\/bancariosdepiracicaba.com.br\/#organization\"},\"potentialAction\":[{\"@type\":\"SearchAction\",\"target\":{\"@type\":\"EntryPoint\",\"urlTemplate\":\"https:\/\/bancariosdepiracicaba.com.br\/?s={search_term_string}\"},\"query-input\":\"required name=search_term_string\"}],\"inLanguage\":\"pt-BR\"},{\"@type\":\"WebPage\",\"@id\":\"https:\/\/bancariosdepiracicaba.com.br\/?p=7841#webpage\",\"url\":\"https:\/\/bancariosdepiracicaba.com.br\/?p=7841\",\"name\":\"Contraf-CUT volta a criticar hor\u00e1rio ampliado e cobra empregos do Ita\u00fa - Sindban\",\"isPartOf\":{\"@id\":\"https:\/\/bancariosdepiracicaba.com.br\/#website\"},\"datePublished\":\"2021-07-23T20:48:36+00:00\",\"dateModified\":\"2021-07-26T19:03:36+00:00\",\"breadcrumb\":{\"@id\":\"https:\/\/bancariosdepiracicaba.com.br\/?p=7841#breadcrumb\"},\"inLanguage\":\"pt-BR\",\"potentialAction\":[{\"@type\":\"ReadAction\",\"target\":[\"https:\/\/bancariosdepiracicaba.com.br\/?p=7841\"]}]},{\"@type\":\"BreadcrumbList\",\"@id\":\"https:\/\/bancariosdepiracicaba.com.br\/?p=7841#breadcrumb\",\"itemListElement\":[{\"@type\":\"ListItem\",\"position\":1,\"name\":\"Home\",\"item\":\"https:\/\/bancariosdepiracicaba.com.br\/\"},{\"@type\":\"ListItem\",\"position\":2,\"name\":\"Contraf-CUT volta a criticar hor\u00e1rio ampliado e cobra empregos do Ita\u00fa\"}]},{\"@type\":\"Article\",\"@id\":\"https:\/\/bancariosdepiracicaba.com.br\/?p=7841#article\",\"isPartOf\":{\"@id\":\"https:\/\/bancariosdepiracicaba.com.br\/?p=7841#webpage\"},\"author\":{\"@id\":\"https:\/\/bancariosdepiracicaba.com.br\/#\/schema\/person\/6a12c780fc145ea2c9af09989ee600b0\"},\"headline\":\"Contraf-CUT volta a criticar hor\u00e1rio ampliado e cobra empregos do Ita\u00fa\",\"datePublished\":\"2021-07-23T20:48:36+00:00\",\"dateModified\":\"2021-07-26T19:03:36+00:00\",\"mainEntityOfPage\":{\"@id\":\"https:\/\/bancariosdepiracicaba.com.br\/?p=7841#webpage\"},\"wordCount\":837,\"commentCount\":0,\"publisher\":{\"@id\":\"https:\/\/bancariosdepiracicaba.com.br\/#organization\"},\"articleSection\":[\"Ita\u00fa\",\"Uncategorized\"],\"inLanguage\":\"pt-BR\",\"potentialAction\":[{\"@type\":\"CommentAction\",\"name\":\"Comment\",\"target\":[\"https:\/\/bancariosdepiracicaba.com.br\/?p=7841#respond\"]}]},{\"@type\":\"Person\",\"@id\":\"https:\/\/bancariosdepiracicaba.com.br\/#\/schema\/person\/6a12c780fc145ea2c9af09989ee600b0\",\"name\":\"admin\",\"image\":{\"@type\":\"ImageObject\",\"@id\":\"https:\/\/bancariosdepiracicaba.com.br\/#personlogo\",\"inLanguage\":\"pt-BR\",\"url\":\"https:\/\/secure.gravatar.com\/avatar\/3a05e74c6579e68209676cb5cb64e0918f288da7a49210fa18d6e9cac1189840?s=96&d=mm&r=g\",\"contentUrl\":\"https:\/\/secure.gravatar.com\/avatar\/3a05e74c6579e68209676cb5cb64e0918f288da7a49210fa18d6e9cac1189840?s=96&d=mm&r=g\",\"caption\":\"admin\"},\"sameAs\":[\"https:\/\/site.bancariosdepiracicaba.com.br\"],\"url\":\"https:\/\/bancariosdepiracicaba.com.br\/?author=1\"}]}<\/script>\n<!-- \/ Yoast SEO Premium plugin. -->","yoast_head_json":{"title":"Contraf-CUT volta a criticar hor\u00e1rio ampliado e cobra empregos do Ita\u00fa - Sindban","robots":{"index":"index","follow":"follow","max-snippet":"max-snippet:-1","max-image-preview":"max-image-preview:large","max-video-preview":"max-video-preview:-1"},"canonical":"https:\/\/bancariosdepiracicaba.com.br\/?p=7841","og_locale":"pt_BR","og_type":"article","og_title":"Contraf-CUT volta a criticar hor\u00e1rio ampliado e cobra empregos do Ita\u00fa - Sindban","og_description":"A Contraf-CUT, federa\u00e7\u00f5es e sindicatos retomaram ontem (6) com o Ita\u00fa, em S\u00e3o Paulo, a discuss\u00e3o sobre o projeto de amplia\u00e7\u00e3o do hor\u00e1rio de atendimento ao p\u00fablico implantado pelo banco em v\u00e1rias ag\u00eancias do pa \u00eds. Na negocia\u00e7\u00e3o anterior, ocorrida no dia 13 de setembro, as entidades sindicais j\u00e1 haviam criticado a forma unilateral e &hellip; Contraf-CUT volta a criticar hor\u00e1rio ampliado e cobra empregos do Ita\u00fa Leia mais &raquo;","og_url":"https:\/\/bancariosdepiracicaba.com.br\/?p=7841","og_site_name":"Sindban","article_published_time":"2021-07-23T20:48:36+00:00","article_modified_time":"2021-07-26T19:03:36+00:00","twitter_card":"summary_large_image","twitter_misc":{"Escrito por":"admin","Est. tempo de leitura":"4 minutos"},"schema":{"@context":"https:\/\/schema.org","@graph":[{"@type":"Organization","@id":"https:\/\/bancariosdepiracicaba.com.br\/#organization","name":"Sindban","url":"https:\/\/bancariosdepiracicaba.com.br\/","sameAs":[],"logo":{"@type":"ImageObject","@id":"https:\/\/bancariosdepiracicaba.com.br\/#logo","inLanguage":"pt-BR","url":"https:\/\/site.bancariosdepiracicaba.com.br\/wp-content\/uploads\/2021\/04\/cropped-Asset-2.png","contentUrl":"https:\/\/site.bancariosdepiracicaba.com.br\/wp-content\/uploads\/2021\/04\/cropped-Asset-2.png","width":512,"height":512,"caption":"Sindban"},"image":{"@id":"https:\/\/bancariosdepiracicaba.com.br\/#logo"}},{"@type":"WebSite","@id":"https:\/\/bancariosdepiracicaba.com.br\/#website","url":"https:\/\/bancariosdepiracicaba.com.br\/","name":"Sindban","description":"Desenvolvimento","publisher":{"@id":"https:\/\/bancariosdepiracicaba.com.br\/#organization"},"potentialAction":[{"@type":"SearchAction","target":{"@type":"EntryPoint","urlTemplate":"https:\/\/bancariosdepiracicaba.com.br\/?s={search_term_string}"},"query-input":"required name=search_term_string"}],"inLanguage":"pt-BR"},{"@type":"WebPage","@id":"https:\/\/bancariosdepiracicaba.com.br\/?p=7841#webpage","url":"https:\/\/bancariosdepiracicaba.com.br\/?p=7841","name":"Contraf-CUT volta a criticar hor\u00e1rio ampliado e cobra empregos do Ita\u00fa - Sindban","isPartOf":{"@id":"https:\/\/bancariosdepiracicaba.com.br\/#website"},"datePublished":"2021-07-23T20:48:36+00:00","dateModified":"2021-07-26T19:03:36+00:00","breadcrumb":{"@id":"https:\/\/bancariosdepiracicaba.com.br\/?p=7841#breadcrumb"},"inLanguage":"pt-BR","potentialAction":[{"@type":"ReadAction","target":["https:\/\/bancariosdepiracicaba.com.br\/?p=7841"]}]},{"@type":"BreadcrumbList","@id":"https:\/\/bancariosdepiracicaba.com.br\/?p=7841#breadcrumb","itemListElement":[{"@type":"ListItem","position":1,"name":"Home","item":"https:\/\/bancariosdepiracicaba.com.br\/"},{"@type":"ListItem","position":2,"name":"Contraf-CUT volta a criticar hor\u00e1rio ampliado e cobra empregos do Ita\u00fa"}]},{"@type":"Article","@id":"https:\/\/bancariosdepiracicaba.com.br\/?p=7841#article","isPartOf":{"@id":"https:\/\/bancariosdepiracicaba.com.br\/?p=7841#webpage"},"author":{"@id":"https:\/\/bancariosdepiracicaba.com.br\/#\/schema\/person\/6a12c780fc145ea2c9af09989ee600b0"},"headline":"Contraf-CUT volta a criticar hor\u00e1rio ampliado e cobra empregos do Ita\u00fa","datePublished":"2021-07-23T20:48:36+00:00","dateModified":"2021-07-26T19:03:36+00:00","mainEntityOfPage":{"@id":"https:\/\/bancariosdepiracicaba.com.br\/?p=7841#webpage"},"wordCount":837,"commentCount":0,"publisher":{"@id":"https:\/\/bancariosdepiracicaba.com.br\/#organization"},"articleSection":["Ita\u00fa","Uncategorized"],"inLanguage":"pt-BR","potentialAction":[{"@type":"CommentAction","name":"Comment","target":["https:\/\/bancariosdepiracicaba.com.br\/?p=7841#respond"]}]},{"@type":"Person","@id":"https:\/\/bancariosdepiracicaba.com.br\/#\/schema\/person\/6a12c780fc145ea2c9af09989ee600b0","name":"admin","image":{"@type":"ImageObject","@id":"https:\/\/bancariosdepiracicaba.com.br\/#personlogo","inLanguage":"pt-BR","url":"https:\/\/secure.gravatar.com\/avatar\/3a05e74c6579e68209676cb5cb64e0918f288da7a49210fa18d6e9cac1189840?s=96&d=mm&r=g","contentUrl":"https:\/\/secure.gravatar.com\/avatar\/3a05e74c6579e68209676cb5cb64e0918f288da7a49210fa18d6e9cac1189840?s=96&d=mm&r=g","caption":"admin"},"sameAs":["https:\/\/site.bancariosdepiracicaba.com.br"],"url":"https:\/\/bancariosdepiracicaba.com.br\/?author=1"}]}},"_links":{"self":[{"href":"https:\/\/bancariosdepiracicaba.com.br\/index.php?rest_route=\/wp\/v2\/posts\/7841","targetHints":{"allow":["GET"]}}],"collection":[{"href":"https:\/\/bancariosdepiracicaba.com.br\/index.php?rest_route=\/wp\/v2\/posts"}],"about":[{"href":"https:\/\/bancariosdepiracicaba.com.br\/index.php?rest_route=\/wp\/v2\/types\/post"}],"author":[{"embeddable":true,"href":"https:\/\/bancariosdepiracicaba.com.br\/index.php?rest_route=\/wp\/v2\/users\/1"}],"replies":[{"embeddable":true,"href":"https:\/\/bancariosdepiracicaba.com.br\/index.php?rest_route=%2Fwp%2Fv2%2Fcomments&post=7841"}],"version-history":[{"count":1,"href":"https:\/\/bancariosdepiracicaba.com.br\/index.php?rest_route=\/wp\/v2\/posts\/7841\/revisions"}],"predecessor-version":[{"id":12813,"href":"https:\/\/bancariosdepiracicaba.com.br\/index.php?rest_route=\/wp\/v2\/posts\/7841\/revisions\/12813"}],"wp:attachment":[{"href":"https:\/\/bancariosdepiracicaba.com.br\/index.php?rest_route=%2Fwp%2Fv2%2Fmedia&parent=7841"}],"wp:term":[{"taxonomy":"category","embeddable":true,"href":"https:\/\/bancariosdepiracicaba.com.br\/index.php?rest_route=%2Fwp%2Fv2%2Fcategories&post=7841"},{"taxonomy":"post_tag","embeddable":true,"href":"https:\/\/bancariosdepiracicaba.com.br\/index.php?rest_route=%2Fwp%2Fv2%2Ftags&post=7841"}],"curies":[{"name":"wp","href":"https:\/\/api.w.org\/{rel}","templated":true}]}}