{"id":7839,"date":"2021-07-23T20:48:34","date_gmt":"2021-07-23T20:48:34","guid":{"rendered":"https:\/\/site.bancariosdepiracicaba.com.br\/2021\/07\/23\/lula-diz-que-todos-os-trabalhadores-devem-conhecer-a-cct-dos-bancarios\/"},"modified":"2021-08-02T16:29:35","modified_gmt":"2021-08-02T19:29:35","slug":"lula-diz-que-todos-os-trabalhadores-devem-conhecer-a-cct-dos-bancarios","status":"publish","type":"post","link":"https:\/\/bancariosdepiracicaba.com.br\/?p=7839","title":{"rendered":"Lula diz que todos os trabalhadores devem conhecer a CCT dos banc\u00e1rios"},"content":{"rendered":"<p>&#8220;Conven\u00e7\u00f5es coletivas de trabalho como esta dos banc\u00e1rios, assim como o dos petroleiros, devem ser divulgadas para os trabalhadores de todas as categorias, para que eles possam conhecer essas experi\u00eancias bem sucedidas e os ajudem na discuss\u00e3o de como conquistar seus pr\u00f3prios contratos coletivos.&#8221; <\/p>\n<p>A sugest\u00e3o foi feita nesta ter\u00e7a-feira 6 de novembro pelo ex-presidente Luiz In\u00e1cio Lula da Silva, na abertura da 1&ordf; Confer\u00eancia Nacional de Negocia\u00e7\u00e3o Coletiva promovida pela Confedera\u00e7\u00e3o Nacional dos Metal\u00fargicos da CUT (CNM-CUT), em S\u00e3o Bernardo do Campo (SP). Depois do pronunciamento de Lula, o presidente da Contraf-CUT, Carlos Cordeiro, foi convidado a fazer uma apresenta\u00e7\u00e3o da Conven\u00e7\u00e3o Coletiva de Trabalho (CCT) dos banc\u00e1rios, que est\u00e1 completando 20 anos.<\/p>\n<p>Veja aqui o caderno publicado pela Contraf-CUT em comemora\u00e7\u00e3o ao 20\u00ba anivers\u00e1rio da CCT, o mesmo que Lula est\u00e1 segurando na foto.<\/p>\n<p>&#8220;O contrato coletivo de trabalho \u00e9 resultado da evolu\u00e7\u00e3o do movimento sindical e \u00e9 essencial para contemplar as principais necessidades do conjunto da categoria. Por isso, o desafio da CNM\/CUT \u00e9 o de, a partir de agora, fazer uma programa\u00e7\u00e3o para que ele seja conquistado&#8221;, acrescentou Lula, convidado de honra da Confer\u00eancia, que re\u00fane mais de 180 dirigentes sindicais metal\u00fargicos de todo o pa \u00eds e tem como objetivo apresentar no final um conjunto de propostas que sirvam de base para um esbo\u00e7o de conven\u00e7\u00e3o coletiva nacional da categoria.<\/p>\n<p>Na abertura do evento, Paulo Cayres, presidente da CNM\/CUT, lembrou que a busca do acordo nacional foi o que motivou a cria\u00e7\u00e3o da pr\u00f3pria Confedera\u00e7\u00e3o. &#8220;\u00e9 preciso reduzir as diferen\u00e7as existentes entre os direitos da categoria, especialmente o salarial. E o movimento sindical tem uma grande responsabilidade nisso, pois \u00e9 seu papel tamb\u00e9m buscar a distribui\u00e7\u00e3o de renda no pa \u00eds&#8221;, disse.<\/p>\n<p>Unidade nacional<\/p>\n<p>Lula fez os elogios \u00e0 CCT dos banc\u00e1rios porque ela \u00e9 a \u00fanica no pa \u00eds assinada por uma categoria de trabalhadores com m\u00faltiplas empresas que garante os mesmos sal\u00e1rios e os mesmos direitos em todo o territ\u00f3rio nacional. Por essa raz\u00e3o os metal\u00fargicos convidaram a Contraf-CUT a apresentar a CCT dos banc\u00e1rios em sua confer\u00eancia. <\/p>\n<p>&#8220;\u00e9 um imenso prazer poder participar dessa confer\u00eancia e compartilhar com os companheiros metal\u00fargicos a experi\u00eancia dos banc\u00e1rios com as negocia\u00e7\u00f5es coletivas nacionais&#8221;, agradeceu Carlos Cordeiro.<\/p>\n<p>O presidente da Contraf-CUT fez um hist\u00f3rico do processo de organiza\u00e7\u00e3o da categoria banc\u00e1ria p\u00f3s-ditadura militar, quando havia uma grande fragmenta\u00e7\u00e3o e os acordos salariais eram assinados banco a banco e regionalmente, resultando em diferen\u00e7as de sal\u00e1rio e de direitos.<\/p>\n<p>&#8220;Nossa atual organiza\u00e7\u00e3o foi conquistada em d\u00e9cadas de lutas e de busca da unidade nacional&#8221;, afirmou Carlos Cordeiro, lembrando esse processo passou pela conquista da unifica\u00e7\u00e3o nacional da data-base em 1982, pela funda\u00e7\u00e3o do Departamento Nacional dos Banc\u00e1rios (DNB-CUT) em 1985, pela unifica\u00e7\u00e3o do piso salarial em 1991, pela transforma\u00e7\u00e3o do DNB em Confedera\u00e7\u00e3o (CNB-CUT) em 1992, mesmo ano em que foi assinada a CCT, e a funda\u00e7\u00e3o da Contraf-CUT em 2006, com o objetivo de buscar a representa\u00e7\u00e3o de todos os trabalhadores do ramo financeiro, al\u00e9m dos banc\u00e1rios.<\/p>\n<p>O presidente da Contraf-CUT informou ainda que, al\u00e9m da negocia\u00e7\u00e3o da CCT com a Fenaban, os banc\u00e1rios possuem simultaneamente outras inst\u00e2ncias de negocia\u00e7\u00e3o com os bancos, como os aditivos espec \u00edficos com os bancos p\u00fablicos federais e estaduais e as mesas tem\u00e1ticas sobre sa\u00fade do trabalhador, igualdade de oportunidades, terceiriza\u00e7\u00e3o e seguran\u00e7a banc\u00e1ria.<\/p>\n<p>Organiza\u00e7\u00e3o, mobiliza\u00e7\u00e3o e negocia\u00e7\u00e3o<\/p>\n<p>&#8220;Mas gostaria de destacar particularmente a nossa experi\u00eancia bem-sucedida das Comiss\u00f5es de Organiza\u00e7\u00e3o de Empresa (COE), que eu considero o cora\u00e7\u00e3o da Contraf-CUT porque esses coletivos s\u00e3o respons\u00e1veis pela organiza\u00e7\u00e3o, mobiliza\u00e7\u00e3o e negocia\u00e7\u00e3o em todos os grandes bancos em todo o pa \u00eds&#8221;, acrescentou Cordeiro.<br \/>\nAl\u00e9m da Contraf-CUT, participaram da Confer\u00eancia dos Metal\u00fargicos o coordenador da Federa\u00e7\u00e3o \u00fanica dos Petroleiros (FUP), Jo\u00e3o Ant\u00f4nio de Moraes, e o presidente da Confedera\u00e7\u00e3o Nacional dos Trabalhadores da Ind\u00fastria da Constru\u00e7\u00e3o e da Madeira, Cl\u00e1udio da Silva Gomes. <\/p>\n<p>Os petroleiros tamb\u00e9m t\u00eam uma conven\u00e7\u00e3o coletiva nacional (mas assinada com uma \u00fanica empresa, a Petrobras) e os trabalhadores da constru\u00e7\u00e3o civil est\u00e3o em vias de conquistar um contrato nacional de trabalho com as empreiteiras que tocam as grandes obras de infra-estrutura do pa \u00eds, principalmente as que fazem parte do Plano de Acelera\u00e7\u00e3o do Crescimento (PAC).<\/p>\n<p>Fonte: Contraf-CUT, com CNM-CUT<\/p>\n","protected":false},"excerpt":{"rendered":"<p>&#8220;Conven\u00e7\u00f5es coletivas de trabalho como esta dos banc\u00e1rios, assim como o dos petroleiros, devem ser divulgadas para os trabalhadores de todas as categorias, para que eles possam conhecer essas experi\u00eancias bem sucedidas e os ajudem na discuss\u00e3o de como conquistar seus pr\u00f3prios contratos coletivos.&#8221; A sugest\u00e3o foi feita nesta ter\u00e7a-feira 6 de novembro pelo ex-presidente &hellip;<\/p>\n<p class=\"read-more\"> <a class=\"\" href=\"https:\/\/bancariosdepiracicaba.com.br\/?p=7839\"> <span class=\"screen-reader-text\">Lula diz que todos os trabalhadores devem conhecer a CCT dos banc\u00e1rios<\/span> Leia mais &raquo;<\/a><\/p>\n","protected":false},"author":1,"featured_media":0,"comment_status":"open","ping_status":"open","sticky":false,"template":"","format":"standard","meta":{"site-sidebar-layout":"default","site-content-layout":"default","ast-main-header-display":"","ast-hfb-above-header-display":"","ast-hfb-below-header-display":"","ast-hfb-mobile-header-display":"","site-post-title":"","ast-breadcrumbs-content":"","ast-featured-img":"","footer-sml-layout":"","theme-transparent-header-meta":"","adv-header-id-meta":"","stick-header-meta":"","header-above-stick-meta":"","header-main-stick-meta":"","header-below-stick-meta":"","footnotes":""},"categories":[22,1],"tags":[],"class_list":["post-7839","post","type-post","status-publish","format-standard","hentry","category-acordo-coletivo-noticias","category-uncategorized"],"yoast_head":"<!-- This site is optimized with the Yoast SEO Premium plugin v16.1 (Yoast SEO v18.0) - https:\/\/yoast.com\/wordpress\/plugins\/seo\/ -->\n<title>Lula diz que todos os trabalhadores devem conhecer a CCT dos banc\u00e1rios - Sindban<\/title>\n<meta name=\"robots\" content=\"index, follow, max-snippet:-1, max-image-preview:large, max-video-preview:-1\" \/>\n<link rel=\"canonical\" href=\"https:\/\/bancariosdepiracicaba.com.br\/?p=7839\" \/>\n<meta property=\"og:locale\" content=\"pt_BR\" \/>\n<meta property=\"og:type\" content=\"article\" \/>\n<meta property=\"og:title\" content=\"Lula diz que todos os trabalhadores devem conhecer a CCT dos banc\u00e1rios - Sindban\" \/>\n<meta property=\"og:description\" content=\"&#8220;Conven\u00e7\u00f5es coletivas de trabalho como esta dos banc\u00e1rios, assim como o dos petroleiros, devem ser divulgadas para os trabalhadores de todas as categorias, para que eles possam conhecer essas experi\u00eancias bem sucedidas e os ajudem na discuss\u00e3o de como conquistar seus pr\u00f3prios contratos coletivos.&#8221; A sugest\u00e3o foi feita nesta ter\u00e7a-feira 6 de novembro pelo ex-presidente &hellip; Lula diz que todos os trabalhadores devem conhecer a CCT dos banc\u00e1rios Leia mais &raquo;\" \/>\n<meta property=\"og:url\" content=\"https:\/\/bancariosdepiracicaba.com.br\/?p=7839\" \/>\n<meta property=\"og:site_name\" content=\"Sindban\" \/>\n<meta property=\"article:published_time\" content=\"2021-07-23T20:48:34+00:00\" \/>\n<meta property=\"article:modified_time\" content=\"2021-08-02T19:29:35+00:00\" \/>\n<meta name=\"twitter:card\" content=\"summary_large_image\" \/>\n<meta name=\"twitter:label1\" content=\"Escrito por\" \/>\n\t<meta name=\"twitter:data1\" content=\"admin\" \/>\n\t<meta name=\"twitter:label2\" content=\"Est. tempo de leitura\" \/>\n\t<meta name=\"twitter:data2\" content=\"4 minutos\" \/>\n<script type=\"application\/ld+json\" class=\"yoast-schema-graph\">{\"@context\":\"https:\/\/schema.org\",\"@graph\":[{\"@type\":\"Organization\",\"@id\":\"https:\/\/bancariosdepiracicaba.com.br\/#organization\",\"name\":\"Sindban\",\"url\":\"https:\/\/bancariosdepiracicaba.com.br\/\",\"sameAs\":[],\"logo\":{\"@type\":\"ImageObject\",\"@id\":\"https:\/\/bancariosdepiracicaba.com.br\/#logo\",\"inLanguage\":\"pt-BR\",\"url\":\"https:\/\/site.bancariosdepiracicaba.com.br\/wp-content\/uploads\/2021\/04\/cropped-Asset-2.png\",\"contentUrl\":\"https:\/\/site.bancariosdepiracicaba.com.br\/wp-content\/uploads\/2021\/04\/cropped-Asset-2.png\",\"width\":512,\"height\":512,\"caption\":\"Sindban\"},\"image\":{\"@id\":\"https:\/\/bancariosdepiracicaba.com.br\/#logo\"}},{\"@type\":\"WebSite\",\"@id\":\"https:\/\/bancariosdepiracicaba.com.br\/#website\",\"url\":\"https:\/\/bancariosdepiracicaba.com.br\/\",\"name\":\"Sindban\",\"description\":\"Desenvolvimento\",\"publisher\":{\"@id\":\"https:\/\/bancariosdepiracicaba.com.br\/#organization\"},\"potentialAction\":[{\"@type\":\"SearchAction\",\"target\":{\"@type\":\"EntryPoint\",\"urlTemplate\":\"https:\/\/bancariosdepiracicaba.com.br\/?s={search_term_string}\"},\"query-input\":\"required name=search_term_string\"}],\"inLanguage\":\"pt-BR\"},{\"@type\":\"WebPage\",\"@id\":\"https:\/\/bancariosdepiracicaba.com.br\/?p=7839#webpage\",\"url\":\"https:\/\/bancariosdepiracicaba.com.br\/?p=7839\",\"name\":\"Lula diz que todos os trabalhadores devem conhecer a CCT dos banc\u00e1rios - Sindban\",\"isPartOf\":{\"@id\":\"https:\/\/bancariosdepiracicaba.com.br\/#website\"},\"datePublished\":\"2021-07-23T20:48:34+00:00\",\"dateModified\":\"2021-08-02T19:29:35+00:00\",\"breadcrumb\":{\"@id\":\"https:\/\/bancariosdepiracicaba.com.br\/?p=7839#breadcrumb\"},\"inLanguage\":\"pt-BR\",\"potentialAction\":[{\"@type\":\"ReadAction\",\"target\":[\"https:\/\/bancariosdepiracicaba.com.br\/?p=7839\"]}]},{\"@type\":\"BreadcrumbList\",\"@id\":\"https:\/\/bancariosdepiracicaba.com.br\/?p=7839#breadcrumb\",\"itemListElement\":[{\"@type\":\"ListItem\",\"position\":1,\"name\":\"Home\",\"item\":\"https:\/\/bancariosdepiracicaba.com.br\/\"},{\"@type\":\"ListItem\",\"position\":2,\"name\":\"Lula diz que todos os trabalhadores devem conhecer a CCT dos banc\u00e1rios\"}]},{\"@type\":\"Article\",\"@id\":\"https:\/\/bancariosdepiracicaba.com.br\/?p=7839#article\",\"isPartOf\":{\"@id\":\"https:\/\/bancariosdepiracicaba.com.br\/?p=7839#webpage\"},\"author\":{\"@id\":\"https:\/\/bancariosdepiracicaba.com.br\/#\/schema\/person\/6a12c780fc145ea2c9af09989ee600b0\"},\"headline\":\"Lula diz que todos os trabalhadores devem conhecer a CCT dos banc\u00e1rios\",\"datePublished\":\"2021-07-23T20:48:34+00:00\",\"dateModified\":\"2021-08-02T19:29:35+00:00\",\"mainEntityOfPage\":{\"@id\":\"https:\/\/bancariosdepiracicaba.com.br\/?p=7839#webpage\"},\"wordCount\":802,\"commentCount\":0,\"publisher\":{\"@id\":\"https:\/\/bancariosdepiracicaba.com.br\/#organization\"},\"articleSection\":[\"Acordo Coletivo Not\u00edcias\",\"Uncategorized\"],\"inLanguage\":\"pt-BR\",\"potentialAction\":[{\"@type\":\"CommentAction\",\"name\":\"Comment\",\"target\":[\"https:\/\/bancariosdepiracicaba.com.br\/?p=7839#respond\"]}]},{\"@type\":\"Person\",\"@id\":\"https:\/\/bancariosdepiracicaba.com.br\/#\/schema\/person\/6a12c780fc145ea2c9af09989ee600b0\",\"name\":\"admin\",\"image\":{\"@type\":\"ImageObject\",\"@id\":\"https:\/\/bancariosdepiracicaba.com.br\/#personlogo\",\"inLanguage\":\"pt-BR\",\"url\":\"https:\/\/secure.gravatar.com\/avatar\/3a05e74c6579e68209676cb5cb64e0918f288da7a49210fa18d6e9cac1189840?s=96&d=mm&r=g\",\"contentUrl\":\"https:\/\/secure.gravatar.com\/avatar\/3a05e74c6579e68209676cb5cb64e0918f288da7a49210fa18d6e9cac1189840?s=96&d=mm&r=g\",\"caption\":\"admin\"},\"sameAs\":[\"https:\/\/site.bancariosdepiracicaba.com.br\"],\"url\":\"https:\/\/bancariosdepiracicaba.com.br\/?author=1\"}]}<\/script>\n<!-- \/ Yoast SEO Premium plugin. -->","yoast_head_json":{"title":"Lula diz que todos os trabalhadores devem conhecer a CCT dos banc\u00e1rios - Sindban","robots":{"index":"index","follow":"follow","max-snippet":"max-snippet:-1","max-image-preview":"max-image-preview:large","max-video-preview":"max-video-preview:-1"},"canonical":"https:\/\/bancariosdepiracicaba.com.br\/?p=7839","og_locale":"pt_BR","og_type":"article","og_title":"Lula diz que todos os trabalhadores devem conhecer a CCT dos banc\u00e1rios - Sindban","og_description":"&#8220;Conven\u00e7\u00f5es coletivas de trabalho como esta dos banc\u00e1rios, assim como o dos petroleiros, devem ser divulgadas para os trabalhadores de todas as categorias, para que eles possam conhecer essas experi\u00eancias bem sucedidas e os ajudem na discuss\u00e3o de como conquistar seus pr\u00f3prios contratos coletivos.&#8221; A sugest\u00e3o foi feita nesta ter\u00e7a-feira 6 de novembro pelo ex-presidente &hellip; Lula diz que todos os trabalhadores devem conhecer a CCT dos banc\u00e1rios Leia mais &raquo;","og_url":"https:\/\/bancariosdepiracicaba.com.br\/?p=7839","og_site_name":"Sindban","article_published_time":"2021-07-23T20:48:34+00:00","article_modified_time":"2021-08-02T19:29:35+00:00","twitter_card":"summary_large_image","twitter_misc":{"Escrito por":"admin","Est. tempo de leitura":"4 minutos"},"schema":{"@context":"https:\/\/schema.org","@graph":[{"@type":"Organization","@id":"https:\/\/bancariosdepiracicaba.com.br\/#organization","name":"Sindban","url":"https:\/\/bancariosdepiracicaba.com.br\/","sameAs":[],"logo":{"@type":"ImageObject","@id":"https:\/\/bancariosdepiracicaba.com.br\/#logo","inLanguage":"pt-BR","url":"https:\/\/site.bancariosdepiracicaba.com.br\/wp-content\/uploads\/2021\/04\/cropped-Asset-2.png","contentUrl":"https:\/\/site.bancariosdepiracicaba.com.br\/wp-content\/uploads\/2021\/04\/cropped-Asset-2.png","width":512,"height":512,"caption":"Sindban"},"image":{"@id":"https:\/\/bancariosdepiracicaba.com.br\/#logo"}},{"@type":"WebSite","@id":"https:\/\/bancariosdepiracicaba.com.br\/#website","url":"https:\/\/bancariosdepiracicaba.com.br\/","name":"Sindban","description":"Desenvolvimento","publisher":{"@id":"https:\/\/bancariosdepiracicaba.com.br\/#organization"},"potentialAction":[{"@type":"SearchAction","target":{"@type":"EntryPoint","urlTemplate":"https:\/\/bancariosdepiracicaba.com.br\/?s={search_term_string}"},"query-input":"required name=search_term_string"}],"inLanguage":"pt-BR"},{"@type":"WebPage","@id":"https:\/\/bancariosdepiracicaba.com.br\/?p=7839#webpage","url":"https:\/\/bancariosdepiracicaba.com.br\/?p=7839","name":"Lula diz que todos os trabalhadores devem conhecer a CCT dos banc\u00e1rios - Sindban","isPartOf":{"@id":"https:\/\/bancariosdepiracicaba.com.br\/#website"},"datePublished":"2021-07-23T20:48:34+00:00","dateModified":"2021-08-02T19:29:35+00:00","breadcrumb":{"@id":"https:\/\/bancariosdepiracicaba.com.br\/?p=7839#breadcrumb"},"inLanguage":"pt-BR","potentialAction":[{"@type":"ReadAction","target":["https:\/\/bancariosdepiracicaba.com.br\/?p=7839"]}]},{"@type":"BreadcrumbList","@id":"https:\/\/bancariosdepiracicaba.com.br\/?p=7839#breadcrumb","itemListElement":[{"@type":"ListItem","position":1,"name":"Home","item":"https:\/\/bancariosdepiracicaba.com.br\/"},{"@type":"ListItem","position":2,"name":"Lula diz que todos os trabalhadores devem conhecer a CCT dos banc\u00e1rios"}]},{"@type":"Article","@id":"https:\/\/bancariosdepiracicaba.com.br\/?p=7839#article","isPartOf":{"@id":"https:\/\/bancariosdepiracicaba.com.br\/?p=7839#webpage"},"author":{"@id":"https:\/\/bancariosdepiracicaba.com.br\/#\/schema\/person\/6a12c780fc145ea2c9af09989ee600b0"},"headline":"Lula diz que todos os trabalhadores devem conhecer a CCT dos banc\u00e1rios","datePublished":"2021-07-23T20:48:34+00:00","dateModified":"2021-08-02T19:29:35+00:00","mainEntityOfPage":{"@id":"https:\/\/bancariosdepiracicaba.com.br\/?p=7839#webpage"},"wordCount":802,"commentCount":0,"publisher":{"@id":"https:\/\/bancariosdepiracicaba.com.br\/#organization"},"articleSection":["Acordo Coletivo Not\u00edcias","Uncategorized"],"inLanguage":"pt-BR","potentialAction":[{"@type":"CommentAction","name":"Comment","target":["https:\/\/bancariosdepiracicaba.com.br\/?p=7839#respond"]}]},{"@type":"Person","@id":"https:\/\/bancariosdepiracicaba.com.br\/#\/schema\/person\/6a12c780fc145ea2c9af09989ee600b0","name":"admin","image":{"@type":"ImageObject","@id":"https:\/\/bancariosdepiracicaba.com.br\/#personlogo","inLanguage":"pt-BR","url":"https:\/\/secure.gravatar.com\/avatar\/3a05e74c6579e68209676cb5cb64e0918f288da7a49210fa18d6e9cac1189840?s=96&d=mm&r=g","contentUrl":"https:\/\/secure.gravatar.com\/avatar\/3a05e74c6579e68209676cb5cb64e0918f288da7a49210fa18d6e9cac1189840?s=96&d=mm&r=g","caption":"admin"},"sameAs":["https:\/\/site.bancariosdepiracicaba.com.br"],"url":"https:\/\/bancariosdepiracicaba.com.br\/?author=1"}]}},"_links":{"self":[{"href":"https:\/\/bancariosdepiracicaba.com.br\/index.php?rest_route=\/wp\/v2\/posts\/7839","targetHints":{"allow":["GET"]}}],"collection":[{"href":"https:\/\/bancariosdepiracicaba.com.br\/index.php?rest_route=\/wp\/v2\/posts"}],"about":[{"href":"https:\/\/bancariosdepiracicaba.com.br\/index.php?rest_route=\/wp\/v2\/types\/post"}],"author":[{"embeddable":true,"href":"https:\/\/bancariosdepiracicaba.com.br\/index.php?rest_route=\/wp\/v2\/users\/1"}],"replies":[{"embeddable":true,"href":"https:\/\/bancariosdepiracicaba.com.br\/index.php?rest_route=%2Fwp%2Fv2%2Fcomments&post=7839"}],"version-history":[{"count":1,"href":"https:\/\/bancariosdepiracicaba.com.br\/index.php?rest_route=\/wp\/v2\/posts\/7839\/revisions"}],"predecessor-version":[{"id":11745,"href":"https:\/\/bancariosdepiracicaba.com.br\/index.php?rest_route=\/wp\/v2\/posts\/7839\/revisions\/11745"}],"wp:attachment":[{"href":"https:\/\/bancariosdepiracicaba.com.br\/index.php?rest_route=%2Fwp%2Fv2%2Fmedia&parent=7839"}],"wp:term":[{"taxonomy":"category","embeddable":true,"href":"https:\/\/bancariosdepiracicaba.com.br\/index.php?rest_route=%2Fwp%2Fv2%2Fcategories&post=7839"},{"taxonomy":"post_tag","embeddable":true,"href":"https:\/\/bancariosdepiracicaba.com.br\/index.php?rest_route=%2Fwp%2Fv2%2Ftags&post=7839"}],"curies":[{"name":"wp","href":"https:\/\/api.w.org\/{rel}","templated":true}]}}