{"id":7818,"date":"2021-07-23T20:48:05","date_gmt":"2021-07-23T20:48:05","guid":{"rendered":"https:\/\/site.bancariosdepiracicaba.com.br\/2021\/07\/23\/contraf-cut-assina-com-fenacrefi-convencao-coletiva-dos-financiarios\/"},"modified":"2021-07-23T20:48:05","modified_gmt":"2021-07-23T20:48:05","slug":"contraf-cut-assina-com-fenacrefi-convencao-coletiva-dos-financiarios","status":"publish","type":"post","link":"https:\/\/bancariosdepiracicaba.com.br\/?p=7818","title":{"rendered":"Contraf-CUT assina com Fenacrefi conven\u00e7\u00e3o coletiva dos financi\u00e1rios"},"content":{"rendered":"<p>A Contraf-CUT assinou nesta quarta-feira (31), em S\u00e3o Paulo, com a dire\u00e7\u00e3o da Fenacrefi a Conven\u00e7\u00e3o Coletiva de Trabalho 2012\/2013 dos financi\u00e1rios, v\u00e1lida para v\u00e1rios estados do pa \u00eds. As empresas t\u00eam o prazo de dez dias para creditar a primeira parcela da Participa\u00e7\u00e3o nos Lucros e Resultados (PLR), que corresponde a R$ 1.056.<\/p>\n<p>As cl\u00e1usulas econ\u00f4micas estabelecem reajuste de 6,96% nos sal\u00e1rios, correspondendo a 2% de aumento real, e 7,96% nos pisos e verbas, 2,96% acima da infla\u00e7\u00e3o. Como a data base dos financi\u00e1rios \u00e9 1\u00ba de junho, os reajustes s\u00e3o retroativos e as diferen\u00e7as nos sal\u00e1rios, pisos e verbas ser\u00e3o pagas em novembro.<\/p>\n<p>A PLR conquistada foi de 90% do sal\u00e1rio mais R$ 1.760, com teto de R$ 8.555,20, sendo que a segunda parcela ser\u00e1 creditada at\u00e9 mar\u00e7o do ano que vem.<\/p>\n<p>No que se refere a condi\u00e7\u00f5es de trabalho houve a manuten\u00e7\u00e3o do instrumento de combate ao ass\u00e9dio moral. Nessa quest\u00e3o, a Fenacrefi assumiu compromisso de contatar as empresas para que fa\u00e7am ades\u00e3o a essa cl\u00e1usula.<\/p>\n<p>Novas negocia\u00e7\u00f5es<\/p>\n<p>As negocia\u00e7\u00f5es devem ser retomadas em mar\u00e7o de 2013. Dois pontos principais, sem avan\u00e7o nas negocia\u00e7\u00f5es deste ano, devem estar na pauta. <\/p>\n<p>&#8220;Um deles \u00e9 a unifica\u00e7\u00e3o da data-base, uma reivindica\u00e7\u00e3o hist\u00f3rica dos financi\u00e1rios. Isso seria o primeiro passo para uma conven\u00e7\u00e3o coletiva nacional, como ocorre h\u00e1 20 anos com os banc\u00e1rios que possuem data-base \u00fanica em 1\u00ba de setembro&#8221;, salienta Ivone Silva, secret\u00e1ria-geral da Contraf-CUT.<\/p>\n<p>Outro ponto reivindicado pelos financi\u00e1rios \u00e9 a adequa\u00e7\u00e3o da PLR ao modelo dos banc\u00e1rios. &#8220;N\u00e3o houve avan\u00e7o este ano. J\u00e1 adiantamos para a Fenacrefi que esta \u00e9 uma das nossas principais prioridades&#8221;, conclui Ivone. <\/p>\n<p>Fonte: Contraf-CUT com Seeb S\u00e3o Paulo<\/p>\n","protected":false},"excerpt":{"rendered":"<p>A Contraf-CUT assinou nesta quarta-feira (31), em S\u00e3o Paulo, com a dire\u00e7\u00e3o da Fenacrefi a Conven\u00e7\u00e3o Coletiva de Trabalho 2012\/2013 dos financi\u00e1rios, v\u00e1lida para v\u00e1rios estados do pa \u00eds. As empresas t\u00eam o prazo de dez dias para creditar a primeira parcela da Participa\u00e7\u00e3o nos Lucros e Resultados (PLR), que corresponde a R$ 1.056. As &hellip;<\/p>\n<p class=\"read-more\"> <a class=\"\" href=\"https:\/\/bancariosdepiracicaba.com.br\/?p=7818\"> <span class=\"screen-reader-text\">Contraf-CUT assina com Fenacrefi conven\u00e7\u00e3o coletiva dos financi\u00e1rios<\/span> Leia mais &raquo;<\/a><\/p>\n","protected":false},"author":1,"featured_media":0,"comment_status":"open","ping_status":"open","sticky":false,"template":"","format":"standard","meta":{"site-sidebar-layout":"default","site-content-layout":"default","ast-main-header-display":"","ast-hfb-above-header-display":"","ast-hfb-below-header-display":"","ast-hfb-mobile-header-display":"","site-post-title":"","ast-breadcrumbs-content":"","ast-featured-img":"","footer-sml-layout":"","theme-transparent-header-meta":"","adv-header-id-meta":"","stick-header-meta":"","header-above-stick-meta":"","header-main-stick-meta":"","header-below-stick-meta":"","footnotes":""},"categories":[1],"tags":[],"class_list":["post-7818","post","type-post","status-publish","format-standard","hentry","category-uncategorized"],"yoast_head":"<!-- This site is optimized with the Yoast SEO Premium plugin v16.1 (Yoast SEO v18.0) - https:\/\/yoast.com\/wordpress\/plugins\/seo\/ -->\n<title>Contraf-CUT assina com Fenacrefi conven\u00e7\u00e3o coletiva dos financi\u00e1rios - Sindban<\/title>\n<meta name=\"robots\" content=\"index, follow, max-snippet:-1, max-image-preview:large, max-video-preview:-1\" \/>\n<link rel=\"canonical\" href=\"https:\/\/bancariosdepiracicaba.com.br\/?p=7818\" \/>\n<meta property=\"og:locale\" content=\"pt_BR\" \/>\n<meta property=\"og:type\" content=\"article\" \/>\n<meta property=\"og:title\" content=\"Contraf-CUT assina com Fenacrefi conven\u00e7\u00e3o coletiva dos financi\u00e1rios - Sindban\" \/>\n<meta property=\"og:description\" content=\"A Contraf-CUT assinou nesta quarta-feira (31), em S\u00e3o Paulo, com a dire\u00e7\u00e3o da Fenacrefi a Conven\u00e7\u00e3o Coletiva de Trabalho 2012\/2013 dos financi\u00e1rios, v\u00e1lida para v\u00e1rios estados do pa \u00eds. As empresas t\u00eam o prazo de dez dias para creditar a primeira parcela da Participa\u00e7\u00e3o nos Lucros e Resultados (PLR), que corresponde a R$ 1.056. As &hellip; Contraf-CUT assina com Fenacrefi conven\u00e7\u00e3o coletiva dos financi\u00e1rios Leia mais &raquo;\" \/>\n<meta property=\"og:url\" content=\"https:\/\/bancariosdepiracicaba.com.br\/?p=7818\" \/>\n<meta property=\"og:site_name\" content=\"Sindban\" \/>\n<meta property=\"article:published_time\" content=\"2021-07-23T20:48:05+00:00\" \/>\n<meta name=\"twitter:card\" content=\"summary_large_image\" \/>\n<meta name=\"twitter:label1\" content=\"Escrito por\" \/>\n\t<meta name=\"twitter:data1\" content=\"admin\" \/>\n\t<meta name=\"twitter:label2\" content=\"Est. tempo de leitura\" \/>\n\t<meta name=\"twitter:data2\" content=\"2 minutos\" \/>\n<script type=\"application\/ld+json\" class=\"yoast-schema-graph\">{\"@context\":\"https:\/\/schema.org\",\"@graph\":[{\"@type\":\"Organization\",\"@id\":\"https:\/\/bancariosdepiracicaba.com.br\/#organization\",\"name\":\"Sindban\",\"url\":\"https:\/\/bancariosdepiracicaba.com.br\/\",\"sameAs\":[],\"logo\":{\"@type\":\"ImageObject\",\"@id\":\"https:\/\/bancariosdepiracicaba.com.br\/#logo\",\"inLanguage\":\"pt-BR\",\"url\":\"https:\/\/site.bancariosdepiracicaba.com.br\/wp-content\/uploads\/2021\/04\/cropped-Asset-2.png\",\"contentUrl\":\"https:\/\/site.bancariosdepiracicaba.com.br\/wp-content\/uploads\/2021\/04\/cropped-Asset-2.png\",\"width\":512,\"height\":512,\"caption\":\"Sindban\"},\"image\":{\"@id\":\"https:\/\/bancariosdepiracicaba.com.br\/#logo\"}},{\"@type\":\"WebSite\",\"@id\":\"https:\/\/bancariosdepiracicaba.com.br\/#website\",\"url\":\"https:\/\/bancariosdepiracicaba.com.br\/\",\"name\":\"Sindban\",\"description\":\"Desenvolvimento\",\"publisher\":{\"@id\":\"https:\/\/bancariosdepiracicaba.com.br\/#organization\"},\"potentialAction\":[{\"@type\":\"SearchAction\",\"target\":{\"@type\":\"EntryPoint\",\"urlTemplate\":\"https:\/\/bancariosdepiracicaba.com.br\/?s={search_term_string}\"},\"query-input\":\"required name=search_term_string\"}],\"inLanguage\":\"pt-BR\"},{\"@type\":\"WebPage\",\"@id\":\"https:\/\/bancariosdepiracicaba.com.br\/?p=7818#webpage\",\"url\":\"https:\/\/bancariosdepiracicaba.com.br\/?p=7818\",\"name\":\"Contraf-CUT assina com Fenacrefi conven\u00e7\u00e3o coletiva dos financi\u00e1rios - Sindban\",\"isPartOf\":{\"@id\":\"https:\/\/bancariosdepiracicaba.com.br\/#website\"},\"datePublished\":\"2021-07-23T20:48:05+00:00\",\"dateModified\":\"2021-07-23T20:48:05+00:00\",\"breadcrumb\":{\"@id\":\"https:\/\/bancariosdepiracicaba.com.br\/?p=7818#breadcrumb\"},\"inLanguage\":\"pt-BR\",\"potentialAction\":[{\"@type\":\"ReadAction\",\"target\":[\"https:\/\/bancariosdepiracicaba.com.br\/?p=7818\"]}]},{\"@type\":\"BreadcrumbList\",\"@id\":\"https:\/\/bancariosdepiracicaba.com.br\/?p=7818#breadcrumb\",\"itemListElement\":[{\"@type\":\"ListItem\",\"position\":1,\"name\":\"Home\",\"item\":\"https:\/\/bancariosdepiracicaba.com.br\/\"},{\"@type\":\"ListItem\",\"position\":2,\"name\":\"Contraf-CUT assina com Fenacrefi conven\u00e7\u00e3o coletiva dos financi\u00e1rios\"}]},{\"@type\":\"Article\",\"@id\":\"https:\/\/bancariosdepiracicaba.com.br\/?p=7818#article\",\"isPartOf\":{\"@id\":\"https:\/\/bancariosdepiracicaba.com.br\/?p=7818#webpage\"},\"author\":{\"@id\":\"https:\/\/bancariosdepiracicaba.com.br\/#\/schema\/person\/6a12c780fc145ea2c9af09989ee600b0\"},\"headline\":\"Contraf-CUT assina com Fenacrefi conven\u00e7\u00e3o coletiva dos financi\u00e1rios\",\"datePublished\":\"2021-07-23T20:48:05+00:00\",\"dateModified\":\"2021-07-23T20:48:05+00:00\",\"mainEntityOfPage\":{\"@id\":\"https:\/\/bancariosdepiracicaba.com.br\/?p=7818#webpage\"},\"wordCount\":313,\"commentCount\":0,\"publisher\":{\"@id\":\"https:\/\/bancariosdepiracicaba.com.br\/#organization\"},\"articleSection\":[\"Uncategorized\"],\"inLanguage\":\"pt-BR\",\"potentialAction\":[{\"@type\":\"CommentAction\",\"name\":\"Comment\",\"target\":[\"https:\/\/bancariosdepiracicaba.com.br\/?p=7818#respond\"]}]},{\"@type\":\"Person\",\"@id\":\"https:\/\/bancariosdepiracicaba.com.br\/#\/schema\/person\/6a12c780fc145ea2c9af09989ee600b0\",\"name\":\"admin\",\"image\":{\"@type\":\"ImageObject\",\"@id\":\"https:\/\/bancariosdepiracicaba.com.br\/#personlogo\",\"inLanguage\":\"pt-BR\",\"url\":\"https:\/\/secure.gravatar.com\/avatar\/3a05e74c6579e68209676cb5cb64e0918f288da7a49210fa18d6e9cac1189840?s=96&d=mm&r=g\",\"contentUrl\":\"https:\/\/secure.gravatar.com\/avatar\/3a05e74c6579e68209676cb5cb64e0918f288da7a49210fa18d6e9cac1189840?s=96&d=mm&r=g\",\"caption\":\"admin\"},\"sameAs\":[\"https:\/\/site.bancariosdepiracicaba.com.br\"],\"url\":\"https:\/\/bancariosdepiracicaba.com.br\/?author=1\"}]}<\/script>\n<!-- \/ Yoast SEO Premium plugin. -->","yoast_head_json":{"title":"Contraf-CUT assina com Fenacrefi conven\u00e7\u00e3o coletiva dos financi\u00e1rios - Sindban","robots":{"index":"index","follow":"follow","max-snippet":"max-snippet:-1","max-image-preview":"max-image-preview:large","max-video-preview":"max-video-preview:-1"},"canonical":"https:\/\/bancariosdepiracicaba.com.br\/?p=7818","og_locale":"pt_BR","og_type":"article","og_title":"Contraf-CUT assina com Fenacrefi conven\u00e7\u00e3o coletiva dos financi\u00e1rios - Sindban","og_description":"A Contraf-CUT assinou nesta quarta-feira (31), em S\u00e3o Paulo, com a dire\u00e7\u00e3o da Fenacrefi a Conven\u00e7\u00e3o Coletiva de Trabalho 2012\/2013 dos financi\u00e1rios, v\u00e1lida para v\u00e1rios estados do pa \u00eds. As empresas t\u00eam o prazo de dez dias para creditar a primeira parcela da Participa\u00e7\u00e3o nos Lucros e Resultados (PLR), que corresponde a R$ 1.056. As &hellip; Contraf-CUT assina com Fenacrefi conven\u00e7\u00e3o coletiva dos financi\u00e1rios Leia mais &raquo;","og_url":"https:\/\/bancariosdepiracicaba.com.br\/?p=7818","og_site_name":"Sindban","article_published_time":"2021-07-23T20:48:05+00:00","twitter_card":"summary_large_image","twitter_misc":{"Escrito por":"admin","Est. tempo de leitura":"2 minutos"},"schema":{"@context":"https:\/\/schema.org","@graph":[{"@type":"Organization","@id":"https:\/\/bancariosdepiracicaba.com.br\/#organization","name":"Sindban","url":"https:\/\/bancariosdepiracicaba.com.br\/","sameAs":[],"logo":{"@type":"ImageObject","@id":"https:\/\/bancariosdepiracicaba.com.br\/#logo","inLanguage":"pt-BR","url":"https:\/\/site.bancariosdepiracicaba.com.br\/wp-content\/uploads\/2021\/04\/cropped-Asset-2.png","contentUrl":"https:\/\/site.bancariosdepiracicaba.com.br\/wp-content\/uploads\/2021\/04\/cropped-Asset-2.png","width":512,"height":512,"caption":"Sindban"},"image":{"@id":"https:\/\/bancariosdepiracicaba.com.br\/#logo"}},{"@type":"WebSite","@id":"https:\/\/bancariosdepiracicaba.com.br\/#website","url":"https:\/\/bancariosdepiracicaba.com.br\/","name":"Sindban","description":"Desenvolvimento","publisher":{"@id":"https:\/\/bancariosdepiracicaba.com.br\/#organization"},"potentialAction":[{"@type":"SearchAction","target":{"@type":"EntryPoint","urlTemplate":"https:\/\/bancariosdepiracicaba.com.br\/?s={search_term_string}"},"query-input":"required name=search_term_string"}],"inLanguage":"pt-BR"},{"@type":"WebPage","@id":"https:\/\/bancariosdepiracicaba.com.br\/?p=7818#webpage","url":"https:\/\/bancariosdepiracicaba.com.br\/?p=7818","name":"Contraf-CUT assina com Fenacrefi conven\u00e7\u00e3o coletiva dos financi\u00e1rios - Sindban","isPartOf":{"@id":"https:\/\/bancariosdepiracicaba.com.br\/#website"},"datePublished":"2021-07-23T20:48:05+00:00","dateModified":"2021-07-23T20:48:05+00:00","breadcrumb":{"@id":"https:\/\/bancariosdepiracicaba.com.br\/?p=7818#breadcrumb"},"inLanguage":"pt-BR","potentialAction":[{"@type":"ReadAction","target":["https:\/\/bancariosdepiracicaba.com.br\/?p=7818"]}]},{"@type":"BreadcrumbList","@id":"https:\/\/bancariosdepiracicaba.com.br\/?p=7818#breadcrumb","itemListElement":[{"@type":"ListItem","position":1,"name":"Home","item":"https:\/\/bancariosdepiracicaba.com.br\/"},{"@type":"ListItem","position":2,"name":"Contraf-CUT assina com Fenacrefi conven\u00e7\u00e3o coletiva dos financi\u00e1rios"}]},{"@type":"Article","@id":"https:\/\/bancariosdepiracicaba.com.br\/?p=7818#article","isPartOf":{"@id":"https:\/\/bancariosdepiracicaba.com.br\/?p=7818#webpage"},"author":{"@id":"https:\/\/bancariosdepiracicaba.com.br\/#\/schema\/person\/6a12c780fc145ea2c9af09989ee600b0"},"headline":"Contraf-CUT assina com Fenacrefi conven\u00e7\u00e3o coletiva dos financi\u00e1rios","datePublished":"2021-07-23T20:48:05+00:00","dateModified":"2021-07-23T20:48:05+00:00","mainEntityOfPage":{"@id":"https:\/\/bancariosdepiracicaba.com.br\/?p=7818#webpage"},"wordCount":313,"commentCount":0,"publisher":{"@id":"https:\/\/bancariosdepiracicaba.com.br\/#organization"},"articleSection":["Uncategorized"],"inLanguage":"pt-BR","potentialAction":[{"@type":"CommentAction","name":"Comment","target":["https:\/\/bancariosdepiracicaba.com.br\/?p=7818#respond"]}]},{"@type":"Person","@id":"https:\/\/bancariosdepiracicaba.com.br\/#\/schema\/person\/6a12c780fc145ea2c9af09989ee600b0","name":"admin","image":{"@type":"ImageObject","@id":"https:\/\/bancariosdepiracicaba.com.br\/#personlogo","inLanguage":"pt-BR","url":"https:\/\/secure.gravatar.com\/avatar\/3a05e74c6579e68209676cb5cb64e0918f288da7a49210fa18d6e9cac1189840?s=96&d=mm&r=g","contentUrl":"https:\/\/secure.gravatar.com\/avatar\/3a05e74c6579e68209676cb5cb64e0918f288da7a49210fa18d6e9cac1189840?s=96&d=mm&r=g","caption":"admin"},"sameAs":["https:\/\/site.bancariosdepiracicaba.com.br"],"url":"https:\/\/bancariosdepiracicaba.com.br\/?author=1"}]}},"_links":{"self":[{"href":"https:\/\/bancariosdepiracicaba.com.br\/index.php?rest_route=\/wp\/v2\/posts\/7818","targetHints":{"allow":["GET"]}}],"collection":[{"href":"https:\/\/bancariosdepiracicaba.com.br\/index.php?rest_route=\/wp\/v2\/posts"}],"about":[{"href":"https:\/\/bancariosdepiracicaba.com.br\/index.php?rest_route=\/wp\/v2\/types\/post"}],"author":[{"embeddable":true,"href":"https:\/\/bancariosdepiracicaba.com.br\/index.php?rest_route=\/wp\/v2\/users\/1"}],"replies":[{"embeddable":true,"href":"https:\/\/bancariosdepiracicaba.com.br\/index.php?rest_route=%2Fwp%2Fv2%2Fcomments&post=7818"}],"version-history":[{"count":0,"href":"https:\/\/bancariosdepiracicaba.com.br\/index.php?rest_route=\/wp\/v2\/posts\/7818\/revisions"}],"wp:attachment":[{"href":"https:\/\/bancariosdepiracicaba.com.br\/index.php?rest_route=%2Fwp%2Fv2%2Fmedia&parent=7818"}],"wp:term":[{"taxonomy":"category","embeddable":true,"href":"https:\/\/bancariosdepiracicaba.com.br\/index.php?rest_route=%2Fwp%2Fv2%2Fcategories&post=7818"},{"taxonomy":"post_tag","embeddable":true,"href":"https:\/\/bancariosdepiracicaba.com.br\/index.php?rest_route=%2Fwp%2Fv2%2Ftags&post=7818"}],"curies":[{"name":"wp","href":"https:\/\/api.w.org\/{rel}","templated":true}]}}