{"id":7816,"date":"2021-07-23T20:48:03","date_gmt":"2021-07-23T20:48:03","guid":{"rendered":"https:\/\/site.bancariosdepiracicaba.com.br\/2021\/07\/23\/novo-termo-de-rescisao-de-contrato-de-trabalho-ja-vale-nesta-quinta\/"},"modified":"2021-07-23T20:48:03","modified_gmt":"2021-07-23T20:48:03","slug":"novo-termo-de-rescisao-de-contrato-de-trabalho-ja-vale-nesta-quinta","status":"publish","type":"post","link":"https:\/\/bancariosdepiracicaba.com.br\/?p=7816","title":{"rendered":"Novo termo de rescis\u00e3o de contrato de trabalho j\u00e1 vale nesta quinta"},"content":{"rendered":"<p>Come\u00e7a a valer nesta quinta-feira (1\u00ba) o novo modelo do Termo de Rescis\u00e3o do Contrato de Trabalho (TRCT), sem o qual trabalhadores n\u00e3o poder\u00e3o sacar na Caixa Econ\u00f4mica Federal o Fundo de Garantia do Tempo de Servi\u00e7o (FGTS), em caso de demiss\u00e3o sem justa causa. A regra tamb\u00e9m \u00e9 v\u00e1lida para o fim de contratos de trabalhadores dom\u00e9sticos que tenham FGTS, ainda que n\u00e3o seja um direito.<\/p>\n<p>No novo modelo, dever\u00e3o ser detalhadamente especificadas as verbas rescis\u00f3rias devidas ao funcion\u00e1rio e as dedu\u00e7\u00f5es feitas. No documento, tamb\u00e9m devem constar adicional noturno, de insalubridade e de periculosidade, horas extras, f\u00e9rias vencidas, aviso pr\u00e9vio indenizado, d\u00e9cimo terceiro sal\u00e1rio, gorjetas, gratifica\u00e7\u00f5es, sal\u00e1rio fam \u00edlia, comiss\u00f5es e multas. <\/p>\n<p>Ainda dever\u00e3o ser discriminados valores de adiantamentos, pens\u00f5es, contribui\u00e7\u00e3o \u00e0 Previd\u00eancia e o Imposto de Renda Retido na Fonte (IRRF).<\/p>\n<p>De acordo com o governo, o objetivo \u00e9 facilitar a confer\u00eancia dos valores pagos e devidos ao trabalhador. Os empegadores tiveram cerca de quatro meses para se adequar ao novo modelo, que foi aprovado mediante portaria do Minist\u00e9rio do Trabalho e Emprego (MTE), em 14 de julho.<\/p>\n<p>Fonte: Ag\u00eancia Brasil<\/p>\n","protected":false},"excerpt":{"rendered":"<p>Come\u00e7a a valer nesta quinta-feira (1\u00ba) o novo modelo do Termo de Rescis\u00e3o do Contrato de Trabalho (TRCT), sem o qual trabalhadores n\u00e3o poder\u00e3o sacar na Caixa Econ\u00f4mica Federal o Fundo de Garantia do Tempo de Servi\u00e7o (FGTS), em caso de demiss\u00e3o sem justa causa. A regra tamb\u00e9m \u00e9 v\u00e1lida para o fim de contratos &hellip;<\/p>\n<p class=\"read-more\"> <a class=\"\" href=\"https:\/\/bancariosdepiracicaba.com.br\/?p=7816\"> <span class=\"screen-reader-text\">Novo termo de rescis\u00e3o de contrato de trabalho j\u00e1 vale nesta quinta<\/span> Leia mais &raquo;<\/a><\/p>\n","protected":false},"author":1,"featured_media":0,"comment_status":"open","ping_status":"open","sticky":false,"template":"","format":"standard","meta":{"site-sidebar-layout":"default","site-content-layout":"default","ast-main-header-display":"","ast-hfb-above-header-display":"","ast-hfb-below-header-display":"","ast-hfb-mobile-header-display":"","site-post-title":"","ast-breadcrumbs-content":"","ast-featured-img":"","footer-sml-layout":"","theme-transparent-header-meta":"","adv-header-id-meta":"","stick-header-meta":"","header-above-stick-meta":"","header-main-stick-meta":"","header-below-stick-meta":"","footnotes":""},"categories":[1],"tags":[],"class_list":["post-7816","post","type-post","status-publish","format-standard","hentry","category-uncategorized"],"yoast_head":"<!-- This site is optimized with the Yoast SEO Premium plugin v16.1 (Yoast SEO v18.0) - https:\/\/yoast.com\/wordpress\/plugins\/seo\/ -->\n<title>Novo termo de rescis\u00e3o de contrato de trabalho j\u00e1 vale nesta quinta - Sindban<\/title>\n<meta name=\"robots\" content=\"index, follow, max-snippet:-1, max-image-preview:large, max-video-preview:-1\" \/>\n<link rel=\"canonical\" href=\"https:\/\/bancariosdepiracicaba.com.br\/?p=7816\" \/>\n<meta property=\"og:locale\" content=\"pt_BR\" \/>\n<meta property=\"og:type\" content=\"article\" \/>\n<meta property=\"og:title\" content=\"Novo termo de rescis\u00e3o de contrato de trabalho j\u00e1 vale nesta quinta - Sindban\" \/>\n<meta property=\"og:description\" content=\"Come\u00e7a a valer nesta quinta-feira (1\u00ba) o novo modelo do Termo de Rescis\u00e3o do Contrato de Trabalho (TRCT), sem o qual trabalhadores n\u00e3o poder\u00e3o sacar na Caixa Econ\u00f4mica Federal o Fundo de Garantia do Tempo de Servi\u00e7o (FGTS), em caso de demiss\u00e3o sem justa causa. A regra tamb\u00e9m \u00e9 v\u00e1lida para o fim de contratos &hellip; Novo termo de rescis\u00e3o de contrato de trabalho j\u00e1 vale nesta quinta Leia mais &raquo;\" \/>\n<meta property=\"og:url\" content=\"https:\/\/bancariosdepiracicaba.com.br\/?p=7816\" \/>\n<meta property=\"og:site_name\" content=\"Sindban\" \/>\n<meta property=\"article:published_time\" content=\"2021-07-23T20:48:03+00:00\" \/>\n<meta name=\"twitter:card\" content=\"summary_large_image\" \/>\n<meta name=\"twitter:label1\" content=\"Escrito por\" \/>\n\t<meta name=\"twitter:data1\" content=\"admin\" \/>\n\t<meta name=\"twitter:label2\" content=\"Est. tempo de leitura\" \/>\n\t<meta name=\"twitter:data2\" content=\"1 minuto\" \/>\n<script type=\"application\/ld+json\" class=\"yoast-schema-graph\">{\"@context\":\"https:\/\/schema.org\",\"@graph\":[{\"@type\":\"Organization\",\"@id\":\"https:\/\/bancariosdepiracicaba.com.br\/#organization\",\"name\":\"Sindban\",\"url\":\"https:\/\/bancariosdepiracicaba.com.br\/\",\"sameAs\":[],\"logo\":{\"@type\":\"ImageObject\",\"@id\":\"https:\/\/bancariosdepiracicaba.com.br\/#logo\",\"inLanguage\":\"pt-BR\",\"url\":\"https:\/\/site.bancariosdepiracicaba.com.br\/wp-content\/uploads\/2021\/04\/cropped-Asset-2.png\",\"contentUrl\":\"https:\/\/site.bancariosdepiracicaba.com.br\/wp-content\/uploads\/2021\/04\/cropped-Asset-2.png\",\"width\":512,\"height\":512,\"caption\":\"Sindban\"},\"image\":{\"@id\":\"https:\/\/bancariosdepiracicaba.com.br\/#logo\"}},{\"@type\":\"WebSite\",\"@id\":\"https:\/\/bancariosdepiracicaba.com.br\/#website\",\"url\":\"https:\/\/bancariosdepiracicaba.com.br\/\",\"name\":\"Sindban\",\"description\":\"Desenvolvimento\",\"publisher\":{\"@id\":\"https:\/\/bancariosdepiracicaba.com.br\/#organization\"},\"potentialAction\":[{\"@type\":\"SearchAction\",\"target\":{\"@type\":\"EntryPoint\",\"urlTemplate\":\"https:\/\/bancariosdepiracicaba.com.br\/?s={search_term_string}\"},\"query-input\":\"required name=search_term_string\"}],\"inLanguage\":\"pt-BR\"},{\"@type\":\"WebPage\",\"@id\":\"https:\/\/bancariosdepiracicaba.com.br\/?p=7816#webpage\",\"url\":\"https:\/\/bancariosdepiracicaba.com.br\/?p=7816\",\"name\":\"Novo termo de rescis\u00e3o de contrato de trabalho j\u00e1 vale nesta quinta - Sindban\",\"isPartOf\":{\"@id\":\"https:\/\/bancariosdepiracicaba.com.br\/#website\"},\"datePublished\":\"2021-07-23T20:48:03+00:00\",\"dateModified\":\"2021-07-23T20:48:03+00:00\",\"breadcrumb\":{\"@id\":\"https:\/\/bancariosdepiracicaba.com.br\/?p=7816#breadcrumb\"},\"inLanguage\":\"pt-BR\",\"potentialAction\":[{\"@type\":\"ReadAction\",\"target\":[\"https:\/\/bancariosdepiracicaba.com.br\/?p=7816\"]}]},{\"@type\":\"BreadcrumbList\",\"@id\":\"https:\/\/bancariosdepiracicaba.com.br\/?p=7816#breadcrumb\",\"itemListElement\":[{\"@type\":\"ListItem\",\"position\":1,\"name\":\"Home\",\"item\":\"https:\/\/bancariosdepiracicaba.com.br\/\"},{\"@type\":\"ListItem\",\"position\":2,\"name\":\"Novo termo de rescis\u00e3o de contrato de trabalho j\u00e1 vale nesta quinta\"}]},{\"@type\":\"Article\",\"@id\":\"https:\/\/bancariosdepiracicaba.com.br\/?p=7816#article\",\"isPartOf\":{\"@id\":\"https:\/\/bancariosdepiracicaba.com.br\/?p=7816#webpage\"},\"author\":{\"@id\":\"https:\/\/bancariosdepiracicaba.com.br\/#\/schema\/person\/6a12c780fc145ea2c9af09989ee600b0\"},\"headline\":\"Novo termo de rescis\u00e3o de contrato de trabalho j\u00e1 vale nesta quinta\",\"datePublished\":\"2021-07-23T20:48:03+00:00\",\"dateModified\":\"2021-07-23T20:48:03+00:00\",\"mainEntityOfPage\":{\"@id\":\"https:\/\/bancariosdepiracicaba.com.br\/?p=7816#webpage\"},\"wordCount\":222,\"commentCount\":0,\"publisher\":{\"@id\":\"https:\/\/bancariosdepiracicaba.com.br\/#organization\"},\"articleSection\":[\"Uncategorized\"],\"inLanguage\":\"pt-BR\",\"potentialAction\":[{\"@type\":\"CommentAction\",\"name\":\"Comment\",\"target\":[\"https:\/\/bancariosdepiracicaba.com.br\/?p=7816#respond\"]}]},{\"@type\":\"Person\",\"@id\":\"https:\/\/bancariosdepiracicaba.com.br\/#\/schema\/person\/6a12c780fc145ea2c9af09989ee600b0\",\"name\":\"admin\",\"image\":{\"@type\":\"ImageObject\",\"@id\":\"https:\/\/bancariosdepiracicaba.com.br\/#personlogo\",\"inLanguage\":\"pt-BR\",\"url\":\"https:\/\/secure.gravatar.com\/avatar\/3a05e74c6579e68209676cb5cb64e0918f288da7a49210fa18d6e9cac1189840?s=96&d=mm&r=g\",\"contentUrl\":\"https:\/\/secure.gravatar.com\/avatar\/3a05e74c6579e68209676cb5cb64e0918f288da7a49210fa18d6e9cac1189840?s=96&d=mm&r=g\",\"caption\":\"admin\"},\"sameAs\":[\"https:\/\/site.bancariosdepiracicaba.com.br\"],\"url\":\"https:\/\/bancariosdepiracicaba.com.br\/?author=1\"}]}<\/script>\n<!-- \/ Yoast SEO Premium plugin. -->","yoast_head_json":{"title":"Novo termo de rescis\u00e3o de contrato de trabalho j\u00e1 vale nesta quinta - Sindban","robots":{"index":"index","follow":"follow","max-snippet":"max-snippet:-1","max-image-preview":"max-image-preview:large","max-video-preview":"max-video-preview:-1"},"canonical":"https:\/\/bancariosdepiracicaba.com.br\/?p=7816","og_locale":"pt_BR","og_type":"article","og_title":"Novo termo de rescis\u00e3o de contrato de trabalho j\u00e1 vale nesta quinta - Sindban","og_description":"Come\u00e7a a valer nesta quinta-feira (1\u00ba) o novo modelo do Termo de Rescis\u00e3o do Contrato de Trabalho (TRCT), sem o qual trabalhadores n\u00e3o poder\u00e3o sacar na Caixa Econ\u00f4mica Federal o Fundo de Garantia do Tempo de Servi\u00e7o (FGTS), em caso de demiss\u00e3o sem justa causa. A regra tamb\u00e9m \u00e9 v\u00e1lida para o fim de contratos &hellip; Novo termo de rescis\u00e3o de contrato de trabalho j\u00e1 vale nesta quinta Leia mais &raquo;","og_url":"https:\/\/bancariosdepiracicaba.com.br\/?p=7816","og_site_name":"Sindban","article_published_time":"2021-07-23T20:48:03+00:00","twitter_card":"summary_large_image","twitter_misc":{"Escrito por":"admin","Est. tempo de leitura":"1 minuto"},"schema":{"@context":"https:\/\/schema.org","@graph":[{"@type":"Organization","@id":"https:\/\/bancariosdepiracicaba.com.br\/#organization","name":"Sindban","url":"https:\/\/bancariosdepiracicaba.com.br\/","sameAs":[],"logo":{"@type":"ImageObject","@id":"https:\/\/bancariosdepiracicaba.com.br\/#logo","inLanguage":"pt-BR","url":"https:\/\/site.bancariosdepiracicaba.com.br\/wp-content\/uploads\/2021\/04\/cropped-Asset-2.png","contentUrl":"https:\/\/site.bancariosdepiracicaba.com.br\/wp-content\/uploads\/2021\/04\/cropped-Asset-2.png","width":512,"height":512,"caption":"Sindban"},"image":{"@id":"https:\/\/bancariosdepiracicaba.com.br\/#logo"}},{"@type":"WebSite","@id":"https:\/\/bancariosdepiracicaba.com.br\/#website","url":"https:\/\/bancariosdepiracicaba.com.br\/","name":"Sindban","description":"Desenvolvimento","publisher":{"@id":"https:\/\/bancariosdepiracicaba.com.br\/#organization"},"potentialAction":[{"@type":"SearchAction","target":{"@type":"EntryPoint","urlTemplate":"https:\/\/bancariosdepiracicaba.com.br\/?s={search_term_string}"},"query-input":"required name=search_term_string"}],"inLanguage":"pt-BR"},{"@type":"WebPage","@id":"https:\/\/bancariosdepiracicaba.com.br\/?p=7816#webpage","url":"https:\/\/bancariosdepiracicaba.com.br\/?p=7816","name":"Novo termo de rescis\u00e3o de contrato de trabalho j\u00e1 vale nesta quinta - Sindban","isPartOf":{"@id":"https:\/\/bancariosdepiracicaba.com.br\/#website"},"datePublished":"2021-07-23T20:48:03+00:00","dateModified":"2021-07-23T20:48:03+00:00","breadcrumb":{"@id":"https:\/\/bancariosdepiracicaba.com.br\/?p=7816#breadcrumb"},"inLanguage":"pt-BR","potentialAction":[{"@type":"ReadAction","target":["https:\/\/bancariosdepiracicaba.com.br\/?p=7816"]}]},{"@type":"BreadcrumbList","@id":"https:\/\/bancariosdepiracicaba.com.br\/?p=7816#breadcrumb","itemListElement":[{"@type":"ListItem","position":1,"name":"Home","item":"https:\/\/bancariosdepiracicaba.com.br\/"},{"@type":"ListItem","position":2,"name":"Novo termo de rescis\u00e3o de contrato de trabalho j\u00e1 vale nesta quinta"}]},{"@type":"Article","@id":"https:\/\/bancariosdepiracicaba.com.br\/?p=7816#article","isPartOf":{"@id":"https:\/\/bancariosdepiracicaba.com.br\/?p=7816#webpage"},"author":{"@id":"https:\/\/bancariosdepiracicaba.com.br\/#\/schema\/person\/6a12c780fc145ea2c9af09989ee600b0"},"headline":"Novo termo de rescis\u00e3o de contrato de trabalho j\u00e1 vale nesta quinta","datePublished":"2021-07-23T20:48:03+00:00","dateModified":"2021-07-23T20:48:03+00:00","mainEntityOfPage":{"@id":"https:\/\/bancariosdepiracicaba.com.br\/?p=7816#webpage"},"wordCount":222,"commentCount":0,"publisher":{"@id":"https:\/\/bancariosdepiracicaba.com.br\/#organization"},"articleSection":["Uncategorized"],"inLanguage":"pt-BR","potentialAction":[{"@type":"CommentAction","name":"Comment","target":["https:\/\/bancariosdepiracicaba.com.br\/?p=7816#respond"]}]},{"@type":"Person","@id":"https:\/\/bancariosdepiracicaba.com.br\/#\/schema\/person\/6a12c780fc145ea2c9af09989ee600b0","name":"admin","image":{"@type":"ImageObject","@id":"https:\/\/bancariosdepiracicaba.com.br\/#personlogo","inLanguage":"pt-BR","url":"https:\/\/secure.gravatar.com\/avatar\/3a05e74c6579e68209676cb5cb64e0918f288da7a49210fa18d6e9cac1189840?s=96&d=mm&r=g","contentUrl":"https:\/\/secure.gravatar.com\/avatar\/3a05e74c6579e68209676cb5cb64e0918f288da7a49210fa18d6e9cac1189840?s=96&d=mm&r=g","caption":"admin"},"sameAs":["https:\/\/site.bancariosdepiracicaba.com.br"],"url":"https:\/\/bancariosdepiracicaba.com.br\/?author=1"}]}},"_links":{"self":[{"href":"https:\/\/bancariosdepiracicaba.com.br\/index.php?rest_route=\/wp\/v2\/posts\/7816","targetHints":{"allow":["GET"]}}],"collection":[{"href":"https:\/\/bancariosdepiracicaba.com.br\/index.php?rest_route=\/wp\/v2\/posts"}],"about":[{"href":"https:\/\/bancariosdepiracicaba.com.br\/index.php?rest_route=\/wp\/v2\/types\/post"}],"author":[{"embeddable":true,"href":"https:\/\/bancariosdepiracicaba.com.br\/index.php?rest_route=\/wp\/v2\/users\/1"}],"replies":[{"embeddable":true,"href":"https:\/\/bancariosdepiracicaba.com.br\/index.php?rest_route=%2Fwp%2Fv2%2Fcomments&post=7816"}],"version-history":[{"count":0,"href":"https:\/\/bancariosdepiracicaba.com.br\/index.php?rest_route=\/wp\/v2\/posts\/7816\/revisions"}],"wp:attachment":[{"href":"https:\/\/bancariosdepiracicaba.com.br\/index.php?rest_route=%2Fwp%2Fv2%2Fmedia&parent=7816"}],"wp:term":[{"taxonomy":"category","embeddable":true,"href":"https:\/\/bancariosdepiracicaba.com.br\/index.php?rest_route=%2Fwp%2Fv2%2Fcategories&post=7816"},{"taxonomy":"post_tag","embeddable":true,"href":"https:\/\/bancariosdepiracicaba.com.br\/index.php?rest_route=%2Fwp%2Fv2%2Ftags&post=7816"}],"curies":[{"name":"wp","href":"https:\/\/api.w.org\/{rel}","templated":true}]}}