{"id":7813,"date":"2021-07-23T20:47:59","date_gmt":"2021-07-23T20:47:59","guid":{"rendered":"https:\/\/site.bancariosdepiracicaba.com.br\/2021\/07\/23\/contraf-cut-retoma-negociacao-permanente-com-a-caixa-no-dia-8\/"},"modified":"2021-07-23T20:47:59","modified_gmt":"2021-07-23T20:47:59","slug":"contraf-cut-retoma-negociacao-permanente-com-a-caixa-no-dia-8","status":"publish","type":"post","link":"https:\/\/bancariosdepiracicaba.com.br\/?p=7813","title":{"rendered":"Contraf-CUT retoma negocia\u00e7\u00e3o permanente com a Caixa no dia 8"},"content":{"rendered":"<p>A Contraf-CUT, federa\u00e7\u00f5es e sindicatos retomam no pr\u00f3ximo dia 8 de novembro, \u00e0s 14h30, em Bras \u00edlia, as negocia\u00e7\u00f5es permanentes com a Caixa Econ\u00f4mica Federal. Nesta primeira negocia\u00e7\u00e3o ap\u00f3s a Campanha Nacional dos Banc\u00e1rios 2012, a discuss\u00e3o estar\u00e1 em torno de desdobramentos de assuntos que foram contemplados no novo Acordo Aditivo. <\/p>\n<p>Entre os pontos de destaque est\u00e3o o curso EAD para designado\/Cipa e o in \u00edcio do debate sobre Sa\u00fade Caixa. O aditivo prev\u00ea a cria\u00e7\u00e3o de um grupo de trabalho para avaliar o tema. <\/p>\n<p>Em rela\u00e7\u00e3o \u00e0s promo\u00e7\u00f5es dos empregados, um dos itens objetivos no processo de avalia\u00e7\u00e3o por m\u00e9rito \u00e9 a realiza\u00e7\u00e3o do curso da Universidade Caixa. &#8220;Antes da Campanha Nacional de 2012, os empregados precisavam cumprir 100 horas e com a mobiliza\u00e7\u00e3o conseguimos reduzir para 70 horas de curso. Mas o que est\u00e1 acontecendo hoje \u00e9 que, por uma falha do sistema da Caixa, os banc\u00e1rios n\u00e3o est\u00e3o conseguindo realiz\u00e1-las. N\u00e3o \u00e9 poss \u00edvel que os empregados sejam prejudicados por problemas t\u00e9cnicos do banco&#8221;, critica Pl \u00ednio Pav\u00e3o, diretor executivo da Contraf-CUT.<\/p>\n<p>Outra conquista da mesa espec \u00edfica foi a garantia de seis horas por m\u00eas dentro da jornada para realiza\u00e7\u00e3o de capacita\u00e7\u00e3o pela Universidade Caixa. &#8220;Foi uma conquista, mas ainda precisamos regulamentar este direito. Portanto, o ponto deve retornar para a mesa permanente&#8221;, salienta o dirigente sindical.<\/p>\n<p>Tesoureiros<\/p>\n<p>Os tesoureiros enfrentam condi\u00e7\u00f5es desumanas de trabalho e at\u00e9 agora a Caixa n\u00e3o apresentou nenhuma solu\u00e7\u00e3o. O banco, ao criar o Plano de Fun\u00e7\u00f5es Gratificadas (PFG) em 2010 para substituir o antigo PCC, resolveu diminuir de 8 horas para 6 horas a carga hor\u00e1ria de trabalho das fun\u00e7\u00f5es t\u00e9cnicas, mas manteve o tesoureiro, antigo t\u00e9cnico de opera\u00e7\u00f5es de retaguarda TOR, com jornada de 8h.<\/p>\n<p>&#8220;Ao contr\u00e1rio do que defende o movimento sindical, o banco n\u00e3o o considerava como fun\u00e7\u00e3o t\u00e9cnica. Como a maioria das unidades possui apenas um tesoureiro, eles s\u00e3o os primeiros a entrar e os \u00faltimos a sair. Portanto, mesmo fazendo 8h, s\u00e3o obrigados a extrapolar a jornada todos os dias, quase sempre al\u00e9m do limite legal e na maioria das vezes n\u00e3o as registrando. O excesso de tarefas \u00e9 gigante e as pessoas est\u00e3o no limite&#8221;, denuncia Jair Ferreira, coordenador da Comiss\u00e3o Executiva dos Empregados (CEE\/Caixa), que assessora o Contraf-CUT nas negocia\u00e7\u00f5es. <\/p>\n<p>Outro ponto que piorou as condi\u00e7\u00f5es dos tesoureiros foi o fato de a Caixa ter colocado esses empregados como respons\u00e1veis pelo novo projeto, o &#8220;Bela Ag\u00eancia&#8221;. Para o coordenador da CEE\/Caixa, &#8220;a iniciativa do projeto \u00e9 boa. A Caixa destina uma verba para que as ag\u00eancias contratem servi\u00e7os de manuten\u00e7\u00e3o de pequena monta diretamente, sem depender da \u00e1rea de log \u00edstica, simplificando o processo. O problema \u00e9 que sobrecarregou ainda mais esses empregados com atividades que n\u00e3o dizem respeito a sua fun\u00e7\u00e3o, como levantamento das condi\u00e7\u00f5es da ag\u00eancia, tais como problemas de vazamento, de jardinagem, com m\u00f3veis e equipamentos, pintura, piso danificado etc&#8221;. <\/p>\n<p>&#8220;O problema dos tesoureiros foi um dos pontos centrais da negocia\u00e7\u00e3o com a Caixa na Campanha, e a mobiliza\u00e7\u00e3o de todos, inclusive com grande participa\u00e7\u00e3o desses colegas, for\u00e7ou a Caixa a mudar o seu entendimento e incluir no acordo uma cl\u00e1usula em que assume v\u00e1rios compromissos para solucionar essa grave situa\u00e7\u00e3o. Estamos pautando o tema na mesa permanente para pressionar a Caixa a cumprir a cl\u00e1usula dentro dos prazos previstos&#8221;, acrescenta Jair.<\/p>\n<p>Dias de greve<\/p>\n<p>A Caixa est\u00e1 descontando um dia de trabalho dos sal\u00e1rios dos empregados pertencentes \u00e0s bases sindicais que permaneceram em greve no dia 28 de setembro, al\u00e9m dos casos em que aconteceram protestos e paralisa\u00e7\u00f5es anteriores \u00e0 greve. <\/p>\n<p>&#8220;Nossa reivindica\u00e7\u00e3o \u00e9 de que esses dias n\u00e3o sejam descontados, mas tratados na forma prevista na conven\u00e7\u00e3o coletiva para o per \u00edodo de greve da categoria como um todo. A paralisa\u00e7\u00e3o \u00e9 um direito do trabalhador e cada base sindical tem autonomia para acatar ou n\u00e3o proposta formulada pela dire\u00e7\u00e3o da empresa, mesmo que haja orienta\u00e7\u00e3o do Comando Nacional para aceita\u00e7\u00e3o&#8221;, afirma Pl \u00ednio. <\/p>\n<p>Fonte: Contraf-CUT<\/p>\n","protected":false},"excerpt":{"rendered":"<p>A Contraf-CUT, federa\u00e7\u00f5es e sindicatos retomam no pr\u00f3ximo dia 8 de novembro, \u00e0s 14h30, em Bras \u00edlia, as negocia\u00e7\u00f5es permanentes com a Caixa Econ\u00f4mica Federal. Nesta primeira negocia\u00e7\u00e3o ap\u00f3s a Campanha Nacional dos Banc\u00e1rios 2012, a discuss\u00e3o estar\u00e1 em torno de desdobramentos de assuntos que foram contemplados no novo Acordo Aditivo. Entre os pontos de &hellip;<\/p>\n<p class=\"read-more\"> <a class=\"\" href=\"https:\/\/bancariosdepiracicaba.com.br\/?p=7813\"> <span class=\"screen-reader-text\">Contraf-CUT retoma negocia\u00e7\u00e3o permanente com a Caixa no dia 8<\/span> Leia mais &raquo;<\/a><\/p>\n","protected":false},"author":1,"featured_media":0,"comment_status":"open","ping_status":"open","sticky":false,"template":"","format":"standard","meta":{"site-sidebar-layout":"default","site-content-layout":"default","ast-main-header-display":"","ast-hfb-above-header-display":"","ast-hfb-below-header-display":"","ast-hfb-mobile-header-display":"","site-post-title":"","ast-breadcrumbs-content":"","ast-featured-img":"","footer-sml-layout":"","theme-transparent-header-meta":"","adv-header-id-meta":"","stick-header-meta":"","header-above-stick-meta":"","header-main-stick-meta":"","header-below-stick-meta":"","footnotes":""},"categories":[1],"tags":[],"class_list":["post-7813","post","type-post","status-publish","format-standard","hentry","category-uncategorized"],"yoast_head":"<!-- This site is optimized with the Yoast SEO Premium plugin v16.1 (Yoast SEO v18.0) - https:\/\/yoast.com\/wordpress\/plugins\/seo\/ -->\n<title>Contraf-CUT retoma negocia\u00e7\u00e3o permanente com a Caixa no dia 8 - Sindban<\/title>\n<meta name=\"robots\" content=\"index, follow, max-snippet:-1, max-image-preview:large, max-video-preview:-1\" \/>\n<link rel=\"canonical\" href=\"https:\/\/bancariosdepiracicaba.com.br\/?p=7813\" \/>\n<meta property=\"og:locale\" content=\"pt_BR\" \/>\n<meta property=\"og:type\" content=\"article\" \/>\n<meta property=\"og:title\" content=\"Contraf-CUT retoma negocia\u00e7\u00e3o permanente com a Caixa no dia 8 - Sindban\" \/>\n<meta property=\"og:description\" content=\"A Contraf-CUT, federa\u00e7\u00f5es e sindicatos retomam no pr\u00f3ximo dia 8 de novembro, \u00e0s 14h30, em Bras \u00edlia, as negocia\u00e7\u00f5es permanentes com a Caixa Econ\u00f4mica Federal. Nesta primeira negocia\u00e7\u00e3o ap\u00f3s a Campanha Nacional dos Banc\u00e1rios 2012, a discuss\u00e3o estar\u00e1 em torno de desdobramentos de assuntos que foram contemplados no novo Acordo Aditivo. Entre os pontos de &hellip; Contraf-CUT retoma negocia\u00e7\u00e3o permanente com a Caixa no dia 8 Leia mais &raquo;\" \/>\n<meta property=\"og:url\" content=\"https:\/\/bancariosdepiracicaba.com.br\/?p=7813\" \/>\n<meta property=\"og:site_name\" content=\"Sindban\" \/>\n<meta property=\"article:published_time\" content=\"2021-07-23T20:47:59+00:00\" \/>\n<meta name=\"twitter:card\" content=\"summary_large_image\" \/>\n<meta name=\"twitter:label1\" content=\"Escrito por\" \/>\n\t<meta name=\"twitter:data1\" content=\"admin\" \/>\n\t<meta name=\"twitter:label2\" content=\"Est. tempo de leitura\" \/>\n\t<meta name=\"twitter:data2\" content=\"4 minutos\" \/>\n<script type=\"application\/ld+json\" class=\"yoast-schema-graph\">{\"@context\":\"https:\/\/schema.org\",\"@graph\":[{\"@type\":\"Organization\",\"@id\":\"https:\/\/bancariosdepiracicaba.com.br\/#organization\",\"name\":\"Sindban\",\"url\":\"https:\/\/bancariosdepiracicaba.com.br\/\",\"sameAs\":[],\"logo\":{\"@type\":\"ImageObject\",\"@id\":\"https:\/\/bancariosdepiracicaba.com.br\/#logo\",\"inLanguage\":\"pt-BR\",\"url\":\"https:\/\/site.bancariosdepiracicaba.com.br\/wp-content\/uploads\/2021\/04\/cropped-Asset-2.png\",\"contentUrl\":\"https:\/\/site.bancariosdepiracicaba.com.br\/wp-content\/uploads\/2021\/04\/cropped-Asset-2.png\",\"width\":512,\"height\":512,\"caption\":\"Sindban\"},\"image\":{\"@id\":\"https:\/\/bancariosdepiracicaba.com.br\/#logo\"}},{\"@type\":\"WebSite\",\"@id\":\"https:\/\/bancariosdepiracicaba.com.br\/#website\",\"url\":\"https:\/\/bancariosdepiracicaba.com.br\/\",\"name\":\"Sindban\",\"description\":\"Desenvolvimento\",\"publisher\":{\"@id\":\"https:\/\/bancariosdepiracicaba.com.br\/#organization\"},\"potentialAction\":[{\"@type\":\"SearchAction\",\"target\":{\"@type\":\"EntryPoint\",\"urlTemplate\":\"https:\/\/bancariosdepiracicaba.com.br\/?s={search_term_string}\"},\"query-input\":\"required name=search_term_string\"}],\"inLanguage\":\"pt-BR\"},{\"@type\":\"WebPage\",\"@id\":\"https:\/\/bancariosdepiracicaba.com.br\/?p=7813#webpage\",\"url\":\"https:\/\/bancariosdepiracicaba.com.br\/?p=7813\",\"name\":\"Contraf-CUT retoma negocia\u00e7\u00e3o permanente com a Caixa no dia 8 - Sindban\",\"isPartOf\":{\"@id\":\"https:\/\/bancariosdepiracicaba.com.br\/#website\"},\"datePublished\":\"2021-07-23T20:47:59+00:00\",\"dateModified\":\"2021-07-23T20:47:59+00:00\",\"breadcrumb\":{\"@id\":\"https:\/\/bancariosdepiracicaba.com.br\/?p=7813#breadcrumb\"},\"inLanguage\":\"pt-BR\",\"potentialAction\":[{\"@type\":\"ReadAction\",\"target\":[\"https:\/\/bancariosdepiracicaba.com.br\/?p=7813\"]}]},{\"@type\":\"BreadcrumbList\",\"@id\":\"https:\/\/bancariosdepiracicaba.com.br\/?p=7813#breadcrumb\",\"itemListElement\":[{\"@type\":\"ListItem\",\"position\":1,\"name\":\"Home\",\"item\":\"https:\/\/bancariosdepiracicaba.com.br\/\"},{\"@type\":\"ListItem\",\"position\":2,\"name\":\"Contraf-CUT retoma negocia\u00e7\u00e3o permanente com a Caixa no dia 8\"}]},{\"@type\":\"Article\",\"@id\":\"https:\/\/bancariosdepiracicaba.com.br\/?p=7813#article\",\"isPartOf\":{\"@id\":\"https:\/\/bancariosdepiracicaba.com.br\/?p=7813#webpage\"},\"author\":{\"@id\":\"https:\/\/bancariosdepiracicaba.com.br\/#\/schema\/person\/6a12c780fc145ea2c9af09989ee600b0\"},\"headline\":\"Contraf-CUT retoma negocia\u00e7\u00e3o permanente com a Caixa no dia 8\",\"datePublished\":\"2021-07-23T20:47:59+00:00\",\"dateModified\":\"2021-07-23T20:47:59+00:00\",\"mainEntityOfPage\":{\"@id\":\"https:\/\/bancariosdepiracicaba.com.br\/?p=7813#webpage\"},\"wordCount\":730,\"commentCount\":0,\"publisher\":{\"@id\":\"https:\/\/bancariosdepiracicaba.com.br\/#organization\"},\"articleSection\":[\"Uncategorized\"],\"inLanguage\":\"pt-BR\",\"potentialAction\":[{\"@type\":\"CommentAction\",\"name\":\"Comment\",\"target\":[\"https:\/\/bancariosdepiracicaba.com.br\/?p=7813#respond\"]}]},{\"@type\":\"Person\",\"@id\":\"https:\/\/bancariosdepiracicaba.com.br\/#\/schema\/person\/6a12c780fc145ea2c9af09989ee600b0\",\"name\":\"admin\",\"image\":{\"@type\":\"ImageObject\",\"@id\":\"https:\/\/bancariosdepiracicaba.com.br\/#personlogo\",\"inLanguage\":\"pt-BR\",\"url\":\"https:\/\/secure.gravatar.com\/avatar\/3a05e74c6579e68209676cb5cb64e0918f288da7a49210fa18d6e9cac1189840?s=96&d=mm&r=g\",\"contentUrl\":\"https:\/\/secure.gravatar.com\/avatar\/3a05e74c6579e68209676cb5cb64e0918f288da7a49210fa18d6e9cac1189840?s=96&d=mm&r=g\",\"caption\":\"admin\"},\"sameAs\":[\"https:\/\/site.bancariosdepiracicaba.com.br\"],\"url\":\"https:\/\/bancariosdepiracicaba.com.br\/?author=1\"}]}<\/script>\n<!-- \/ Yoast SEO Premium plugin. -->","yoast_head_json":{"title":"Contraf-CUT retoma negocia\u00e7\u00e3o permanente com a Caixa no dia 8 - Sindban","robots":{"index":"index","follow":"follow","max-snippet":"max-snippet:-1","max-image-preview":"max-image-preview:large","max-video-preview":"max-video-preview:-1"},"canonical":"https:\/\/bancariosdepiracicaba.com.br\/?p=7813","og_locale":"pt_BR","og_type":"article","og_title":"Contraf-CUT retoma negocia\u00e7\u00e3o permanente com a Caixa no dia 8 - Sindban","og_description":"A Contraf-CUT, federa\u00e7\u00f5es e sindicatos retomam no pr\u00f3ximo dia 8 de novembro, \u00e0s 14h30, em Bras \u00edlia, as negocia\u00e7\u00f5es permanentes com a Caixa Econ\u00f4mica Federal. Nesta primeira negocia\u00e7\u00e3o ap\u00f3s a Campanha Nacional dos Banc\u00e1rios 2012, a discuss\u00e3o estar\u00e1 em torno de desdobramentos de assuntos que foram contemplados no novo Acordo Aditivo. Entre os pontos de &hellip; Contraf-CUT retoma negocia\u00e7\u00e3o permanente com a Caixa no dia 8 Leia mais &raquo;","og_url":"https:\/\/bancariosdepiracicaba.com.br\/?p=7813","og_site_name":"Sindban","article_published_time":"2021-07-23T20:47:59+00:00","twitter_card":"summary_large_image","twitter_misc":{"Escrito por":"admin","Est. tempo de leitura":"4 minutos"},"schema":{"@context":"https:\/\/schema.org","@graph":[{"@type":"Organization","@id":"https:\/\/bancariosdepiracicaba.com.br\/#organization","name":"Sindban","url":"https:\/\/bancariosdepiracicaba.com.br\/","sameAs":[],"logo":{"@type":"ImageObject","@id":"https:\/\/bancariosdepiracicaba.com.br\/#logo","inLanguage":"pt-BR","url":"https:\/\/site.bancariosdepiracicaba.com.br\/wp-content\/uploads\/2021\/04\/cropped-Asset-2.png","contentUrl":"https:\/\/site.bancariosdepiracicaba.com.br\/wp-content\/uploads\/2021\/04\/cropped-Asset-2.png","width":512,"height":512,"caption":"Sindban"},"image":{"@id":"https:\/\/bancariosdepiracicaba.com.br\/#logo"}},{"@type":"WebSite","@id":"https:\/\/bancariosdepiracicaba.com.br\/#website","url":"https:\/\/bancariosdepiracicaba.com.br\/","name":"Sindban","description":"Desenvolvimento","publisher":{"@id":"https:\/\/bancariosdepiracicaba.com.br\/#organization"},"potentialAction":[{"@type":"SearchAction","target":{"@type":"EntryPoint","urlTemplate":"https:\/\/bancariosdepiracicaba.com.br\/?s={search_term_string}"},"query-input":"required name=search_term_string"}],"inLanguage":"pt-BR"},{"@type":"WebPage","@id":"https:\/\/bancariosdepiracicaba.com.br\/?p=7813#webpage","url":"https:\/\/bancariosdepiracicaba.com.br\/?p=7813","name":"Contraf-CUT retoma negocia\u00e7\u00e3o permanente com a Caixa no dia 8 - Sindban","isPartOf":{"@id":"https:\/\/bancariosdepiracicaba.com.br\/#website"},"datePublished":"2021-07-23T20:47:59+00:00","dateModified":"2021-07-23T20:47:59+00:00","breadcrumb":{"@id":"https:\/\/bancariosdepiracicaba.com.br\/?p=7813#breadcrumb"},"inLanguage":"pt-BR","potentialAction":[{"@type":"ReadAction","target":["https:\/\/bancariosdepiracicaba.com.br\/?p=7813"]}]},{"@type":"BreadcrumbList","@id":"https:\/\/bancariosdepiracicaba.com.br\/?p=7813#breadcrumb","itemListElement":[{"@type":"ListItem","position":1,"name":"Home","item":"https:\/\/bancariosdepiracicaba.com.br\/"},{"@type":"ListItem","position":2,"name":"Contraf-CUT retoma negocia\u00e7\u00e3o permanente com a Caixa no dia 8"}]},{"@type":"Article","@id":"https:\/\/bancariosdepiracicaba.com.br\/?p=7813#article","isPartOf":{"@id":"https:\/\/bancariosdepiracicaba.com.br\/?p=7813#webpage"},"author":{"@id":"https:\/\/bancariosdepiracicaba.com.br\/#\/schema\/person\/6a12c780fc145ea2c9af09989ee600b0"},"headline":"Contraf-CUT retoma negocia\u00e7\u00e3o permanente com a Caixa no dia 8","datePublished":"2021-07-23T20:47:59+00:00","dateModified":"2021-07-23T20:47:59+00:00","mainEntityOfPage":{"@id":"https:\/\/bancariosdepiracicaba.com.br\/?p=7813#webpage"},"wordCount":730,"commentCount":0,"publisher":{"@id":"https:\/\/bancariosdepiracicaba.com.br\/#organization"},"articleSection":["Uncategorized"],"inLanguage":"pt-BR","potentialAction":[{"@type":"CommentAction","name":"Comment","target":["https:\/\/bancariosdepiracicaba.com.br\/?p=7813#respond"]}]},{"@type":"Person","@id":"https:\/\/bancariosdepiracicaba.com.br\/#\/schema\/person\/6a12c780fc145ea2c9af09989ee600b0","name":"admin","image":{"@type":"ImageObject","@id":"https:\/\/bancariosdepiracicaba.com.br\/#personlogo","inLanguage":"pt-BR","url":"https:\/\/secure.gravatar.com\/avatar\/3a05e74c6579e68209676cb5cb64e0918f288da7a49210fa18d6e9cac1189840?s=96&d=mm&r=g","contentUrl":"https:\/\/secure.gravatar.com\/avatar\/3a05e74c6579e68209676cb5cb64e0918f288da7a49210fa18d6e9cac1189840?s=96&d=mm&r=g","caption":"admin"},"sameAs":["https:\/\/site.bancariosdepiracicaba.com.br"],"url":"https:\/\/bancariosdepiracicaba.com.br\/?author=1"}]}},"_links":{"self":[{"href":"https:\/\/bancariosdepiracicaba.com.br\/index.php?rest_route=\/wp\/v2\/posts\/7813","targetHints":{"allow":["GET"]}}],"collection":[{"href":"https:\/\/bancariosdepiracicaba.com.br\/index.php?rest_route=\/wp\/v2\/posts"}],"about":[{"href":"https:\/\/bancariosdepiracicaba.com.br\/index.php?rest_route=\/wp\/v2\/types\/post"}],"author":[{"embeddable":true,"href":"https:\/\/bancariosdepiracicaba.com.br\/index.php?rest_route=\/wp\/v2\/users\/1"}],"replies":[{"embeddable":true,"href":"https:\/\/bancariosdepiracicaba.com.br\/index.php?rest_route=%2Fwp%2Fv2%2Fcomments&post=7813"}],"version-history":[{"count":0,"href":"https:\/\/bancariosdepiracicaba.com.br\/index.php?rest_route=\/wp\/v2\/posts\/7813\/revisions"}],"wp:attachment":[{"href":"https:\/\/bancariosdepiracicaba.com.br\/index.php?rest_route=%2Fwp%2Fv2%2Fmedia&parent=7813"}],"wp:term":[{"taxonomy":"category","embeddable":true,"href":"https:\/\/bancariosdepiracicaba.com.br\/index.php?rest_route=%2Fwp%2Fv2%2Fcategories&post=7813"},{"taxonomy":"post_tag","embeddable":true,"href":"https:\/\/bancariosdepiracicaba.com.br\/index.php?rest_route=%2Fwp%2Fv2%2Ftags&post=7813"}],"curies":[{"name":"wp","href":"https:\/\/api.w.org\/{rel}","templated":true}]}}