{"id":7812,"date":"2021-07-23T20:47:58","date_gmt":"2021-07-23T20:47:58","guid":{"rendered":"https:\/\/site.bancariosdepiracicaba.com.br\/2021\/07\/23\/contraf-cut-discute-ponto-eletronico-e-respeito-a-jornada-com-santander\/"},"modified":"2021-08-02T16:29:36","modified_gmt":"2021-08-02T19:29:36","slug":"contraf-cut-discute-ponto-eletronico-e-respeito-a-jornada-com-santander","status":"publish","type":"post","link":"https:\/\/bancariosdepiracicaba.com.br\/?p=7812","title":{"rendered":"Contraf-CUT discute ponto eletr\u00f4nico e respeito \u00e0 jornada com Santander"},"content":{"rendered":"<p>A Contraf-CUT, federa\u00e7\u00f5es e sindicatos se reuniram com representantes do Santander na tarde desta ter\u00e7a-feira (30). Foi discutida a proposta de firmar um acordo coletivo que trata do &#8220;Sistema Alternativo Eletr\u00f4nico de Controle de Jornada de Trabalho, em conformidade com a Portaria n\u00ba 373, de 25\/02\/2011&#8221;. A reuni\u00e3o ocorreu na sede da Confedera\u00e7\u00e3o, em S\u00e3o Paulo.<\/p>\n<p>Ou o banco espanhol negocia e assina um instrumento com o movimento sindical ou ent\u00e3o adquire e instala o Rel\u00f3gio de Ponto Eletr\u00f4nico (REP), conforme determina essa portaria que est\u00e1 vigente desde abril, ap\u00f3s v\u00e1rios adiamentos.<\/p>\n<p>Apresenta\u00e7\u00e3o do ponto eletr\u00f4nico<\/p>\n<p>Representantes do banco espanhol fizeram uma nova apresenta\u00e7\u00e3o do ponto para os dirigentes sindicais, que aproveitaram para perguntar sobre o funcionamento do sistema e esclarecer d\u00favidas dos funcion\u00e1rios.<\/p>\n<p>Segundo o banco, n\u00e3o h\u00e1 restri\u00e7\u00f5es para a marca\u00e7\u00e3o da jornada. O registro \u00e9 feito mediante passagem do crach\u00e1 funcional. S\u00e3o necess\u00e1rias pelo menos quatro marca\u00e7\u00f5es di\u00e1rias, sendo obrigat\u00f3rio o cumprimento do intervalo para refei\u00e7\u00e3o.<\/p>\n<p>As marca\u00e7\u00f5es realizadas podem ser visualizadas pelo funcion\u00e1rio ou pelo gestor a qualquer momento. A assinatura eletr\u00f4nica do ponto ocorre no dia 10 de cada m\u00eas. Toda quarta-feira \u00e9 enviado e-mail para os funcion\u00e1rios sobre pend\u00eancias de justificativas. <\/p>\n<p>Nas ag\u00eancias s\u00f3 o gerente geral (GG) n\u00e3o bate ponto. Conforme os representantes do banco, n\u00e3o h\u00e1 bloqueio do gestor para registro da jornada e n\u00e3o \u00e9 poss \u00edvel o gestor fazer login em dois terminais ao mesmo tempo.<\/p>\n<p>O acordo do ponto n\u00e3o reconhece banco de horas e compensa\u00e7\u00e3o de jornada.<\/p>\n<p>&#8220;A apresenta\u00e7\u00e3o feita pelo banco mostra que o sistema se encontra programado para o registro da jornada trabalhada pelo funcion\u00e1rio e a proposta de acordo coletivo \u00e9 semelhante aos instrumentos j\u00e1 assinados com outros bancos, como Bradesco e Ita\u00fa&#8221;, avalia o secret\u00e1rio de imprensa da Contraf-CUT, Ademir Wiederkehr.<\/p>\n<p>Desrespeito \u00e0 jornada<\/p>\n<p>Os dirigentes sindicais, no entanto, apontaram v\u00e1rios problemas de gest\u00e3o no ponto eletr\u00f4nico. H\u00e1 casos de ag\u00eancias onde funcion\u00e1rios marcam o hor\u00e1rio de sa \u00edda e s\u00e3o obrigados a continuar trabalhando com o login do gestor, o que \u00e9 fraude. Outra irregularidade \u00e9 a realiza\u00e7\u00e3o de reuni\u00f5es fora da jornada, sem registro no ponto. <\/p>\n<p>H\u00e1 ainda situa\u00e7\u00f5es em que o funcion\u00e1rio \u00e9 convocado para chegar mais cedo e executar tarefas sem necessidade de usar login e, portanto, sem marca\u00e7\u00e3o do ponto.<\/p>\n<p>Como se n\u00e3o bastasse, existem problemas com a compensa\u00e7\u00e3o da jornada, que n\u00e3o foi objeto de negocia\u00e7\u00e3o com o movimento sindical. Os funcion\u00e1rios reclamam que s\u00e3o obrigados a sair mais cedo do trabalho, chegar mais tarde ou esticar o intervalo para refei\u00e7\u00e3o, a fim de compensar horas extras. N\u00e3o h\u00e1 di\u00e1logo com o funcion\u00e1rio para discutir o dia e o hor\u00e1rio para folgas.<\/p>\n<p>&#8220;Esses problemas de gest\u00e3o precisam ser resolvidos pelo banco. Ali\u00e1s, essas quest\u00f5es j\u00e1 foram cobradas em reuni\u00f5es do Comit\u00ea de Rela\u00e7\u00f5es Trabalhistas, mas seguem acontecendo, o que caracteriza o descumprimento da jornada de trabalho&#8221;, destaca a diretora do Sindicato dos Banc\u00e1rios de S\u00e3o Paulo e coordenadora da Comiss\u00e3o de Organiza\u00e7\u00e3o dos Empregados (COE) do Santander, Maria Rosani.<\/p>\n<p>O diretor do Sindicato dos Banc\u00e1rios de Belo Horizonte, Odinei Silva, apontou a necessidade de mudar o procedimento para gerentes que visitam clientes. Hoje, eles registram o hor\u00e1rio de sa \u00edda e no dia seguinte justificam e lan\u00e7am horas extras, se houver. &#8220;Mas se o funcion\u00e1rio sofrer um acidente de trabalho durante o per \u00edodo de visita n\u00e3o estar\u00e1 registrado no ponto&#8221;, denuncia. &#8220;O banco tem que mudar o sistema e fazer os ajustes para n\u00e3o deixar o funcion\u00e1rio desprotegido&#8221;, aponta.<\/p>\n<p>Os representantes do banco ficaram de avaliar as quest\u00f5es apontadas pelos dirigentes sindicais. &#8220;A solu\u00e7\u00e3o desses problemas \u00e9 fundamental para o encaminhamento do acordo do ponto eletr\u00f4nico&#8221;, ressalta Ademir.<\/p>\n<p>Calend\u00e1rio de reuni\u00f5es<\/p>\n<p>Ap\u00f3s cobran\u00e7a da Contraf-CUT, federa\u00e7\u00f5es e sindicatos, o Santander enviou nesta ter\u00e7a-feira o calend\u00e1rio das reuni\u00f5es previstas no aditivo \u00e0 conven\u00e7\u00e3o coletiva dos banc\u00e1rios. <\/p>\n<p>Confira:<\/p>\n<p>. 22 de novembro &#8211; Comit\u00ea de Rela\u00e7\u00f5es Trabalhistas<br \/>\n. 5 de dezembro &#8211; Grupo de Trabalho do SantanderPrevi<br \/>\n. 13 de dezembro &#8211; Grupo de Trabalho do Call Center<br \/>\n. 9 de janeiro &#8211; F\u00f3rum de Sa\u00fade e Condi\u00e7\u00f5es de Trabalho<br \/>\n. 23 de janeiro &#8211; Reuni\u00e3o sobre Igualdade de Oportunidades<\/p>\n<p>&#8220;A retomada dessas reuni\u00f5es \u00e9 muito importante, a fim de debatermos as demandas espec \u00edficas dos funcion\u00e1rios, na perspectiva de melhorar as condi\u00e7\u00f5es de trabalho e a qualidade de vida&#8221;, salienta Maria Rosani.<\/p>\n<p>Fonte: Contraf-CUT<\/p>\n","protected":false},"excerpt":{"rendered":"<p>A Contraf-CUT, federa\u00e7\u00f5es e sindicatos se reuniram com representantes do Santander na tarde desta ter\u00e7a-feira (30). Foi discutida a proposta de firmar um acordo coletivo que trata do &#8220;Sistema Alternativo Eletr\u00f4nico de Controle de Jornada de Trabalho, em conformidade com a Portaria n\u00ba 373, de 25\/02\/2011&#8221;. A reuni\u00e3o ocorreu na sede da Confedera\u00e7\u00e3o, em S\u00e3o &hellip;<\/p>\n<p class=\"read-more\"> <a class=\"\" href=\"https:\/\/bancariosdepiracicaba.com.br\/?p=7812\"> <span class=\"screen-reader-text\">Contraf-CUT discute ponto eletr\u00f4nico e respeito \u00e0 jornada com Santander<\/span> Leia mais &raquo;<\/a><\/p>\n","protected":false},"author":1,"featured_media":0,"comment_status":"open","ping_status":"open","sticky":false,"template":"","format":"standard","meta":{"site-sidebar-layout":"default","site-content-layout":"default","ast-main-header-display":"","ast-hfb-above-header-display":"","ast-hfb-below-header-display":"","ast-hfb-mobile-header-display":"","site-post-title":"","ast-breadcrumbs-content":"","ast-featured-img":"","footer-sml-layout":"","theme-transparent-header-meta":"","adv-header-id-meta":"","stick-header-meta":"","header-above-stick-meta":"","header-main-stick-meta":"","header-below-stick-meta":"","footnotes":""},"categories":[22,16,1],"tags":[],"class_list":["post-7812","post","type-post","status-publish","format-standard","hentry","category-acordo-coletivo-noticias","category-santander","category-uncategorized"],"yoast_head":"<!-- This site is optimized with the Yoast SEO Premium plugin v16.1 (Yoast SEO v18.0) - https:\/\/yoast.com\/wordpress\/plugins\/seo\/ -->\n<title>Contraf-CUT discute ponto eletr\u00f4nico e respeito \u00e0 jornada com Santander - Sindban<\/title>\n<meta name=\"robots\" content=\"index, follow, max-snippet:-1, max-image-preview:large, max-video-preview:-1\" \/>\n<link rel=\"canonical\" href=\"https:\/\/bancariosdepiracicaba.com.br\/?p=7812\" \/>\n<meta property=\"og:locale\" content=\"pt_BR\" \/>\n<meta property=\"og:type\" content=\"article\" \/>\n<meta property=\"og:title\" content=\"Contraf-CUT discute ponto eletr\u00f4nico e respeito \u00e0 jornada com Santander - Sindban\" \/>\n<meta property=\"og:description\" content=\"A Contraf-CUT, federa\u00e7\u00f5es e sindicatos se reuniram com representantes do Santander na tarde desta ter\u00e7a-feira (30). Foi discutida a proposta de firmar um acordo coletivo que trata do &#8220;Sistema Alternativo Eletr\u00f4nico de Controle de Jornada de Trabalho, em conformidade com a Portaria n\u00ba 373, de 25\/02\/2011&#8221;. A reuni\u00e3o ocorreu na sede da Confedera\u00e7\u00e3o, em S\u00e3o &hellip; Contraf-CUT discute ponto eletr\u00f4nico e respeito \u00e0 jornada com Santander Leia mais &raquo;\" \/>\n<meta property=\"og:url\" content=\"https:\/\/bancariosdepiracicaba.com.br\/?p=7812\" \/>\n<meta property=\"og:site_name\" content=\"Sindban\" \/>\n<meta property=\"article:published_time\" content=\"2021-07-23T20:47:58+00:00\" \/>\n<meta property=\"article:modified_time\" content=\"2021-08-02T19:29:36+00:00\" \/>\n<meta name=\"twitter:card\" content=\"summary_large_image\" \/>\n<meta name=\"twitter:label1\" content=\"Escrito por\" \/>\n\t<meta name=\"twitter:data1\" content=\"admin\" \/>\n\t<meta name=\"twitter:label2\" content=\"Est. tempo de leitura\" \/>\n\t<meta name=\"twitter:data2\" content=\"4 minutos\" \/>\n<script type=\"application\/ld+json\" class=\"yoast-schema-graph\">{\"@context\":\"https:\/\/schema.org\",\"@graph\":[{\"@type\":\"Organization\",\"@id\":\"https:\/\/bancariosdepiracicaba.com.br\/#organization\",\"name\":\"Sindban\",\"url\":\"https:\/\/bancariosdepiracicaba.com.br\/\",\"sameAs\":[],\"logo\":{\"@type\":\"ImageObject\",\"@id\":\"https:\/\/bancariosdepiracicaba.com.br\/#logo\",\"inLanguage\":\"pt-BR\",\"url\":\"https:\/\/site.bancariosdepiracicaba.com.br\/wp-content\/uploads\/2021\/04\/cropped-Asset-2.png\",\"contentUrl\":\"https:\/\/site.bancariosdepiracicaba.com.br\/wp-content\/uploads\/2021\/04\/cropped-Asset-2.png\",\"width\":512,\"height\":512,\"caption\":\"Sindban\"},\"image\":{\"@id\":\"https:\/\/bancariosdepiracicaba.com.br\/#logo\"}},{\"@type\":\"WebSite\",\"@id\":\"https:\/\/bancariosdepiracicaba.com.br\/#website\",\"url\":\"https:\/\/bancariosdepiracicaba.com.br\/\",\"name\":\"Sindban\",\"description\":\"Desenvolvimento\",\"publisher\":{\"@id\":\"https:\/\/bancariosdepiracicaba.com.br\/#organization\"},\"potentialAction\":[{\"@type\":\"SearchAction\",\"target\":{\"@type\":\"EntryPoint\",\"urlTemplate\":\"https:\/\/bancariosdepiracicaba.com.br\/?s={search_term_string}\"},\"query-input\":\"required name=search_term_string\"}],\"inLanguage\":\"pt-BR\"},{\"@type\":\"WebPage\",\"@id\":\"https:\/\/bancariosdepiracicaba.com.br\/?p=7812#webpage\",\"url\":\"https:\/\/bancariosdepiracicaba.com.br\/?p=7812\",\"name\":\"Contraf-CUT discute ponto eletr\u00f4nico e respeito \u00e0 jornada com Santander - Sindban\",\"isPartOf\":{\"@id\":\"https:\/\/bancariosdepiracicaba.com.br\/#website\"},\"datePublished\":\"2021-07-23T20:47:58+00:00\",\"dateModified\":\"2021-08-02T19:29:36+00:00\",\"breadcrumb\":{\"@id\":\"https:\/\/bancariosdepiracicaba.com.br\/?p=7812#breadcrumb\"},\"inLanguage\":\"pt-BR\",\"potentialAction\":[{\"@type\":\"ReadAction\",\"target\":[\"https:\/\/bancariosdepiracicaba.com.br\/?p=7812\"]}]},{\"@type\":\"BreadcrumbList\",\"@id\":\"https:\/\/bancariosdepiracicaba.com.br\/?p=7812#breadcrumb\",\"itemListElement\":[{\"@type\":\"ListItem\",\"position\":1,\"name\":\"Home\",\"item\":\"https:\/\/bancariosdepiracicaba.com.br\/\"},{\"@type\":\"ListItem\",\"position\":2,\"name\":\"Contraf-CUT discute ponto eletr\u00f4nico e respeito \u00e0 jornada com Santander\"}]},{\"@type\":\"Article\",\"@id\":\"https:\/\/bancariosdepiracicaba.com.br\/?p=7812#article\",\"isPartOf\":{\"@id\":\"https:\/\/bancariosdepiracicaba.com.br\/?p=7812#webpage\"},\"author\":{\"@id\":\"https:\/\/bancariosdepiracicaba.com.br\/#\/schema\/person\/6a12c780fc145ea2c9af09989ee600b0\"},\"headline\":\"Contraf-CUT discute ponto eletr\u00f4nico e respeito \u00e0 jornada com Santander\",\"datePublished\":\"2021-07-23T20:47:58+00:00\",\"dateModified\":\"2021-08-02T19:29:36+00:00\",\"mainEntityOfPage\":{\"@id\":\"https:\/\/bancariosdepiracicaba.com.br\/?p=7812#webpage\"},\"wordCount\":811,\"commentCount\":0,\"publisher\":{\"@id\":\"https:\/\/bancariosdepiracicaba.com.br\/#organization\"},\"articleSection\":[\"Acordo Coletivo Not\u00edcias\",\"Santander\",\"Uncategorized\"],\"inLanguage\":\"pt-BR\",\"potentialAction\":[{\"@type\":\"CommentAction\",\"name\":\"Comment\",\"target\":[\"https:\/\/bancariosdepiracicaba.com.br\/?p=7812#respond\"]}]},{\"@type\":\"Person\",\"@id\":\"https:\/\/bancariosdepiracicaba.com.br\/#\/schema\/person\/6a12c780fc145ea2c9af09989ee600b0\",\"name\":\"admin\",\"image\":{\"@type\":\"ImageObject\",\"@id\":\"https:\/\/bancariosdepiracicaba.com.br\/#personlogo\",\"inLanguage\":\"pt-BR\",\"url\":\"https:\/\/secure.gravatar.com\/avatar\/3a05e74c6579e68209676cb5cb64e0918f288da7a49210fa18d6e9cac1189840?s=96&d=mm&r=g\",\"contentUrl\":\"https:\/\/secure.gravatar.com\/avatar\/3a05e74c6579e68209676cb5cb64e0918f288da7a49210fa18d6e9cac1189840?s=96&d=mm&r=g\",\"caption\":\"admin\"},\"sameAs\":[\"https:\/\/site.bancariosdepiracicaba.com.br\"],\"url\":\"https:\/\/bancariosdepiracicaba.com.br\/?author=1\"}]}<\/script>\n<!-- \/ Yoast SEO Premium plugin. -->","yoast_head_json":{"title":"Contraf-CUT discute ponto eletr\u00f4nico e respeito \u00e0 jornada com Santander - Sindban","robots":{"index":"index","follow":"follow","max-snippet":"max-snippet:-1","max-image-preview":"max-image-preview:large","max-video-preview":"max-video-preview:-1"},"canonical":"https:\/\/bancariosdepiracicaba.com.br\/?p=7812","og_locale":"pt_BR","og_type":"article","og_title":"Contraf-CUT discute ponto eletr\u00f4nico e respeito \u00e0 jornada com Santander - Sindban","og_description":"A Contraf-CUT, federa\u00e7\u00f5es e sindicatos se reuniram com representantes do Santander na tarde desta ter\u00e7a-feira (30). Foi discutida a proposta de firmar um acordo coletivo que trata do &#8220;Sistema Alternativo Eletr\u00f4nico de Controle de Jornada de Trabalho, em conformidade com a Portaria n\u00ba 373, de 25\/02\/2011&#8221;. A reuni\u00e3o ocorreu na sede da Confedera\u00e7\u00e3o, em S\u00e3o &hellip; Contraf-CUT discute ponto eletr\u00f4nico e respeito \u00e0 jornada com Santander Leia mais &raquo;","og_url":"https:\/\/bancariosdepiracicaba.com.br\/?p=7812","og_site_name":"Sindban","article_published_time":"2021-07-23T20:47:58+00:00","article_modified_time":"2021-08-02T19:29:36+00:00","twitter_card":"summary_large_image","twitter_misc":{"Escrito por":"admin","Est. tempo de leitura":"4 minutos"},"schema":{"@context":"https:\/\/schema.org","@graph":[{"@type":"Organization","@id":"https:\/\/bancariosdepiracicaba.com.br\/#organization","name":"Sindban","url":"https:\/\/bancariosdepiracicaba.com.br\/","sameAs":[],"logo":{"@type":"ImageObject","@id":"https:\/\/bancariosdepiracicaba.com.br\/#logo","inLanguage":"pt-BR","url":"https:\/\/site.bancariosdepiracicaba.com.br\/wp-content\/uploads\/2021\/04\/cropped-Asset-2.png","contentUrl":"https:\/\/site.bancariosdepiracicaba.com.br\/wp-content\/uploads\/2021\/04\/cropped-Asset-2.png","width":512,"height":512,"caption":"Sindban"},"image":{"@id":"https:\/\/bancariosdepiracicaba.com.br\/#logo"}},{"@type":"WebSite","@id":"https:\/\/bancariosdepiracicaba.com.br\/#website","url":"https:\/\/bancariosdepiracicaba.com.br\/","name":"Sindban","description":"Desenvolvimento","publisher":{"@id":"https:\/\/bancariosdepiracicaba.com.br\/#organization"},"potentialAction":[{"@type":"SearchAction","target":{"@type":"EntryPoint","urlTemplate":"https:\/\/bancariosdepiracicaba.com.br\/?s={search_term_string}"},"query-input":"required name=search_term_string"}],"inLanguage":"pt-BR"},{"@type":"WebPage","@id":"https:\/\/bancariosdepiracicaba.com.br\/?p=7812#webpage","url":"https:\/\/bancariosdepiracicaba.com.br\/?p=7812","name":"Contraf-CUT discute ponto eletr\u00f4nico e respeito \u00e0 jornada com Santander - Sindban","isPartOf":{"@id":"https:\/\/bancariosdepiracicaba.com.br\/#website"},"datePublished":"2021-07-23T20:47:58+00:00","dateModified":"2021-08-02T19:29:36+00:00","breadcrumb":{"@id":"https:\/\/bancariosdepiracicaba.com.br\/?p=7812#breadcrumb"},"inLanguage":"pt-BR","potentialAction":[{"@type":"ReadAction","target":["https:\/\/bancariosdepiracicaba.com.br\/?p=7812"]}]},{"@type":"BreadcrumbList","@id":"https:\/\/bancariosdepiracicaba.com.br\/?p=7812#breadcrumb","itemListElement":[{"@type":"ListItem","position":1,"name":"Home","item":"https:\/\/bancariosdepiracicaba.com.br\/"},{"@type":"ListItem","position":2,"name":"Contraf-CUT discute ponto eletr\u00f4nico e respeito \u00e0 jornada com Santander"}]},{"@type":"Article","@id":"https:\/\/bancariosdepiracicaba.com.br\/?p=7812#article","isPartOf":{"@id":"https:\/\/bancariosdepiracicaba.com.br\/?p=7812#webpage"},"author":{"@id":"https:\/\/bancariosdepiracicaba.com.br\/#\/schema\/person\/6a12c780fc145ea2c9af09989ee600b0"},"headline":"Contraf-CUT discute ponto eletr\u00f4nico e respeito \u00e0 jornada com Santander","datePublished":"2021-07-23T20:47:58+00:00","dateModified":"2021-08-02T19:29:36+00:00","mainEntityOfPage":{"@id":"https:\/\/bancariosdepiracicaba.com.br\/?p=7812#webpage"},"wordCount":811,"commentCount":0,"publisher":{"@id":"https:\/\/bancariosdepiracicaba.com.br\/#organization"},"articleSection":["Acordo Coletivo Not\u00edcias","Santander","Uncategorized"],"inLanguage":"pt-BR","potentialAction":[{"@type":"CommentAction","name":"Comment","target":["https:\/\/bancariosdepiracicaba.com.br\/?p=7812#respond"]}]},{"@type":"Person","@id":"https:\/\/bancariosdepiracicaba.com.br\/#\/schema\/person\/6a12c780fc145ea2c9af09989ee600b0","name":"admin","image":{"@type":"ImageObject","@id":"https:\/\/bancariosdepiracicaba.com.br\/#personlogo","inLanguage":"pt-BR","url":"https:\/\/secure.gravatar.com\/avatar\/3a05e74c6579e68209676cb5cb64e0918f288da7a49210fa18d6e9cac1189840?s=96&d=mm&r=g","contentUrl":"https:\/\/secure.gravatar.com\/avatar\/3a05e74c6579e68209676cb5cb64e0918f288da7a49210fa18d6e9cac1189840?s=96&d=mm&r=g","caption":"admin"},"sameAs":["https:\/\/site.bancariosdepiracicaba.com.br"],"url":"https:\/\/bancariosdepiracicaba.com.br\/?author=1"}]}},"_links":{"self":[{"href":"https:\/\/bancariosdepiracicaba.com.br\/index.php?rest_route=\/wp\/v2\/posts\/7812","targetHints":{"allow":["GET"]}}],"collection":[{"href":"https:\/\/bancariosdepiracicaba.com.br\/index.php?rest_route=\/wp\/v2\/posts"}],"about":[{"href":"https:\/\/bancariosdepiracicaba.com.br\/index.php?rest_route=\/wp\/v2\/types\/post"}],"author":[{"embeddable":true,"href":"https:\/\/bancariosdepiracicaba.com.br\/index.php?rest_route=\/wp\/v2\/users\/1"}],"replies":[{"embeddable":true,"href":"https:\/\/bancariosdepiracicaba.com.br\/index.php?rest_route=%2Fwp%2Fv2%2Fcomments&post=7812"}],"version-history":[{"count":1,"href":"https:\/\/bancariosdepiracicaba.com.br\/index.php?rest_route=\/wp\/v2\/posts\/7812\/revisions"}],"predecessor-version":[{"id":11653,"href":"https:\/\/bancariosdepiracicaba.com.br\/index.php?rest_route=\/wp\/v2\/posts\/7812\/revisions\/11653"}],"wp:attachment":[{"href":"https:\/\/bancariosdepiracicaba.com.br\/index.php?rest_route=%2Fwp%2Fv2%2Fmedia&parent=7812"}],"wp:term":[{"taxonomy":"category","embeddable":true,"href":"https:\/\/bancariosdepiracicaba.com.br\/index.php?rest_route=%2Fwp%2Fv2%2Fcategories&post=7812"},{"taxonomy":"post_tag","embeddable":true,"href":"https:\/\/bancariosdepiracicaba.com.br\/index.php?rest_route=%2Fwp%2Fv2%2Ftags&post=7812"}],"curies":[{"name":"wp","href":"https:\/\/api.w.org\/{rel}","templated":true}]}}