{"id":7699,"date":"2021-07-23T20:45:20","date_gmt":"2021-07-23T20:45:20","guid":{"rendered":"https:\/\/site.bancariosdepiracicaba.com.br\/2021\/07\/23\/amanha-tem-assembleia-dos-bancarios-para-decidir-a-greve-a-partir-do-dia-18\/"},"modified":"2021-07-23T20:45:20","modified_gmt":"2021-07-23T20:45:20","slug":"amanha-tem-assembleia-dos-bancarios-para-decidir-a-greve-a-partir-do-dia-18","status":"publish","type":"post","link":"https:\/\/bancariosdepiracicaba.com.br\/?p=7699","title":{"rendered":"Amanh\u00e3 tem assembleia dos banc\u00e1rios para decidir a greve a partir do dia 18"},"content":{"rendered":"<p>Por orienta\u00e7\u00e3o do Comando Nacional dos Banc\u00e1rios, coordenado pela Contraf-CUT, os sindicatos realizar\u00e3o assembleias em todo o pa \u00eds nesta quarta-feira 12 para aprovar a deflagra\u00e7\u00e3o da greve por tempo indeterminado a partir do dia 18, diante do impasse nas negocia\u00e7\u00f5es com a Fenaban. Novas assembleias ser\u00e3o realizadas no dia 17, para organizar a paralisa\u00e7\u00e3o nacional. Em Piracicaba a assembleia ser\u00e1 no Teatro S\u00e3o Jos\u00e9, a partir das 18h30.<\/p>\n<p>O Comando Nacional considerou insuficiente a proposta dos bancos apresentada no dia 28 de agosto, de 6% de reajuste sobre todas as verbas salariais, o que significa aumento real de 0,58%. Em nova rodada de negocia\u00e7\u00e3o realizada no dia 4 de setembro, a Fenaban frustrou a expectativa dos banc\u00e1rios e n\u00e3o apresentou nenhuma nova proposta, for\u00e7ando o Comando a orientar os sindicatos pelo encaminhamento da greve.<\/p>\n<p>A Contraf-CUT enviou carta \u00e0 Fenaban na quarta-feira 5 de setembro para informar sobre o calend\u00e1rio de mobiliza\u00e7\u00e3o aprovado pelo Comando e reafirmar que os sucessivos resultados positivos dos bancos permitem atender \u00e0s demandas dos banc\u00e1rios.<\/p>\n<p>&#8220;Somente os cinco maiores bancos tiveram R$ 50,7 bilh\u00f5es de lucro l \u00edquido em 2011, com uma rentabilidade de 21,2%, a maior do mundo. No primeiro semestre deste ano, as mesmas institui\u00e7\u00f5es apresentaram lucro l \u00edquido de R$ 24,6 bilh\u00f5es, maior que em igual per \u00edodo do ano passado, mesmo com o provisionamento astron\u00f4mico de R$ 37,34 bilh\u00f5es para pagamento de devedores duvidosos, incompat \u00edvel com a situa\u00e7\u00e3o real de inadimpl\u00eancia&#8221;, afirma ainda o texto, assinado por Carlos Cordeiro, presidente da Contraf-CUT.<\/p>\n<p>Comando aguarda nova proposta at\u00e9 o dia 17<\/p>\n<p>A Confedera\u00e7\u00e3o conclui a carta ponderando que, &#8220;como sempre acreditamos no di\u00e1logo e apostamos no processo de negocia\u00e7\u00f5es, aguardamos manifesta\u00e7\u00e3o dessa Federa\u00e7\u00e3o com uma nova proposta at\u00e9 o dia 17 de setembro, para que possamos submet\u00ea-la \u00e0 aprecia\u00e7\u00e3o das assembleias&#8221;.<\/p>\n<p>A Contraf-CUT acredita que, embora esteja disposta a encontrar uma solu\u00e7\u00e3o na mesa de negocia\u00e7\u00e3o, a categoria s\u00f3 alcan\u00e7ar\u00e1 avan\u00e7os com um amplo processo de mobiliza\u00e7\u00e3o nacional. &#8220;Foi assim, com greves cada ano mais fortes, que os banc\u00e1rios conquistaram aumentos reais de sal\u00e1rio e outros importantes avan\u00e7os nos \u00faltimos oito anos. Temos que nos preparar&#8221;, convoca Carlos Cordeiro. <\/p>\n<p>As principais reivindica\u00e7\u00f5es dos banc\u00e1rios<\/p>\n<p>\u2022 Reajuste salarial de 10,25% (aumento real de 5%).<br \/>\n\u2022 Piso salarial de R$ 2.416,38.<br \/>\n\u2022 PLR de tr\u00eas sal\u00e1rios mais R$ 4.961,25 fixos.<br \/>\n\u2022 Plano de Cargos e Sal\u00e1rios para todos os banc\u00e1rios.<br \/>\n\u2022 Eleva\u00e7\u00e3o para R$ 622 os valores do aux \u00edlio-refei\u00e7\u00e3o, da cesta-alimenta\u00e7\u00e3o, do aux \u00edlio-creche\/bab\u00e1 e da 13&ordf; cesta-alimenta\u00e7\u00e3o, al\u00e9m da cria\u00e7\u00e3o do 13\u00ba aux \u00edlio-refei\u00e7\u00e3o.<br \/>\n\u2022 Mais contrata\u00e7\u00f5es, prote\u00e7\u00e3o contra demiss\u00f5es imotivadas e fim da rotatividade.<br \/>\n\u2022 Fim das metas abusivas e combate ao ass\u00e9dio moral<br \/>\n\u2022 Mais seguran\u00e7a<br \/>\n\u2022 Igualdade de oportunidades.<\/p>\n<p>Fonte: Contraf-CUT<\/p>\n","protected":false},"excerpt":{"rendered":"<p>Por orienta\u00e7\u00e3o do Comando Nacional dos Banc\u00e1rios, coordenado pela Contraf-CUT, os sindicatos realizar\u00e3o assembleias em todo o pa \u00eds nesta quarta-feira 12 para aprovar a deflagra\u00e7\u00e3o da greve por tempo indeterminado a partir do dia 18, diante do impasse nas negocia\u00e7\u00f5es com a Fenaban. Novas assembleias ser\u00e3o realizadas no dia 17, para organizar a paralisa\u00e7\u00e3o &hellip;<\/p>\n<p class=\"read-more\"> <a class=\"\" href=\"https:\/\/bancariosdepiracicaba.com.br\/?p=7699\"> <span class=\"screen-reader-text\">Amanh\u00e3 tem assembleia dos banc\u00e1rios para decidir a greve a partir do dia 18<\/span> Leia mais &raquo;<\/a><\/p>\n","protected":false},"author":1,"featured_media":0,"comment_status":"open","ping_status":"open","sticky":false,"template":"","format":"standard","meta":{"site-sidebar-layout":"default","site-content-layout":"default","ast-main-header-display":"","ast-hfb-above-header-display":"","ast-hfb-below-header-display":"","ast-hfb-mobile-header-display":"","site-post-title":"","ast-breadcrumbs-content":"","ast-featured-img":"","footer-sml-layout":"","theme-transparent-header-meta":"","adv-header-id-meta":"","stick-header-meta":"","header-above-stick-meta":"","header-main-stick-meta":"","header-below-stick-meta":"","footnotes":""},"categories":[1],"tags":[],"class_list":["post-7699","post","type-post","status-publish","format-standard","hentry","category-uncategorized"],"yoast_head":"<!-- This site is optimized with the Yoast SEO Premium plugin v16.1 (Yoast SEO v18.0) - https:\/\/yoast.com\/wordpress\/plugins\/seo\/ -->\n<title>Amanh\u00e3 tem assembleia dos banc\u00e1rios para decidir a greve a partir do dia 18 - Sindban<\/title>\n<meta name=\"robots\" content=\"index, follow, max-snippet:-1, max-image-preview:large, max-video-preview:-1\" \/>\n<link rel=\"canonical\" href=\"https:\/\/bancariosdepiracicaba.com.br\/?p=7699\" \/>\n<meta property=\"og:locale\" content=\"pt_BR\" \/>\n<meta property=\"og:type\" content=\"article\" \/>\n<meta property=\"og:title\" content=\"Amanh\u00e3 tem assembleia dos banc\u00e1rios para decidir a greve a partir do dia 18 - Sindban\" \/>\n<meta property=\"og:description\" content=\"Por orienta\u00e7\u00e3o do Comando Nacional dos Banc\u00e1rios, coordenado pela Contraf-CUT, os sindicatos realizar\u00e3o assembleias em todo o pa \u00eds nesta quarta-feira 12 para aprovar a deflagra\u00e7\u00e3o da greve por tempo indeterminado a partir do dia 18, diante do impasse nas negocia\u00e7\u00f5es com a Fenaban. Novas assembleias ser\u00e3o realizadas no dia 17, para organizar a paralisa\u00e7\u00e3o &hellip; Amanh\u00e3 tem assembleia dos banc\u00e1rios para decidir a greve a partir do dia 18 Leia mais &raquo;\" \/>\n<meta property=\"og:url\" content=\"https:\/\/bancariosdepiracicaba.com.br\/?p=7699\" \/>\n<meta property=\"og:site_name\" content=\"Sindban\" \/>\n<meta property=\"article:published_time\" content=\"2021-07-23T20:45:20+00:00\" \/>\n<meta name=\"twitter:card\" content=\"summary_large_image\" \/>\n<meta name=\"twitter:label1\" content=\"Escrito por\" \/>\n\t<meta name=\"twitter:data1\" content=\"admin\" \/>\n\t<meta name=\"twitter:label2\" content=\"Est. tempo de leitura\" \/>\n\t<meta name=\"twitter:data2\" content=\"2 minutos\" \/>\n<script type=\"application\/ld+json\" class=\"yoast-schema-graph\">{\"@context\":\"https:\/\/schema.org\",\"@graph\":[{\"@type\":\"Organization\",\"@id\":\"https:\/\/bancariosdepiracicaba.com.br\/#organization\",\"name\":\"Sindban\",\"url\":\"https:\/\/bancariosdepiracicaba.com.br\/\",\"sameAs\":[],\"logo\":{\"@type\":\"ImageObject\",\"@id\":\"https:\/\/bancariosdepiracicaba.com.br\/#logo\",\"inLanguage\":\"pt-BR\",\"url\":\"https:\/\/site.bancariosdepiracicaba.com.br\/wp-content\/uploads\/2021\/04\/cropped-Asset-2.png\",\"contentUrl\":\"https:\/\/site.bancariosdepiracicaba.com.br\/wp-content\/uploads\/2021\/04\/cropped-Asset-2.png\",\"width\":512,\"height\":512,\"caption\":\"Sindban\"},\"image\":{\"@id\":\"https:\/\/bancariosdepiracicaba.com.br\/#logo\"}},{\"@type\":\"WebSite\",\"@id\":\"https:\/\/bancariosdepiracicaba.com.br\/#website\",\"url\":\"https:\/\/bancariosdepiracicaba.com.br\/\",\"name\":\"Sindban\",\"description\":\"Desenvolvimento\",\"publisher\":{\"@id\":\"https:\/\/bancariosdepiracicaba.com.br\/#organization\"},\"potentialAction\":[{\"@type\":\"SearchAction\",\"target\":{\"@type\":\"EntryPoint\",\"urlTemplate\":\"https:\/\/bancariosdepiracicaba.com.br\/?s={search_term_string}\"},\"query-input\":\"required name=search_term_string\"}],\"inLanguage\":\"pt-BR\"},{\"@type\":\"WebPage\",\"@id\":\"https:\/\/bancariosdepiracicaba.com.br\/?p=7699#webpage\",\"url\":\"https:\/\/bancariosdepiracicaba.com.br\/?p=7699\",\"name\":\"Amanh\u00e3 tem assembleia dos banc\u00e1rios para decidir a greve a partir do dia 18 - Sindban\",\"isPartOf\":{\"@id\":\"https:\/\/bancariosdepiracicaba.com.br\/#website\"},\"datePublished\":\"2021-07-23T20:45:20+00:00\",\"dateModified\":\"2021-07-23T20:45:20+00:00\",\"breadcrumb\":{\"@id\":\"https:\/\/bancariosdepiracicaba.com.br\/?p=7699#breadcrumb\"},\"inLanguage\":\"pt-BR\",\"potentialAction\":[{\"@type\":\"ReadAction\",\"target\":[\"https:\/\/bancariosdepiracicaba.com.br\/?p=7699\"]}]},{\"@type\":\"BreadcrumbList\",\"@id\":\"https:\/\/bancariosdepiracicaba.com.br\/?p=7699#breadcrumb\",\"itemListElement\":[{\"@type\":\"ListItem\",\"position\":1,\"name\":\"Home\",\"item\":\"https:\/\/bancariosdepiracicaba.com.br\/\"},{\"@type\":\"ListItem\",\"position\":2,\"name\":\"Amanh\u00e3 tem assembleia dos banc\u00e1rios para decidir a greve a partir do dia 18\"}]},{\"@type\":\"Article\",\"@id\":\"https:\/\/bancariosdepiracicaba.com.br\/?p=7699#article\",\"isPartOf\":{\"@id\":\"https:\/\/bancariosdepiracicaba.com.br\/?p=7699#webpage\"},\"author\":{\"@id\":\"https:\/\/bancariosdepiracicaba.com.br\/#\/schema\/person\/6a12c780fc145ea2c9af09989ee600b0\"},\"headline\":\"Amanh\u00e3 tem assembleia dos banc\u00e1rios para decidir a greve a partir do dia 18\",\"datePublished\":\"2021-07-23T20:45:20+00:00\",\"dateModified\":\"2021-07-23T20:45:20+00:00\",\"mainEntityOfPage\":{\"@id\":\"https:\/\/bancariosdepiracicaba.com.br\/?p=7699#webpage\"},\"wordCount\":492,\"commentCount\":0,\"publisher\":{\"@id\":\"https:\/\/bancariosdepiracicaba.com.br\/#organization\"},\"articleSection\":[\"Uncategorized\"],\"inLanguage\":\"pt-BR\",\"potentialAction\":[{\"@type\":\"CommentAction\",\"name\":\"Comment\",\"target\":[\"https:\/\/bancariosdepiracicaba.com.br\/?p=7699#respond\"]}]},{\"@type\":\"Person\",\"@id\":\"https:\/\/bancariosdepiracicaba.com.br\/#\/schema\/person\/6a12c780fc145ea2c9af09989ee600b0\",\"name\":\"admin\",\"image\":{\"@type\":\"ImageObject\",\"@id\":\"https:\/\/bancariosdepiracicaba.com.br\/#personlogo\",\"inLanguage\":\"pt-BR\",\"url\":\"https:\/\/secure.gravatar.com\/avatar\/3a05e74c6579e68209676cb5cb64e0918f288da7a49210fa18d6e9cac1189840?s=96&d=mm&r=g\",\"contentUrl\":\"https:\/\/secure.gravatar.com\/avatar\/3a05e74c6579e68209676cb5cb64e0918f288da7a49210fa18d6e9cac1189840?s=96&d=mm&r=g\",\"caption\":\"admin\"},\"sameAs\":[\"https:\/\/site.bancariosdepiracicaba.com.br\"],\"url\":\"https:\/\/bancariosdepiracicaba.com.br\/?author=1\"}]}<\/script>\n<!-- \/ Yoast SEO Premium plugin. -->","yoast_head_json":{"title":"Amanh\u00e3 tem assembleia dos banc\u00e1rios para decidir a greve a partir do dia 18 - Sindban","robots":{"index":"index","follow":"follow","max-snippet":"max-snippet:-1","max-image-preview":"max-image-preview:large","max-video-preview":"max-video-preview:-1"},"canonical":"https:\/\/bancariosdepiracicaba.com.br\/?p=7699","og_locale":"pt_BR","og_type":"article","og_title":"Amanh\u00e3 tem assembleia dos banc\u00e1rios para decidir a greve a partir do dia 18 - Sindban","og_description":"Por orienta\u00e7\u00e3o do Comando Nacional dos Banc\u00e1rios, coordenado pela Contraf-CUT, os sindicatos realizar\u00e3o assembleias em todo o pa \u00eds nesta quarta-feira 12 para aprovar a deflagra\u00e7\u00e3o da greve por tempo indeterminado a partir do dia 18, diante do impasse nas negocia\u00e7\u00f5es com a Fenaban. Novas assembleias ser\u00e3o realizadas no dia 17, para organizar a paralisa\u00e7\u00e3o &hellip; Amanh\u00e3 tem assembleia dos banc\u00e1rios para decidir a greve a partir do dia 18 Leia mais &raquo;","og_url":"https:\/\/bancariosdepiracicaba.com.br\/?p=7699","og_site_name":"Sindban","article_published_time":"2021-07-23T20:45:20+00:00","twitter_card":"summary_large_image","twitter_misc":{"Escrito por":"admin","Est. tempo de leitura":"2 minutos"},"schema":{"@context":"https:\/\/schema.org","@graph":[{"@type":"Organization","@id":"https:\/\/bancariosdepiracicaba.com.br\/#organization","name":"Sindban","url":"https:\/\/bancariosdepiracicaba.com.br\/","sameAs":[],"logo":{"@type":"ImageObject","@id":"https:\/\/bancariosdepiracicaba.com.br\/#logo","inLanguage":"pt-BR","url":"https:\/\/site.bancariosdepiracicaba.com.br\/wp-content\/uploads\/2021\/04\/cropped-Asset-2.png","contentUrl":"https:\/\/site.bancariosdepiracicaba.com.br\/wp-content\/uploads\/2021\/04\/cropped-Asset-2.png","width":512,"height":512,"caption":"Sindban"},"image":{"@id":"https:\/\/bancariosdepiracicaba.com.br\/#logo"}},{"@type":"WebSite","@id":"https:\/\/bancariosdepiracicaba.com.br\/#website","url":"https:\/\/bancariosdepiracicaba.com.br\/","name":"Sindban","description":"Desenvolvimento","publisher":{"@id":"https:\/\/bancariosdepiracicaba.com.br\/#organization"},"potentialAction":[{"@type":"SearchAction","target":{"@type":"EntryPoint","urlTemplate":"https:\/\/bancariosdepiracicaba.com.br\/?s={search_term_string}"},"query-input":"required name=search_term_string"}],"inLanguage":"pt-BR"},{"@type":"WebPage","@id":"https:\/\/bancariosdepiracicaba.com.br\/?p=7699#webpage","url":"https:\/\/bancariosdepiracicaba.com.br\/?p=7699","name":"Amanh\u00e3 tem assembleia dos banc\u00e1rios para decidir a greve a partir do dia 18 - Sindban","isPartOf":{"@id":"https:\/\/bancariosdepiracicaba.com.br\/#website"},"datePublished":"2021-07-23T20:45:20+00:00","dateModified":"2021-07-23T20:45:20+00:00","breadcrumb":{"@id":"https:\/\/bancariosdepiracicaba.com.br\/?p=7699#breadcrumb"},"inLanguage":"pt-BR","potentialAction":[{"@type":"ReadAction","target":["https:\/\/bancariosdepiracicaba.com.br\/?p=7699"]}]},{"@type":"BreadcrumbList","@id":"https:\/\/bancariosdepiracicaba.com.br\/?p=7699#breadcrumb","itemListElement":[{"@type":"ListItem","position":1,"name":"Home","item":"https:\/\/bancariosdepiracicaba.com.br\/"},{"@type":"ListItem","position":2,"name":"Amanh\u00e3 tem assembleia dos banc\u00e1rios para decidir a greve a partir do dia 18"}]},{"@type":"Article","@id":"https:\/\/bancariosdepiracicaba.com.br\/?p=7699#article","isPartOf":{"@id":"https:\/\/bancariosdepiracicaba.com.br\/?p=7699#webpage"},"author":{"@id":"https:\/\/bancariosdepiracicaba.com.br\/#\/schema\/person\/6a12c780fc145ea2c9af09989ee600b0"},"headline":"Amanh\u00e3 tem assembleia dos banc\u00e1rios para decidir a greve a partir do dia 18","datePublished":"2021-07-23T20:45:20+00:00","dateModified":"2021-07-23T20:45:20+00:00","mainEntityOfPage":{"@id":"https:\/\/bancariosdepiracicaba.com.br\/?p=7699#webpage"},"wordCount":492,"commentCount":0,"publisher":{"@id":"https:\/\/bancariosdepiracicaba.com.br\/#organization"},"articleSection":["Uncategorized"],"inLanguage":"pt-BR","potentialAction":[{"@type":"CommentAction","name":"Comment","target":["https:\/\/bancariosdepiracicaba.com.br\/?p=7699#respond"]}]},{"@type":"Person","@id":"https:\/\/bancariosdepiracicaba.com.br\/#\/schema\/person\/6a12c780fc145ea2c9af09989ee600b0","name":"admin","image":{"@type":"ImageObject","@id":"https:\/\/bancariosdepiracicaba.com.br\/#personlogo","inLanguage":"pt-BR","url":"https:\/\/secure.gravatar.com\/avatar\/3a05e74c6579e68209676cb5cb64e0918f288da7a49210fa18d6e9cac1189840?s=96&d=mm&r=g","contentUrl":"https:\/\/secure.gravatar.com\/avatar\/3a05e74c6579e68209676cb5cb64e0918f288da7a49210fa18d6e9cac1189840?s=96&d=mm&r=g","caption":"admin"},"sameAs":["https:\/\/site.bancariosdepiracicaba.com.br"],"url":"https:\/\/bancariosdepiracicaba.com.br\/?author=1"}]}},"_links":{"self":[{"href":"https:\/\/bancariosdepiracicaba.com.br\/index.php?rest_route=\/wp\/v2\/posts\/7699","targetHints":{"allow":["GET"]}}],"collection":[{"href":"https:\/\/bancariosdepiracicaba.com.br\/index.php?rest_route=\/wp\/v2\/posts"}],"about":[{"href":"https:\/\/bancariosdepiracicaba.com.br\/index.php?rest_route=\/wp\/v2\/types\/post"}],"author":[{"embeddable":true,"href":"https:\/\/bancariosdepiracicaba.com.br\/index.php?rest_route=\/wp\/v2\/users\/1"}],"replies":[{"embeddable":true,"href":"https:\/\/bancariosdepiracicaba.com.br\/index.php?rest_route=%2Fwp%2Fv2%2Fcomments&post=7699"}],"version-history":[{"count":0,"href":"https:\/\/bancariosdepiracicaba.com.br\/index.php?rest_route=\/wp\/v2\/posts\/7699\/revisions"}],"wp:attachment":[{"href":"https:\/\/bancariosdepiracicaba.com.br\/index.php?rest_route=%2Fwp%2Fv2%2Fmedia&parent=7699"}],"wp:term":[{"taxonomy":"category","embeddable":true,"href":"https:\/\/bancariosdepiracicaba.com.br\/index.php?rest_route=%2Fwp%2Fv2%2Fcategories&post=7699"},{"taxonomy":"post_tag","embeddable":true,"href":"https:\/\/bancariosdepiracicaba.com.br\/index.php?rest_route=%2Fwp%2Fv2%2Ftags&post=7699"}],"curies":[{"name":"wp","href":"https:\/\/api.w.org\/{rel}","templated":true}]}}