{"id":7693,"date":"2021-07-23T20:45:11","date_gmt":"2021-07-23T20:45:11","guid":{"rendered":"https:\/\/site.bancariosdepiracicaba.com.br\/2021\/07\/23\/questionado-pelo-funcionalismo-bb-nega-que-va-retirar-patrocinio-da-previ\/"},"modified":"2021-07-23T20:45:11","modified_gmt":"2021-07-23T20:45:11","slug":"questionado-pelo-funcionalismo-bb-nega-que-va-retirar-patrocinio-da-previ","status":"publish","type":"post","link":"https:\/\/bancariosdepiracicaba.com.br\/?p=7693","title":{"rendered":"Questionado pelo funcionalismo, BB nega que v\u00e1 retirar patroc\u00ednio da Previ"},"content":{"rendered":"<p>Em resposta a questionamentos de participantes da Previ e de entidades do funcionalismo, o Banco do Brasil divulgou nota aos trabalhadores nesta sexta-feira 22 para negar que tenha inten\u00e7\u00e3o de retirar patroc \u00ednio do fundo de pens\u00e3o dos funcion\u00e1rios do BB.<br \/>\nA nota se refere \u00e0 discuss\u00e3o que est\u00e1 sendo feita no \u00e2mbito do Conselho Nacional de Previd\u00eancia Complementar (CNPC) sobre a revis\u00e3o da norma de retirada de patroc \u00ednio de fundos de pens\u00e3o. Muitas empresas privadas patrocinadoras de entidades de previd\u00eancia complementar est\u00e3o retirando o patroc \u00ednio dos fundos, trazendo inseguran\u00e7a para os trabalhadores.<br \/>\nComo a Previc, o \u00f3rg\u00e3o que regula a previd\u00eancia complementar no pa \u00eds, n\u00e3o est\u00e1 tomando medidas de prote\u00e7\u00e3o dos direitos dos associados dessas entidades, a Associa\u00e7\u00e3o Nacional de Participantes de Fundos de Pens\u00e3o (Anapar), que participa do CNPC, est\u00e1 cobrando a revis\u00e3o da norma de retirada de patroc \u00ednio, para proteger os interesses e direitos dos trabalhadores.<\/p>\n<p>Na nota ao funcionalismo, o BB afirma que o banco n\u00e3o est\u00e1 interferindo nesse processo e &#8220;n\u00e3o tem qualquer debate ou pretens\u00e3o de se utilizar dessa prerrogativa no que diz respeito \u00e0 Previ, que, a exemplo da Cassi, \u00e9 um dos maiores atributos de atra\u00e7\u00e3o e reten\u00e7\u00e3o de talentos que temos&#8221;.<br \/>\nO banco reitera ainda no comunicado &#8220;a cren\u00e7a de que \u00e9 fundamental contribuirmos para a sa\u00fade e a qualidade de vida de nossos funcion\u00e1rios, hoje e amanh\u00e3, e o compromisso de continuarmos empenhados em fortalecer entidades t\u00e3o importantes para a fam \u00edlia BB&#8221;.<\/p>\n<p>Anapar quer mudar a norma<\/p>\n<p>A Anapar divulgou comunicado a seus associados nesta ter\u00e7a-feira 19 para esclarecer o que est\u00e1 sendo discutido no CNPC e qual a posi\u00e7\u00e3o da entidade a respeito. Leia abaixo a nota da Anapar:<br \/>\n Nas \u00faltimas semanas muitos participantes da Previ, Petros, Funcef e de outros fundos de pens\u00e3o t\u00eam questionado a ANAPAR sobre retirada de patroc \u00ednio. A motiva\u00e7\u00e3o \u00e9 o debate a respeito do tema que acontece no \u00e2mbito do Conselho Nacional de Previd\u00eancia Complementar (CNPC). Alguns nos procuram alarmados, pois h\u00e1 pessoas espalhando que a discuss\u00e3o acontece porque grandes empresas p\u00fablicas querem retirar o patroc \u00ednio de seus fundos de pens\u00e3o, o que n\u00e3o \u00e9 verdade.<\/p>\n<p>Este tema n\u00e3o \u00e9 novo no Brasil. Retirada de patroc \u00ednio \u00e9 a possibilidade de uma empresa deixar de patrocinar um plano de previd\u00eancia, romper unilateralmente seus compromissos e parar de contribuir, levando \u00e0 extin\u00e7\u00e3o do plano. Retiradas existem desde a d\u00e9cada de 1980: a primeira norma a respeito \u00e9 de 1988 &#8211; a Resolu\u00e7\u00e3o CPC 06, que regulamentou a Lei 6435\/77. A retirada tem de ser autorizada pela Superintend\u00eancia Nacional de Previd\u00eancia Complementar (PREVIC).<\/p>\n<p>A norma precisa ser revista porque est\u00e1 ultrapassada. A 6.435 foi revogada em 2001, pela Lei Complementar 109. \u00e9 preciso editar uma nova norma, que proteja adequadamente os direitos dos participantes de fundos de pens\u00e3o. O CNPC \u00e9 o \u00f3rg\u00e3o ao qual a lei delega compet\u00eancia para fazer esta revis\u00e3o.<\/p>\n<p>A ANAPAR participa do CNPC, como representante dos participantes e assistidos. Vem cobrando a revis\u00e3o da norma, pois a antiga SPC e a atual PREVIC aprovam retiradas determinando a extin\u00e7\u00e3o de planos de benef \u00edcios, transformando benef \u00edcios j\u00e1 concedidos em montantes financeiros e reduzindo compromissos e d \u00edvidas de patrocinadoras. Procedimentos inaceit\u00e1veis que devem ser revistos.<\/p>\n<p>O debate se tornou p\u00fablico porque a ANAPAR divulgou boletins, chamou plen\u00e1rias e tomou iniciativas para discutir amplamente com os participantes. No \u00e2mbito do Conselho defendemos a continuidade dos planos de benef \u00edcios, a cobertura pelas patrocinadoras de todos os compromissos contratados, o respeito ao direito adquirido, o estabelecimento de penalidades aos patrocinadores que se retiram, a proibi\u00e7\u00e3o do uso do super\u00e1vit pelas patrocinadoras, dentre outros pontos.<\/p>\n<p>Os representantes das empresas e alguns membros indicados pelo Governo s\u00e3o contr\u00e1rios a estas teses. Mas h\u00e1 outros membros, inclusive indicados do Governo, que concordam conosco.<\/p>\n<p>Recentemente foi divulgada uma minuta de resolu\u00e7\u00e3o, de autoria da presid\u00eancia do CNPC, que n\u00e3o foi votada pelo Conselho e n\u00e3o contempla as principais demandas da ANAPAR. Pedimos vistas do processo para debater com os participantes e apresentar proposta alternativa. Foi aberta consulta p\u00fablica e centenas de sugest\u00f5es foram encaminhadas. A reda\u00e7\u00e3o final da norma pode melhorar em virtude da mobiliza\u00e7\u00e3o que vem sendo feita, mostrando aos membros do CNPC que os participantes reivindicam prote\u00e7\u00e3o aos seus direitos.<\/p>\n<p>Nos \u00faltimos anos apoiamos muitos sindicatos e associa\u00e7\u00f5es de aposentados em sua luta para barrar retiradas de patroc \u00ednios e garantir os direitos de participantes. Das centenas de retiradas que temos not \u00edcia, nenhuma delas se refere a planos patrocinados por empresas p\u00fablicas ou de economia mista. Todas foram feitas por iniciativa de empresas patrocinadoras privadas.<\/p>\n<p>\u00e9 importante que os participantes vinculados a empresas p\u00fablicas se envolvam com o tema, para que tenhamos uma regulamenta\u00e7\u00e3o mais favor\u00e1vel aos participantes. No entanto, a possibilidade de haver retirada em grandes fundos como Previ, Petros e Funcef \u00e9 remot \u00edssima. Mesmo porque n\u00e3o faz nenhum sentido um Governo que acaba de aprovar a cria\u00e7\u00e3o do fundo de previd\u00eancia dos servidores p\u00fablicos no Congresso Nacional retirar o patroc \u00ednio dos planos das principais empresas estatais que controla.<\/p>\n<p>Bras \u00edlia, 19 de junho de 2012.<br \/>\nCl\u00e1udia Muinhos Ricaldoni e Jos\u00e9 Ricardo Sasseron<br \/>\npresidente e Vice-presidente da ANAPAR e representantes dos participantes no CNPC.<\/p>\n<p>Fonte: Contraf-CUT<\/p>\n","protected":false},"excerpt":{"rendered":"<p>Em resposta a questionamentos de participantes da Previ e de entidades do funcionalismo, o Banco do Brasil divulgou nota aos trabalhadores nesta sexta-feira 22 para negar que tenha inten\u00e7\u00e3o de retirar patroc \u00ednio do fundo de pens\u00e3o dos funcion\u00e1rios do BB. A nota se refere \u00e0 discuss\u00e3o que est\u00e1 sendo feita no \u00e2mbito do Conselho &hellip;<\/p>\n<p class=\"read-more\"> <a class=\"\" href=\"https:\/\/bancariosdepiracicaba.com.br\/?p=7693\"> <span class=\"screen-reader-text\">Questionado pelo funcionalismo, BB nega que v\u00e1 retirar patroc\u00ednio da Previ<\/span> Leia mais &raquo;<\/a><\/p>\n","protected":false},"author":1,"featured_media":0,"comment_status":"open","ping_status":"open","sticky":false,"template":"","format":"standard","meta":{"site-sidebar-layout":"default","site-content-layout":"default","ast-main-header-display":"","ast-hfb-above-header-display":"","ast-hfb-below-header-display":"","ast-hfb-mobile-header-display":"","site-post-title":"","ast-breadcrumbs-content":"","ast-featured-img":"","footer-sml-layout":"","theme-transparent-header-meta":"","adv-header-id-meta":"","stick-header-meta":"","header-above-stick-meta":"","header-main-stick-meta":"","header-below-stick-meta":"","footnotes":""},"categories":[1],"tags":[],"class_list":["post-7693","post","type-post","status-publish","format-standard","hentry","category-uncategorized"],"yoast_head":"<!-- This site is optimized with the Yoast SEO Premium plugin v16.1 (Yoast SEO v18.0) - https:\/\/yoast.com\/wordpress\/plugins\/seo\/ -->\n<title>Questionado pelo funcionalismo, BB nega que v\u00e1 retirar patroc\u00ednio da Previ - Sindban<\/title>\n<meta name=\"robots\" content=\"index, follow, max-snippet:-1, max-image-preview:large, max-video-preview:-1\" \/>\n<link rel=\"canonical\" href=\"https:\/\/bancariosdepiracicaba.com.br\/?p=7693\" \/>\n<meta property=\"og:locale\" content=\"pt_BR\" \/>\n<meta property=\"og:type\" content=\"article\" \/>\n<meta property=\"og:title\" content=\"Questionado pelo funcionalismo, BB nega que v\u00e1 retirar patroc\u00ednio da Previ - Sindban\" \/>\n<meta property=\"og:description\" content=\"Em resposta a questionamentos de participantes da Previ e de entidades do funcionalismo, o Banco do Brasil divulgou nota aos trabalhadores nesta sexta-feira 22 para negar que tenha inten\u00e7\u00e3o de retirar patroc \u00ednio do fundo de pens\u00e3o dos funcion\u00e1rios do BB. A nota se refere \u00e0 discuss\u00e3o que est\u00e1 sendo feita no \u00e2mbito do Conselho &hellip; Questionado pelo funcionalismo, BB nega que v\u00e1 retirar patroc\u00ednio da Previ Leia mais &raquo;\" \/>\n<meta property=\"og:url\" content=\"https:\/\/bancariosdepiracicaba.com.br\/?p=7693\" \/>\n<meta property=\"og:site_name\" content=\"Sindban\" \/>\n<meta property=\"article:published_time\" content=\"2021-07-23T20:45:11+00:00\" \/>\n<meta name=\"twitter:card\" content=\"summary_large_image\" \/>\n<meta name=\"twitter:label1\" content=\"Escrito por\" \/>\n\t<meta name=\"twitter:data1\" content=\"admin\" \/>\n\t<meta name=\"twitter:label2\" content=\"Est. tempo de leitura\" \/>\n\t<meta name=\"twitter:data2\" content=\"5 minutos\" \/>\n<script type=\"application\/ld+json\" class=\"yoast-schema-graph\">{\"@context\":\"https:\/\/schema.org\",\"@graph\":[{\"@type\":\"Organization\",\"@id\":\"https:\/\/bancariosdepiracicaba.com.br\/#organization\",\"name\":\"Sindban\",\"url\":\"https:\/\/bancariosdepiracicaba.com.br\/\",\"sameAs\":[],\"logo\":{\"@type\":\"ImageObject\",\"@id\":\"https:\/\/bancariosdepiracicaba.com.br\/#logo\",\"inLanguage\":\"pt-BR\",\"url\":\"https:\/\/site.bancariosdepiracicaba.com.br\/wp-content\/uploads\/2021\/04\/cropped-Asset-2.png\",\"contentUrl\":\"https:\/\/site.bancariosdepiracicaba.com.br\/wp-content\/uploads\/2021\/04\/cropped-Asset-2.png\",\"width\":512,\"height\":512,\"caption\":\"Sindban\"},\"image\":{\"@id\":\"https:\/\/bancariosdepiracicaba.com.br\/#logo\"}},{\"@type\":\"WebSite\",\"@id\":\"https:\/\/bancariosdepiracicaba.com.br\/#website\",\"url\":\"https:\/\/bancariosdepiracicaba.com.br\/\",\"name\":\"Sindban\",\"description\":\"Desenvolvimento\",\"publisher\":{\"@id\":\"https:\/\/bancariosdepiracicaba.com.br\/#organization\"},\"potentialAction\":[{\"@type\":\"SearchAction\",\"target\":{\"@type\":\"EntryPoint\",\"urlTemplate\":\"https:\/\/bancariosdepiracicaba.com.br\/?s={search_term_string}\"},\"query-input\":\"required name=search_term_string\"}],\"inLanguage\":\"pt-BR\"},{\"@type\":\"WebPage\",\"@id\":\"https:\/\/bancariosdepiracicaba.com.br\/?p=7693#webpage\",\"url\":\"https:\/\/bancariosdepiracicaba.com.br\/?p=7693\",\"name\":\"Questionado pelo funcionalismo, BB nega que v\u00e1 retirar patroc\u00ednio da Previ - Sindban\",\"isPartOf\":{\"@id\":\"https:\/\/bancariosdepiracicaba.com.br\/#website\"},\"datePublished\":\"2021-07-23T20:45:11+00:00\",\"dateModified\":\"2021-07-23T20:45:11+00:00\",\"breadcrumb\":{\"@id\":\"https:\/\/bancariosdepiracicaba.com.br\/?p=7693#breadcrumb\"},\"inLanguage\":\"pt-BR\",\"potentialAction\":[{\"@type\":\"ReadAction\",\"target\":[\"https:\/\/bancariosdepiracicaba.com.br\/?p=7693\"]}]},{\"@type\":\"BreadcrumbList\",\"@id\":\"https:\/\/bancariosdepiracicaba.com.br\/?p=7693#breadcrumb\",\"itemListElement\":[{\"@type\":\"ListItem\",\"position\":1,\"name\":\"Home\",\"item\":\"https:\/\/bancariosdepiracicaba.com.br\/\"},{\"@type\":\"ListItem\",\"position\":2,\"name\":\"Questionado pelo funcionalismo, BB nega que v\u00e1 retirar patroc\u00ednio da Previ\"}]},{\"@type\":\"Article\",\"@id\":\"https:\/\/bancariosdepiracicaba.com.br\/?p=7693#article\",\"isPartOf\":{\"@id\":\"https:\/\/bancariosdepiracicaba.com.br\/?p=7693#webpage\"},\"author\":{\"@id\":\"https:\/\/bancariosdepiracicaba.com.br\/#\/schema\/person\/6a12c780fc145ea2c9af09989ee600b0\"},\"headline\":\"Questionado pelo funcionalismo, BB nega que v\u00e1 retirar patroc\u00ednio da Previ\",\"datePublished\":\"2021-07-23T20:45:11+00:00\",\"dateModified\":\"2021-07-23T20:45:11+00:00\",\"mainEntityOfPage\":{\"@id\":\"https:\/\/bancariosdepiracicaba.com.br\/?p=7693#webpage\"},\"wordCount\":935,\"commentCount\":0,\"publisher\":{\"@id\":\"https:\/\/bancariosdepiracicaba.com.br\/#organization\"},\"articleSection\":[\"Uncategorized\"],\"inLanguage\":\"pt-BR\",\"potentialAction\":[{\"@type\":\"CommentAction\",\"name\":\"Comment\",\"target\":[\"https:\/\/bancariosdepiracicaba.com.br\/?p=7693#respond\"]}]},{\"@type\":\"Person\",\"@id\":\"https:\/\/bancariosdepiracicaba.com.br\/#\/schema\/person\/6a12c780fc145ea2c9af09989ee600b0\",\"name\":\"admin\",\"image\":{\"@type\":\"ImageObject\",\"@id\":\"https:\/\/bancariosdepiracicaba.com.br\/#personlogo\",\"inLanguage\":\"pt-BR\",\"url\":\"https:\/\/secure.gravatar.com\/avatar\/3a05e74c6579e68209676cb5cb64e0918f288da7a49210fa18d6e9cac1189840?s=96&d=mm&r=g\",\"contentUrl\":\"https:\/\/secure.gravatar.com\/avatar\/3a05e74c6579e68209676cb5cb64e0918f288da7a49210fa18d6e9cac1189840?s=96&d=mm&r=g\",\"caption\":\"admin\"},\"sameAs\":[\"https:\/\/site.bancariosdepiracicaba.com.br\"],\"url\":\"https:\/\/bancariosdepiracicaba.com.br\/?author=1\"}]}<\/script>\n<!-- \/ Yoast SEO Premium plugin. -->","yoast_head_json":{"title":"Questionado pelo funcionalismo, BB nega que v\u00e1 retirar patroc\u00ednio da Previ - Sindban","robots":{"index":"index","follow":"follow","max-snippet":"max-snippet:-1","max-image-preview":"max-image-preview:large","max-video-preview":"max-video-preview:-1"},"canonical":"https:\/\/bancariosdepiracicaba.com.br\/?p=7693","og_locale":"pt_BR","og_type":"article","og_title":"Questionado pelo funcionalismo, BB nega que v\u00e1 retirar patroc\u00ednio da Previ - Sindban","og_description":"Em resposta a questionamentos de participantes da Previ e de entidades do funcionalismo, o Banco do Brasil divulgou nota aos trabalhadores nesta sexta-feira 22 para negar que tenha inten\u00e7\u00e3o de retirar patroc \u00ednio do fundo de pens\u00e3o dos funcion\u00e1rios do BB. A nota se refere \u00e0 discuss\u00e3o que est\u00e1 sendo feita no \u00e2mbito do Conselho &hellip; Questionado pelo funcionalismo, BB nega que v\u00e1 retirar patroc\u00ednio da Previ Leia mais &raquo;","og_url":"https:\/\/bancariosdepiracicaba.com.br\/?p=7693","og_site_name":"Sindban","article_published_time":"2021-07-23T20:45:11+00:00","twitter_card":"summary_large_image","twitter_misc":{"Escrito por":"admin","Est. tempo de leitura":"5 minutos"},"schema":{"@context":"https:\/\/schema.org","@graph":[{"@type":"Organization","@id":"https:\/\/bancariosdepiracicaba.com.br\/#organization","name":"Sindban","url":"https:\/\/bancariosdepiracicaba.com.br\/","sameAs":[],"logo":{"@type":"ImageObject","@id":"https:\/\/bancariosdepiracicaba.com.br\/#logo","inLanguage":"pt-BR","url":"https:\/\/site.bancariosdepiracicaba.com.br\/wp-content\/uploads\/2021\/04\/cropped-Asset-2.png","contentUrl":"https:\/\/site.bancariosdepiracicaba.com.br\/wp-content\/uploads\/2021\/04\/cropped-Asset-2.png","width":512,"height":512,"caption":"Sindban"},"image":{"@id":"https:\/\/bancariosdepiracicaba.com.br\/#logo"}},{"@type":"WebSite","@id":"https:\/\/bancariosdepiracicaba.com.br\/#website","url":"https:\/\/bancariosdepiracicaba.com.br\/","name":"Sindban","description":"Desenvolvimento","publisher":{"@id":"https:\/\/bancariosdepiracicaba.com.br\/#organization"},"potentialAction":[{"@type":"SearchAction","target":{"@type":"EntryPoint","urlTemplate":"https:\/\/bancariosdepiracicaba.com.br\/?s={search_term_string}"},"query-input":"required name=search_term_string"}],"inLanguage":"pt-BR"},{"@type":"WebPage","@id":"https:\/\/bancariosdepiracicaba.com.br\/?p=7693#webpage","url":"https:\/\/bancariosdepiracicaba.com.br\/?p=7693","name":"Questionado pelo funcionalismo, BB nega que v\u00e1 retirar patroc\u00ednio da Previ - Sindban","isPartOf":{"@id":"https:\/\/bancariosdepiracicaba.com.br\/#website"},"datePublished":"2021-07-23T20:45:11+00:00","dateModified":"2021-07-23T20:45:11+00:00","breadcrumb":{"@id":"https:\/\/bancariosdepiracicaba.com.br\/?p=7693#breadcrumb"},"inLanguage":"pt-BR","potentialAction":[{"@type":"ReadAction","target":["https:\/\/bancariosdepiracicaba.com.br\/?p=7693"]}]},{"@type":"BreadcrumbList","@id":"https:\/\/bancariosdepiracicaba.com.br\/?p=7693#breadcrumb","itemListElement":[{"@type":"ListItem","position":1,"name":"Home","item":"https:\/\/bancariosdepiracicaba.com.br\/"},{"@type":"ListItem","position":2,"name":"Questionado pelo funcionalismo, BB nega que v\u00e1 retirar patroc\u00ednio da Previ"}]},{"@type":"Article","@id":"https:\/\/bancariosdepiracicaba.com.br\/?p=7693#article","isPartOf":{"@id":"https:\/\/bancariosdepiracicaba.com.br\/?p=7693#webpage"},"author":{"@id":"https:\/\/bancariosdepiracicaba.com.br\/#\/schema\/person\/6a12c780fc145ea2c9af09989ee600b0"},"headline":"Questionado pelo funcionalismo, BB nega que v\u00e1 retirar patroc\u00ednio da Previ","datePublished":"2021-07-23T20:45:11+00:00","dateModified":"2021-07-23T20:45:11+00:00","mainEntityOfPage":{"@id":"https:\/\/bancariosdepiracicaba.com.br\/?p=7693#webpage"},"wordCount":935,"commentCount":0,"publisher":{"@id":"https:\/\/bancariosdepiracicaba.com.br\/#organization"},"articleSection":["Uncategorized"],"inLanguage":"pt-BR","potentialAction":[{"@type":"CommentAction","name":"Comment","target":["https:\/\/bancariosdepiracicaba.com.br\/?p=7693#respond"]}]},{"@type":"Person","@id":"https:\/\/bancariosdepiracicaba.com.br\/#\/schema\/person\/6a12c780fc145ea2c9af09989ee600b0","name":"admin","image":{"@type":"ImageObject","@id":"https:\/\/bancariosdepiracicaba.com.br\/#personlogo","inLanguage":"pt-BR","url":"https:\/\/secure.gravatar.com\/avatar\/3a05e74c6579e68209676cb5cb64e0918f288da7a49210fa18d6e9cac1189840?s=96&d=mm&r=g","contentUrl":"https:\/\/secure.gravatar.com\/avatar\/3a05e74c6579e68209676cb5cb64e0918f288da7a49210fa18d6e9cac1189840?s=96&d=mm&r=g","caption":"admin"},"sameAs":["https:\/\/site.bancariosdepiracicaba.com.br"],"url":"https:\/\/bancariosdepiracicaba.com.br\/?author=1"}]}},"_links":{"self":[{"href":"https:\/\/bancariosdepiracicaba.com.br\/index.php?rest_route=\/wp\/v2\/posts\/7693","targetHints":{"allow":["GET"]}}],"collection":[{"href":"https:\/\/bancariosdepiracicaba.com.br\/index.php?rest_route=\/wp\/v2\/posts"}],"about":[{"href":"https:\/\/bancariosdepiracicaba.com.br\/index.php?rest_route=\/wp\/v2\/types\/post"}],"author":[{"embeddable":true,"href":"https:\/\/bancariosdepiracicaba.com.br\/index.php?rest_route=\/wp\/v2\/users\/1"}],"replies":[{"embeddable":true,"href":"https:\/\/bancariosdepiracicaba.com.br\/index.php?rest_route=%2Fwp%2Fv2%2Fcomments&post=7693"}],"version-history":[{"count":0,"href":"https:\/\/bancariosdepiracicaba.com.br\/index.php?rest_route=\/wp\/v2\/posts\/7693\/revisions"}],"wp:attachment":[{"href":"https:\/\/bancariosdepiracicaba.com.br\/index.php?rest_route=%2Fwp%2Fv2%2Fmedia&parent=7693"}],"wp:term":[{"taxonomy":"category","embeddable":true,"href":"https:\/\/bancariosdepiracicaba.com.br\/index.php?rest_route=%2Fwp%2Fv2%2Fcategories&post=7693"},{"taxonomy":"post_tag","embeddable":true,"href":"https:\/\/bancariosdepiracicaba.com.br\/index.php?rest_route=%2Fwp%2Fv2%2Ftags&post=7693"}],"curies":[{"name":"wp","href":"https:\/\/api.w.org\/{rel}","templated":true}]}}